{"id":17633,"date":"2025-07-17T17:26:37","date_gmt":"2025-07-17T20:26:37","guid":{"rendered":"https:\/\/brasilnoticias.org\/site\/?p=17633"},"modified":"2025-07-17T17:26:37","modified_gmt":"2025-07-17T20:26:37","slug":"ex-assessor-de-elmar-nascimento-e-alvo-principal-da-nova-fase-da-operacao-overclean","status":"publish","type":"post","link":"https:\/\/brasilnoticias.org\/site\/ex-assessor-de-elmar-nascimento-e-alvo-principal-da-nova-fase-da-operacao-overclean\/","title":{"rendered":"Ex-assessor de Elmar Nascimento \u00e9 alvo principal da nova fase da Opera\u00e7\u00e3o Overclean"},"content":{"rendered":"<p>PF investiga esquema de desvios em emendas parlamentares e busca R$ 85,7 milh\u00f5es; apartamento de R$ 6,5 milh\u00f5es comprado em esp\u00e9cie levantou suspeitas<\/p>\n<p>A Pol\u00edcia Federal (PF) deflagrou, nesta quinta-feira (17), a quinta fase da Opera\u00e7\u00e3o Overclean, que mira uma organiza\u00e7\u00e3o criminosa acusada de fraudar licita\u00e7\u00f5es, desviar recursos p\u00fablicos e lavar dinheiro com apar\u00eancia de legalidade. O principal alvo desta etapa, segundo apura\u00e7\u00e3o do Blog do Vila, \u00e9 o advogado Amaury Albuquerque Nascimento, ex-assessor do deputado federal Elmar Nascimento (Uni\u00e3o Brasil-BA).<\/p>\n<p>Amaury teve o apartamento de luxo, no 17\u00ba andar do Edif\u00edcio Monvert, no Horto Florestal, alvo de busca e apreens\u00e3o. A compra do im\u00f3vel por R$ 6,5 milh\u00f5es em esp\u00e9cie levantou suspeitas da PF e refor\u00e7ou os ind\u00edcios de oculta\u00e7\u00e3o de patrim\u00f4nio. O advogado foi exonerado do gabinete de Elmar em abril, ap\u00f3s ser citado pela primeira vez nas investiga\u00e7\u00f5es.<\/p>\n<p>Tamb\u00e9m s\u00e3o investigados o prefeito de Campo Formoso, Elmo Nascimento (Uni\u00e3o Brasil), irm\u00e3o de Elmar, e Francisquinho, vereador da cidade e primo do parlamentar. Al\u00e9m deles, Marcelo Andrade Moreira Pinto, ex-presidente da Companhia de Desenvolvimento do Vale do S\u00e3o Francisco (Codevsf), teve determinada a suspens\u00e3o cautelar do servi\u00e7o p\u00fablico.<\/p>\n<p>A opera\u00e7\u00e3o foi autorizada pelo Supremo Tribunal Federal (STF) e tamb\u00e9m envolve a Controladoria-Geral da Uni\u00e3o (CGU) e a Receita Federal. Ao todo, foram cumpridos 18 mandados de busca e apreens\u00e3o.<\/p>\n<p>Segundo a PF, o esquema teria desviado recursos de emendas parlamentares destinadas ao munic\u00edpio de Campo Formoso (BA), por meio de manipula\u00e7\u00e3o de licita\u00e7\u00f5es. Diante da gravidade, o STF ordenou o bloqueio de R$ 85,7 milh\u00f5es em contas de pessoas f\u00edsicas e jur\u00eddicas envolvidas, para garantir eventual ressarcimento aos cofres p\u00fablicos.<\/p>\n<p>Os investigados podem responder por organiza\u00e7\u00e3o criminosa, corrup\u00e7\u00e3o ativa e passiva, peculato, fraude em licita\u00e7\u00e3o, contratos administrativos e lavagem de dinheiro. A corpora\u00e7\u00e3o tamb\u00e9m apura ind\u00edcios de tentativa de obstru\u00e7\u00e3o das investiga\u00e7\u00f5es, o que pode agravar a situa\u00e7\u00e3o dos envolvidos.<\/p>\n<p>As dilig\u00eancias ocorreram em Salvador, Campo Formoso, Senhor do Bonfim, Mata de S\u00e3o Jo\u00e3o, Petrolina (PE) e Bras\u00edlia (DF), indicando o alcance nacional da atua\u00e7\u00e3o da quadrilha.<\/p>\n<p>Foto: Divulga\u00e7\u00e3o \/ PF<\/p>\n","protected":false},"excerpt":{"rendered":"<p>PF investiga esquema de desvios em emendas parlamentares e busca R$ 85,7 milh\u00f5es; apartamento de R$ 6,5 milh\u00f5es comprado em<\/p>\n","protected":false},"author":4,"featured_media":17634,"comment_status":"open","ping_status":"open","sticky":false,"template":"","format":"standard","meta":{"colormag_page_container_layout":"default_layout","colormag_page_sidebar_layout":"default_layout","_FSMCFIC_featured_image_caption":"","_FSMCFIC_featured_image_nocaption":"","_FSMCFIC_featured_image_hide":"","footnotes":""},"categories":[3,1],"tags":[],"class_list":["post-17633","post","type-post","status-publish","format-standard","has-post-thumbnail","hentry","category-policia","category-ultimas"],"yoast_head":"<!-- This site is optimized with the Yoast SEO plugin v27.1.1 - https:\/\/yoast.com\/product\/yoast-seo-wordpress\/ -->\n<title>Ex-assessor de Elmar Nascimento \u00e9 alvo principal da nova fase da Opera\u00e7\u00e3o Overclean - Brasil not\u00edcias<\/title>\n<meta name=\"robots\" content=\"index, follow, max-snippet:-1, max-image-preview:large, max-video-preview:-1\" \/>\n<link rel=\"canonical\" href=\"https:\/\/brasilnoticias.org\/site\/ex-assessor-de-elmar-nascimento-e-alvo-principal-da-nova-fase-da-operacao-overclean\/\" \/>\n<meta property=\"og:locale\" content=\"pt_PT\" \/>\n<meta property=\"og:type\" content=\"article\" \/>\n<meta property=\"og:title\" content=\"Ex-assessor de Elmar Nascimento \u00e9 alvo principal da nova fase da Opera\u00e7\u00e3o Overclean - Brasil not\u00edcias\" \/>\n<meta property=\"og:description\" content=\"PF investiga esquema de desvios em emendas parlamentares e busca R$ 85,7 milh\u00f5es; apartamento de R$ 6,5 milh\u00f5es comprado em\" \/>\n<meta property=\"og:url\" content=\"https:\/\/brasilnoticias.org\/site\/ex-assessor-de-elmar-nascimento-e-alvo-principal-da-nova-fase-da-operacao-overclean\/\" \/>\n<meta property=\"og:site_name\" content=\"Brasil not\u00edcias\" \/>\n<meta property=\"article:published_time\" content=\"2025-07-17T20:26:37+00:00\" \/>\n<meta property=\"og:image\" content=\"https:\/\/brasilnoticias.org\/site\/wp-content\/uploads\/2025\/07\/2796e368-459b-4702-a6e2-40cfba7fc8cf.png\" \/>\n\t<meta property=\"og:image:width\" content=\"768\" \/>\n\t<meta property=\"og:image:height\" content=\"384\" \/>\n\t<meta property=\"og:image:type\" content=\"image\/png\" \/>\n<meta name=\"author\" content=\"Reda\u00e7\u00e3o\" \/>\n<meta name=\"twitter:card\" content=\"summary_large_image\" \/>\n<meta name=\"twitter:label1\" content=\"Escrito por\" \/>\n\t<meta name=\"twitter:data1\" content=\"Reda\u00e7\u00e3o\" \/>\n<script type=\"application\/ld+json\" class=\"yoast-schema-graph\">{\"@context\":\"https:\/\/schema.org\",\"@graph\":[{\"@type\":\"Article\",\"@id\":\"https:\/\/brasilnoticias.org\/site\/ex-assessor-de-elmar-nascimento-e-alvo-principal-da-nova-fase-da-operacao-overclean\/#article\",\"isPartOf\":{\"@id\":\"https:\/\/brasilnoticias.org\/site\/ex-assessor-de-elmar-nascimento-e-alvo-principal-da-nova-fase-da-operacao-overclean\/\"},\"author\":{\"name\":\"Reda\u00e7\u00e3o\",\"@id\":\"https:\/\/brasilnoticias.org\/site\/#\/schema\/person\/03bbbfe6c7634ad18c26444ea39049fa\"},\"headline\":\"Ex-assessor de Elmar Nascimento \u00e9 alvo principal da nova fase da Opera\u00e7\u00e3o Overclean\",\"datePublished\":\"2025-07-17T20:26:37+00:00\",\"mainEntityOfPage\":{\"@id\":\"https:\/\/brasilnoticias.org\/site\/ex-assessor-de-elmar-nascimento-e-alvo-principal-da-nova-fase-da-operacao-overclean\/\"},\"wordCount\":404,\"commentCount\":0,\"publisher\":{\"@id\":\"https:\/\/brasilnoticias.org\/site\/#organization\"},\"image\":{\"@id\":\"https:\/\/brasilnoticias.org\/site\/ex-assessor-de-elmar-nascimento-e-alvo-principal-da-nova-fase-da-operacao-overclean\/#primaryimage\"},\"thumbnailUrl\":\"https:\/\/brasilnoticias.org\/site\/wp-content\/uploads\/2025\/07\/2796e368-459b-4702-a6e2-40cfba7fc8cf.png\",\"articleSection\":[\"Pol\u00edcia\",\"\u00daltimas\"],\"inLanguage\":\"pt-PT\",\"potentialAction\":[{\"@type\":\"CommentAction\",\"name\":\"Comment\",\"target\":[\"https:\/\/brasilnoticias.org\/site\/ex-assessor-de-elmar-nascimento-e-alvo-principal-da-nova-fase-da-operacao-overclean\/#respond\"]}]},{\"@type\":\"WebPage\",\"@id\":\"https:\/\/brasilnoticias.org\/site\/ex-assessor-de-elmar-nascimento-e-alvo-principal-da-nova-fase-da-operacao-overclean\/\",\"url\":\"https:\/\/brasilnoticias.org\/site\/ex-assessor-de-elmar-nascimento-e-alvo-principal-da-nova-fase-da-operacao-overclean\/\",\"name\":\"Ex-assessor de Elmar Nascimento \u00e9 alvo principal da nova fase da Opera\u00e7\u00e3o Overclean - Brasil not\u00edcias\",\"isPartOf\":{\"@id\":\"https:\/\/brasilnoticias.org\/site\/#website\"},\"primaryImageOfPage\":{\"@id\":\"https:\/\/brasilnoticias.org\/site\/ex-assessor-de-elmar-nascimento-e-alvo-principal-da-nova-fase-da-operacao-overclean\/#primaryimage\"},\"image\":{\"@id\":\"https:\/\/brasilnoticias.org\/site\/ex-assessor-de-elmar-nascimento-e-alvo-principal-da-nova-fase-da-operacao-overclean\/#primaryimage\"},\"thumbnailUrl\":\"https:\/\/brasilnoticias.org\/site\/wp-content\/uploads\/2025\/07\/2796e368-459b-4702-a6e2-40cfba7fc8cf.png\",\"datePublished\":\"2025-07-17T20:26:37+00:00\",\"breadcrumb\":{\"@id\":\"https:\/\/brasilnoticias.org\/site\/ex-assessor-de-elmar-nascimento-e-alvo-principal-da-nova-fase-da-operacao-overclean\/#breadcrumb\"},\"inLanguage\":\"pt-PT\",\"potentialAction\":[{\"@type\":\"ReadAction\",\"target\":[\"https:\/\/brasilnoticias.org\/site\/ex-assessor-de-elmar-nascimento-e-alvo-principal-da-nova-fase-da-operacao-overclean\/\"]}]},{\"@type\":\"ImageObject\",\"inLanguage\":\"pt-PT\",\"@id\":\"https:\/\/brasilnoticias.org\/site\/ex-assessor-de-elmar-nascimento-e-alvo-principal-da-nova-fase-da-operacao-overclean\/#primaryimage\",\"url\":\"https:\/\/brasilnoticias.org\/site\/wp-content\/uploads\/2025\/07\/2796e368-459b-4702-a6e2-40cfba7fc8cf.png\",\"contentUrl\":\"https:\/\/brasilnoticias.org\/site\/wp-content\/uploads\/2025\/07\/2796e368-459b-4702-a6e2-40cfba7fc8cf.png\",\"width\":768,\"height\":384},{\"@type\":\"BreadcrumbList\",\"@id\":\"https:\/\/brasilnoticias.org\/site\/ex-assessor-de-elmar-nascimento-e-alvo-principal-da-nova-fase-da-operacao-overclean\/#breadcrumb\",\"itemListElement\":[{\"@type\":\"ListItem\",\"position\":1,\"name\":\"In\u00edcio\",\"item\":\"https:\/\/brasilnoticias.org\/site\/\"},{\"@type\":\"ListItem\",\"position\":2,\"name\":\"Ex-assessor de Elmar Nascimento \u00e9 alvo principal da nova fase da Opera\u00e7\u00e3o Overclean\"}]},{\"@type\":\"WebSite\",\"@id\":\"https:\/\/brasilnoticias.org\/site\/#website\",\"url\":\"https:\/\/brasilnoticias.org\/site\/\",\"name\":\"Brasil not\u00edcias\",\"description\":\"Brasil not\u00edcias\",\"publisher\":{\"@id\":\"https:\/\/brasilnoticias.org\/site\/#organization\"},\"potentialAction\":[{\"@type\":\"SearchAction\",\"target\":{\"@type\":\"EntryPoint\",\"urlTemplate\":\"https:\/\/brasilnoticias.org\/site\/?s={search_term_string}\"},\"query-input\":{\"@type\":\"PropertyValueSpecification\",\"valueRequired\":true,\"valueName\":\"search_term_string\"}}],\"inLanguage\":\"pt-PT\"},{\"@type\":\"Organization\",\"@id\":\"https:\/\/brasilnoticias.org\/site\/#organization\",\"name\":\"Brasil not\u00edcias\",\"url\":\"https:\/\/brasilnoticias.org\/site\/\",\"logo\":{\"@type\":\"ImageObject\",\"inLanguage\":\"pt-PT\",\"@id\":\"https:\/\/brasilnoticias.org\/site\/#\/schema\/logo\/image\/\",\"url\":\"https:\/\/brasilnoticias.org\/site\/wp-content\/uploads\/2022\/05\/cropped-brasilnoticias-mini.jpg\",\"contentUrl\":\"https:\/\/brasilnoticias.org\/site\/wp-content\/uploads\/2022\/05\/cropped-brasilnoticias-mini.jpg\",\"width\":314,\"height\":86,\"caption\":\"Brasil not\u00edcias\"},\"image\":{\"@id\":\"https:\/\/brasilnoticias.org\/site\/#\/schema\/logo\/image\/\"}},{\"@type\":\"Person\",\"@id\":\"https:\/\/brasilnoticias.org\/site\/#\/schema\/person\/03bbbfe6c7634ad18c26444ea39049fa\",\"name\":\"Reda\u00e7\u00e3o\",\"image\":{\"@type\":\"ImageObject\",\"inLanguage\":\"pt-PT\",\"@id\":\"https:\/\/brasilnoticias.org\/site\/#\/schema\/person\/image\/\",\"url\":\"https:\/\/secure.gravatar.com\/avatar\/9ecaf7327a696cb23ad926fedded5f1f04d7049de9e445375d55b48c001a6e42?s=96&d=mm&r=g\",\"contentUrl\":\"https:\/\/secure.gravatar.com\/avatar\/9ecaf7327a696cb23ad926fedded5f1f04d7049de9e445375d55b48c001a6e42?s=96&d=mm&r=g\",\"caption\":\"Reda\u00e7\u00e3o\"},\"url\":\"https:\/\/brasilnoticias.org\/site\/author\/henrique\/\"}]}<\/script>\n<!-- \/ Yoast SEO plugin. -->","yoast_head_json":{"title":"Ex-assessor de Elmar Nascimento \u00e9 alvo principal da nova fase da Opera\u00e7\u00e3o Overclean - Brasil not\u00edcias","robots":{"index":"index","follow":"follow","max-snippet":"max-snippet:-1","max-image-preview":"max-image-preview:large","max-video-preview":"max-video-preview:-1"},"canonical":"https:\/\/brasilnoticias.org\/site\/ex-assessor-de-elmar-nascimento-e-alvo-principal-da-nova-fase-da-operacao-overclean\/","og_locale":"pt_PT","og_type":"article","og_title":"Ex-assessor de Elmar Nascimento \u00e9 alvo principal da nova fase da Opera\u00e7\u00e3o Overclean - Brasil not\u00edcias","og_description":"PF investiga esquema de desvios em emendas parlamentares e busca R$ 85,7 milh\u00f5es; apartamento de R$ 6,5 milh\u00f5es comprado em","og_url":"https:\/\/brasilnoticias.org\/site\/ex-assessor-de-elmar-nascimento-e-alvo-principal-da-nova-fase-da-operacao-overclean\/","og_site_name":"Brasil not\u00edcias","article_published_time":"2025-07-17T20:26:37+00:00","og_image":[{"width":768,"height":384,"url":"https:\/\/brasilnoticias.org\/site\/wp-content\/uploads\/2025\/07\/2796e368-459b-4702-a6e2-40cfba7fc8cf.png","type":"image\/png"}],"author":"Reda\u00e7\u00e3o","twitter_card":"summary_large_image","twitter_misc":{"Escrito por":"Reda\u00e7\u00e3o"},"schema":{"@context":"https:\/\/schema.org","@graph":[{"@type":"Article","@id":"https:\/\/brasilnoticias.org\/site\/ex-assessor-de-elmar-nascimento-e-alvo-principal-da-nova-fase-da-operacao-overclean\/#article","isPartOf":{"@id":"https:\/\/brasilnoticias.org\/site\/ex-assessor-de-elmar-nascimento-e-alvo-principal-da-nova-fase-da-operacao-overclean\/"},"author":{"name":"Reda\u00e7\u00e3o","@id":"https:\/\/brasilnoticias.org\/site\/#\/schema\/person\/03bbbfe6c7634ad18c26444ea39049fa"},"headline":"Ex-assessor de Elmar Nascimento \u00e9 alvo principal da nova fase da Opera\u00e7\u00e3o Overclean","datePublished":"2025-07-17T20:26:37+00:00","mainEntityOfPage":{"@id":"https:\/\/brasilnoticias.org\/site\/ex-assessor-de-elmar-nascimento-e-alvo-principal-da-nova-fase-da-operacao-overclean\/"},"wordCount":404,"commentCount":0,"publisher":{"@id":"https:\/\/brasilnoticias.org\/site\/#organization"},"image":{"@id":"https:\/\/brasilnoticias.org\/site\/ex-assessor-de-elmar-nascimento-e-alvo-principal-da-nova-fase-da-operacao-overclean\/#primaryimage"},"thumbnailUrl":"https:\/\/brasilnoticias.org\/site\/wp-content\/uploads\/2025\/07\/2796e368-459b-4702-a6e2-40cfba7fc8cf.png","articleSection":["Pol\u00edcia","\u00daltimas"],"inLanguage":"pt-PT","potentialAction":[{"@type":"CommentAction","name":"Comment","target":["https:\/\/brasilnoticias.org\/site\/ex-assessor-de-elmar-nascimento-e-alvo-principal-da-nova-fase-da-operacao-overclean\/#respond"]}]},{"@type":"WebPage","@id":"https:\/\/brasilnoticias.org\/site\/ex-assessor-de-elmar-nascimento-e-alvo-principal-da-nova-fase-da-operacao-overclean\/","url":"https:\/\/brasilnoticias.org\/site\/ex-assessor-de-elmar-nascimento-e-alvo-principal-da-nova-fase-da-operacao-overclean\/","name":"Ex-assessor de Elmar Nascimento \u00e9 alvo principal da nova fase da Opera\u00e7\u00e3o Overclean - Brasil not\u00edcias","isPartOf":{"@id":"https:\/\/brasilnoticias.org\/site\/#website"},"primaryImageOfPage":{"@id":"https:\/\/brasilnoticias.org\/site\/ex-assessor-de-elmar-nascimento-e-alvo-principal-da-nova-fase-da-operacao-overclean\/#primaryimage"},"image":{"@id":"https:\/\/brasilnoticias.org\/site\/ex-assessor-de-elmar-nascimento-e-alvo-principal-da-nova-fase-da-operacao-overclean\/#primaryimage"},"thumbnailUrl":"https:\/\/brasilnoticias.org\/site\/wp-content\/uploads\/2025\/07\/2796e368-459b-4702-a6e2-40cfba7fc8cf.png","datePublished":"2025-07-17T20:26:37+00:00","breadcrumb":{"@id":"https:\/\/brasilnoticias.org\/site\/ex-assessor-de-elmar-nascimento-e-alvo-principal-da-nova-fase-da-operacao-overclean\/#breadcrumb"},"inLanguage":"pt-PT","potentialAction":[{"@type":"ReadAction","target":["https:\/\/brasilnoticias.org\/site\/ex-assessor-de-elmar-nascimento-e-alvo-principal-da-nova-fase-da-operacao-overclean\/"]}]},{"@type":"ImageObject","inLanguage":"pt-PT","@id":"https:\/\/brasilnoticias.org\/site\/ex-assessor-de-elmar-nascimento-e-alvo-principal-da-nova-fase-da-operacao-overclean\/#primaryimage","url":"https:\/\/brasilnoticias.org\/site\/wp-content\/uploads\/2025\/07\/2796e368-459b-4702-a6e2-40cfba7fc8cf.png","contentUrl":"https:\/\/brasilnoticias.org\/site\/wp-content\/uploads\/2025\/07\/2796e368-459b-4702-a6e2-40cfba7fc8cf.png","width":768,"height":384},{"@type":"BreadcrumbList","@id":"https:\/\/brasilnoticias.org\/site\/ex-assessor-de-elmar-nascimento-e-alvo-principal-da-nova-fase-da-operacao-overclean\/#breadcrumb","itemListElement":[{"@type":"ListItem","position":1,"name":"In\u00edcio","item":"https:\/\/brasilnoticias.org\/site\/"},{"@type":"ListItem","position":2,"name":"Ex-assessor de Elmar Nascimento \u00e9 alvo principal da nova fase da Opera\u00e7\u00e3o Overclean"}]},{"@type":"WebSite","@id":"https:\/\/brasilnoticias.org\/site\/#website","url":"https:\/\/brasilnoticias.org\/site\/","name":"Brasil not\u00edcias","description":"Brasil not\u00edcias","publisher":{"@id":"https:\/\/brasilnoticias.org\/site\/#organization"},"potentialAction":[{"@type":"SearchAction","target":{"@type":"EntryPoint","urlTemplate":"https:\/\/brasilnoticias.org\/site\/?s={search_term_string}"},"query-input":{"@type":"PropertyValueSpecification","valueRequired":true,"valueName":"search_term_string"}}],"inLanguage":"pt-PT"},{"@type":"Organization","@id":"https:\/\/brasilnoticias.org\/site\/#organization","name":"Brasil not\u00edcias","url":"https:\/\/brasilnoticias.org\/site\/","logo":{"@type":"ImageObject","inLanguage":"pt-PT","@id":"https:\/\/brasilnoticias.org\/site\/#\/schema\/logo\/image\/","url":"https:\/\/brasilnoticias.org\/site\/wp-content\/uploads\/2022\/05\/cropped-brasilnoticias-mini.jpg","contentUrl":"https:\/\/brasilnoticias.org\/site\/wp-content\/uploads\/2022\/05\/cropped-brasilnoticias-mini.jpg","width":314,"height":86,"caption":"Brasil not\u00edcias"},"image":{"@id":"https:\/\/brasilnoticias.org\/site\/#\/schema\/logo\/image\/"}},{"@type":"Person","@id":"https:\/\/brasilnoticias.org\/site\/#\/schema\/person\/03bbbfe6c7634ad18c26444ea39049fa","name":"Reda\u00e7\u00e3o","image":{"@type":"ImageObject","inLanguage":"pt-PT","@id":"https:\/\/brasilnoticias.org\/site\/#\/schema\/person\/image\/","url":"https:\/\/secure.gravatar.com\/avatar\/9ecaf7327a696cb23ad926fedded5f1f04d7049de9e445375d55b48c001a6e42?s=96&d=mm&r=g","contentUrl":"https:\/\/secure.gravatar.com\/avatar\/9ecaf7327a696cb23ad926fedded5f1f04d7049de9e445375d55b48c001a6e42?s=96&d=mm&r=g","caption":"Reda\u00e7\u00e3o"},"url":"https:\/\/brasilnoticias.org\/site\/author\/henrique\/"}]}},"_links":{"self":[{"href":"https:\/\/brasilnoticias.org\/site\/wp-json\/wp\/v2\/posts\/17633","targetHints":{"allow":["GET"]}}],"collection":[{"href":"https:\/\/brasilnoticias.org\/site\/wp-json\/wp\/v2\/posts"}],"about":[{"href":"https:\/\/brasilnoticias.org\/site\/wp-json\/wp\/v2\/types\/post"}],"author":[{"embeddable":true,"href":"https:\/\/brasilnoticias.org\/site\/wp-json\/wp\/v2\/users\/4"}],"replies":[{"embeddable":true,"href":"https:\/\/brasilnoticias.org\/site\/wp-json\/wp\/v2\/comments?post=17633"}],"version-history":[{"count":1,"href":"https:\/\/brasilnoticias.org\/site\/wp-json\/wp\/v2\/posts\/17633\/revisions"}],"predecessor-version":[{"id":17635,"href":"https:\/\/brasilnoticias.org\/site\/wp-json\/wp\/v2\/posts\/17633\/revisions\/17635"}],"wp:featuredmedia":[{"embeddable":true,"href":"https:\/\/brasilnoticias.org\/site\/wp-json\/wp\/v2\/media\/17634"}],"wp:attachment":[{"href":"https:\/\/brasilnoticias.org\/site\/wp-json\/wp\/v2\/media?parent=17633"}],"wp:term":[{"taxonomy":"category","embeddable":true,"href":"https:\/\/brasilnoticias.org\/site\/wp-json\/wp\/v2\/categories?post=17633"},{"taxonomy":"post_tag","embeddable":true,"href":"https:\/\/brasilnoticias.org\/site\/wp-json\/wp\/v2\/tags?post=17633"}],"curies":[{"name":"wp","href":"https:\/\/api.w.org\/{rel}","templated":true}]}}