{"id":17636,"date":"2025-07-17T17:28:34","date_gmt":"2025-07-17T20:28:34","guid":{"rendered":"https:\/\/brasilnoticias.org\/site\/?p=17636"},"modified":"2025-07-17T17:28:34","modified_gmt":"2025-07-17T20:28:34","slug":"acm-neto-lidera-com-folga-em-feira-de-santana-aponta-pesquisa","status":"publish","type":"post","link":"https:\/\/brasilnoticias.org\/site\/acm-neto-lidera-com-folga-em-feira-de-santana-aponta-pesquisa\/","title":{"rendered":"ACM Neto lidera com folga em Feira de Santana, aponta pesquisa"},"content":{"rendered":"<p>Levantamento mostra ampla vantagem do pr\u00e9-candidato do Uni\u00e3o Brasil sobre o governador Jer\u00f4nimo Rodrigues (PT) na corrida pelo Pal\u00e1cio de Ondina em 2026<\/p>\n<p>A pouco mais de um ano para as elei\u00e7\u00f5es de 2026, uma pesquisa da Economic Consultoria, contratada pelo site Bahia na Pol\u00edtica, mostra o ex-prefeito de Salvador ACM Neto (Uni\u00e3o Brasil) com 50,4% das inten\u00e7\u00f5es de voto em Feira de Santana. Segundo maior col\u00e9gio eleitoral do estado, o munic\u00edpio possui 426.887 eleitores, de acordo com o TRE.<\/p>\n<p>O atual governador Jer\u00f4nimo Rodrigues (PT) aparece em segundo, com 26%. Na sequ\u00eancia, Jo\u00e3o Roma (PL) pontua com 4,1% e Kleber Rosa (PSOL) soma 1,8%. Brancos e nulos s\u00e3o 12,1%, enquanto 7,1% n\u00e3o sabem ou n\u00e3o quiseram opinar.<\/p>\n<p>A pesquisa foi realizada entre os dias 8 e 11 de julho com 1 mil entrevistados \u2014 875 na sede da cidade e 125 na zona rural. A margem de erro \u00e9 de 3 pontos porcentuais, para mais ou para menos, com 95% de confian\u00e7a.<\/p>\n<p>Em 2022, ACM Neto venceu Jer\u00f4nimo na cidade nos dois turnos. O grupo do PT tamb\u00e9m foi derrotado em 2018 no munic\u00edpio.<\/p>\n<p>Foto: Romilson Santos \/ Divulga\u00e7\u00e3o<br \/>\nBlog do Vila<\/p>\n","protected":false},"excerpt":{"rendered":"<p>Levantamento mostra ampla vantagem do pr\u00e9-candidato do Uni\u00e3o Brasil sobre o governador Jer\u00f4nimo Rodrigues (PT) na corrida pelo Pal\u00e1cio de<\/p>\n","protected":false},"author":4,"featured_media":17637,"comment_status":"open","ping_status":"open","sticky":false,"template":"","format":"standard","meta":{"colormag_page_container_layout":"default_layout","colormag_page_sidebar_layout":"default_layout","_FSMCFIC_featured_image_caption":"","_FSMCFIC_featured_image_nocaption":"","_FSMCFIC_featured_image_hide":"","footnotes":""},"categories":[2,1],"tags":[],"class_list":["post-17636","post","type-post","status-publish","format-standard","has-post-thumbnail","hentry","category-noticias","category-ultimas"],"yoast_head":"<!-- This site is optimized with the Yoast SEO plugin v27.1.1 - https:\/\/yoast.com\/product\/yoast-seo-wordpress\/ -->\n<title>ACM Neto lidera com folga em Feira de Santana, aponta pesquisa - Brasil not\u00edcias<\/title>\n<meta name=\"robots\" content=\"index, follow, max-snippet:-1, max-image-preview:large, max-video-preview:-1\" \/>\n<link rel=\"canonical\" href=\"https:\/\/brasilnoticias.org\/site\/acm-neto-lidera-com-folga-em-feira-de-santana-aponta-pesquisa\/\" \/>\n<meta property=\"og:locale\" content=\"pt_PT\" \/>\n<meta property=\"og:type\" content=\"article\" \/>\n<meta property=\"og:title\" content=\"ACM Neto lidera com folga em Feira de Santana, aponta pesquisa - Brasil not\u00edcias\" \/>\n<meta property=\"og:description\" content=\"Levantamento mostra ampla vantagem do pr\u00e9-candidato do Uni\u00e3o Brasil sobre o governador Jer\u00f4nimo Rodrigues (PT) na corrida pelo Pal\u00e1cio de\" \/>\n<meta property=\"og:url\" content=\"https:\/\/brasilnoticias.org\/site\/acm-neto-lidera-com-folga-em-feira-de-santana-aponta-pesquisa\/\" \/>\n<meta property=\"og:site_name\" content=\"Brasil not\u00edcias\" \/>\n<meta property=\"article:published_time\" content=\"2025-07-17T20:28:34+00:00\" \/>\n<meta property=\"og:image\" content=\"https:\/\/brasilnoticias.org\/site\/wp-content\/uploads\/2025\/07\/ultimo-debate-entre-os-candidatos-ao-governo-da-bahia-nas-eleicoes-2022-1664332374154_v2_4x3-scaled.jpg\" \/>\n\t<meta property=\"og:image:width\" content=\"2560\" \/>\n\t<meta property=\"og:image:height\" content=\"1440\" \/>\n\t<meta property=\"og:image:type\" content=\"image\/jpeg\" \/>\n<meta name=\"author\" content=\"Reda\u00e7\u00e3o\" \/>\n<meta name=\"twitter:card\" content=\"summary_large_image\" \/>\n<meta name=\"twitter:label1\" content=\"Escrito por\" \/>\n\t<meta name=\"twitter:data1\" content=\"Reda\u00e7\u00e3o\" \/>\n<script type=\"application\/ld+json\" class=\"yoast-schema-graph\">{\"@context\":\"https:\/\/schema.org\",\"@graph\":[{\"@type\":\"Article\",\"@id\":\"https:\/\/brasilnoticias.org\/site\/acm-neto-lidera-com-folga-em-feira-de-santana-aponta-pesquisa\/#article\",\"isPartOf\":{\"@id\":\"https:\/\/brasilnoticias.org\/site\/acm-neto-lidera-com-folga-em-feira-de-santana-aponta-pesquisa\/\"},\"author\":{\"name\":\"Reda\u00e7\u00e3o\",\"@id\":\"https:\/\/brasilnoticias.org\/site\/#\/schema\/person\/03bbbfe6c7634ad18c26444ea39049fa\"},\"headline\":\"ACM Neto lidera com folga em Feira de Santana, aponta pesquisa\",\"datePublished\":\"2025-07-17T20:28:34+00:00\",\"mainEntityOfPage\":{\"@id\":\"https:\/\/brasilnoticias.org\/site\/acm-neto-lidera-com-folga-em-feira-de-santana-aponta-pesquisa\/\"},\"wordCount\":204,\"commentCount\":0,\"publisher\":{\"@id\":\"https:\/\/brasilnoticias.org\/site\/#organization\"},\"image\":{\"@id\":\"https:\/\/brasilnoticias.org\/site\/acm-neto-lidera-com-folga-em-feira-de-santana-aponta-pesquisa\/#primaryimage\"},\"thumbnailUrl\":\"https:\/\/brasilnoticias.org\/site\/wp-content\/uploads\/2025\/07\/ultimo-debate-entre-os-candidatos-ao-governo-da-bahia-nas-eleicoes-2022-1664332374154_v2_4x3-scaled.jpg\",\"articleSection\":[\"Not\u00edcias\",\"\u00daltimas\"],\"inLanguage\":\"pt-PT\",\"potentialAction\":[{\"@type\":\"CommentAction\",\"name\":\"Comment\",\"target\":[\"https:\/\/brasilnoticias.org\/site\/acm-neto-lidera-com-folga-em-feira-de-santana-aponta-pesquisa\/#respond\"]}]},{\"@type\":\"WebPage\",\"@id\":\"https:\/\/brasilnoticias.org\/site\/acm-neto-lidera-com-folga-em-feira-de-santana-aponta-pesquisa\/\",\"url\":\"https:\/\/brasilnoticias.org\/site\/acm-neto-lidera-com-folga-em-feira-de-santana-aponta-pesquisa\/\",\"name\":\"ACM Neto lidera com folga em Feira de Santana, aponta pesquisa - Brasil not\u00edcias\",\"isPartOf\":{\"@id\":\"https:\/\/brasilnoticias.org\/site\/#website\"},\"primaryImageOfPage\":{\"@id\":\"https:\/\/brasilnoticias.org\/site\/acm-neto-lidera-com-folga-em-feira-de-santana-aponta-pesquisa\/#primaryimage\"},\"image\":{\"@id\":\"https:\/\/brasilnoticias.org\/site\/acm-neto-lidera-com-folga-em-feira-de-santana-aponta-pesquisa\/#primaryimage\"},\"thumbnailUrl\":\"https:\/\/brasilnoticias.org\/site\/wp-content\/uploads\/2025\/07\/ultimo-debate-entre-os-candidatos-ao-governo-da-bahia-nas-eleicoes-2022-1664332374154_v2_4x3-scaled.jpg\",\"datePublished\":\"2025-07-17T20:28:34+00:00\",\"breadcrumb\":{\"@id\":\"https:\/\/brasilnoticias.org\/site\/acm-neto-lidera-com-folga-em-feira-de-santana-aponta-pesquisa\/#breadcrumb\"},\"inLanguage\":\"pt-PT\",\"potentialAction\":[{\"@type\":\"ReadAction\",\"target\":[\"https:\/\/brasilnoticias.org\/site\/acm-neto-lidera-com-folga-em-feira-de-santana-aponta-pesquisa\/\"]}]},{\"@type\":\"ImageObject\",\"inLanguage\":\"pt-PT\",\"@id\":\"https:\/\/brasilnoticias.org\/site\/acm-neto-lidera-com-folga-em-feira-de-santana-aponta-pesquisa\/#primaryimage\",\"url\":\"https:\/\/brasilnoticias.org\/site\/wp-content\/uploads\/2025\/07\/ultimo-debate-entre-os-candidatos-ao-governo-da-bahia-nas-eleicoes-2022-1664332374154_v2_4x3-scaled.jpg\",\"contentUrl\":\"https:\/\/brasilnoticias.org\/site\/wp-content\/uploads\/2025\/07\/ultimo-debate-entre-os-candidatos-ao-governo-da-bahia-nas-eleicoes-2022-1664332374154_v2_4x3-scaled.jpg\",\"width\":2560,\"height\":1440},{\"@type\":\"BreadcrumbList\",\"@id\":\"https:\/\/brasilnoticias.org\/site\/acm-neto-lidera-com-folga-em-feira-de-santana-aponta-pesquisa\/#breadcrumb\",\"itemListElement\":[{\"@type\":\"ListItem\",\"position\":1,\"name\":\"In\u00edcio\",\"item\":\"https:\/\/brasilnoticias.org\/site\/\"},{\"@type\":\"ListItem\",\"position\":2,\"name\":\"ACM Neto lidera com folga em Feira de Santana, aponta pesquisa\"}]},{\"@type\":\"WebSite\",\"@id\":\"https:\/\/brasilnoticias.org\/site\/#website\",\"url\":\"https:\/\/brasilnoticias.org\/site\/\",\"name\":\"Brasil not\u00edcias\",\"description\":\"Brasil not\u00edcias\",\"publisher\":{\"@id\":\"https:\/\/brasilnoticias.org\/site\/#organization\"},\"potentialAction\":[{\"@type\":\"SearchAction\",\"target\":{\"@type\":\"EntryPoint\",\"urlTemplate\":\"https:\/\/brasilnoticias.org\/site\/?s={search_term_string}\"},\"query-input\":{\"@type\":\"PropertyValueSpecification\",\"valueRequired\":true,\"valueName\":\"search_term_string\"}}],\"inLanguage\":\"pt-PT\"},{\"@type\":\"Organization\",\"@id\":\"https:\/\/brasilnoticias.org\/site\/#organization\",\"name\":\"Brasil not\u00edcias\",\"url\":\"https:\/\/brasilnoticias.org\/site\/\",\"logo\":{\"@type\":\"ImageObject\",\"inLanguage\":\"pt-PT\",\"@id\":\"https:\/\/brasilnoticias.org\/site\/#\/schema\/logo\/image\/\",\"url\":\"https:\/\/brasilnoticias.org\/site\/wp-content\/uploads\/2022\/05\/cropped-brasilnoticias-mini.jpg\",\"contentUrl\":\"https:\/\/brasilnoticias.org\/site\/wp-content\/uploads\/2022\/05\/cropped-brasilnoticias-mini.jpg\",\"width\":314,\"height\":86,\"caption\":\"Brasil not\u00edcias\"},\"image\":{\"@id\":\"https:\/\/brasilnoticias.org\/site\/#\/schema\/logo\/image\/\"}},{\"@type\":\"Person\",\"@id\":\"https:\/\/brasilnoticias.org\/site\/#\/schema\/person\/03bbbfe6c7634ad18c26444ea39049fa\",\"name\":\"Reda\u00e7\u00e3o\",\"image\":{\"@type\":\"ImageObject\",\"inLanguage\":\"pt-PT\",\"@id\":\"https:\/\/brasilnoticias.org\/site\/#\/schema\/person\/image\/\",\"url\":\"https:\/\/secure.gravatar.com\/avatar\/9ecaf7327a696cb23ad926fedded5f1f04d7049de9e445375d55b48c001a6e42?s=96&d=mm&r=g\",\"contentUrl\":\"https:\/\/secure.gravatar.com\/avatar\/9ecaf7327a696cb23ad926fedded5f1f04d7049de9e445375d55b48c001a6e42?s=96&d=mm&r=g\",\"caption\":\"Reda\u00e7\u00e3o\"},\"url\":\"https:\/\/brasilnoticias.org\/site\/author\/henrique\/\"}]}<\/script>\n<!-- \/ Yoast SEO plugin. -->","yoast_head_json":{"title":"ACM Neto lidera com folga em Feira de Santana, aponta pesquisa - Brasil not\u00edcias","robots":{"index":"index","follow":"follow","max-snippet":"max-snippet:-1","max-image-preview":"max-image-preview:large","max-video-preview":"max-video-preview:-1"},"canonical":"https:\/\/brasilnoticias.org\/site\/acm-neto-lidera-com-folga-em-feira-de-santana-aponta-pesquisa\/","og_locale":"pt_PT","og_type":"article","og_title":"ACM Neto lidera com folga em Feira de Santana, aponta pesquisa - Brasil not\u00edcias","og_description":"Levantamento mostra ampla vantagem do pr\u00e9-candidato do Uni\u00e3o Brasil sobre o governador Jer\u00f4nimo Rodrigues (PT) na corrida pelo Pal\u00e1cio de","og_url":"https:\/\/brasilnoticias.org\/site\/acm-neto-lidera-com-folga-em-feira-de-santana-aponta-pesquisa\/","og_site_name":"Brasil not\u00edcias","article_published_time":"2025-07-17T20:28:34+00:00","og_image":[{"width":2560,"height":1440,"url":"https:\/\/brasilnoticias.org\/site\/wp-content\/uploads\/2025\/07\/ultimo-debate-entre-os-candidatos-ao-governo-da-bahia-nas-eleicoes-2022-1664332374154_v2_4x3-scaled.jpg","type":"image\/jpeg"}],"author":"Reda\u00e7\u00e3o","twitter_card":"summary_large_image","twitter_misc":{"Escrito por":"Reda\u00e7\u00e3o"},"schema":{"@context":"https:\/\/schema.org","@graph":[{"@type":"Article","@id":"https:\/\/brasilnoticias.org\/site\/acm-neto-lidera-com-folga-em-feira-de-santana-aponta-pesquisa\/#article","isPartOf":{"@id":"https:\/\/brasilnoticias.org\/site\/acm-neto-lidera-com-folga-em-feira-de-santana-aponta-pesquisa\/"},"author":{"name":"Reda\u00e7\u00e3o","@id":"https:\/\/brasilnoticias.org\/site\/#\/schema\/person\/03bbbfe6c7634ad18c26444ea39049fa"},"headline":"ACM Neto lidera com folga em Feira de Santana, aponta pesquisa","datePublished":"2025-07-17T20:28:34+00:00","mainEntityOfPage":{"@id":"https:\/\/brasilnoticias.org\/site\/acm-neto-lidera-com-folga-em-feira-de-santana-aponta-pesquisa\/"},"wordCount":204,"commentCount":0,"publisher":{"@id":"https:\/\/brasilnoticias.org\/site\/#organization"},"image":{"@id":"https:\/\/brasilnoticias.org\/site\/acm-neto-lidera-com-folga-em-feira-de-santana-aponta-pesquisa\/#primaryimage"},"thumbnailUrl":"https:\/\/brasilnoticias.org\/site\/wp-content\/uploads\/2025\/07\/ultimo-debate-entre-os-candidatos-ao-governo-da-bahia-nas-eleicoes-2022-1664332374154_v2_4x3-scaled.jpg","articleSection":["Not\u00edcias","\u00daltimas"],"inLanguage":"pt-PT","potentialAction":[{"@type":"CommentAction","name":"Comment","target":["https:\/\/brasilnoticias.org\/site\/acm-neto-lidera-com-folga-em-feira-de-santana-aponta-pesquisa\/#respond"]}]},{"@type":"WebPage","@id":"https:\/\/brasilnoticias.org\/site\/acm-neto-lidera-com-folga-em-feira-de-santana-aponta-pesquisa\/","url":"https:\/\/brasilnoticias.org\/site\/acm-neto-lidera-com-folga-em-feira-de-santana-aponta-pesquisa\/","name":"ACM Neto lidera com folga em Feira de Santana, aponta pesquisa - Brasil not\u00edcias","isPartOf":{"@id":"https:\/\/brasilnoticias.org\/site\/#website"},"primaryImageOfPage":{"@id":"https:\/\/brasilnoticias.org\/site\/acm-neto-lidera-com-folga-em-feira-de-santana-aponta-pesquisa\/#primaryimage"},"image":{"@id":"https:\/\/brasilnoticias.org\/site\/acm-neto-lidera-com-folga-em-feira-de-santana-aponta-pesquisa\/#primaryimage"},"thumbnailUrl":"https:\/\/brasilnoticias.org\/site\/wp-content\/uploads\/2025\/07\/ultimo-debate-entre-os-candidatos-ao-governo-da-bahia-nas-eleicoes-2022-1664332374154_v2_4x3-scaled.jpg","datePublished":"2025-07-17T20:28:34+00:00","breadcrumb":{"@id":"https:\/\/brasilnoticias.org\/site\/acm-neto-lidera-com-folga-em-feira-de-santana-aponta-pesquisa\/#breadcrumb"},"inLanguage":"pt-PT","potentialAction":[{"@type":"ReadAction","target":["https:\/\/brasilnoticias.org\/site\/acm-neto-lidera-com-folga-em-feira-de-santana-aponta-pesquisa\/"]}]},{"@type":"ImageObject","inLanguage":"pt-PT","@id":"https:\/\/brasilnoticias.org\/site\/acm-neto-lidera-com-folga-em-feira-de-santana-aponta-pesquisa\/#primaryimage","url":"https:\/\/brasilnoticias.org\/site\/wp-content\/uploads\/2025\/07\/ultimo-debate-entre-os-candidatos-ao-governo-da-bahia-nas-eleicoes-2022-1664332374154_v2_4x3-scaled.jpg","contentUrl":"https:\/\/brasilnoticias.org\/site\/wp-content\/uploads\/2025\/07\/ultimo-debate-entre-os-candidatos-ao-governo-da-bahia-nas-eleicoes-2022-1664332374154_v2_4x3-scaled.jpg","width":2560,"height":1440},{"@type":"BreadcrumbList","@id":"https:\/\/brasilnoticias.org\/site\/acm-neto-lidera-com-folga-em-feira-de-santana-aponta-pesquisa\/#breadcrumb","itemListElement":[{"@type":"ListItem","position":1,"name":"In\u00edcio","item":"https:\/\/brasilnoticias.org\/site\/"},{"@type":"ListItem","position":2,"name":"ACM Neto lidera com folga em Feira de Santana, aponta pesquisa"}]},{"@type":"WebSite","@id":"https:\/\/brasilnoticias.org\/site\/#website","url":"https:\/\/brasilnoticias.org\/site\/","name":"Brasil not\u00edcias","description":"Brasil not\u00edcias","publisher":{"@id":"https:\/\/brasilnoticias.org\/site\/#organization"},"potentialAction":[{"@type":"SearchAction","target":{"@type":"EntryPoint","urlTemplate":"https:\/\/brasilnoticias.org\/site\/?s={search_term_string}"},"query-input":{"@type":"PropertyValueSpecification","valueRequired":true,"valueName":"search_term_string"}}],"inLanguage":"pt-PT"},{"@type":"Organization","@id":"https:\/\/brasilnoticias.org\/site\/#organization","name":"Brasil not\u00edcias","url":"https:\/\/brasilnoticias.org\/site\/","logo":{"@type":"ImageObject","inLanguage":"pt-PT","@id":"https:\/\/brasilnoticias.org\/site\/#\/schema\/logo\/image\/","url":"https:\/\/brasilnoticias.org\/site\/wp-content\/uploads\/2022\/05\/cropped-brasilnoticias-mini.jpg","contentUrl":"https:\/\/brasilnoticias.org\/site\/wp-content\/uploads\/2022\/05\/cropped-brasilnoticias-mini.jpg","width":314,"height":86,"caption":"Brasil not\u00edcias"},"image":{"@id":"https:\/\/brasilnoticias.org\/site\/#\/schema\/logo\/image\/"}},{"@type":"Person","@id":"https:\/\/brasilnoticias.org\/site\/#\/schema\/person\/03bbbfe6c7634ad18c26444ea39049fa","name":"Reda\u00e7\u00e3o","image":{"@type":"ImageObject","inLanguage":"pt-PT","@id":"https:\/\/brasilnoticias.org\/site\/#\/schema\/person\/image\/","url":"https:\/\/secure.gravatar.com\/avatar\/9ecaf7327a696cb23ad926fedded5f1f04d7049de9e445375d55b48c001a6e42?s=96&d=mm&r=g","contentUrl":"https:\/\/secure.gravatar.com\/avatar\/9ecaf7327a696cb23ad926fedded5f1f04d7049de9e445375d55b48c001a6e42?s=96&d=mm&r=g","caption":"Reda\u00e7\u00e3o"},"url":"https:\/\/brasilnoticias.org\/site\/author\/henrique\/"}]}},"_links":{"self":[{"href":"https:\/\/brasilnoticias.org\/site\/wp-json\/wp\/v2\/posts\/17636","targetHints":{"allow":["GET"]}}],"collection":[{"href":"https:\/\/brasilnoticias.org\/site\/wp-json\/wp\/v2\/posts"}],"about":[{"href":"https:\/\/brasilnoticias.org\/site\/wp-json\/wp\/v2\/types\/post"}],"author":[{"embeddable":true,"href":"https:\/\/brasilnoticias.org\/site\/wp-json\/wp\/v2\/users\/4"}],"replies":[{"embeddable":true,"href":"https:\/\/brasilnoticias.org\/site\/wp-json\/wp\/v2\/comments?post=17636"}],"version-history":[{"count":1,"href":"https:\/\/brasilnoticias.org\/site\/wp-json\/wp\/v2\/posts\/17636\/revisions"}],"predecessor-version":[{"id":17638,"href":"https:\/\/brasilnoticias.org\/site\/wp-json\/wp\/v2\/posts\/17636\/revisions\/17638"}],"wp:featuredmedia":[{"embeddable":true,"href":"https:\/\/brasilnoticias.org\/site\/wp-json\/wp\/v2\/media\/17637"}],"wp:attachment":[{"href":"https:\/\/brasilnoticias.org\/site\/wp-json\/wp\/v2\/media?parent=17636"}],"wp:term":[{"taxonomy":"category","embeddable":true,"href":"https:\/\/brasilnoticias.org\/site\/wp-json\/wp\/v2\/categories?post=17636"},{"taxonomy":"post_tag","embeddable":true,"href":"https:\/\/brasilnoticias.org\/site\/wp-json\/wp\/v2\/tags?post=17636"}],"curies":[{"name":"wp","href":"https:\/\/api.w.org\/{rel}","templated":true}]}}