{"id":17639,"date":"2025-07-18T21:54:51","date_gmt":"2025-07-19T00:54:51","guid":{"rendered":"https:\/\/brasilnoticias.org\/site\/?p=17639"},"modified":"2025-07-18T21:54:51","modified_gmt":"2025-07-19T00:54:51","slug":"tarifaco-girao-critica-revanchismo-de-lula-e-cobra-impeachment-no-stf-moraes-e-o-atacante-o-juiz-e-o-homem-do-var","status":"publish","type":"post","link":"https:\/\/brasilnoticias.org\/site\/tarifaco-girao-critica-revanchismo-de-lula-e-cobra-impeachment-no-stf-moraes-e-o-atacante-o-juiz-e-o-homem-do-var\/","title":{"rendered":"Tarifa\u00e7o: Gir\u00e3o critica &#8216;revanchismo&#8217; de Lula e cobra impeachment no STF: &#8216;Moraes \u00e9 o atacante, o juiz e o homem do VAR&#8217;"},"content":{"rendered":"<p>Coluna Careca de Saber desta semana traz ainda a avalia\u00e7\u00e3o de Paulo Azi sobre a medida de Trump, a postura de &#8220;papagaio do Planalto&#8221; de Jer\u00f4nimo e Rui Costa e o posicionamento de Tarc\u00edsio, bem como a possibilidade de recomposi\u00e7\u00e3o do PSD com o Pal\u00e1cio de Ondina; Otto pede &#8220;volta ViaBahia&#8221;<\/p>\n<p>O senador Eduardo Gir\u00e3o (Novo-CE) afirmou que a taxa\u00e7\u00e3o de 50% anunciada pelos Estados Unidos sobre produtos brasileiros \u00e9 resultado de uma \u201ccrise de credibilidade\u201d do Brasil no cen\u00e1rio internacional, agravada pelo que classificou como &#8220;revanchismo ideol\u00f3gico&#8221; do governo Lula. Em entrevista \u00e0 CBN Salvador, o congressista afirmou que o povo brasileiro \u00e9 quem pagar\u00e1 a conta do confronto diplom\u00e1tico.<\/p>\n<p>\u201cO presidente americano foi eleito para defender os interesses dele. O problema \u00e9 que aqui a gente n\u00e3o est\u00e1 fazendo o dever de casa. Vivemos sob censura, com persegui\u00e7\u00e3o pol\u00edtica e um governo que flerta com ditaduras como Maduro e Hamas\u201d, afirmou.<\/p>\n<p>Gir\u00e3o criticou tamb\u00e9m a regulamenta\u00e7\u00e3o da chamada Lei da Reciprocidade, assinada por Lula, que autoriza o Brasil a reagir com medidas comerciais contra os EUA. \u201cO governo est\u00e1 agindo com o f\u00edgado. Isso \u00e9 uma trag\u00e9dia anunciada\u201d, disse. Ele classificou a rea\u00e7\u00e3o como \u201ct\u00e1tica de vingan\u00e7a\u201d, e apontou o Cear\u00e1, seu estado, entre os mais prejudicados economicamente.<\/p>\n<p>O senador tamb\u00e9m responsabilizou o Senado pela falta de rea\u00e7\u00e3o institucional. Segundo ele, a decis\u00e3o do presidente da Casa, Davi Alcolumbre (Uni\u00e3o-AP), de manter sess\u00f5es remotas na \u00faltima antes do recesso foi uma forma de esvaziar o debate sobre a crise diplom\u00e1tica e evitar desgastes pol\u00edticos.<\/p>\n<p>Azi cobra &#8216;diplomacia&#8217; em vez de &#8216;confronto&#8217; <\/p>\n<p>O presidente estadual do Uni\u00e3o Brasil e deputado federal Paulo Azi foi mais um a fazer duras cr\u00edticas ao governo federal e ao governador baiano Jer\u00f4nimo Rodrigues (PT), durante entrevista \u00e0 CBN Salvador.<\/p>\n<p>Ao comentar a taxa\u00e7\u00e3o de 50% imposta pelos Estados Unidos aos produtos brasileiros, ele condenou o &#8220;confronto&#8221; adotado pela gest\u00e3o Lula e alertou para os impactos pr\u00e1ticos no interior da Bahia.<\/p>\n<p>&#8220;\u00c9 hora de tirar a pol\u00edtica e colocar a diplomacia&#8221;, disse o parlamentar, ao destacar que produtores de laranja em Rio Real e Esplanada j\u00e1 tiveram encomendas suspensas por conta da inseguran\u00e7a nos mercados internacionais.<\/p>\n<p>Segundo Azi, todos os outros pa\u00edses afetados pelas medidas de Donald Trump recorreram ao di\u00e1logo, enquanto o governo brasileiro adotou uma linha de enfrentamento para, segundo ele, tentar obter ganhos eleitorais a curto prazo. \u201cA m\u00e9dio e longo prazo, quando os empregos forem perdidos e as empresas quebrarem, a conta vai cair no colo do presidente Lula\u201d, alertou.<\/p>\n<p>Deputado detona Rui e Jer\u00f4nimo: &#8216;papagaios do Planalto&#8217;<\/p>\n<p>O deputado ainda ironizou a postura do governador Jer\u00f4nimo e do ministro da Casa Civil, Rui Costa, ao dizer que ambos atuam como &#8220;papagaios do Planalto&#8221;. Para ele, falta independ\u00eancia e sobra milit\u00e2ncia no discurso de lideran\u00e7as petistas.<\/p>\n<p>&#8220;O governo do PT \u00e9 uma nota s\u00f3. O que um diz, todos repetem. O governador Jer\u00f4nimo \u00e9 um exemplo acabado disso&#8221;, afirmou.<\/p>\n<p>Nos c\u00e1lculos da Federa\u00e7\u00e3o das Ind\u00fastrias do Estado (Fieb), a Bahia ter\u00e1 perdas de R$ 2,6 bilh\u00f5es no primeiro ano do tarifa\u00e7o e, apenas no setor, \u00e9 estimada a perda de 10 mil postos de trabalho.<\/p>\n<p>Cr\u00edticas ao STF e defesa de impeachment<\/p>\n<p>Em tom duro, Gir\u00e3o afirmou que o Supremo Tribunal Federal (STF) tem atuado com parcialidade e defendeu o impeachment de ministros da Corte.<\/p>\n<p>\u201cO Alexandre de Moraes \u00e9 o atacante, o juiz e o homem do VAR. Isso \u00e9 inconstitucional. O Senado precisa reagir para que haja equil\u00edbrio entre os poderes\u201d, afirmou.<\/p>\n<p>O senador criticou ainda a recomenda\u00e7\u00e3o da Procuradoria-Geral da Rep\u00fablica pela condena\u00e7\u00e3o de Jair Bolsonaro e aliados por tentativa de golpe.<\/p>\n<p>&#8220;Quem viu aquele julgamento saiu com \u00e2nsia de v\u00f4mito. Uma narrativa fr\u00e1gil, sem devido processo legal. Se houve anistia para quem pegou em armas, por que n\u00e3o para quem protestava com B\u00edblia e bandeira?&#8221;, comparou, sem citar nominalmente a ex-presidente petista Dilma Rousseff, que integrou o grupo armado Comando de Liberta\u00e7\u00e3o Nacional (Colina), durante a ditadura militar.<\/p>\n<p>Rui Costa, Tarc\u00edsio e 2026<\/p>\n<p>Questionado sobre a pretens\u00e3o do ministro da Casa Civil e ex-governador da Bahia, Rui Costa, de disputar o Senado em 2026, Gir\u00e3o foi direto: &#8220;Nada contra a pessoa dele, mas precisamos esclarecer o esc\u00e2ndalo do Cons\u00f3rcio Nordeste. Houve mortes por falta de respiradores que nunca chegaram. E esse caso passa pela Bahia&#8221;.<\/p>\n<p>Em rela\u00e7\u00e3o ao cen\u00e1rio presidencial, disse ver com bons olhos nomes como Romeu Zema (Novo-MG), e demonstrou cautela quanto \u00e0 postura do governador de S\u00e3o Paulo, Tarc\u00edsio de Freitas (Republicanos).<\/p>\n<p> &#8220;Tarc\u00edsio \u00e9 um bom nome, mas precisa se posicionar com mais coragem contra os abusos do STF. J\u00e1 Zema herdou terra arrasada do PT e gerou um milh\u00e3o de empregos. Tem mais firmeza&#8221;, comparou.<\/p>\n<p>Tarc\u00edsio &#8216;equilibrado&#8217;<\/p>\n<p>Azi, no entanto, elogiou a postura do governador de S\u00e3o Paulo, ao classificar como &#8220;equilibrada&#8221; sua tentativa de preservar os empregos em seu estado, mesmo com as cr\u00edticas de setores bolsonaristas.<\/p>\n<p>\u201cAgora n\u00e3o \u00e9 hora de debate pol\u00edtico e ideol\u00f3gico. \u00c9 hora de proteger empresas e empregos\u201d, resumiu.<\/p>\n<p>O gestor do Pal\u00e1cio dos Bandeirantes \u00e9 o nome visto internamente por setores do Uni\u00e3o como principal fator para alavancar a candidatura de ACM Neto na Bahia contra as candidaturas \u00e0 reelei\u00e7\u00e3o de Lula e Jer\u00f4nimo.<\/p>\n<p>Geopol\u00edtica e patriotismo: a leitura de William G\u00edrio<\/p>\n<p>A disputa de narrativas \u2014 inclusive dentro da oposi\u00e7\u00e3o \u2014 chamou a aten\u00e7\u00e3o do cientista pol\u00edtico William G\u00edrio, tamb\u00e9m ouvido pela CBN Salvador. Para ele, o tarifa\u00e7o est\u00e1 menos relacionado a corre\u00e7\u00f5es econ\u00f4micas e mais ligado \u00e0 geopol\u00edtica.<\/p>\n<p>&#8220;A rela\u00e7\u00e3o comercial entre Brasil e Estados Unidos \u00e9 superavit\u00e1ria para os americanos. Essa medida \u00e9 mais um gesto geopol\u00edtico do que econ\u00f4mico \u2014 e j\u00e1 pode ter sa\u00eddo pela culatra.\u201d<\/p>\n<p>Segundo G\u00edrio, a &#8220;resposta firme&#8221; do governo Lula desorganizou o &#8220;jogo simb\u00f3lico&#8221; da oposi\u00e7\u00e3o:<\/p>\n<p>&#8220;Houve uma desapropria\u00e7\u00e3o do monop\u00f3lio do patriotismo. Parte da popula\u00e7\u00e3o entendeu como subserviente a defesa dos interesses norte-americanos feita por bolsonaristas&#8221;, disse, ao apontar um novo risco no horizonte: &#8220;A Otan j\u00e1 sinalizou risco de san\u00e7\u00f5es derivadas da rela\u00e7\u00e3o comercial do Brasil com a R\u00fassia. Isso pode afetar petr\u00f3leo, fertilizantes, produtos qu\u00edmicos \u2014 ou seja, nossa principal pauta de exporta\u00e7\u00e3o&#8221;.<\/p>\n<p>Tarc\u00edsio, Bolsonaro e o jogo de 2026<\/p>\n<p>G\u00edrio tamb\u00e9m analisou a movimenta\u00e7\u00e3o de Tarc\u00edsio de Freitas no xadrez eleitoral da direita: &#8220;Ele tenta o que Bolsonaro fez em 2018: unificar as direitas como o nome poss\u00edvel, n\u00e3o o ideal. Mas ao buscar o aval bolsonarista, ele se descola da elite econ\u00f4mica&#8221;.<\/p>\n<p>E conclui: &#8220;Na geopol\u00edtica, n\u00e3o h\u00e1 amizade. H\u00e1 interesses. Ver setores da direita usando os EUA como b\u00fassola pode gerar ru\u00eddo e custo eleitoral. Ainda \u00e9 cedo, mas o cen\u00e1rio de 2026 come\u00e7a a se desenhar&#8221;.<\/p>\n<p>O fato \u00e9 que, para o cientista pol\u00edtico, a rejei\u00e7\u00e3o ao tarifa\u00e7o pela maioria dos eleitores de direita, conforme a \u00faltima pesquisa Genial\/Quaest, mostra que o tiro de Jair e Eduardo Bolsonaro de mirar Trump para atingir a anistia pode sair pela culatra.<\/p>\n<p>Caciques do PSD voltam a frequentar eventos de Jer\u00f4nimo<\/p>\n<p>No \u00faltimo fim de semana, ap\u00f3s a pol\u00eamica entrevista do senador Jaques Wagner (PT), com participa\u00e7\u00e3o do ministro-chefe da Casa Civil Rui Costa, e a aus\u00eancia na comitiva oficial nos festejos do 2 de Julho, os caciques do PSD voltaram a frequentar um evento do governador Jer\u00f4nimo Rorigues no interior.<\/p>\n<p>Um parlamentar da sigla, contatado pelo Blog do Vila, negou que a rela\u00e7\u00e3o com o chefe do Executivo baiano chegou a estar abalada. &#8220;A rela\u00e7\u00e3o com Jer\u00f4nimo \u00e9 a melhor poss\u00edvel. Nunca teve nada. Sobre a fala de Wagner e Rui, antecipando dois senadores do PT, j\u00e1 fizeram a avalia\u00e7\u00e3o no governo e viram que isso n\u00e3o \u00e9 bom para o governador, porque a elei\u00e7\u00e3o dele \u00e9 mais f\u00e1cil conosco. Todo mundo quer a reelei\u00e7\u00e3o&#8221;, disse o social-democrata. <\/p>\n<p>No entanto, de acordo com ele, apesar da inclina\u00e7\u00e3o de manter a alian\u00e7a, a possibilidade de rompimento n\u00e3o est\u00e1 100% descartada. &#8220;Como dirigente do partido, o que Otto n\u00e3o quer \u00e9 que um aliado seja defenestrado pelo r\u00e1dio. Mas ainda continuamos no aguardo da decis\u00e3o do governador sobre nossa vaga no Senado. Ele j\u00e1 sabe que isso \u00e9 motivo para rompimento. Para n\u00f3s n\u00e3o importa o que Rui e Wagner est\u00e3o falando, importa apenas a decis\u00e3o do governador&#8221;, avisou.<\/p>\n<p>O que est\u00e1 de molho, segundo ele, \u00e9 a conversa com ACM Neto, sobre a promessa de reservar as duas vagas do Senado \u00e0 legenda, com garantia de apoio \u00e0 reelei\u00e7\u00e3o do senador Angelo Coronel. &#8220;A gente ainda n\u00e3o conversou com ningu\u00e9m. Antes, vamos aguardar a decis\u00e3o do governador. Mas ACM Neto est\u00e1 rezando para a gente romper&#8221;, avaliou.<\/p>\n<p>Volta Via Bahia?<\/p>\n<p>Perguntado a respeito da discuss\u00e3o sobre a montagem da chapa, o senador Otto Alencar preferiu n\u00e3o comentar o assunto, o qual acha ser &#8220;antecipado&#8221;, mas surpreendeu ao desabafar sobre a situa\u00e7\u00e3o da BR-324. <\/p>\n<p>Ele estava em deslocamento para Feira de Santana e reclamou da administra\u00e7\u00e3o do Departamento Nacional de Infraestrutura de Transportes (Dnit).<\/p>\n<p>&#8220;\u00c9 uma vergonha. N\u00e3o tem engenheiros, s\u00f3 quatro ou cinco pessoas tomando conta e cheio de conezinhos na estrada. Tudo abandonado. Se leva mais de quatro horas para chegar a Feira. Foi uma irresponsabilidade tirar a concession\u00e1ria da forma que fizeram. Agora vai demorar muito para conseguir outra, porque inviabilizaram, e ainda tiveram que pagar multa. Volta ViaBahia&#8221;, protestou, ao citar a indeniza\u00e7\u00e3o paga \u00e0 concession\u00e1ria no valor de R$ 681 milh\u00f5es.<\/p>\n<p>Entre os principais atores para a mudan\u00e7a da gest\u00e3o da pista est\u00e1 o ministro-chefe da Casa Civil, Rui Costa, exatamente quem pretende disputar com o PSD a indica\u00e7\u00e3o para a candidatura ao Senado na chapa de Jer\u00f4nimo.<\/p>\n<p>Foto: Andressa Anholete \/ Ag\u00eancia Senado<\/p>\n","protected":false},"excerpt":{"rendered":"<p>Coluna Careca de Saber desta semana traz ainda a avalia\u00e7\u00e3o de Paulo Azi sobre a medida de Trump, a postura<\/p>\n","protected":false},"author":4,"featured_media":17640,"comment_status":"open","ping_status":"open","sticky":false,"template":"","format":"standard","meta":{"colormag_page_container_layout":"default_layout","colormag_page_sidebar_layout":"default_layout","_FSMCFIC_featured_image_caption":"","_FSMCFIC_featured_image_nocaption":"","_FSMCFIC_featured_image_hide":"","footnotes":""},"categories":[2,1],"tags":[],"class_list":["post-17639","post","type-post","status-publish","format-standard","has-post-thumbnail","hentry","category-noticias","category-ultimas"],"yoast_head":"<!-- This site is optimized with the Yoast SEO plugin v27.1.1 - https:\/\/yoast.com\/product\/yoast-seo-wordpress\/ -->\n<title>Tarifa\u00e7o: Gir\u00e3o critica &#039;revanchismo&#039; de Lula e cobra impeachment no STF: &#039;Moraes \u00e9 o atacante, o juiz e o homem do VAR&#039; - Brasil not\u00edcias<\/title>\n<meta name=\"robots\" content=\"index, follow, max-snippet:-1, max-image-preview:large, max-video-preview:-1\" \/>\n<link rel=\"canonical\" href=\"https:\/\/brasilnoticias.org\/site\/tarifaco-girao-critica-revanchismo-de-lula-e-cobra-impeachment-no-stf-moraes-e-o-atacante-o-juiz-e-o-homem-do-var\/\" \/>\n<meta property=\"og:locale\" content=\"pt_PT\" \/>\n<meta property=\"og:type\" content=\"article\" \/>\n<meta property=\"og:title\" content=\"Tarifa\u00e7o: Gir\u00e3o critica &#039;revanchismo&#039; de Lula e cobra impeachment no STF: &#039;Moraes \u00e9 o atacante, o juiz e o homem do VAR&#039; - Brasil not\u00edcias\" \/>\n<meta property=\"og:description\" content=\"Coluna Careca de Saber desta semana traz ainda a avalia\u00e7\u00e3o de Paulo Azi sobre a medida de Trump, a postura\" \/>\n<meta property=\"og:url\" content=\"https:\/\/brasilnoticias.org\/site\/tarifaco-girao-critica-revanchismo-de-lula-e-cobra-impeachment-no-stf-moraes-e-o-atacante-o-juiz-e-o-homem-do-var\/\" \/>\n<meta property=\"og:site_name\" content=\"Brasil not\u00edcias\" \/>\n<meta property=\"article:published_time\" content=\"2025-07-19T00:54:51+00:00\" \/>\n<meta property=\"og:image\" content=\"https:\/\/brasilnoticias.org\/site\/wp-content\/uploads\/2025\/07\/WhatsApp-Image-2025-07-17-at-20.56.00.jpeg\" \/>\n\t<meta property=\"og:image:width\" content=\"1600\" \/>\n\t<meta property=\"og:image:height\" content=\"900\" \/>\n\t<meta property=\"og:image:type\" content=\"image\/jpeg\" \/>\n<meta name=\"author\" content=\"Reda\u00e7\u00e3o\" \/>\n<meta name=\"twitter:card\" content=\"summary_large_image\" \/>\n<meta name=\"twitter:label1\" content=\"Escrito por\" \/>\n\t<meta name=\"twitter:data1\" content=\"Reda\u00e7\u00e3o\" \/>\n<script type=\"application\/ld+json\" class=\"yoast-schema-graph\">{\"@context\":\"https:\/\/schema.org\",\"@graph\":[{\"@type\":\"Article\",\"@id\":\"https:\/\/brasilnoticias.org\/site\/tarifaco-girao-critica-revanchismo-de-lula-e-cobra-impeachment-no-stf-moraes-e-o-atacante-o-juiz-e-o-homem-do-var\/#article\",\"isPartOf\":{\"@id\":\"https:\/\/brasilnoticias.org\/site\/tarifaco-girao-critica-revanchismo-de-lula-e-cobra-impeachment-no-stf-moraes-e-o-atacante-o-juiz-e-o-homem-do-var\/\"},\"author\":{\"name\":\"Reda\u00e7\u00e3o\",\"@id\":\"https:\/\/brasilnoticias.org\/site\/#\/schema\/person\/03bbbfe6c7634ad18c26444ea39049fa\"},\"headline\":\"Tarifa\u00e7o: Gir\u00e3o critica &#8216;revanchismo&#8217; de Lula e cobra impeachment no STF: &#8216;Moraes \u00e9 o atacante, o juiz e o homem do VAR&#8217;\",\"datePublished\":\"2025-07-19T00:54:51+00:00\",\"mainEntityOfPage\":{\"@id\":\"https:\/\/brasilnoticias.org\/site\/tarifaco-girao-critica-revanchismo-de-lula-e-cobra-impeachment-no-stf-moraes-e-o-atacante-o-juiz-e-o-homem-do-var\/\"},\"wordCount\":1740,\"commentCount\":0,\"publisher\":{\"@id\":\"https:\/\/brasilnoticias.org\/site\/#organization\"},\"image\":{\"@id\":\"https:\/\/brasilnoticias.org\/site\/tarifaco-girao-critica-revanchismo-de-lula-e-cobra-impeachment-no-stf-moraes-e-o-atacante-o-juiz-e-o-homem-do-var\/#primaryimage\"},\"thumbnailUrl\":\"https:\/\/brasilnoticias.org\/site\/wp-content\/uploads\/2025\/07\/WhatsApp-Image-2025-07-17-at-20.56.00.jpeg\",\"articleSection\":[\"Not\u00edcias\",\"\u00daltimas\"],\"inLanguage\":\"pt-PT\",\"potentialAction\":[{\"@type\":\"CommentAction\",\"name\":\"Comment\",\"target\":[\"https:\/\/brasilnoticias.org\/site\/tarifaco-girao-critica-revanchismo-de-lula-e-cobra-impeachment-no-stf-moraes-e-o-atacante-o-juiz-e-o-homem-do-var\/#respond\"]}]},{\"@type\":\"WebPage\",\"@id\":\"https:\/\/brasilnoticias.org\/site\/tarifaco-girao-critica-revanchismo-de-lula-e-cobra-impeachment-no-stf-moraes-e-o-atacante-o-juiz-e-o-homem-do-var\/\",\"url\":\"https:\/\/brasilnoticias.org\/site\/tarifaco-girao-critica-revanchismo-de-lula-e-cobra-impeachment-no-stf-moraes-e-o-atacante-o-juiz-e-o-homem-do-var\/\",\"name\":\"Tarifa\u00e7o: Gir\u00e3o critica 'revanchismo' de Lula e cobra impeachment no STF: 'Moraes \u00e9 o atacante, o juiz e o homem do VAR' - Brasil not\u00edcias\",\"isPartOf\":{\"@id\":\"https:\/\/brasilnoticias.org\/site\/#website\"},\"primaryImageOfPage\":{\"@id\":\"https:\/\/brasilnoticias.org\/site\/tarifaco-girao-critica-revanchismo-de-lula-e-cobra-impeachment-no-stf-moraes-e-o-atacante-o-juiz-e-o-homem-do-var\/#primaryimage\"},\"image\":{\"@id\":\"https:\/\/brasilnoticias.org\/site\/tarifaco-girao-critica-revanchismo-de-lula-e-cobra-impeachment-no-stf-moraes-e-o-atacante-o-juiz-e-o-homem-do-var\/#primaryimage\"},\"thumbnailUrl\":\"https:\/\/brasilnoticias.org\/site\/wp-content\/uploads\/2025\/07\/WhatsApp-Image-2025-07-17-at-20.56.00.jpeg\",\"datePublished\":\"2025-07-19T00:54:51+00:00\",\"breadcrumb\":{\"@id\":\"https:\/\/brasilnoticias.org\/site\/tarifaco-girao-critica-revanchismo-de-lula-e-cobra-impeachment-no-stf-moraes-e-o-atacante-o-juiz-e-o-homem-do-var\/#breadcrumb\"},\"inLanguage\":\"pt-PT\",\"potentialAction\":[{\"@type\":\"ReadAction\",\"target\":[\"https:\/\/brasilnoticias.org\/site\/tarifaco-girao-critica-revanchismo-de-lula-e-cobra-impeachment-no-stf-moraes-e-o-atacante-o-juiz-e-o-homem-do-var\/\"]}]},{\"@type\":\"ImageObject\",\"inLanguage\":\"pt-PT\",\"@id\":\"https:\/\/brasilnoticias.org\/site\/tarifaco-girao-critica-revanchismo-de-lula-e-cobra-impeachment-no-stf-moraes-e-o-atacante-o-juiz-e-o-homem-do-var\/#primaryimage\",\"url\":\"https:\/\/brasilnoticias.org\/site\/wp-content\/uploads\/2025\/07\/WhatsApp-Image-2025-07-17-at-20.56.00.jpeg\",\"contentUrl\":\"https:\/\/brasilnoticias.org\/site\/wp-content\/uploads\/2025\/07\/WhatsApp-Image-2025-07-17-at-20.56.00.jpeg\",\"width\":1600,\"height\":900},{\"@type\":\"BreadcrumbList\",\"@id\":\"https:\/\/brasilnoticias.org\/site\/tarifaco-girao-critica-revanchismo-de-lula-e-cobra-impeachment-no-stf-moraes-e-o-atacante-o-juiz-e-o-homem-do-var\/#breadcrumb\",\"itemListElement\":[{\"@type\":\"ListItem\",\"position\":1,\"name\":\"In\u00edcio\",\"item\":\"https:\/\/brasilnoticias.org\/site\/\"},{\"@type\":\"ListItem\",\"position\":2,\"name\":\"Tarifa\u00e7o: Gir\u00e3o critica &#8216;revanchismo&#8217; de Lula e cobra impeachment no STF: &#8216;Moraes \u00e9 o atacante, o juiz e o homem do VAR&#8217;\"}]},{\"@type\":\"WebSite\",\"@id\":\"https:\/\/brasilnoticias.org\/site\/#website\",\"url\":\"https:\/\/brasilnoticias.org\/site\/\",\"name\":\"Brasil not\u00edcias\",\"description\":\"Brasil not\u00edcias\",\"publisher\":{\"@id\":\"https:\/\/brasilnoticias.org\/site\/#organization\"},\"potentialAction\":[{\"@type\":\"SearchAction\",\"target\":{\"@type\":\"EntryPoint\",\"urlTemplate\":\"https:\/\/brasilnoticias.org\/site\/?s={search_term_string}\"},\"query-input\":{\"@type\":\"PropertyValueSpecification\",\"valueRequired\":true,\"valueName\":\"search_term_string\"}}],\"inLanguage\":\"pt-PT\"},{\"@type\":\"Organization\",\"@id\":\"https:\/\/brasilnoticias.org\/site\/#organization\",\"name\":\"Brasil not\u00edcias\",\"url\":\"https:\/\/brasilnoticias.org\/site\/\",\"logo\":{\"@type\":\"ImageObject\",\"inLanguage\":\"pt-PT\",\"@id\":\"https:\/\/brasilnoticias.org\/site\/#\/schema\/logo\/image\/\",\"url\":\"https:\/\/brasilnoticias.org\/site\/wp-content\/uploads\/2022\/05\/cropped-brasilnoticias-mini.jpg\",\"contentUrl\":\"https:\/\/brasilnoticias.org\/site\/wp-content\/uploads\/2022\/05\/cropped-brasilnoticias-mini.jpg\",\"width\":314,\"height\":86,\"caption\":\"Brasil not\u00edcias\"},\"image\":{\"@id\":\"https:\/\/brasilnoticias.org\/site\/#\/schema\/logo\/image\/\"}},{\"@type\":\"Person\",\"@id\":\"https:\/\/brasilnoticias.org\/site\/#\/schema\/person\/03bbbfe6c7634ad18c26444ea39049fa\",\"name\":\"Reda\u00e7\u00e3o\",\"image\":{\"@type\":\"ImageObject\",\"inLanguage\":\"pt-PT\",\"@id\":\"https:\/\/brasilnoticias.org\/site\/#\/schema\/person\/image\/\",\"url\":\"https:\/\/secure.gravatar.com\/avatar\/9ecaf7327a696cb23ad926fedded5f1f04d7049de9e445375d55b48c001a6e42?s=96&d=mm&r=g\",\"contentUrl\":\"https:\/\/secure.gravatar.com\/avatar\/9ecaf7327a696cb23ad926fedded5f1f04d7049de9e445375d55b48c001a6e42?s=96&d=mm&r=g\",\"caption\":\"Reda\u00e7\u00e3o\"},\"url\":\"https:\/\/brasilnoticias.org\/site\/author\/henrique\/\"}]}<\/script>\n<!-- \/ Yoast SEO plugin. -->","yoast_head_json":{"title":"Tarifa\u00e7o: Gir\u00e3o critica 'revanchismo' de Lula e cobra impeachment no STF: 'Moraes \u00e9 o atacante, o juiz e o homem do VAR' - Brasil not\u00edcias","robots":{"index":"index","follow":"follow","max-snippet":"max-snippet:-1","max-image-preview":"max-image-preview:large","max-video-preview":"max-video-preview:-1"},"canonical":"https:\/\/brasilnoticias.org\/site\/tarifaco-girao-critica-revanchismo-de-lula-e-cobra-impeachment-no-stf-moraes-e-o-atacante-o-juiz-e-o-homem-do-var\/","og_locale":"pt_PT","og_type":"article","og_title":"Tarifa\u00e7o: Gir\u00e3o critica 'revanchismo' de Lula e cobra impeachment no STF: 'Moraes \u00e9 o atacante, o juiz e o homem do VAR' - Brasil not\u00edcias","og_description":"Coluna Careca de Saber desta semana traz ainda a avalia\u00e7\u00e3o de Paulo Azi sobre a medida de Trump, a postura","og_url":"https:\/\/brasilnoticias.org\/site\/tarifaco-girao-critica-revanchismo-de-lula-e-cobra-impeachment-no-stf-moraes-e-o-atacante-o-juiz-e-o-homem-do-var\/","og_site_name":"Brasil not\u00edcias","article_published_time":"2025-07-19T00:54:51+00:00","og_image":[{"width":1600,"height":900,"url":"https:\/\/brasilnoticias.org\/site\/wp-content\/uploads\/2025\/07\/WhatsApp-Image-2025-07-17-at-20.56.00.jpeg","type":"image\/jpeg"}],"author":"Reda\u00e7\u00e3o","twitter_card":"summary_large_image","twitter_misc":{"Escrito por":"Reda\u00e7\u00e3o"},"schema":{"@context":"https:\/\/schema.org","@graph":[{"@type":"Article","@id":"https:\/\/brasilnoticias.org\/site\/tarifaco-girao-critica-revanchismo-de-lula-e-cobra-impeachment-no-stf-moraes-e-o-atacante-o-juiz-e-o-homem-do-var\/#article","isPartOf":{"@id":"https:\/\/brasilnoticias.org\/site\/tarifaco-girao-critica-revanchismo-de-lula-e-cobra-impeachment-no-stf-moraes-e-o-atacante-o-juiz-e-o-homem-do-var\/"},"author":{"name":"Reda\u00e7\u00e3o","@id":"https:\/\/brasilnoticias.org\/site\/#\/schema\/person\/03bbbfe6c7634ad18c26444ea39049fa"},"headline":"Tarifa\u00e7o: Gir\u00e3o critica &#8216;revanchismo&#8217; de Lula e cobra impeachment no STF: &#8216;Moraes \u00e9 o atacante, o juiz e o homem do VAR&#8217;","datePublished":"2025-07-19T00:54:51+00:00","mainEntityOfPage":{"@id":"https:\/\/brasilnoticias.org\/site\/tarifaco-girao-critica-revanchismo-de-lula-e-cobra-impeachment-no-stf-moraes-e-o-atacante-o-juiz-e-o-homem-do-var\/"},"wordCount":1740,"commentCount":0,"publisher":{"@id":"https:\/\/brasilnoticias.org\/site\/#organization"},"image":{"@id":"https:\/\/brasilnoticias.org\/site\/tarifaco-girao-critica-revanchismo-de-lula-e-cobra-impeachment-no-stf-moraes-e-o-atacante-o-juiz-e-o-homem-do-var\/#primaryimage"},"thumbnailUrl":"https:\/\/brasilnoticias.org\/site\/wp-content\/uploads\/2025\/07\/WhatsApp-Image-2025-07-17-at-20.56.00.jpeg","articleSection":["Not\u00edcias","\u00daltimas"],"inLanguage":"pt-PT","potentialAction":[{"@type":"CommentAction","name":"Comment","target":["https:\/\/brasilnoticias.org\/site\/tarifaco-girao-critica-revanchismo-de-lula-e-cobra-impeachment-no-stf-moraes-e-o-atacante-o-juiz-e-o-homem-do-var\/#respond"]}]},{"@type":"WebPage","@id":"https:\/\/brasilnoticias.org\/site\/tarifaco-girao-critica-revanchismo-de-lula-e-cobra-impeachment-no-stf-moraes-e-o-atacante-o-juiz-e-o-homem-do-var\/","url":"https:\/\/brasilnoticias.org\/site\/tarifaco-girao-critica-revanchismo-de-lula-e-cobra-impeachment-no-stf-moraes-e-o-atacante-o-juiz-e-o-homem-do-var\/","name":"Tarifa\u00e7o: Gir\u00e3o critica 'revanchismo' de Lula e cobra impeachment no STF: 'Moraes \u00e9 o atacante, o juiz e o homem do VAR' - Brasil not\u00edcias","isPartOf":{"@id":"https:\/\/brasilnoticias.org\/site\/#website"},"primaryImageOfPage":{"@id":"https:\/\/brasilnoticias.org\/site\/tarifaco-girao-critica-revanchismo-de-lula-e-cobra-impeachment-no-stf-moraes-e-o-atacante-o-juiz-e-o-homem-do-var\/#primaryimage"},"image":{"@id":"https:\/\/brasilnoticias.org\/site\/tarifaco-girao-critica-revanchismo-de-lula-e-cobra-impeachment-no-stf-moraes-e-o-atacante-o-juiz-e-o-homem-do-var\/#primaryimage"},"thumbnailUrl":"https:\/\/brasilnoticias.org\/site\/wp-content\/uploads\/2025\/07\/WhatsApp-Image-2025-07-17-at-20.56.00.jpeg","datePublished":"2025-07-19T00:54:51+00:00","breadcrumb":{"@id":"https:\/\/brasilnoticias.org\/site\/tarifaco-girao-critica-revanchismo-de-lula-e-cobra-impeachment-no-stf-moraes-e-o-atacante-o-juiz-e-o-homem-do-var\/#breadcrumb"},"inLanguage":"pt-PT","potentialAction":[{"@type":"ReadAction","target":["https:\/\/brasilnoticias.org\/site\/tarifaco-girao-critica-revanchismo-de-lula-e-cobra-impeachment-no-stf-moraes-e-o-atacante-o-juiz-e-o-homem-do-var\/"]}]},{"@type":"ImageObject","inLanguage":"pt-PT","@id":"https:\/\/brasilnoticias.org\/site\/tarifaco-girao-critica-revanchismo-de-lula-e-cobra-impeachment-no-stf-moraes-e-o-atacante-o-juiz-e-o-homem-do-var\/#primaryimage","url":"https:\/\/brasilnoticias.org\/site\/wp-content\/uploads\/2025\/07\/WhatsApp-Image-2025-07-17-at-20.56.00.jpeg","contentUrl":"https:\/\/brasilnoticias.org\/site\/wp-content\/uploads\/2025\/07\/WhatsApp-Image-2025-07-17-at-20.56.00.jpeg","width":1600,"height":900},{"@type":"BreadcrumbList","@id":"https:\/\/brasilnoticias.org\/site\/tarifaco-girao-critica-revanchismo-de-lula-e-cobra-impeachment-no-stf-moraes-e-o-atacante-o-juiz-e-o-homem-do-var\/#breadcrumb","itemListElement":[{"@type":"ListItem","position":1,"name":"In\u00edcio","item":"https:\/\/brasilnoticias.org\/site\/"},{"@type":"ListItem","position":2,"name":"Tarifa\u00e7o: Gir\u00e3o critica &#8216;revanchismo&#8217; de Lula e cobra impeachment no STF: &#8216;Moraes \u00e9 o atacante, o juiz e o homem do VAR&#8217;"}]},{"@type":"WebSite","@id":"https:\/\/brasilnoticias.org\/site\/#website","url":"https:\/\/brasilnoticias.org\/site\/","name":"Brasil not\u00edcias","description":"Brasil not\u00edcias","publisher":{"@id":"https:\/\/brasilnoticias.org\/site\/#organization"},"potentialAction":[{"@type":"SearchAction","target":{"@type":"EntryPoint","urlTemplate":"https:\/\/brasilnoticias.org\/site\/?s={search_term_string}"},"query-input":{"@type":"PropertyValueSpecification","valueRequired":true,"valueName":"search_term_string"}}],"inLanguage":"pt-PT"},{"@type":"Organization","@id":"https:\/\/brasilnoticias.org\/site\/#organization","name":"Brasil not\u00edcias","url":"https:\/\/brasilnoticias.org\/site\/","logo":{"@type":"ImageObject","inLanguage":"pt-PT","@id":"https:\/\/brasilnoticias.org\/site\/#\/schema\/logo\/image\/","url":"https:\/\/brasilnoticias.org\/site\/wp-content\/uploads\/2022\/05\/cropped-brasilnoticias-mini.jpg","contentUrl":"https:\/\/brasilnoticias.org\/site\/wp-content\/uploads\/2022\/05\/cropped-brasilnoticias-mini.jpg","width":314,"height":86,"caption":"Brasil not\u00edcias"},"image":{"@id":"https:\/\/brasilnoticias.org\/site\/#\/schema\/logo\/image\/"}},{"@type":"Person","@id":"https:\/\/brasilnoticias.org\/site\/#\/schema\/person\/03bbbfe6c7634ad18c26444ea39049fa","name":"Reda\u00e7\u00e3o","image":{"@type":"ImageObject","inLanguage":"pt-PT","@id":"https:\/\/brasilnoticias.org\/site\/#\/schema\/person\/image\/","url":"https:\/\/secure.gravatar.com\/avatar\/9ecaf7327a696cb23ad926fedded5f1f04d7049de9e445375d55b48c001a6e42?s=96&d=mm&r=g","contentUrl":"https:\/\/secure.gravatar.com\/avatar\/9ecaf7327a696cb23ad926fedded5f1f04d7049de9e445375d55b48c001a6e42?s=96&d=mm&r=g","caption":"Reda\u00e7\u00e3o"},"url":"https:\/\/brasilnoticias.org\/site\/author\/henrique\/"}]}},"_links":{"self":[{"href":"https:\/\/brasilnoticias.org\/site\/wp-json\/wp\/v2\/posts\/17639","targetHints":{"allow":["GET"]}}],"collection":[{"href":"https:\/\/brasilnoticias.org\/site\/wp-json\/wp\/v2\/posts"}],"about":[{"href":"https:\/\/brasilnoticias.org\/site\/wp-json\/wp\/v2\/types\/post"}],"author":[{"embeddable":true,"href":"https:\/\/brasilnoticias.org\/site\/wp-json\/wp\/v2\/users\/4"}],"replies":[{"embeddable":true,"href":"https:\/\/brasilnoticias.org\/site\/wp-json\/wp\/v2\/comments?post=17639"}],"version-history":[{"count":1,"href":"https:\/\/brasilnoticias.org\/site\/wp-json\/wp\/v2\/posts\/17639\/revisions"}],"predecessor-version":[{"id":17641,"href":"https:\/\/brasilnoticias.org\/site\/wp-json\/wp\/v2\/posts\/17639\/revisions\/17641"}],"wp:featuredmedia":[{"embeddable":true,"href":"https:\/\/brasilnoticias.org\/site\/wp-json\/wp\/v2\/media\/17640"}],"wp:attachment":[{"href":"https:\/\/brasilnoticias.org\/site\/wp-json\/wp\/v2\/media?parent=17639"}],"wp:term":[{"taxonomy":"category","embeddable":true,"href":"https:\/\/brasilnoticias.org\/site\/wp-json\/wp\/v2\/categories?post=17639"},{"taxonomy":"post_tag","embeddable":true,"href":"https:\/\/brasilnoticias.org\/site\/wp-json\/wp\/v2\/tags?post=17639"}],"curies":[{"name":"wp","href":"https:\/\/api.w.org\/{rel}","templated":true}]}}