{"id":17654,"date":"2025-07-21T20:47:22","date_gmt":"2025-07-21T23:47:22","guid":{"rendered":"https:\/\/brasilnoticias.org\/site\/?p=17654"},"modified":"2025-07-21T20:47:22","modified_gmt":"2025-07-21T23:47:22","slug":"2a-edicao-da-jornada-do-empreendedor-imparavel-movimenta-salvador-e-consolida-sucesso-no-brasil","status":"publish","type":"post","link":"https:\/\/brasilnoticias.org\/site\/2a-edicao-da-jornada-do-empreendedor-imparavel-movimenta-salvador-e-consolida-sucesso-no-brasil\/","title":{"rendered":"2\u00aa Edi\u00e7\u00e3o da Jornada do Empreendedor Impar\u00e1vel movimenta Salvador e consolida sucesso no Brasil"},"content":{"rendered":"<p>Evento gratuito reuniu centenas de empreendedores e j\u00e1 prev\u00ea novas edi\u00e7\u00f5es!<\/p>\n<p>Depois do impacto positivo do lan\u00e7amento internacional em 1\u00ba de mar\u00e7o de 2025, em Orlando (EUA), e da estreia nacional em 25 de abril, em Alphaville, (SP), a Jornada do Empreendedor Impar\u00e1vel desembarcou na capital baiana, nos dias 18 e 19 de julho, reunindo centenas de entusiastas da \u00e1rea em mais uma edi\u00e7\u00e3o de grande sucesso.<\/p>\n<p>Idealizado pelo famoso empres\u00e1rio Lucio Santana, o movimento tem como principal  miss\u00e3o impulsionar de forma bastante significativa empreendedores brasileiros a conquistarem espa\u00e7o no mercado nacional e internacional. Tudo isso por meio de conex\u00f5es com investidores e aplica\u00e7\u00e3o de estrat\u00e9gias eficazes para expans\u00e3o de neg\u00f3cios. O evento, que foi gratuito ofereceu ao p\u00fablico presente uma programa\u00e7\u00e3o intensa, com palestras, mentorias e oportunidades exclusivas de networking com grandes nomes do empreendedorismo.<\/p>\n<p>Entre os destaques da ocasi\u00e3o, esteve diversos empres\u00e1rios nacionais e internacionais, e o soteropolitano Hebert Bouzon, vice-presidente da Jornada, fundador da PdD Academy e autor best-seller com mais de 200 mil alunos presenciais. \u201cViver essa experi\u00eancia transformadora em minha terra natal foi uma realiza\u00e7\u00e3o indescrit\u00edvel\u201d, comemorou Bouzon.<\/p>\n<p>Durante os dois dias consecutivos de imers\u00e3o, os participantes tiveram acesso a conte\u00fados valiosos sobre temas como internacionaliza\u00e7\u00e3o de empresas, abertura de neg\u00f3cios dentro e fora do Brasil, valuation, constru\u00e7\u00e3o de pitches atrativos, adapta\u00e7\u00e3o de produtos para outros mercados e estrat\u00e9gias de crescimento sustent\u00e1vel. Um dos momentos mais marcantes, foi a apresenta\u00e7\u00e3o de projetos a investidores liderados pelo pr\u00f3prio Lucio Santana.<\/p>\n<p>&#8220;A proposta do evento foi atender tanto quem est\u00e1 dando os primeiros passos no empreendedorismo quanto aqueles que j\u00e1 t\u00eam neg\u00f3cios consolidados e querem expandir suas fronteiras&#8221;, explica Lucio Santana.<\/p>\n<p>A Jornada do Empreendedor Impar\u00e1vel se posiciona como um movimento completamente sem custo, inovador e acess\u00edvel, com encontros presenciais, eventos on line e uma plataforma que disponibiliza ferramentas, conte\u00fados e orienta\u00e7\u00e3o completa, al\u00e9m de apoio emocional para quem deseja iniciar ou expandir seu pr\u00f3prio neg\u00f3cio no Brasil e no exterior.<\/p>\n<p>Com o \u00eaxito das edi\u00e7\u00f5es realizadas at\u00e9 agora, a organiza\u00e7\u00e3o j\u00e1 se prepara para anunciar a pr\u00f3xima etapa do projeto, que dever\u00e1 ser divulgada em breve.<\/p>\n<p>&#8220;Sei o quanto \u00e9 dif\u00edcil se sentir sozinho diante de tantos desafios. A Jornada foi criada para destravar o potencial de quem quer transformar o mundo atrav\u00e9s dos neg\u00f3cios. Quando caminhamos juntos, os obst\u00e1culos viram conquistas&#8221;, finaliza Lucio Santana.<\/p>\n<p>Sobre Lucio Santana:<\/p>\n<p>Empres\u00e1rio, ativador de pessoas, palestrante, escritor e investidor anjo, Lucio Santana vive nos Estados Unidos h\u00e1 25 anos. Morador de Orlando, migrou para o pa\u00eds buscando realizar o sonho americano com apenas US$ 1.600 e sem falar ingl\u00eas. No entanto, conseguiu fazer o sonho se tornar realidade atrav\u00e9s de seu empreendedorismo, trabalho duro e muita supera\u00e7\u00e3o. Ele \u00e9 o fundador da Royal Mortgage USA, uma empresa l\u00edder em financiamento imobili\u00e1rio presente em sete estados americanos.<\/p>\n<p>\u00c9 idealizador do projeto gratuito \u201cA Jornada do Empreendedor Impar\u00e1vel\u201d e autor dos livros \u201cAutogesta\u00e7\u00e3o\u201d, \u201cPara Seguir Crescendo\u201d, \u201cA Jornada do Empreendedor\u201d, \u201cRemiss\u00e3o de Tempo\u201d, al\u00e9m de coautor da\u00a0obra\u00a0\u201cAm\u00e9rica\u201d.<\/p>\n<p><img loading=\"lazy\" decoding=\"async\" src=\"https:\/\/brasilnoticias.org\/site\/wp-content\/uploads\/2025\/07\/Imagem-do-WhatsApp-de-2025-07-21-as-19.48.39_7023edef-1000x750.jpg\" alt=\"\" width=\"1000\" height=\"750\" class=\"alignnone size-medium wp-image-17656\" srcset=\"https:\/\/brasilnoticias.org\/site\/wp-content\/uploads\/2025\/07\/Imagem-do-WhatsApp-de-2025-07-21-as-19.48.39_7023edef-1000x750.jpg 1000w, https:\/\/brasilnoticias.org\/site\/wp-content\/uploads\/2025\/07\/Imagem-do-WhatsApp-de-2025-07-21-as-19.48.39_7023edef-768x576.jpg 768w, https:\/\/brasilnoticias.org\/site\/wp-content\/uploads\/2025\/07\/Imagem-do-WhatsApp-de-2025-07-21-as-19.48.39_7023edef-1536x1152.jpg 1536w, https:\/\/brasilnoticias.org\/site\/wp-content\/uploads\/2025\/07\/Imagem-do-WhatsApp-de-2025-07-21-as-19.48.39_7023edef-2048x1536.jpg 2048w\" sizes=\"auto, (max-width: 1000px) 100vw, 1000px\" \/><\/p>\n","protected":false},"excerpt":{"rendered":"<p>Evento gratuito reuniu centenas de empreendedores e j\u00e1 prev\u00ea novas edi\u00e7\u00f5es! Depois do impacto positivo do lan\u00e7amento internacional em 1\u00ba<\/p>\n","protected":false},"author":4,"featured_media":17655,"comment_status":"open","ping_status":"open","sticky":false,"template":"","format":"standard","meta":{"colormag_page_container_layout":"default_layout","colormag_page_sidebar_layout":"default_layout","_FSMCFIC_featured_image_caption":"","_FSMCFIC_featured_image_nocaption":"","_FSMCFIC_featured_image_hide":"","footnotes":""},"categories":[5,1],"tags":[],"class_list":["post-17654","post","type-post","status-publish","format-standard","has-post-thumbnail","hentry","category-politica","category-ultimas"],"yoast_head":"<!-- This site is optimized with the Yoast SEO plugin v27.1.1 - https:\/\/yoast.com\/product\/yoast-seo-wordpress\/ -->\n<title>2\u00aa Edi\u00e7\u00e3o da Jornada do Empreendedor Impar\u00e1vel movimenta Salvador e consolida sucesso no Brasil - Brasil not\u00edcias<\/title>\n<meta name=\"robots\" content=\"index, follow, max-snippet:-1, max-image-preview:large, max-video-preview:-1\" \/>\n<link rel=\"canonical\" href=\"https:\/\/brasilnoticias.org\/site\/2a-edicao-da-jornada-do-empreendedor-imparavel-movimenta-salvador-e-consolida-sucesso-no-brasil\/\" \/>\n<meta property=\"og:locale\" content=\"pt_PT\" \/>\n<meta property=\"og:type\" content=\"article\" \/>\n<meta property=\"og:title\" content=\"2\u00aa Edi\u00e7\u00e3o da Jornada do Empreendedor Impar\u00e1vel movimenta Salvador e consolida sucesso no Brasil - Brasil not\u00edcias\" \/>\n<meta property=\"og:description\" content=\"Evento gratuito reuniu centenas de empreendedores e j\u00e1 prev\u00ea novas edi\u00e7\u00f5es! Depois do impacto positivo do lan\u00e7amento internacional em 1\u00ba\" \/>\n<meta property=\"og:url\" content=\"https:\/\/brasilnoticias.org\/site\/2a-edicao-da-jornada-do-empreendedor-imparavel-movimenta-salvador-e-consolida-sucesso-no-brasil\/\" \/>\n<meta property=\"og:site_name\" content=\"Brasil not\u00edcias\" \/>\n<meta property=\"article:published_time\" content=\"2025-07-21T23:47:22+00:00\" \/>\n<meta property=\"og:image\" content=\"https:\/\/brasilnoticias.org\/site\/wp-content\/uploads\/2025\/07\/Imagem-do-WhatsApp-de-2025-07-21-as-19.48.40_5aa932d9-scaled.jpg\" \/>\n\t<meta property=\"og:image:width\" content=\"2560\" \/>\n\t<meta property=\"og:image:height\" content=\"1707\" \/>\n\t<meta property=\"og:image:type\" content=\"image\/jpeg\" \/>\n<meta name=\"author\" content=\"Reda\u00e7\u00e3o\" \/>\n<meta name=\"twitter:card\" content=\"summary_large_image\" \/>\n<meta name=\"twitter:label1\" content=\"Escrito por\" \/>\n\t<meta name=\"twitter:data1\" content=\"Reda\u00e7\u00e3o\" \/>\n\t<meta name=\"twitter:label2\" content=\"Tempo estimado de leitura\" \/>\n\t<meta name=\"twitter:data2\" content=\"1 minuto\" \/>\n<script type=\"application\/ld+json\" class=\"yoast-schema-graph\">{\"@context\":\"https:\/\/schema.org\",\"@graph\":[{\"@type\":\"Article\",\"@id\":\"https:\/\/brasilnoticias.org\/site\/2a-edicao-da-jornada-do-empreendedor-imparavel-movimenta-salvador-e-consolida-sucesso-no-brasil\/#article\",\"isPartOf\":{\"@id\":\"https:\/\/brasilnoticias.org\/site\/2a-edicao-da-jornada-do-empreendedor-imparavel-movimenta-salvador-e-consolida-sucesso-no-brasil\/\"},\"author\":{\"name\":\"Reda\u00e7\u00e3o\",\"@id\":\"https:\/\/brasilnoticias.org\/site\/#\/schema\/person\/03bbbfe6c7634ad18c26444ea39049fa\"},\"headline\":\"2\u00aa Edi\u00e7\u00e3o da Jornada do Empreendedor Impar\u00e1vel movimenta Salvador e consolida sucesso no Brasil\",\"datePublished\":\"2025-07-21T23:47:22+00:00\",\"mainEntityOfPage\":{\"@id\":\"https:\/\/brasilnoticias.org\/site\/2a-edicao-da-jornada-do-empreendedor-imparavel-movimenta-salvador-e-consolida-sucesso-no-brasil\/\"},\"wordCount\":560,\"commentCount\":0,\"publisher\":{\"@id\":\"https:\/\/brasilnoticias.org\/site\/#organization\"},\"image\":{\"@id\":\"https:\/\/brasilnoticias.org\/site\/2a-edicao-da-jornada-do-empreendedor-imparavel-movimenta-salvador-e-consolida-sucesso-no-brasil\/#primaryimage\"},\"thumbnailUrl\":\"https:\/\/brasilnoticias.org\/site\/wp-content\/uploads\/2025\/07\/Imagem-do-WhatsApp-de-2025-07-21-as-19.48.40_5aa932d9-scaled.jpg\",\"articleSection\":[\"Pol\u00edtica\",\"\u00daltimas\"],\"inLanguage\":\"pt-PT\",\"potentialAction\":[{\"@type\":\"CommentAction\",\"name\":\"Comment\",\"target\":[\"https:\/\/brasilnoticias.org\/site\/2a-edicao-da-jornada-do-empreendedor-imparavel-movimenta-salvador-e-consolida-sucesso-no-brasil\/#respond\"]}]},{\"@type\":\"WebPage\",\"@id\":\"https:\/\/brasilnoticias.org\/site\/2a-edicao-da-jornada-do-empreendedor-imparavel-movimenta-salvador-e-consolida-sucesso-no-brasil\/\",\"url\":\"https:\/\/brasilnoticias.org\/site\/2a-edicao-da-jornada-do-empreendedor-imparavel-movimenta-salvador-e-consolida-sucesso-no-brasil\/\",\"name\":\"2\u00aa Edi\u00e7\u00e3o da Jornada do Empreendedor Impar\u00e1vel movimenta Salvador e consolida sucesso no Brasil - Brasil not\u00edcias\",\"isPartOf\":{\"@id\":\"https:\/\/brasilnoticias.org\/site\/#website\"},\"primaryImageOfPage\":{\"@id\":\"https:\/\/brasilnoticias.org\/site\/2a-edicao-da-jornada-do-empreendedor-imparavel-movimenta-salvador-e-consolida-sucesso-no-brasil\/#primaryimage\"},\"image\":{\"@id\":\"https:\/\/brasilnoticias.org\/site\/2a-edicao-da-jornada-do-empreendedor-imparavel-movimenta-salvador-e-consolida-sucesso-no-brasil\/#primaryimage\"},\"thumbnailUrl\":\"https:\/\/brasilnoticias.org\/site\/wp-content\/uploads\/2025\/07\/Imagem-do-WhatsApp-de-2025-07-21-as-19.48.40_5aa932d9-scaled.jpg\",\"datePublished\":\"2025-07-21T23:47:22+00:00\",\"breadcrumb\":{\"@id\":\"https:\/\/brasilnoticias.org\/site\/2a-edicao-da-jornada-do-empreendedor-imparavel-movimenta-salvador-e-consolida-sucesso-no-brasil\/#breadcrumb\"},\"inLanguage\":\"pt-PT\",\"potentialAction\":[{\"@type\":\"ReadAction\",\"target\":[\"https:\/\/brasilnoticias.org\/site\/2a-edicao-da-jornada-do-empreendedor-imparavel-movimenta-salvador-e-consolida-sucesso-no-brasil\/\"]}]},{\"@type\":\"ImageObject\",\"inLanguage\":\"pt-PT\",\"@id\":\"https:\/\/brasilnoticias.org\/site\/2a-edicao-da-jornada-do-empreendedor-imparavel-movimenta-salvador-e-consolida-sucesso-no-brasil\/#primaryimage\",\"url\":\"https:\/\/brasilnoticias.org\/site\/wp-content\/uploads\/2025\/07\/Imagem-do-WhatsApp-de-2025-07-21-as-19.48.40_5aa932d9-scaled.jpg\",\"contentUrl\":\"https:\/\/brasilnoticias.org\/site\/wp-content\/uploads\/2025\/07\/Imagem-do-WhatsApp-de-2025-07-21-as-19.48.40_5aa932d9-scaled.jpg\",\"width\":2560,\"height\":1707},{\"@type\":\"BreadcrumbList\",\"@id\":\"https:\/\/brasilnoticias.org\/site\/2a-edicao-da-jornada-do-empreendedor-imparavel-movimenta-salvador-e-consolida-sucesso-no-brasil\/#breadcrumb\",\"itemListElement\":[{\"@type\":\"ListItem\",\"position\":1,\"name\":\"In\u00edcio\",\"item\":\"https:\/\/brasilnoticias.org\/site\/\"},{\"@type\":\"ListItem\",\"position\":2,\"name\":\"2\u00aa Edi\u00e7\u00e3o da Jornada do Empreendedor Impar\u00e1vel movimenta Salvador e consolida sucesso no Brasil\"}]},{\"@type\":\"WebSite\",\"@id\":\"https:\/\/brasilnoticias.org\/site\/#website\",\"url\":\"https:\/\/brasilnoticias.org\/site\/\",\"name\":\"Brasil not\u00edcias\",\"description\":\"Brasil not\u00edcias\",\"publisher\":{\"@id\":\"https:\/\/brasilnoticias.org\/site\/#organization\"},\"potentialAction\":[{\"@type\":\"SearchAction\",\"target\":{\"@type\":\"EntryPoint\",\"urlTemplate\":\"https:\/\/brasilnoticias.org\/site\/?s={search_term_string}\"},\"query-input\":{\"@type\":\"PropertyValueSpecification\",\"valueRequired\":true,\"valueName\":\"search_term_string\"}}],\"inLanguage\":\"pt-PT\"},{\"@type\":\"Organization\",\"@id\":\"https:\/\/brasilnoticias.org\/site\/#organization\",\"name\":\"Brasil not\u00edcias\",\"url\":\"https:\/\/brasilnoticias.org\/site\/\",\"logo\":{\"@type\":\"ImageObject\",\"inLanguage\":\"pt-PT\",\"@id\":\"https:\/\/brasilnoticias.org\/site\/#\/schema\/logo\/image\/\",\"url\":\"https:\/\/brasilnoticias.org\/site\/wp-content\/uploads\/2022\/05\/cropped-brasilnoticias-mini.jpg\",\"contentUrl\":\"https:\/\/brasilnoticias.org\/site\/wp-content\/uploads\/2022\/05\/cropped-brasilnoticias-mini.jpg\",\"width\":314,\"height\":86,\"caption\":\"Brasil not\u00edcias\"},\"image\":{\"@id\":\"https:\/\/brasilnoticias.org\/site\/#\/schema\/logo\/image\/\"}},{\"@type\":\"Person\",\"@id\":\"https:\/\/brasilnoticias.org\/site\/#\/schema\/person\/03bbbfe6c7634ad18c26444ea39049fa\",\"name\":\"Reda\u00e7\u00e3o\",\"image\":{\"@type\":\"ImageObject\",\"inLanguage\":\"pt-PT\",\"@id\":\"https:\/\/brasilnoticias.org\/site\/#\/schema\/person\/image\/\",\"url\":\"https:\/\/secure.gravatar.com\/avatar\/9ecaf7327a696cb23ad926fedded5f1f04d7049de9e445375d55b48c001a6e42?s=96&d=mm&r=g\",\"contentUrl\":\"https:\/\/secure.gravatar.com\/avatar\/9ecaf7327a696cb23ad926fedded5f1f04d7049de9e445375d55b48c001a6e42?s=96&d=mm&r=g\",\"caption\":\"Reda\u00e7\u00e3o\"},\"url\":\"https:\/\/brasilnoticias.org\/site\/author\/henrique\/\"}]}<\/script>\n<!-- \/ Yoast SEO plugin. -->","yoast_head_json":{"title":"2\u00aa Edi\u00e7\u00e3o da Jornada do Empreendedor Impar\u00e1vel movimenta Salvador e consolida sucesso no Brasil - Brasil not\u00edcias","robots":{"index":"index","follow":"follow","max-snippet":"max-snippet:-1","max-image-preview":"max-image-preview:large","max-video-preview":"max-video-preview:-1"},"canonical":"https:\/\/brasilnoticias.org\/site\/2a-edicao-da-jornada-do-empreendedor-imparavel-movimenta-salvador-e-consolida-sucesso-no-brasil\/","og_locale":"pt_PT","og_type":"article","og_title":"2\u00aa Edi\u00e7\u00e3o da Jornada do Empreendedor Impar\u00e1vel movimenta Salvador e consolida sucesso no Brasil - Brasil not\u00edcias","og_description":"Evento gratuito reuniu centenas de empreendedores e j\u00e1 prev\u00ea novas edi\u00e7\u00f5es! Depois do impacto positivo do lan\u00e7amento internacional em 1\u00ba","og_url":"https:\/\/brasilnoticias.org\/site\/2a-edicao-da-jornada-do-empreendedor-imparavel-movimenta-salvador-e-consolida-sucesso-no-brasil\/","og_site_name":"Brasil not\u00edcias","article_published_time":"2025-07-21T23:47:22+00:00","og_image":[{"width":2560,"height":1707,"url":"https:\/\/brasilnoticias.org\/site\/wp-content\/uploads\/2025\/07\/Imagem-do-WhatsApp-de-2025-07-21-as-19.48.40_5aa932d9-scaled.jpg","type":"image\/jpeg"}],"author":"Reda\u00e7\u00e3o","twitter_card":"summary_large_image","twitter_misc":{"Escrito por":"Reda\u00e7\u00e3o","Tempo estimado de leitura":"1 minuto"},"schema":{"@context":"https:\/\/schema.org","@graph":[{"@type":"Article","@id":"https:\/\/brasilnoticias.org\/site\/2a-edicao-da-jornada-do-empreendedor-imparavel-movimenta-salvador-e-consolida-sucesso-no-brasil\/#article","isPartOf":{"@id":"https:\/\/brasilnoticias.org\/site\/2a-edicao-da-jornada-do-empreendedor-imparavel-movimenta-salvador-e-consolida-sucesso-no-brasil\/"},"author":{"name":"Reda\u00e7\u00e3o","@id":"https:\/\/brasilnoticias.org\/site\/#\/schema\/person\/03bbbfe6c7634ad18c26444ea39049fa"},"headline":"2\u00aa Edi\u00e7\u00e3o da Jornada do Empreendedor Impar\u00e1vel movimenta Salvador e consolida sucesso no Brasil","datePublished":"2025-07-21T23:47:22+00:00","mainEntityOfPage":{"@id":"https:\/\/brasilnoticias.org\/site\/2a-edicao-da-jornada-do-empreendedor-imparavel-movimenta-salvador-e-consolida-sucesso-no-brasil\/"},"wordCount":560,"commentCount":0,"publisher":{"@id":"https:\/\/brasilnoticias.org\/site\/#organization"},"image":{"@id":"https:\/\/brasilnoticias.org\/site\/2a-edicao-da-jornada-do-empreendedor-imparavel-movimenta-salvador-e-consolida-sucesso-no-brasil\/#primaryimage"},"thumbnailUrl":"https:\/\/brasilnoticias.org\/site\/wp-content\/uploads\/2025\/07\/Imagem-do-WhatsApp-de-2025-07-21-as-19.48.40_5aa932d9-scaled.jpg","articleSection":["Pol\u00edtica","\u00daltimas"],"inLanguage":"pt-PT","potentialAction":[{"@type":"CommentAction","name":"Comment","target":["https:\/\/brasilnoticias.org\/site\/2a-edicao-da-jornada-do-empreendedor-imparavel-movimenta-salvador-e-consolida-sucesso-no-brasil\/#respond"]}]},{"@type":"WebPage","@id":"https:\/\/brasilnoticias.org\/site\/2a-edicao-da-jornada-do-empreendedor-imparavel-movimenta-salvador-e-consolida-sucesso-no-brasil\/","url":"https:\/\/brasilnoticias.org\/site\/2a-edicao-da-jornada-do-empreendedor-imparavel-movimenta-salvador-e-consolida-sucesso-no-brasil\/","name":"2\u00aa Edi\u00e7\u00e3o da Jornada do Empreendedor Impar\u00e1vel movimenta Salvador e consolida sucesso no Brasil - Brasil not\u00edcias","isPartOf":{"@id":"https:\/\/brasilnoticias.org\/site\/#website"},"primaryImageOfPage":{"@id":"https:\/\/brasilnoticias.org\/site\/2a-edicao-da-jornada-do-empreendedor-imparavel-movimenta-salvador-e-consolida-sucesso-no-brasil\/#primaryimage"},"image":{"@id":"https:\/\/brasilnoticias.org\/site\/2a-edicao-da-jornada-do-empreendedor-imparavel-movimenta-salvador-e-consolida-sucesso-no-brasil\/#primaryimage"},"thumbnailUrl":"https:\/\/brasilnoticias.org\/site\/wp-content\/uploads\/2025\/07\/Imagem-do-WhatsApp-de-2025-07-21-as-19.48.40_5aa932d9-scaled.jpg","datePublished":"2025-07-21T23:47:22+00:00","breadcrumb":{"@id":"https:\/\/brasilnoticias.org\/site\/2a-edicao-da-jornada-do-empreendedor-imparavel-movimenta-salvador-e-consolida-sucesso-no-brasil\/#breadcrumb"},"inLanguage":"pt-PT","potentialAction":[{"@type":"ReadAction","target":["https:\/\/brasilnoticias.org\/site\/2a-edicao-da-jornada-do-empreendedor-imparavel-movimenta-salvador-e-consolida-sucesso-no-brasil\/"]}]},{"@type":"ImageObject","inLanguage":"pt-PT","@id":"https:\/\/brasilnoticias.org\/site\/2a-edicao-da-jornada-do-empreendedor-imparavel-movimenta-salvador-e-consolida-sucesso-no-brasil\/#primaryimage","url":"https:\/\/brasilnoticias.org\/site\/wp-content\/uploads\/2025\/07\/Imagem-do-WhatsApp-de-2025-07-21-as-19.48.40_5aa932d9-scaled.jpg","contentUrl":"https:\/\/brasilnoticias.org\/site\/wp-content\/uploads\/2025\/07\/Imagem-do-WhatsApp-de-2025-07-21-as-19.48.40_5aa932d9-scaled.jpg","width":2560,"height":1707},{"@type":"BreadcrumbList","@id":"https:\/\/brasilnoticias.org\/site\/2a-edicao-da-jornada-do-empreendedor-imparavel-movimenta-salvador-e-consolida-sucesso-no-brasil\/#breadcrumb","itemListElement":[{"@type":"ListItem","position":1,"name":"In\u00edcio","item":"https:\/\/brasilnoticias.org\/site\/"},{"@type":"ListItem","position":2,"name":"2\u00aa Edi\u00e7\u00e3o da Jornada do Empreendedor Impar\u00e1vel movimenta Salvador e consolida sucesso no Brasil"}]},{"@type":"WebSite","@id":"https:\/\/brasilnoticias.org\/site\/#website","url":"https:\/\/brasilnoticias.org\/site\/","name":"Brasil not\u00edcias","description":"Brasil not\u00edcias","publisher":{"@id":"https:\/\/brasilnoticias.org\/site\/#organization"},"potentialAction":[{"@type":"SearchAction","target":{"@type":"EntryPoint","urlTemplate":"https:\/\/brasilnoticias.org\/site\/?s={search_term_string}"},"query-input":{"@type":"PropertyValueSpecification","valueRequired":true,"valueName":"search_term_string"}}],"inLanguage":"pt-PT"},{"@type":"Organization","@id":"https:\/\/brasilnoticias.org\/site\/#organization","name":"Brasil not\u00edcias","url":"https:\/\/brasilnoticias.org\/site\/","logo":{"@type":"ImageObject","inLanguage":"pt-PT","@id":"https:\/\/brasilnoticias.org\/site\/#\/schema\/logo\/image\/","url":"https:\/\/brasilnoticias.org\/site\/wp-content\/uploads\/2022\/05\/cropped-brasilnoticias-mini.jpg","contentUrl":"https:\/\/brasilnoticias.org\/site\/wp-content\/uploads\/2022\/05\/cropped-brasilnoticias-mini.jpg","width":314,"height":86,"caption":"Brasil not\u00edcias"},"image":{"@id":"https:\/\/brasilnoticias.org\/site\/#\/schema\/logo\/image\/"}},{"@type":"Person","@id":"https:\/\/brasilnoticias.org\/site\/#\/schema\/person\/03bbbfe6c7634ad18c26444ea39049fa","name":"Reda\u00e7\u00e3o","image":{"@type":"ImageObject","inLanguage":"pt-PT","@id":"https:\/\/brasilnoticias.org\/site\/#\/schema\/person\/image\/","url":"https:\/\/secure.gravatar.com\/avatar\/9ecaf7327a696cb23ad926fedded5f1f04d7049de9e445375d55b48c001a6e42?s=96&d=mm&r=g","contentUrl":"https:\/\/secure.gravatar.com\/avatar\/9ecaf7327a696cb23ad926fedded5f1f04d7049de9e445375d55b48c001a6e42?s=96&d=mm&r=g","caption":"Reda\u00e7\u00e3o"},"url":"https:\/\/brasilnoticias.org\/site\/author\/henrique\/"}]}},"_links":{"self":[{"href":"https:\/\/brasilnoticias.org\/site\/wp-json\/wp\/v2\/posts\/17654","targetHints":{"allow":["GET"]}}],"collection":[{"href":"https:\/\/brasilnoticias.org\/site\/wp-json\/wp\/v2\/posts"}],"about":[{"href":"https:\/\/brasilnoticias.org\/site\/wp-json\/wp\/v2\/types\/post"}],"author":[{"embeddable":true,"href":"https:\/\/brasilnoticias.org\/site\/wp-json\/wp\/v2\/users\/4"}],"replies":[{"embeddable":true,"href":"https:\/\/brasilnoticias.org\/site\/wp-json\/wp\/v2\/comments?post=17654"}],"version-history":[{"count":1,"href":"https:\/\/brasilnoticias.org\/site\/wp-json\/wp\/v2\/posts\/17654\/revisions"}],"predecessor-version":[{"id":17657,"href":"https:\/\/brasilnoticias.org\/site\/wp-json\/wp\/v2\/posts\/17654\/revisions\/17657"}],"wp:featuredmedia":[{"embeddable":true,"href":"https:\/\/brasilnoticias.org\/site\/wp-json\/wp\/v2\/media\/17655"}],"wp:attachment":[{"href":"https:\/\/brasilnoticias.org\/site\/wp-json\/wp\/v2\/media?parent=17654"}],"wp:term":[{"taxonomy":"category","embeddable":true,"href":"https:\/\/brasilnoticias.org\/site\/wp-json\/wp\/v2\/categories?post=17654"},{"taxonomy":"post_tag","embeddable":true,"href":"https:\/\/brasilnoticias.org\/site\/wp-json\/wp\/v2\/tags?post=17654"}],"curies":[{"name":"wp","href":"https:\/\/api.w.org\/{rel}","templated":true}]}}