{"id":17659,"date":"2025-07-21T20:49:27","date_gmt":"2025-07-21T23:49:27","guid":{"rendered":"https:\/\/brasilnoticias.org\/site\/?p=17659"},"modified":"2025-07-21T20:49:27","modified_gmt":"2025-07-21T23:49:27","slug":"marinho-quer-isencao-penal-para-agentes-de-saude-em-vistorias-sanitarias","status":"publish","type":"post","link":"https:\/\/brasilnoticias.org\/site\/marinho-quer-isencao-penal-para-agentes-de-saude-em-vistorias-sanitarias\/","title":{"rendered":"Marinho quer isen\u00e7\u00e3o penal para agentes de sa\u00fade em vistorias sanit\u00e1rias"},"content":{"rendered":"<p>Com o objetivo de garantir o cumprimento de medidas de saneamento b\u00e1sico e controle sanit\u00e1rio em im\u00f3veis abandonados, o deputado federal M\u00e1rcio Marinho (Republicanos-BA) prop\u00f4s uma altera\u00e7\u00e3o no C\u00f3digo Penal para excluir o car\u00e1ter criminoso de a\u00e7\u00f5es de entrada ou perman\u00eancia em im\u00f3veis alheios por parte de agentes p\u00fablicos durante inspe\u00e7\u00f5es sanit\u00e1rias. A iniciativa se deu atrav\u00e9s do protocolo do Projeto de Lei n\u00ba 3405\/2025, na \u00faltima ter\u00e7a-feira (15).<\/p>\n<p>A medida busca garantir seguran\u00e7a jur\u00eddica a profissionais da sa\u00fade p\u00fablica que, no exerc\u00edcio regular de suas fun\u00e7\u00f5es, muitas vezes se deparam com a necessidade de adentrar im\u00f3veis desabitados \u2014 residenciais ou comerciais \u2014 para conter surtos e pragas que representam risco \u00e0 sa\u00fade coletiva, como \u00e9 o caso do mosquito Aedes aegypti.<\/p>\n<p>\u201cA proposta nasce da pr\u00e1tica. Hoje, muitos agentes deixam de cumprir suas fun\u00e7\u00f5es por receio de serem acusados de viola\u00e7\u00e3o de domic\u00edlio. Precisamos garantir respaldo legal para que eles atuem com agilidade, sobretudo em situa\u00e7\u00f5es emergenciais de sa\u00fade p\u00fablica\u201d, explicou o deputado M\u00e1rcio Marinho.<\/p>\n<p>A legisla\u00e7\u00e3o vigente j\u00e1 prev\u00ea hip\u00f3teses espec\u00edficas para ingresso for\u00e7ado em im\u00f3veis, como na Lei n\u00ba 13.301\/2016. No entanto, o parlamentar argumenta que \u00e9 necess\u00e1rio atualizar o pr\u00f3prio C\u00f3digo Penal para que, nessas situa\u00e7\u00f5es, o ato n\u00e3o configure crime, o que fortalecer\u00e1 o combate a epidemias e outras amea\u00e7as sanit\u00e1rias.<\/p>\n<p>\u201cEstamos falando de salvar vidas. N\u00e3o \u00e9 razo\u00e1vel que entraves burocr\u00e1ticos ou o medo de uma a\u00e7\u00e3o judicial impe\u00e7am o controle imediato de focos de doen\u00e7as. Com essa proposta, refor\u00e7amos o poder de a\u00e7\u00e3o dos agentes e protegemos a popula\u00e7\u00e3o\u201d, destacou Marinho.<\/p>\n<p>O projeto estabelece que, quando comprovadamente no exerc\u00edcio de a\u00e7\u00f5es de saneamento ou controle sanit\u00e1rio, o ingresso em im\u00f3veis desocupados n\u00e3o poder\u00e1 ser considerado crime. A mudan\u00e7a busca harmonizar o direito \u00e0 inviolabilidade domiciliar com a prote\u00e7\u00e3o \u00e0 sa\u00fade coletiva, colocando esta \u00faltima como prioridade em casos emergenciais.<\/p>\n<p>De acordo com Marinho, a  Casa aprovando este projeto ir\u00e1 contribuir no controle das pragas urbanas, melhorar a sa\u00fade p\u00fablica e garantir mais qualidade de vida para\u00a0o\u00a0nosso\u00a0povo.<\/p>\n","protected":false},"excerpt":{"rendered":"<p>Com o objetivo de garantir o cumprimento de medidas de saneamento b\u00e1sico e controle sanit\u00e1rio em im\u00f3veis abandonados, o deputado<\/p>\n","protected":false},"author":4,"featured_media":17661,"comment_status":"open","ping_status":"open","sticky":false,"template":"","format":"standard","meta":{"colormag_page_container_layout":"default_layout","colormag_page_sidebar_layout":"default_layout","_FSMCFIC_featured_image_caption":"","_FSMCFIC_featured_image_nocaption":"","_FSMCFIC_featured_image_hide":"","footnotes":""},"categories":[5,1],"tags":[],"class_list":["post-17659","post","type-post","status-publish","format-standard","has-post-thumbnail","hentry","category-politica","category-ultimas"],"yoast_head":"<!-- This site is optimized with the Yoast SEO plugin v27.1.1 - https:\/\/yoast.com\/product\/yoast-seo-wordpress\/ -->\n<title>Marinho quer isen\u00e7\u00e3o penal para agentes de sa\u00fade em vistorias sanit\u00e1rias - Brasil not\u00edcias<\/title>\n<meta name=\"robots\" content=\"index, follow, max-snippet:-1, max-image-preview:large, max-video-preview:-1\" \/>\n<link rel=\"canonical\" href=\"https:\/\/brasilnoticias.org\/site\/marinho-quer-isencao-penal-para-agentes-de-saude-em-vistorias-sanitarias\/\" \/>\n<meta property=\"og:locale\" content=\"pt_PT\" \/>\n<meta property=\"og:type\" content=\"article\" \/>\n<meta property=\"og:title\" content=\"Marinho quer isen\u00e7\u00e3o penal para agentes de sa\u00fade em vistorias sanit\u00e1rias - Brasil not\u00edcias\" \/>\n<meta property=\"og:description\" content=\"Com o objetivo de garantir o cumprimento de medidas de saneamento b\u00e1sico e controle sanit\u00e1rio em im\u00f3veis abandonados, o deputado\" \/>\n<meta property=\"og:url\" content=\"https:\/\/brasilnoticias.org\/site\/marinho-quer-isencao-penal-para-agentes-de-saude-em-vistorias-sanitarias\/\" \/>\n<meta property=\"og:site_name\" content=\"Brasil not\u00edcias\" \/>\n<meta property=\"article:published_time\" content=\"2025-07-21T23:49:27+00:00\" \/>\n<meta property=\"og:image\" content=\"https:\/\/brasilnoticias.org\/site\/wp-content\/uploads\/2025\/07\/Imagem-do-WhatsApp-de-2025-07-21-as-19.52.32_56071e7d-scaled.jpg\" \/>\n\t<meta property=\"og:image:width\" content=\"2560\" \/>\n\t<meta property=\"og:image:height\" content=\"1707\" \/>\n\t<meta property=\"og:image:type\" content=\"image\/jpeg\" \/>\n<meta name=\"author\" content=\"Reda\u00e7\u00e3o\" \/>\n<meta name=\"twitter:card\" content=\"summary_large_image\" \/>\n<meta name=\"twitter:label1\" content=\"Escrito por\" \/>\n\t<meta name=\"twitter:data1\" content=\"Reda\u00e7\u00e3o\" \/>\n<script type=\"application\/ld+json\" class=\"yoast-schema-graph\">{\"@context\":\"https:\/\/schema.org\",\"@graph\":[{\"@type\":\"Article\",\"@id\":\"https:\/\/brasilnoticias.org\/site\/marinho-quer-isencao-penal-para-agentes-de-saude-em-vistorias-sanitarias\/#article\",\"isPartOf\":{\"@id\":\"https:\/\/brasilnoticias.org\/site\/marinho-quer-isencao-penal-para-agentes-de-saude-em-vistorias-sanitarias\/\"},\"author\":{\"name\":\"Reda\u00e7\u00e3o\",\"@id\":\"https:\/\/brasilnoticias.org\/site\/#\/schema\/person\/03bbbfe6c7634ad18c26444ea39049fa\"},\"headline\":\"Marinho quer isen\u00e7\u00e3o penal para agentes de sa\u00fade em vistorias sanit\u00e1rias\",\"datePublished\":\"2025-07-21T23:49:27+00:00\",\"mainEntityOfPage\":{\"@id\":\"https:\/\/brasilnoticias.org\/site\/marinho-quer-isencao-penal-para-agentes-de-saude-em-vistorias-sanitarias\/\"},\"wordCount\":402,\"commentCount\":0,\"publisher\":{\"@id\":\"https:\/\/brasilnoticias.org\/site\/#organization\"},\"image\":{\"@id\":\"https:\/\/brasilnoticias.org\/site\/marinho-quer-isencao-penal-para-agentes-de-saude-em-vistorias-sanitarias\/#primaryimage\"},\"thumbnailUrl\":\"https:\/\/brasilnoticias.org\/site\/wp-content\/uploads\/2025\/07\/Imagem-do-WhatsApp-de-2025-07-21-as-19.52.32_56071e7d-scaled.jpg\",\"articleSection\":[\"Pol\u00edtica\",\"\u00daltimas\"],\"inLanguage\":\"pt-PT\",\"potentialAction\":[{\"@type\":\"CommentAction\",\"name\":\"Comment\",\"target\":[\"https:\/\/brasilnoticias.org\/site\/marinho-quer-isencao-penal-para-agentes-de-saude-em-vistorias-sanitarias\/#respond\"]}]},{\"@type\":\"WebPage\",\"@id\":\"https:\/\/brasilnoticias.org\/site\/marinho-quer-isencao-penal-para-agentes-de-saude-em-vistorias-sanitarias\/\",\"url\":\"https:\/\/brasilnoticias.org\/site\/marinho-quer-isencao-penal-para-agentes-de-saude-em-vistorias-sanitarias\/\",\"name\":\"Marinho quer isen\u00e7\u00e3o penal para agentes de sa\u00fade em vistorias sanit\u00e1rias - Brasil not\u00edcias\",\"isPartOf\":{\"@id\":\"https:\/\/brasilnoticias.org\/site\/#website\"},\"primaryImageOfPage\":{\"@id\":\"https:\/\/brasilnoticias.org\/site\/marinho-quer-isencao-penal-para-agentes-de-saude-em-vistorias-sanitarias\/#primaryimage\"},\"image\":{\"@id\":\"https:\/\/brasilnoticias.org\/site\/marinho-quer-isencao-penal-para-agentes-de-saude-em-vistorias-sanitarias\/#primaryimage\"},\"thumbnailUrl\":\"https:\/\/brasilnoticias.org\/site\/wp-content\/uploads\/2025\/07\/Imagem-do-WhatsApp-de-2025-07-21-as-19.52.32_56071e7d-scaled.jpg\",\"datePublished\":\"2025-07-21T23:49:27+00:00\",\"breadcrumb\":{\"@id\":\"https:\/\/brasilnoticias.org\/site\/marinho-quer-isencao-penal-para-agentes-de-saude-em-vistorias-sanitarias\/#breadcrumb\"},\"inLanguage\":\"pt-PT\",\"potentialAction\":[{\"@type\":\"ReadAction\",\"target\":[\"https:\/\/brasilnoticias.org\/site\/marinho-quer-isencao-penal-para-agentes-de-saude-em-vistorias-sanitarias\/\"]}]},{\"@type\":\"ImageObject\",\"inLanguage\":\"pt-PT\",\"@id\":\"https:\/\/brasilnoticias.org\/site\/marinho-quer-isencao-penal-para-agentes-de-saude-em-vistorias-sanitarias\/#primaryimage\",\"url\":\"https:\/\/brasilnoticias.org\/site\/wp-content\/uploads\/2025\/07\/Imagem-do-WhatsApp-de-2025-07-21-as-19.52.32_56071e7d-scaled.jpg\",\"contentUrl\":\"https:\/\/brasilnoticias.org\/site\/wp-content\/uploads\/2025\/07\/Imagem-do-WhatsApp-de-2025-07-21-as-19.52.32_56071e7d-scaled.jpg\",\"width\":2560,\"height\":1707},{\"@type\":\"BreadcrumbList\",\"@id\":\"https:\/\/brasilnoticias.org\/site\/marinho-quer-isencao-penal-para-agentes-de-saude-em-vistorias-sanitarias\/#breadcrumb\",\"itemListElement\":[{\"@type\":\"ListItem\",\"position\":1,\"name\":\"In\u00edcio\",\"item\":\"https:\/\/brasilnoticias.org\/site\/\"},{\"@type\":\"ListItem\",\"position\":2,\"name\":\"Marinho quer isen\u00e7\u00e3o penal para agentes de sa\u00fade em vistorias sanit\u00e1rias\"}]},{\"@type\":\"WebSite\",\"@id\":\"https:\/\/brasilnoticias.org\/site\/#website\",\"url\":\"https:\/\/brasilnoticias.org\/site\/\",\"name\":\"Brasil not\u00edcias\",\"description\":\"Brasil not\u00edcias\",\"publisher\":{\"@id\":\"https:\/\/brasilnoticias.org\/site\/#organization\"},\"potentialAction\":[{\"@type\":\"SearchAction\",\"target\":{\"@type\":\"EntryPoint\",\"urlTemplate\":\"https:\/\/brasilnoticias.org\/site\/?s={search_term_string}\"},\"query-input\":{\"@type\":\"PropertyValueSpecification\",\"valueRequired\":true,\"valueName\":\"search_term_string\"}}],\"inLanguage\":\"pt-PT\"},{\"@type\":\"Organization\",\"@id\":\"https:\/\/brasilnoticias.org\/site\/#organization\",\"name\":\"Brasil not\u00edcias\",\"url\":\"https:\/\/brasilnoticias.org\/site\/\",\"logo\":{\"@type\":\"ImageObject\",\"inLanguage\":\"pt-PT\",\"@id\":\"https:\/\/brasilnoticias.org\/site\/#\/schema\/logo\/image\/\",\"url\":\"https:\/\/brasilnoticias.org\/site\/wp-content\/uploads\/2022\/05\/cropped-brasilnoticias-mini.jpg\",\"contentUrl\":\"https:\/\/brasilnoticias.org\/site\/wp-content\/uploads\/2022\/05\/cropped-brasilnoticias-mini.jpg\",\"width\":314,\"height\":86,\"caption\":\"Brasil not\u00edcias\"},\"image\":{\"@id\":\"https:\/\/brasilnoticias.org\/site\/#\/schema\/logo\/image\/\"}},{\"@type\":\"Person\",\"@id\":\"https:\/\/brasilnoticias.org\/site\/#\/schema\/person\/03bbbfe6c7634ad18c26444ea39049fa\",\"name\":\"Reda\u00e7\u00e3o\",\"image\":{\"@type\":\"ImageObject\",\"inLanguage\":\"pt-PT\",\"@id\":\"https:\/\/brasilnoticias.org\/site\/#\/schema\/person\/image\/\",\"url\":\"https:\/\/secure.gravatar.com\/avatar\/9ecaf7327a696cb23ad926fedded5f1f04d7049de9e445375d55b48c001a6e42?s=96&d=mm&r=g\",\"contentUrl\":\"https:\/\/secure.gravatar.com\/avatar\/9ecaf7327a696cb23ad926fedded5f1f04d7049de9e445375d55b48c001a6e42?s=96&d=mm&r=g\",\"caption\":\"Reda\u00e7\u00e3o\"},\"url\":\"https:\/\/brasilnoticias.org\/site\/author\/henrique\/\"}]}<\/script>\n<!-- \/ Yoast SEO plugin. -->","yoast_head_json":{"title":"Marinho quer isen\u00e7\u00e3o penal para agentes de sa\u00fade em vistorias sanit\u00e1rias - Brasil not\u00edcias","robots":{"index":"index","follow":"follow","max-snippet":"max-snippet:-1","max-image-preview":"max-image-preview:large","max-video-preview":"max-video-preview:-1"},"canonical":"https:\/\/brasilnoticias.org\/site\/marinho-quer-isencao-penal-para-agentes-de-saude-em-vistorias-sanitarias\/","og_locale":"pt_PT","og_type":"article","og_title":"Marinho quer isen\u00e7\u00e3o penal para agentes de sa\u00fade em vistorias sanit\u00e1rias - Brasil not\u00edcias","og_description":"Com o objetivo de garantir o cumprimento de medidas de saneamento b\u00e1sico e controle sanit\u00e1rio em im\u00f3veis abandonados, o deputado","og_url":"https:\/\/brasilnoticias.org\/site\/marinho-quer-isencao-penal-para-agentes-de-saude-em-vistorias-sanitarias\/","og_site_name":"Brasil not\u00edcias","article_published_time":"2025-07-21T23:49:27+00:00","og_image":[{"width":2560,"height":1707,"url":"https:\/\/brasilnoticias.org\/site\/wp-content\/uploads\/2025\/07\/Imagem-do-WhatsApp-de-2025-07-21-as-19.52.32_56071e7d-scaled.jpg","type":"image\/jpeg"}],"author":"Reda\u00e7\u00e3o","twitter_card":"summary_large_image","twitter_misc":{"Escrito por":"Reda\u00e7\u00e3o"},"schema":{"@context":"https:\/\/schema.org","@graph":[{"@type":"Article","@id":"https:\/\/brasilnoticias.org\/site\/marinho-quer-isencao-penal-para-agentes-de-saude-em-vistorias-sanitarias\/#article","isPartOf":{"@id":"https:\/\/brasilnoticias.org\/site\/marinho-quer-isencao-penal-para-agentes-de-saude-em-vistorias-sanitarias\/"},"author":{"name":"Reda\u00e7\u00e3o","@id":"https:\/\/brasilnoticias.org\/site\/#\/schema\/person\/03bbbfe6c7634ad18c26444ea39049fa"},"headline":"Marinho quer isen\u00e7\u00e3o penal para agentes de sa\u00fade em vistorias sanit\u00e1rias","datePublished":"2025-07-21T23:49:27+00:00","mainEntityOfPage":{"@id":"https:\/\/brasilnoticias.org\/site\/marinho-quer-isencao-penal-para-agentes-de-saude-em-vistorias-sanitarias\/"},"wordCount":402,"commentCount":0,"publisher":{"@id":"https:\/\/brasilnoticias.org\/site\/#organization"},"image":{"@id":"https:\/\/brasilnoticias.org\/site\/marinho-quer-isencao-penal-para-agentes-de-saude-em-vistorias-sanitarias\/#primaryimage"},"thumbnailUrl":"https:\/\/brasilnoticias.org\/site\/wp-content\/uploads\/2025\/07\/Imagem-do-WhatsApp-de-2025-07-21-as-19.52.32_56071e7d-scaled.jpg","articleSection":["Pol\u00edtica","\u00daltimas"],"inLanguage":"pt-PT","potentialAction":[{"@type":"CommentAction","name":"Comment","target":["https:\/\/brasilnoticias.org\/site\/marinho-quer-isencao-penal-para-agentes-de-saude-em-vistorias-sanitarias\/#respond"]}]},{"@type":"WebPage","@id":"https:\/\/brasilnoticias.org\/site\/marinho-quer-isencao-penal-para-agentes-de-saude-em-vistorias-sanitarias\/","url":"https:\/\/brasilnoticias.org\/site\/marinho-quer-isencao-penal-para-agentes-de-saude-em-vistorias-sanitarias\/","name":"Marinho quer isen\u00e7\u00e3o penal para agentes de sa\u00fade em vistorias sanit\u00e1rias - Brasil not\u00edcias","isPartOf":{"@id":"https:\/\/brasilnoticias.org\/site\/#website"},"primaryImageOfPage":{"@id":"https:\/\/brasilnoticias.org\/site\/marinho-quer-isencao-penal-para-agentes-de-saude-em-vistorias-sanitarias\/#primaryimage"},"image":{"@id":"https:\/\/brasilnoticias.org\/site\/marinho-quer-isencao-penal-para-agentes-de-saude-em-vistorias-sanitarias\/#primaryimage"},"thumbnailUrl":"https:\/\/brasilnoticias.org\/site\/wp-content\/uploads\/2025\/07\/Imagem-do-WhatsApp-de-2025-07-21-as-19.52.32_56071e7d-scaled.jpg","datePublished":"2025-07-21T23:49:27+00:00","breadcrumb":{"@id":"https:\/\/brasilnoticias.org\/site\/marinho-quer-isencao-penal-para-agentes-de-saude-em-vistorias-sanitarias\/#breadcrumb"},"inLanguage":"pt-PT","potentialAction":[{"@type":"ReadAction","target":["https:\/\/brasilnoticias.org\/site\/marinho-quer-isencao-penal-para-agentes-de-saude-em-vistorias-sanitarias\/"]}]},{"@type":"ImageObject","inLanguage":"pt-PT","@id":"https:\/\/brasilnoticias.org\/site\/marinho-quer-isencao-penal-para-agentes-de-saude-em-vistorias-sanitarias\/#primaryimage","url":"https:\/\/brasilnoticias.org\/site\/wp-content\/uploads\/2025\/07\/Imagem-do-WhatsApp-de-2025-07-21-as-19.52.32_56071e7d-scaled.jpg","contentUrl":"https:\/\/brasilnoticias.org\/site\/wp-content\/uploads\/2025\/07\/Imagem-do-WhatsApp-de-2025-07-21-as-19.52.32_56071e7d-scaled.jpg","width":2560,"height":1707},{"@type":"BreadcrumbList","@id":"https:\/\/brasilnoticias.org\/site\/marinho-quer-isencao-penal-para-agentes-de-saude-em-vistorias-sanitarias\/#breadcrumb","itemListElement":[{"@type":"ListItem","position":1,"name":"In\u00edcio","item":"https:\/\/brasilnoticias.org\/site\/"},{"@type":"ListItem","position":2,"name":"Marinho quer isen\u00e7\u00e3o penal para agentes de sa\u00fade em vistorias sanit\u00e1rias"}]},{"@type":"WebSite","@id":"https:\/\/brasilnoticias.org\/site\/#website","url":"https:\/\/brasilnoticias.org\/site\/","name":"Brasil not\u00edcias","description":"Brasil not\u00edcias","publisher":{"@id":"https:\/\/brasilnoticias.org\/site\/#organization"},"potentialAction":[{"@type":"SearchAction","target":{"@type":"EntryPoint","urlTemplate":"https:\/\/brasilnoticias.org\/site\/?s={search_term_string}"},"query-input":{"@type":"PropertyValueSpecification","valueRequired":true,"valueName":"search_term_string"}}],"inLanguage":"pt-PT"},{"@type":"Organization","@id":"https:\/\/brasilnoticias.org\/site\/#organization","name":"Brasil not\u00edcias","url":"https:\/\/brasilnoticias.org\/site\/","logo":{"@type":"ImageObject","inLanguage":"pt-PT","@id":"https:\/\/brasilnoticias.org\/site\/#\/schema\/logo\/image\/","url":"https:\/\/brasilnoticias.org\/site\/wp-content\/uploads\/2022\/05\/cropped-brasilnoticias-mini.jpg","contentUrl":"https:\/\/brasilnoticias.org\/site\/wp-content\/uploads\/2022\/05\/cropped-brasilnoticias-mini.jpg","width":314,"height":86,"caption":"Brasil not\u00edcias"},"image":{"@id":"https:\/\/brasilnoticias.org\/site\/#\/schema\/logo\/image\/"}},{"@type":"Person","@id":"https:\/\/brasilnoticias.org\/site\/#\/schema\/person\/03bbbfe6c7634ad18c26444ea39049fa","name":"Reda\u00e7\u00e3o","image":{"@type":"ImageObject","inLanguage":"pt-PT","@id":"https:\/\/brasilnoticias.org\/site\/#\/schema\/person\/image\/","url":"https:\/\/secure.gravatar.com\/avatar\/9ecaf7327a696cb23ad926fedded5f1f04d7049de9e445375d55b48c001a6e42?s=96&d=mm&r=g","contentUrl":"https:\/\/secure.gravatar.com\/avatar\/9ecaf7327a696cb23ad926fedded5f1f04d7049de9e445375d55b48c001a6e42?s=96&d=mm&r=g","caption":"Reda\u00e7\u00e3o"},"url":"https:\/\/brasilnoticias.org\/site\/author\/henrique\/"}]}},"_links":{"self":[{"href":"https:\/\/brasilnoticias.org\/site\/wp-json\/wp\/v2\/posts\/17659","targetHints":{"allow":["GET"]}}],"collection":[{"href":"https:\/\/brasilnoticias.org\/site\/wp-json\/wp\/v2\/posts"}],"about":[{"href":"https:\/\/brasilnoticias.org\/site\/wp-json\/wp\/v2\/types\/post"}],"author":[{"embeddable":true,"href":"https:\/\/brasilnoticias.org\/site\/wp-json\/wp\/v2\/users\/4"}],"replies":[{"embeddable":true,"href":"https:\/\/brasilnoticias.org\/site\/wp-json\/wp\/v2\/comments?post=17659"}],"version-history":[{"count":1,"href":"https:\/\/brasilnoticias.org\/site\/wp-json\/wp\/v2\/posts\/17659\/revisions"}],"predecessor-version":[{"id":17662,"href":"https:\/\/brasilnoticias.org\/site\/wp-json\/wp\/v2\/posts\/17659\/revisions\/17662"}],"wp:featuredmedia":[{"embeddable":true,"href":"https:\/\/brasilnoticias.org\/site\/wp-json\/wp\/v2\/media\/17661"}],"wp:attachment":[{"href":"https:\/\/brasilnoticias.org\/site\/wp-json\/wp\/v2\/media?parent=17659"}],"wp:term":[{"taxonomy":"category","embeddable":true,"href":"https:\/\/brasilnoticias.org\/site\/wp-json\/wp\/v2\/categories?post=17659"},{"taxonomy":"post_tag","embeddable":true,"href":"https:\/\/brasilnoticias.org\/site\/wp-json\/wp\/v2\/tags?post=17659"}],"curies":[{"name":"wp","href":"https:\/\/api.w.org\/{rel}","templated":true}]}}