{"id":17663,"date":"2025-07-21T20:54:38","date_gmt":"2025-07-21T23:54:38","guid":{"rendered":"https:\/\/brasilnoticias.org\/site\/?p=17663"},"modified":"2025-07-21T20:54:38","modified_gmt":"2025-07-21T23:54:38","slug":"prefeitura-da-largada-a-processo-para-privatizar-segundo-trecho-da-nova-orla-de-salvador","status":"publish","type":"post","link":"https:\/\/brasilnoticias.org\/site\/prefeitura-da-largada-a-processo-para-privatizar-segundo-trecho-da-nova-orla-de-salvador\/","title":{"rendered":"Prefeitura d\u00e1 largada a processo para privatizar segundo trecho da Nova Orla de Salvador"},"content":{"rendered":"<p>Conselho Gestor de Parcerias do munic\u00edpio autoriza in\u00edcio de estudos para conceder explora\u00e7\u00e3o comercial de dez quiosques e at\u00e9 34 tendas ou barracas de praia em Jaguaribe; primeira etapa, referente a Pitua\u00e7u, foi conclu\u00edda em mar\u00e7o deste ano<\/p>\n<p>Presidente do Conselho Gestor de Parcerias (CPS) da prefeitura da capital, inst\u00e2ncia respons\u00e1vel por PPPs e demais concess\u00f5es p\u00fablicas no \u00e2mbito do munic\u00edpio, a secret\u00e1ria de Desenvolvimento Econ\u00f4mico, Emprego e Renda, Mila Paes, deu o primeiro passo para transferir a gest\u00e3o do segundo trecho da chamada &#8220;Nova Orla&#8221; para a iniciativa privada. Em portaria publicada recentemente, Mila autoriza a inclus\u00e3o do projeto no Plano Integrado de Concess\u00f5es e Parcerias de Salvador (PICS). Trocando em mi\u00fados, libera o in\u00edcio de estudos de pr\u00e9-viabilidade e a modelagem do neg\u00f3cio para eventual licita\u00e7\u00e3o.<\/p>\n<p>Pacote fechado<br \/>\nSegundo apurou a coluna, trata-se do trecho de 1.500 metros de extens\u00e3o na orla de Jaguaribe e compreende a administra\u00e7\u00e3o, manuten\u00e7\u00e3o, conserva\u00e7\u00e3o, requalifica\u00e7\u00e3o e opera\u00e7\u00e3o de dez quiosques e at\u00e9 34 barracas ou tendas de praia. Conforme revelado pela Metropol\u00edtica, a primeira etapa, composta de 3.500 metros de extens\u00e3o, foi arrematada em fevereiro deste ano pela Orla Brasil, pertencente ao empres\u00e1rio Jo\u00e3o Marcello Barreto, conhecido no Rio de Janeiro como o &#8220;Rei da Praia&#8221;, e compreende 34 quiosques e at\u00e9 70 tendas em Pitua\u00e7u.<\/p>\n<p>Shopping do Buzu<br \/>\nAo mesmo tempo, Mila Paes aprovou os estudos relativos ao projeto de explora\u00e7\u00e3o das \u00e1reas de conviv\u00eancia, por meio de concess\u00e3o comum ou Parceria P\u00fablico-Privada, das quatro esta\u00e7\u00f5es elevadas do BRT de Salvador &#8211; Hiper, Cidadela, Pituba e Vale das Pedrinhas, todas com possibilidade de instala\u00e7\u00f5es de lojas ou equipamentos comerciais m\u00f3veis. Tamb\u00e9m entram na lista da prefeitura  a privatiza\u00e7\u00e3o de espa\u00e7os semelhantes no Terminal de Transbordo Man\u00e9 Dend\u00ea, situado nos limites dos bairros de Rio Sena e Itacaranha, no Sub\u00farbio. Com o aval do CPS, a pr\u00f3xima fase ser\u00e1 a realiza\u00e7\u00e3o de consulta p\u00fablica, seguida pelo lan\u00e7amento do edital e licita\u00e7\u00e3o.     <\/p>\n<p>Gente nossa<br \/>\nNomeada pelo ministro da Sa\u00fade, Alexandre Padilha, para o comando da superintend\u00eancia estadual da pasta, a enfermeira baiana Joanna Paroli foi al\u00e7ada ao cargo mais pelo fato de ser militante de carteirinha do PT do que pelo curr\u00edculo, que inclui diploma t\u00edtulo de especialista em Sa\u00fade da Fam\u00edlia pela Uneb e de mestre em Sa\u00fade Coletiva pela Ufba. \u00c9 que, de acordo com seu perfil na plataforma Linkedin, ela acumula como \u00fanica experi\u00eancia profissional o cargo comissionado de assessora parlamentar da Assembleia Legislativa pela cota do PT na Casa. Coincid\u00eancia ou n\u00e3o, a portaria que a colocou \u00e0 frente do minist\u00e9rio na Bahia foi assinada por Padilha na quinta-feira (17), enquanto ele acompanhava o presidente Luiz In\u00e1cio Lula da Silva (PT) em Juazeiro.   <\/p>\n<p>Batalha do Velho Chico<br \/>\nA passagem de Lula por Juazeiro ati\u00e7ou a guerra por visibilidade entre deputados e pr\u00e9-candidatos \u00e0 Assembleia Legislativa ou \u00e0 C\u00e2mara interessados nos votos da cidade. Embora n\u00e3o fosse nem o anivers\u00e1rio do munic\u00edpio em data redonda &#8211; 174 anos, comemorados na \u00faltima ter\u00e7a-feira (15) -, as ruas de l\u00e1 ainda continuavam apinhadas de outdoors de pol\u00edticos dando parab\u00e9ns ao munic\u00edpio. No trajeto de cerca de 11 quil\u00f4metros entre o aeroporto da vizinha Petrolina e o local do evento com o presidente, a coluna contou pelo menos 23 pe\u00e7as espalhadas. Os campe\u00f5es em aparecer foram os deputados estaduais Z\u00f3 (PCdoB) e J\u00fanior Nascimento (Uni\u00e3o), o deputado federal M\u00e1rio Negromonte J\u00fanior (PP) e o presidente da Companhia de Engenharia H\u00eddrica e de Saneamento (Cerb), Jayme Vieira Lima (MDB), primo do irm\u00e3os L\u00facio e Geddel e aposta da dupla para federal em 2026. Todo mundo querendo surfar na imagem de Lula.  <\/p>\n<p>S\u00f3 pancada!<br \/>\nAinda sobre a visita de Lula ao Vale do S\u00e3o Francisco, o deputado estadual Pancandinha (Solidariedade), apesar de novato na base governista, era um dos mais animados na lista de parlamentares presentes ao evento. Andou t\u00e3o colado ao governador Jer\u00f4nimo Rodrigues (PT) que foi apelidado pela tropa alinhada ao Pal\u00e1cio de Ondina de &#8220;Pancajero&#8221;. E ainda falou grosso quando questionado por jornalistas sobre o que achava ao ser tratado como &#8220;tra\u00edra&#8221; por aliados do ex-prefeito ACM Neto, pr\u00e9-candidato ao governo do estado pelo Uni\u00e3o Brasil. &#8220;Na minha cara ningu\u00e9m tem coragem de falar isso&#8221;, disparou.  <\/p>\n<p>Mais pronta imposs\u00edvel<br \/>\nPiadinha infame que circulou em Bras\u00edlia nesta sexta-feira (18), logo ap\u00f3s a Pol\u00edcia Federal colocar uma tornozeleira eletr\u00f4nica no ex-presidente Jair Bolsonaro (PL). No caso, a de que ele berrou porque queria tornozeleira impressa. \u00d4, gente maldosa!     <\/p>\n<p>Foto: Danilo Puridade\/Metropress<br \/>\nPor: Jairo Costa Jr.<\/p>\n","protected":false},"excerpt":{"rendered":"<p>Conselho Gestor de Parcerias do munic\u00edpio autoriza in\u00edcio de estudos para conceder explora\u00e7\u00e3o comercial de dez quiosques e at\u00e9 34<\/p>\n","protected":false},"author":4,"featured_media":17664,"comment_status":"open","ping_status":"open","sticky":false,"template":"","format":"standard","meta":{"colormag_page_container_layout":"default_layout","colormag_page_sidebar_layout":"default_layout","_FSMCFIC_featured_image_caption":"","_FSMCFIC_featured_image_nocaption":"","_FSMCFIC_featured_image_hide":"","footnotes":""},"categories":[2,1],"tags":[],"class_list":["post-17663","post","type-post","status-publish","format-standard","has-post-thumbnail","hentry","category-noticias","category-ultimas"],"yoast_head":"<!-- This site is optimized with the Yoast SEO plugin v27.1.1 - https:\/\/yoast.com\/product\/yoast-seo-wordpress\/ -->\n<title>Prefeitura d\u00e1 largada a processo para privatizar segundo trecho da Nova Orla de Salvador - Brasil not\u00edcias<\/title>\n<meta name=\"robots\" content=\"index, follow, max-snippet:-1, max-image-preview:large, max-video-preview:-1\" \/>\n<link rel=\"canonical\" href=\"https:\/\/brasilnoticias.org\/site\/prefeitura-da-largada-a-processo-para-privatizar-segundo-trecho-da-nova-orla-de-salvador\/\" \/>\n<meta property=\"og:locale\" content=\"pt_PT\" \/>\n<meta property=\"og:type\" content=\"article\" \/>\n<meta property=\"og:title\" content=\"Prefeitura d\u00e1 largada a processo para privatizar segundo trecho da Nova Orla de Salvador - Brasil not\u00edcias\" \/>\n<meta property=\"og:description\" content=\"Conselho Gestor de Parcerias do munic\u00edpio autoriza in\u00edcio de estudos para conceder explora\u00e7\u00e3o comercial de dez quiosques e at\u00e9 34\" \/>\n<meta property=\"og:url\" content=\"https:\/\/brasilnoticias.org\/site\/prefeitura-da-largada-a-processo-para-privatizar-segundo-trecho-da-nova-orla-de-salvador\/\" \/>\n<meta property=\"og:site_name\" content=\"Brasil not\u00edcias\" \/>\n<meta property=\"article:published_time\" content=\"2025-07-21T23:54:38+00:00\" \/>\n<meta property=\"og:image\" content=\"https:\/\/brasilnoticias.org\/site\/wp-content\/uploads\/2025\/07\/167609prefeitura-da-largada-a-processo-para-privatizar-segundo-trecho-da-nova-orla-de-salvador-3.jpg\" \/>\n\t<meta property=\"og:image:width\" content=\"1600\" \/>\n\t<meta property=\"og:image:height\" content=\"752\" \/>\n\t<meta property=\"og:image:type\" content=\"image\/jpeg\" \/>\n<meta name=\"author\" content=\"Reda\u00e7\u00e3o\" \/>\n<meta name=\"twitter:card\" content=\"summary_large_image\" \/>\n<meta name=\"twitter:label1\" content=\"Escrito por\" \/>\n\t<meta name=\"twitter:data1\" content=\"Reda\u00e7\u00e3o\" \/>\n\t<meta name=\"twitter:label2\" content=\"Tempo estimado de leitura\" \/>\n\t<meta name=\"twitter:data2\" content=\"1 minuto\" \/>\n<script type=\"application\/ld+json\" class=\"yoast-schema-graph\">{\"@context\":\"https:\/\/schema.org\",\"@graph\":[{\"@type\":\"Article\",\"@id\":\"https:\/\/brasilnoticias.org\/site\/prefeitura-da-largada-a-processo-para-privatizar-segundo-trecho-da-nova-orla-de-salvador\/#article\",\"isPartOf\":{\"@id\":\"https:\/\/brasilnoticias.org\/site\/prefeitura-da-largada-a-processo-para-privatizar-segundo-trecho-da-nova-orla-de-salvador\/\"},\"author\":{\"name\":\"Reda\u00e7\u00e3o\",\"@id\":\"https:\/\/brasilnoticias.org\/site\/#\/schema\/person\/03bbbfe6c7634ad18c26444ea39049fa\"},\"headline\":\"Prefeitura d\u00e1 largada a processo para privatizar segundo trecho da Nova Orla de Salvador\",\"datePublished\":\"2025-07-21T23:54:38+00:00\",\"mainEntityOfPage\":{\"@id\":\"https:\/\/brasilnoticias.org\/site\/prefeitura-da-largada-a-processo-para-privatizar-segundo-trecho-da-nova-orla-de-salvador\/\"},\"wordCount\":832,\"commentCount\":0,\"publisher\":{\"@id\":\"https:\/\/brasilnoticias.org\/site\/#organization\"},\"image\":{\"@id\":\"https:\/\/brasilnoticias.org\/site\/prefeitura-da-largada-a-processo-para-privatizar-segundo-trecho-da-nova-orla-de-salvador\/#primaryimage\"},\"thumbnailUrl\":\"https:\/\/brasilnoticias.org\/site\/wp-content\/uploads\/2025\/07\/167609prefeitura-da-largada-a-processo-para-privatizar-segundo-trecho-da-nova-orla-de-salvador-3.jpg\",\"articleSection\":[\"Not\u00edcias\",\"\u00daltimas\"],\"inLanguage\":\"pt-PT\",\"potentialAction\":[{\"@type\":\"CommentAction\",\"name\":\"Comment\",\"target\":[\"https:\/\/brasilnoticias.org\/site\/prefeitura-da-largada-a-processo-para-privatizar-segundo-trecho-da-nova-orla-de-salvador\/#respond\"]}]},{\"@type\":\"WebPage\",\"@id\":\"https:\/\/brasilnoticias.org\/site\/prefeitura-da-largada-a-processo-para-privatizar-segundo-trecho-da-nova-orla-de-salvador\/\",\"url\":\"https:\/\/brasilnoticias.org\/site\/prefeitura-da-largada-a-processo-para-privatizar-segundo-trecho-da-nova-orla-de-salvador\/\",\"name\":\"Prefeitura d\u00e1 largada a processo para privatizar segundo trecho da Nova Orla de Salvador - Brasil not\u00edcias\",\"isPartOf\":{\"@id\":\"https:\/\/brasilnoticias.org\/site\/#website\"},\"primaryImageOfPage\":{\"@id\":\"https:\/\/brasilnoticias.org\/site\/prefeitura-da-largada-a-processo-para-privatizar-segundo-trecho-da-nova-orla-de-salvador\/#primaryimage\"},\"image\":{\"@id\":\"https:\/\/brasilnoticias.org\/site\/prefeitura-da-largada-a-processo-para-privatizar-segundo-trecho-da-nova-orla-de-salvador\/#primaryimage\"},\"thumbnailUrl\":\"https:\/\/brasilnoticias.org\/site\/wp-content\/uploads\/2025\/07\/167609prefeitura-da-largada-a-processo-para-privatizar-segundo-trecho-da-nova-orla-de-salvador-3.jpg\",\"datePublished\":\"2025-07-21T23:54:38+00:00\",\"breadcrumb\":{\"@id\":\"https:\/\/brasilnoticias.org\/site\/prefeitura-da-largada-a-processo-para-privatizar-segundo-trecho-da-nova-orla-de-salvador\/#breadcrumb\"},\"inLanguage\":\"pt-PT\",\"potentialAction\":[{\"@type\":\"ReadAction\",\"target\":[\"https:\/\/brasilnoticias.org\/site\/prefeitura-da-largada-a-processo-para-privatizar-segundo-trecho-da-nova-orla-de-salvador\/\"]}]},{\"@type\":\"ImageObject\",\"inLanguage\":\"pt-PT\",\"@id\":\"https:\/\/brasilnoticias.org\/site\/prefeitura-da-largada-a-processo-para-privatizar-segundo-trecho-da-nova-orla-de-salvador\/#primaryimage\",\"url\":\"https:\/\/brasilnoticias.org\/site\/wp-content\/uploads\/2025\/07\/167609prefeitura-da-largada-a-processo-para-privatizar-segundo-trecho-da-nova-orla-de-salvador-3.jpg\",\"contentUrl\":\"https:\/\/brasilnoticias.org\/site\/wp-content\/uploads\/2025\/07\/167609prefeitura-da-largada-a-processo-para-privatizar-segundo-trecho-da-nova-orla-de-salvador-3.jpg\",\"width\":1600,\"height\":752},{\"@type\":\"BreadcrumbList\",\"@id\":\"https:\/\/brasilnoticias.org\/site\/prefeitura-da-largada-a-processo-para-privatizar-segundo-trecho-da-nova-orla-de-salvador\/#breadcrumb\",\"itemListElement\":[{\"@type\":\"ListItem\",\"position\":1,\"name\":\"In\u00edcio\",\"item\":\"https:\/\/brasilnoticias.org\/site\/\"},{\"@type\":\"ListItem\",\"position\":2,\"name\":\"Prefeitura d\u00e1 largada a processo para privatizar segundo trecho da Nova Orla de Salvador\"}]},{\"@type\":\"WebSite\",\"@id\":\"https:\/\/brasilnoticias.org\/site\/#website\",\"url\":\"https:\/\/brasilnoticias.org\/site\/\",\"name\":\"Brasil not\u00edcias\",\"description\":\"Brasil not\u00edcias\",\"publisher\":{\"@id\":\"https:\/\/brasilnoticias.org\/site\/#organization\"},\"potentialAction\":[{\"@type\":\"SearchAction\",\"target\":{\"@type\":\"EntryPoint\",\"urlTemplate\":\"https:\/\/brasilnoticias.org\/site\/?s={search_term_string}\"},\"query-input\":{\"@type\":\"PropertyValueSpecification\",\"valueRequired\":true,\"valueName\":\"search_term_string\"}}],\"inLanguage\":\"pt-PT\"},{\"@type\":\"Organization\",\"@id\":\"https:\/\/brasilnoticias.org\/site\/#organization\",\"name\":\"Brasil not\u00edcias\",\"url\":\"https:\/\/brasilnoticias.org\/site\/\",\"logo\":{\"@type\":\"ImageObject\",\"inLanguage\":\"pt-PT\",\"@id\":\"https:\/\/brasilnoticias.org\/site\/#\/schema\/logo\/image\/\",\"url\":\"https:\/\/brasilnoticias.org\/site\/wp-content\/uploads\/2022\/05\/cropped-brasilnoticias-mini.jpg\",\"contentUrl\":\"https:\/\/brasilnoticias.org\/site\/wp-content\/uploads\/2022\/05\/cropped-brasilnoticias-mini.jpg\",\"width\":314,\"height\":86,\"caption\":\"Brasil not\u00edcias\"},\"image\":{\"@id\":\"https:\/\/brasilnoticias.org\/site\/#\/schema\/logo\/image\/\"}},{\"@type\":\"Person\",\"@id\":\"https:\/\/brasilnoticias.org\/site\/#\/schema\/person\/03bbbfe6c7634ad18c26444ea39049fa\",\"name\":\"Reda\u00e7\u00e3o\",\"image\":{\"@type\":\"ImageObject\",\"inLanguage\":\"pt-PT\",\"@id\":\"https:\/\/brasilnoticias.org\/site\/#\/schema\/person\/image\/\",\"url\":\"https:\/\/secure.gravatar.com\/avatar\/9ecaf7327a696cb23ad926fedded5f1f04d7049de9e445375d55b48c001a6e42?s=96&d=mm&r=g\",\"contentUrl\":\"https:\/\/secure.gravatar.com\/avatar\/9ecaf7327a696cb23ad926fedded5f1f04d7049de9e445375d55b48c001a6e42?s=96&d=mm&r=g\",\"caption\":\"Reda\u00e7\u00e3o\"},\"url\":\"https:\/\/brasilnoticias.org\/site\/author\/henrique\/\"}]}<\/script>\n<!-- \/ Yoast SEO plugin. -->","yoast_head_json":{"title":"Prefeitura d\u00e1 largada a processo para privatizar segundo trecho da Nova Orla de Salvador - Brasil not\u00edcias","robots":{"index":"index","follow":"follow","max-snippet":"max-snippet:-1","max-image-preview":"max-image-preview:large","max-video-preview":"max-video-preview:-1"},"canonical":"https:\/\/brasilnoticias.org\/site\/prefeitura-da-largada-a-processo-para-privatizar-segundo-trecho-da-nova-orla-de-salvador\/","og_locale":"pt_PT","og_type":"article","og_title":"Prefeitura d\u00e1 largada a processo para privatizar segundo trecho da Nova Orla de Salvador - Brasil not\u00edcias","og_description":"Conselho Gestor de Parcerias do munic\u00edpio autoriza in\u00edcio de estudos para conceder explora\u00e7\u00e3o comercial de dez quiosques e at\u00e9 34","og_url":"https:\/\/brasilnoticias.org\/site\/prefeitura-da-largada-a-processo-para-privatizar-segundo-trecho-da-nova-orla-de-salvador\/","og_site_name":"Brasil not\u00edcias","article_published_time":"2025-07-21T23:54:38+00:00","og_image":[{"width":1600,"height":752,"url":"https:\/\/brasilnoticias.org\/site\/wp-content\/uploads\/2025\/07\/167609prefeitura-da-largada-a-processo-para-privatizar-segundo-trecho-da-nova-orla-de-salvador-3.jpg","type":"image\/jpeg"}],"author":"Reda\u00e7\u00e3o","twitter_card":"summary_large_image","twitter_misc":{"Escrito por":"Reda\u00e7\u00e3o","Tempo estimado de leitura":"1 minuto"},"schema":{"@context":"https:\/\/schema.org","@graph":[{"@type":"Article","@id":"https:\/\/brasilnoticias.org\/site\/prefeitura-da-largada-a-processo-para-privatizar-segundo-trecho-da-nova-orla-de-salvador\/#article","isPartOf":{"@id":"https:\/\/brasilnoticias.org\/site\/prefeitura-da-largada-a-processo-para-privatizar-segundo-trecho-da-nova-orla-de-salvador\/"},"author":{"name":"Reda\u00e7\u00e3o","@id":"https:\/\/brasilnoticias.org\/site\/#\/schema\/person\/03bbbfe6c7634ad18c26444ea39049fa"},"headline":"Prefeitura d\u00e1 largada a processo para privatizar segundo trecho da Nova Orla de Salvador","datePublished":"2025-07-21T23:54:38+00:00","mainEntityOfPage":{"@id":"https:\/\/brasilnoticias.org\/site\/prefeitura-da-largada-a-processo-para-privatizar-segundo-trecho-da-nova-orla-de-salvador\/"},"wordCount":832,"commentCount":0,"publisher":{"@id":"https:\/\/brasilnoticias.org\/site\/#organization"},"image":{"@id":"https:\/\/brasilnoticias.org\/site\/prefeitura-da-largada-a-processo-para-privatizar-segundo-trecho-da-nova-orla-de-salvador\/#primaryimage"},"thumbnailUrl":"https:\/\/brasilnoticias.org\/site\/wp-content\/uploads\/2025\/07\/167609prefeitura-da-largada-a-processo-para-privatizar-segundo-trecho-da-nova-orla-de-salvador-3.jpg","articleSection":["Not\u00edcias","\u00daltimas"],"inLanguage":"pt-PT","potentialAction":[{"@type":"CommentAction","name":"Comment","target":["https:\/\/brasilnoticias.org\/site\/prefeitura-da-largada-a-processo-para-privatizar-segundo-trecho-da-nova-orla-de-salvador\/#respond"]}]},{"@type":"WebPage","@id":"https:\/\/brasilnoticias.org\/site\/prefeitura-da-largada-a-processo-para-privatizar-segundo-trecho-da-nova-orla-de-salvador\/","url":"https:\/\/brasilnoticias.org\/site\/prefeitura-da-largada-a-processo-para-privatizar-segundo-trecho-da-nova-orla-de-salvador\/","name":"Prefeitura d\u00e1 largada a processo para privatizar segundo trecho da Nova Orla de Salvador - Brasil not\u00edcias","isPartOf":{"@id":"https:\/\/brasilnoticias.org\/site\/#website"},"primaryImageOfPage":{"@id":"https:\/\/brasilnoticias.org\/site\/prefeitura-da-largada-a-processo-para-privatizar-segundo-trecho-da-nova-orla-de-salvador\/#primaryimage"},"image":{"@id":"https:\/\/brasilnoticias.org\/site\/prefeitura-da-largada-a-processo-para-privatizar-segundo-trecho-da-nova-orla-de-salvador\/#primaryimage"},"thumbnailUrl":"https:\/\/brasilnoticias.org\/site\/wp-content\/uploads\/2025\/07\/167609prefeitura-da-largada-a-processo-para-privatizar-segundo-trecho-da-nova-orla-de-salvador-3.jpg","datePublished":"2025-07-21T23:54:38+00:00","breadcrumb":{"@id":"https:\/\/brasilnoticias.org\/site\/prefeitura-da-largada-a-processo-para-privatizar-segundo-trecho-da-nova-orla-de-salvador\/#breadcrumb"},"inLanguage":"pt-PT","potentialAction":[{"@type":"ReadAction","target":["https:\/\/brasilnoticias.org\/site\/prefeitura-da-largada-a-processo-para-privatizar-segundo-trecho-da-nova-orla-de-salvador\/"]}]},{"@type":"ImageObject","inLanguage":"pt-PT","@id":"https:\/\/brasilnoticias.org\/site\/prefeitura-da-largada-a-processo-para-privatizar-segundo-trecho-da-nova-orla-de-salvador\/#primaryimage","url":"https:\/\/brasilnoticias.org\/site\/wp-content\/uploads\/2025\/07\/167609prefeitura-da-largada-a-processo-para-privatizar-segundo-trecho-da-nova-orla-de-salvador-3.jpg","contentUrl":"https:\/\/brasilnoticias.org\/site\/wp-content\/uploads\/2025\/07\/167609prefeitura-da-largada-a-processo-para-privatizar-segundo-trecho-da-nova-orla-de-salvador-3.jpg","width":1600,"height":752},{"@type":"BreadcrumbList","@id":"https:\/\/brasilnoticias.org\/site\/prefeitura-da-largada-a-processo-para-privatizar-segundo-trecho-da-nova-orla-de-salvador\/#breadcrumb","itemListElement":[{"@type":"ListItem","position":1,"name":"In\u00edcio","item":"https:\/\/brasilnoticias.org\/site\/"},{"@type":"ListItem","position":2,"name":"Prefeitura d\u00e1 largada a processo para privatizar segundo trecho da Nova Orla de Salvador"}]},{"@type":"WebSite","@id":"https:\/\/brasilnoticias.org\/site\/#website","url":"https:\/\/brasilnoticias.org\/site\/","name":"Brasil not\u00edcias","description":"Brasil not\u00edcias","publisher":{"@id":"https:\/\/brasilnoticias.org\/site\/#organization"},"potentialAction":[{"@type":"SearchAction","target":{"@type":"EntryPoint","urlTemplate":"https:\/\/brasilnoticias.org\/site\/?s={search_term_string}"},"query-input":{"@type":"PropertyValueSpecification","valueRequired":true,"valueName":"search_term_string"}}],"inLanguage":"pt-PT"},{"@type":"Organization","@id":"https:\/\/brasilnoticias.org\/site\/#organization","name":"Brasil not\u00edcias","url":"https:\/\/brasilnoticias.org\/site\/","logo":{"@type":"ImageObject","inLanguage":"pt-PT","@id":"https:\/\/brasilnoticias.org\/site\/#\/schema\/logo\/image\/","url":"https:\/\/brasilnoticias.org\/site\/wp-content\/uploads\/2022\/05\/cropped-brasilnoticias-mini.jpg","contentUrl":"https:\/\/brasilnoticias.org\/site\/wp-content\/uploads\/2022\/05\/cropped-brasilnoticias-mini.jpg","width":314,"height":86,"caption":"Brasil not\u00edcias"},"image":{"@id":"https:\/\/brasilnoticias.org\/site\/#\/schema\/logo\/image\/"}},{"@type":"Person","@id":"https:\/\/brasilnoticias.org\/site\/#\/schema\/person\/03bbbfe6c7634ad18c26444ea39049fa","name":"Reda\u00e7\u00e3o","image":{"@type":"ImageObject","inLanguage":"pt-PT","@id":"https:\/\/brasilnoticias.org\/site\/#\/schema\/person\/image\/","url":"https:\/\/secure.gravatar.com\/avatar\/9ecaf7327a696cb23ad926fedded5f1f04d7049de9e445375d55b48c001a6e42?s=96&d=mm&r=g","contentUrl":"https:\/\/secure.gravatar.com\/avatar\/9ecaf7327a696cb23ad926fedded5f1f04d7049de9e445375d55b48c001a6e42?s=96&d=mm&r=g","caption":"Reda\u00e7\u00e3o"},"url":"https:\/\/brasilnoticias.org\/site\/author\/henrique\/"}]}},"_links":{"self":[{"href":"https:\/\/brasilnoticias.org\/site\/wp-json\/wp\/v2\/posts\/17663","targetHints":{"allow":["GET"]}}],"collection":[{"href":"https:\/\/brasilnoticias.org\/site\/wp-json\/wp\/v2\/posts"}],"about":[{"href":"https:\/\/brasilnoticias.org\/site\/wp-json\/wp\/v2\/types\/post"}],"author":[{"embeddable":true,"href":"https:\/\/brasilnoticias.org\/site\/wp-json\/wp\/v2\/users\/4"}],"replies":[{"embeddable":true,"href":"https:\/\/brasilnoticias.org\/site\/wp-json\/wp\/v2\/comments?post=17663"}],"version-history":[{"count":1,"href":"https:\/\/brasilnoticias.org\/site\/wp-json\/wp\/v2\/posts\/17663\/revisions"}],"predecessor-version":[{"id":17665,"href":"https:\/\/brasilnoticias.org\/site\/wp-json\/wp\/v2\/posts\/17663\/revisions\/17665"}],"wp:featuredmedia":[{"embeddable":true,"href":"https:\/\/brasilnoticias.org\/site\/wp-json\/wp\/v2\/media\/17664"}],"wp:attachment":[{"href":"https:\/\/brasilnoticias.org\/site\/wp-json\/wp\/v2\/media?parent=17663"}],"wp:term":[{"taxonomy":"category","embeddable":true,"href":"https:\/\/brasilnoticias.org\/site\/wp-json\/wp\/v2\/categories?post=17663"},{"taxonomy":"post_tag","embeddable":true,"href":"https:\/\/brasilnoticias.org\/site\/wp-json\/wp\/v2\/tags?post=17663"}],"curies":[{"name":"wp","href":"https:\/\/api.w.org\/{rel}","templated":true}]}}