{"id":17715,"date":"2025-07-30T13:00:23","date_gmt":"2025-07-30T16:00:23","guid":{"rendered":"https:\/\/brasilnoticias.org\/site\/?p=17715"},"modified":"2025-07-30T13:00:23","modified_gmt":"2025-07-30T16:00:23","slug":"influenciadora-e-confundida-com-blogueira-suspeita-de-roubo-em-salvador","status":"publish","type":"post","link":"https:\/\/brasilnoticias.org\/site\/influenciadora-e-confundida-com-blogueira-suspeita-de-roubo-em-salvador\/","title":{"rendered":"Influenciadora \u00e9 confundida com blogueira suspeita de roubo em Salvador"},"content":{"rendered":"<p>Priscilla Ruas \u00e9 confundida com Priscila Ruas, blogueira presa em Salvador por roubo a uma loja de luxo<\/p>\n<p>Em nota, a influenciadora, que mora no Rio de Janeiro, afirmou que n\u00e3o tem qualquer liga\u00e7\u00e3o com o caso e alertou sobre os preju\u00edzos causados por essa associa\u00e7\u00e3o equivocada.<\/p>\n<p>\u201cUltimamente, tenho recebido mensagens e notado que algumas pessoas est\u00e3o me confundindo com uma hom\u00f4nima, a Priscila Ruas Pedreira (que mora na Bahia) que, infelizmente, se envolveu em um crime de roubo e foi presa. Quero deixar claro: eu sou a PRISCILLA RUAS MESQUITA (com dois Ls no nome), sou do Rio de Janeiro e n\u00e3o tenho absolutamente nenhuma liga\u00e7\u00e3o com esse caso.\u201d<\/p>\n<p>A influenciadora ressaltou que est\u00e1 sofrendo danos \u00e0 reputa\u00e7\u00e3o e que a dissemina\u00e7\u00e3o de informa\u00e7\u00f5es incorretas pode configurar crimes contra a honra, como cal\u00fania e difama\u00e7\u00e3o. No texto, ela tamb\u00e9m pediu responsabilidade aos seguidores e usu\u00e1rios das redes sociais.<\/p>\n<p>\u201cConto com a compreens\u00e3o e o bom senso de voc\u00eas para me ajudar a esclarecer essa situa\u00e7\u00e3o e evitar que a desinforma\u00e7\u00e3o continue se espalhando\u201d, finalizou Priscilla Ruas Mesquita em sua nota.<\/p>\n<p>Foto: Redes sociais<br \/>\nAratu On<\/p>\n","protected":false},"excerpt":{"rendered":"<p>Priscilla Ruas \u00e9 confundida com Priscila Ruas, blogueira presa em Salvador por roubo a uma loja de luxo Em nota,<\/p>\n","protected":false},"author":4,"featured_media":17716,"comment_status":"open","ping_status":"open","sticky":false,"template":"","format":"standard","meta":{"colormag_page_container_layout":"default_layout","colormag_page_sidebar_layout":"default_layout","_FSMCFIC_featured_image_caption":"","_FSMCFIC_featured_image_nocaption":"","_FSMCFIC_featured_image_hide":"","footnotes":""},"categories":[3,1],"tags":[],"class_list":["post-17715","post","type-post","status-publish","format-standard","has-post-thumbnail","hentry","category-policia","category-ultimas"],"yoast_head":"<!-- This site is optimized with the Yoast SEO plugin v27.1.1 - https:\/\/yoast.com\/product\/yoast-seo-wordpress\/ -->\n<title>Influenciadora \u00e9 confundida com blogueira suspeita de roubo em Salvador - Brasil not\u00edcias<\/title>\n<meta name=\"robots\" content=\"index, follow, max-snippet:-1, max-image-preview:large, max-video-preview:-1\" \/>\n<link rel=\"canonical\" href=\"https:\/\/brasilnoticias.org\/site\/influenciadora-e-confundida-com-blogueira-suspeita-de-roubo-em-salvador\/\" \/>\n<meta property=\"og:locale\" content=\"pt_PT\" \/>\n<meta property=\"og:type\" content=\"article\" \/>\n<meta property=\"og:title\" content=\"Influenciadora \u00e9 confundida com blogueira suspeita de roubo em Salvador - Brasil not\u00edcias\" \/>\n<meta property=\"og:description\" content=\"Priscilla Ruas \u00e9 confundida com Priscila Ruas, blogueira presa em Salvador por roubo a uma loja de luxo Em nota,\" \/>\n<meta property=\"og:url\" content=\"https:\/\/brasilnoticias.org\/site\/influenciadora-e-confundida-com-blogueira-suspeita-de-roubo-em-salvador\/\" \/>\n<meta property=\"og:site_name\" content=\"Brasil not\u00edcias\" \/>\n<meta property=\"article:published_time\" content=\"2025-07-30T16:00:23+00:00\" \/>\n<meta property=\"og:image\" content=\"https:\/\/brasilnoticias.org\/site\/wp-content\/uploads\/2025\/07\/blogueira-presa-em-salvador.webp\" \/>\n\t<meta property=\"og:image:width\" content=\"600\" \/>\n\t<meta property=\"og:image:height\" content=\"338\" \/>\n\t<meta property=\"og:image:type\" content=\"image\/webp\" \/>\n<meta name=\"author\" content=\"Reda\u00e7\u00e3o\" \/>\n<meta name=\"twitter:card\" content=\"summary_large_image\" \/>\n<meta name=\"twitter:label1\" content=\"Escrito por\" \/>\n\t<meta name=\"twitter:data1\" content=\"Reda\u00e7\u00e3o\" \/>\n<script type=\"application\/ld+json\" class=\"yoast-schema-graph\">{\"@context\":\"https:\/\/schema.org\",\"@graph\":[{\"@type\":\"Article\",\"@id\":\"https:\/\/brasilnoticias.org\/site\/influenciadora-e-confundida-com-blogueira-suspeita-de-roubo-em-salvador\/#article\",\"isPartOf\":{\"@id\":\"https:\/\/brasilnoticias.org\/site\/influenciadora-e-confundida-com-blogueira-suspeita-de-roubo-em-salvador\/\"},\"author\":{\"name\":\"Reda\u00e7\u00e3o\",\"@id\":\"https:\/\/brasilnoticias.org\/site\/#\/schema\/person\/03bbbfe6c7634ad18c26444ea39049fa\"},\"headline\":\"Influenciadora \u00e9 confundida com blogueira suspeita de roubo em Salvador\",\"datePublished\":\"2025-07-30T16:00:23+00:00\",\"mainEntityOfPage\":{\"@id\":\"https:\/\/brasilnoticias.org\/site\/influenciadora-e-confundida-com-blogueira-suspeita-de-roubo-em-salvador\/\"},\"wordCount\":212,\"commentCount\":0,\"publisher\":{\"@id\":\"https:\/\/brasilnoticias.org\/site\/#organization\"},\"image\":{\"@id\":\"https:\/\/brasilnoticias.org\/site\/influenciadora-e-confundida-com-blogueira-suspeita-de-roubo-em-salvador\/#primaryimage\"},\"thumbnailUrl\":\"https:\/\/brasilnoticias.org\/site\/wp-content\/uploads\/2025\/07\/blogueira-presa-em-salvador.webp\",\"articleSection\":[\"Pol\u00edcia\",\"\u00daltimas\"],\"inLanguage\":\"pt-PT\",\"potentialAction\":[{\"@type\":\"CommentAction\",\"name\":\"Comment\",\"target\":[\"https:\/\/brasilnoticias.org\/site\/influenciadora-e-confundida-com-blogueira-suspeita-de-roubo-em-salvador\/#respond\"]}]},{\"@type\":\"WebPage\",\"@id\":\"https:\/\/brasilnoticias.org\/site\/influenciadora-e-confundida-com-blogueira-suspeita-de-roubo-em-salvador\/\",\"url\":\"https:\/\/brasilnoticias.org\/site\/influenciadora-e-confundida-com-blogueira-suspeita-de-roubo-em-salvador\/\",\"name\":\"Influenciadora \u00e9 confundida com blogueira suspeita de roubo em Salvador - Brasil not\u00edcias\",\"isPartOf\":{\"@id\":\"https:\/\/brasilnoticias.org\/site\/#website\"},\"primaryImageOfPage\":{\"@id\":\"https:\/\/brasilnoticias.org\/site\/influenciadora-e-confundida-com-blogueira-suspeita-de-roubo-em-salvador\/#primaryimage\"},\"image\":{\"@id\":\"https:\/\/brasilnoticias.org\/site\/influenciadora-e-confundida-com-blogueira-suspeita-de-roubo-em-salvador\/#primaryimage\"},\"thumbnailUrl\":\"https:\/\/brasilnoticias.org\/site\/wp-content\/uploads\/2025\/07\/blogueira-presa-em-salvador.webp\",\"datePublished\":\"2025-07-30T16:00:23+00:00\",\"breadcrumb\":{\"@id\":\"https:\/\/brasilnoticias.org\/site\/influenciadora-e-confundida-com-blogueira-suspeita-de-roubo-em-salvador\/#breadcrumb\"},\"inLanguage\":\"pt-PT\",\"potentialAction\":[{\"@type\":\"ReadAction\",\"target\":[\"https:\/\/brasilnoticias.org\/site\/influenciadora-e-confundida-com-blogueira-suspeita-de-roubo-em-salvador\/\"]}]},{\"@type\":\"ImageObject\",\"inLanguage\":\"pt-PT\",\"@id\":\"https:\/\/brasilnoticias.org\/site\/influenciadora-e-confundida-com-blogueira-suspeita-de-roubo-em-salvador\/#primaryimage\",\"url\":\"https:\/\/brasilnoticias.org\/site\/wp-content\/uploads\/2025\/07\/blogueira-presa-em-salvador.webp\",\"contentUrl\":\"https:\/\/brasilnoticias.org\/site\/wp-content\/uploads\/2025\/07\/blogueira-presa-em-salvador.webp\",\"width\":600,\"height\":338},{\"@type\":\"BreadcrumbList\",\"@id\":\"https:\/\/brasilnoticias.org\/site\/influenciadora-e-confundida-com-blogueira-suspeita-de-roubo-em-salvador\/#breadcrumb\",\"itemListElement\":[{\"@type\":\"ListItem\",\"position\":1,\"name\":\"In\u00edcio\",\"item\":\"https:\/\/brasilnoticias.org\/site\/\"},{\"@type\":\"ListItem\",\"position\":2,\"name\":\"Influenciadora \u00e9 confundida com blogueira suspeita de roubo em Salvador\"}]},{\"@type\":\"WebSite\",\"@id\":\"https:\/\/brasilnoticias.org\/site\/#website\",\"url\":\"https:\/\/brasilnoticias.org\/site\/\",\"name\":\"Brasil not\u00edcias\",\"description\":\"Brasil not\u00edcias\",\"publisher\":{\"@id\":\"https:\/\/brasilnoticias.org\/site\/#organization\"},\"potentialAction\":[{\"@type\":\"SearchAction\",\"target\":{\"@type\":\"EntryPoint\",\"urlTemplate\":\"https:\/\/brasilnoticias.org\/site\/?s={search_term_string}\"},\"query-input\":{\"@type\":\"PropertyValueSpecification\",\"valueRequired\":true,\"valueName\":\"search_term_string\"}}],\"inLanguage\":\"pt-PT\"},{\"@type\":\"Organization\",\"@id\":\"https:\/\/brasilnoticias.org\/site\/#organization\",\"name\":\"Brasil not\u00edcias\",\"url\":\"https:\/\/brasilnoticias.org\/site\/\",\"logo\":{\"@type\":\"ImageObject\",\"inLanguage\":\"pt-PT\",\"@id\":\"https:\/\/brasilnoticias.org\/site\/#\/schema\/logo\/image\/\",\"url\":\"https:\/\/brasilnoticias.org\/site\/wp-content\/uploads\/2022\/05\/cropped-brasilnoticias-mini.jpg\",\"contentUrl\":\"https:\/\/brasilnoticias.org\/site\/wp-content\/uploads\/2022\/05\/cropped-brasilnoticias-mini.jpg\",\"width\":314,\"height\":86,\"caption\":\"Brasil not\u00edcias\"},\"image\":{\"@id\":\"https:\/\/brasilnoticias.org\/site\/#\/schema\/logo\/image\/\"}},{\"@type\":\"Person\",\"@id\":\"https:\/\/brasilnoticias.org\/site\/#\/schema\/person\/03bbbfe6c7634ad18c26444ea39049fa\",\"name\":\"Reda\u00e7\u00e3o\",\"image\":{\"@type\":\"ImageObject\",\"inLanguage\":\"pt-PT\",\"@id\":\"https:\/\/brasilnoticias.org\/site\/#\/schema\/person\/image\/\",\"url\":\"https:\/\/secure.gravatar.com\/avatar\/9ecaf7327a696cb23ad926fedded5f1f04d7049de9e445375d55b48c001a6e42?s=96&d=mm&r=g\",\"contentUrl\":\"https:\/\/secure.gravatar.com\/avatar\/9ecaf7327a696cb23ad926fedded5f1f04d7049de9e445375d55b48c001a6e42?s=96&d=mm&r=g\",\"caption\":\"Reda\u00e7\u00e3o\"},\"url\":\"https:\/\/brasilnoticias.org\/site\/author\/henrique\/\"}]}<\/script>\n<!-- \/ Yoast SEO plugin. -->","yoast_head_json":{"title":"Influenciadora \u00e9 confundida com blogueira suspeita de roubo em Salvador - Brasil not\u00edcias","robots":{"index":"index","follow":"follow","max-snippet":"max-snippet:-1","max-image-preview":"max-image-preview:large","max-video-preview":"max-video-preview:-1"},"canonical":"https:\/\/brasilnoticias.org\/site\/influenciadora-e-confundida-com-blogueira-suspeita-de-roubo-em-salvador\/","og_locale":"pt_PT","og_type":"article","og_title":"Influenciadora \u00e9 confundida com blogueira suspeita de roubo em Salvador - Brasil not\u00edcias","og_description":"Priscilla Ruas \u00e9 confundida com Priscila Ruas, blogueira presa em Salvador por roubo a uma loja de luxo Em nota,","og_url":"https:\/\/brasilnoticias.org\/site\/influenciadora-e-confundida-com-blogueira-suspeita-de-roubo-em-salvador\/","og_site_name":"Brasil not\u00edcias","article_published_time":"2025-07-30T16:00:23+00:00","og_image":[{"width":600,"height":338,"url":"https:\/\/brasilnoticias.org\/site\/wp-content\/uploads\/2025\/07\/blogueira-presa-em-salvador.webp","type":"image\/webp"}],"author":"Reda\u00e7\u00e3o","twitter_card":"summary_large_image","twitter_misc":{"Escrito por":"Reda\u00e7\u00e3o"},"schema":{"@context":"https:\/\/schema.org","@graph":[{"@type":"Article","@id":"https:\/\/brasilnoticias.org\/site\/influenciadora-e-confundida-com-blogueira-suspeita-de-roubo-em-salvador\/#article","isPartOf":{"@id":"https:\/\/brasilnoticias.org\/site\/influenciadora-e-confundida-com-blogueira-suspeita-de-roubo-em-salvador\/"},"author":{"name":"Reda\u00e7\u00e3o","@id":"https:\/\/brasilnoticias.org\/site\/#\/schema\/person\/03bbbfe6c7634ad18c26444ea39049fa"},"headline":"Influenciadora \u00e9 confundida com blogueira suspeita de roubo em Salvador","datePublished":"2025-07-30T16:00:23+00:00","mainEntityOfPage":{"@id":"https:\/\/brasilnoticias.org\/site\/influenciadora-e-confundida-com-blogueira-suspeita-de-roubo-em-salvador\/"},"wordCount":212,"commentCount":0,"publisher":{"@id":"https:\/\/brasilnoticias.org\/site\/#organization"},"image":{"@id":"https:\/\/brasilnoticias.org\/site\/influenciadora-e-confundida-com-blogueira-suspeita-de-roubo-em-salvador\/#primaryimage"},"thumbnailUrl":"https:\/\/brasilnoticias.org\/site\/wp-content\/uploads\/2025\/07\/blogueira-presa-em-salvador.webp","articleSection":["Pol\u00edcia","\u00daltimas"],"inLanguage":"pt-PT","potentialAction":[{"@type":"CommentAction","name":"Comment","target":["https:\/\/brasilnoticias.org\/site\/influenciadora-e-confundida-com-blogueira-suspeita-de-roubo-em-salvador\/#respond"]}]},{"@type":"WebPage","@id":"https:\/\/brasilnoticias.org\/site\/influenciadora-e-confundida-com-blogueira-suspeita-de-roubo-em-salvador\/","url":"https:\/\/brasilnoticias.org\/site\/influenciadora-e-confundida-com-blogueira-suspeita-de-roubo-em-salvador\/","name":"Influenciadora \u00e9 confundida com blogueira suspeita de roubo em Salvador - Brasil not\u00edcias","isPartOf":{"@id":"https:\/\/brasilnoticias.org\/site\/#website"},"primaryImageOfPage":{"@id":"https:\/\/brasilnoticias.org\/site\/influenciadora-e-confundida-com-blogueira-suspeita-de-roubo-em-salvador\/#primaryimage"},"image":{"@id":"https:\/\/brasilnoticias.org\/site\/influenciadora-e-confundida-com-blogueira-suspeita-de-roubo-em-salvador\/#primaryimage"},"thumbnailUrl":"https:\/\/brasilnoticias.org\/site\/wp-content\/uploads\/2025\/07\/blogueira-presa-em-salvador.webp","datePublished":"2025-07-30T16:00:23+00:00","breadcrumb":{"@id":"https:\/\/brasilnoticias.org\/site\/influenciadora-e-confundida-com-blogueira-suspeita-de-roubo-em-salvador\/#breadcrumb"},"inLanguage":"pt-PT","potentialAction":[{"@type":"ReadAction","target":["https:\/\/brasilnoticias.org\/site\/influenciadora-e-confundida-com-blogueira-suspeita-de-roubo-em-salvador\/"]}]},{"@type":"ImageObject","inLanguage":"pt-PT","@id":"https:\/\/brasilnoticias.org\/site\/influenciadora-e-confundida-com-blogueira-suspeita-de-roubo-em-salvador\/#primaryimage","url":"https:\/\/brasilnoticias.org\/site\/wp-content\/uploads\/2025\/07\/blogueira-presa-em-salvador.webp","contentUrl":"https:\/\/brasilnoticias.org\/site\/wp-content\/uploads\/2025\/07\/blogueira-presa-em-salvador.webp","width":600,"height":338},{"@type":"BreadcrumbList","@id":"https:\/\/brasilnoticias.org\/site\/influenciadora-e-confundida-com-blogueira-suspeita-de-roubo-em-salvador\/#breadcrumb","itemListElement":[{"@type":"ListItem","position":1,"name":"In\u00edcio","item":"https:\/\/brasilnoticias.org\/site\/"},{"@type":"ListItem","position":2,"name":"Influenciadora \u00e9 confundida com blogueira suspeita de roubo em Salvador"}]},{"@type":"WebSite","@id":"https:\/\/brasilnoticias.org\/site\/#website","url":"https:\/\/brasilnoticias.org\/site\/","name":"Brasil not\u00edcias","description":"Brasil not\u00edcias","publisher":{"@id":"https:\/\/brasilnoticias.org\/site\/#organization"},"potentialAction":[{"@type":"SearchAction","target":{"@type":"EntryPoint","urlTemplate":"https:\/\/brasilnoticias.org\/site\/?s={search_term_string}"},"query-input":{"@type":"PropertyValueSpecification","valueRequired":true,"valueName":"search_term_string"}}],"inLanguage":"pt-PT"},{"@type":"Organization","@id":"https:\/\/brasilnoticias.org\/site\/#organization","name":"Brasil not\u00edcias","url":"https:\/\/brasilnoticias.org\/site\/","logo":{"@type":"ImageObject","inLanguage":"pt-PT","@id":"https:\/\/brasilnoticias.org\/site\/#\/schema\/logo\/image\/","url":"https:\/\/brasilnoticias.org\/site\/wp-content\/uploads\/2022\/05\/cropped-brasilnoticias-mini.jpg","contentUrl":"https:\/\/brasilnoticias.org\/site\/wp-content\/uploads\/2022\/05\/cropped-brasilnoticias-mini.jpg","width":314,"height":86,"caption":"Brasil not\u00edcias"},"image":{"@id":"https:\/\/brasilnoticias.org\/site\/#\/schema\/logo\/image\/"}},{"@type":"Person","@id":"https:\/\/brasilnoticias.org\/site\/#\/schema\/person\/03bbbfe6c7634ad18c26444ea39049fa","name":"Reda\u00e7\u00e3o","image":{"@type":"ImageObject","inLanguage":"pt-PT","@id":"https:\/\/brasilnoticias.org\/site\/#\/schema\/person\/image\/","url":"https:\/\/secure.gravatar.com\/avatar\/9ecaf7327a696cb23ad926fedded5f1f04d7049de9e445375d55b48c001a6e42?s=96&d=mm&r=g","contentUrl":"https:\/\/secure.gravatar.com\/avatar\/9ecaf7327a696cb23ad926fedded5f1f04d7049de9e445375d55b48c001a6e42?s=96&d=mm&r=g","caption":"Reda\u00e7\u00e3o"},"url":"https:\/\/brasilnoticias.org\/site\/author\/henrique\/"}]}},"_links":{"self":[{"href":"https:\/\/brasilnoticias.org\/site\/wp-json\/wp\/v2\/posts\/17715","targetHints":{"allow":["GET"]}}],"collection":[{"href":"https:\/\/brasilnoticias.org\/site\/wp-json\/wp\/v2\/posts"}],"about":[{"href":"https:\/\/brasilnoticias.org\/site\/wp-json\/wp\/v2\/types\/post"}],"author":[{"embeddable":true,"href":"https:\/\/brasilnoticias.org\/site\/wp-json\/wp\/v2\/users\/4"}],"replies":[{"embeddable":true,"href":"https:\/\/brasilnoticias.org\/site\/wp-json\/wp\/v2\/comments?post=17715"}],"version-history":[{"count":1,"href":"https:\/\/brasilnoticias.org\/site\/wp-json\/wp\/v2\/posts\/17715\/revisions"}],"predecessor-version":[{"id":17717,"href":"https:\/\/brasilnoticias.org\/site\/wp-json\/wp\/v2\/posts\/17715\/revisions\/17717"}],"wp:featuredmedia":[{"embeddable":true,"href":"https:\/\/brasilnoticias.org\/site\/wp-json\/wp\/v2\/media\/17716"}],"wp:attachment":[{"href":"https:\/\/brasilnoticias.org\/site\/wp-json\/wp\/v2\/media?parent=17715"}],"wp:term":[{"taxonomy":"category","embeddable":true,"href":"https:\/\/brasilnoticias.org\/site\/wp-json\/wp\/v2\/categories?post=17715"},{"taxonomy":"post_tag","embeddable":true,"href":"https:\/\/brasilnoticias.org\/site\/wp-json\/wp\/v2\/tags?post=17715"}],"curies":[{"name":"wp","href":"https:\/\/api.w.org\/{rel}","templated":true}]}}