{"id":1775,"date":"2022-10-10T18:30:33","date_gmt":"2022-10-10T21:30:33","guid":{"rendered":"https:\/\/brasilnoticias.org\/site\/?p=1775"},"modified":"2022-10-10T09:01:10","modified_gmt":"2022-10-10T12:01:10","slug":"vitoria-registra-os-sete-maiores-publicos-da-serie-c-veja-lista","status":"publish","type":"post","link":"https:\/\/brasilnoticias.org\/site\/vitoria-registra-os-sete-maiores-publicos-da-serie-c-veja-lista\/","title":{"rendered":"Vit\u00f3ria registra os sete maiores p\u00fablicos da S\u00e9rie C; veja lista"},"content":{"rendered":"<p>Se o Vit\u00f3ria sofreu um bocado em 2022, agora tem muito o que comemorar. Depois de garantir o acesso \u00e0 S\u00e9rie B de 2023, a na\u00e7\u00e3o rubro-negra mostrou sua for\u00e7a no Barrad\u00e3o e foi campe\u00e3 nas estat\u00edsticas da S\u00e9rie C 2022, encerrada no s\u00e1bado (8), com o t\u00edtulo do Mirassol sobre o ABC. O Vit\u00f3ria teve os sete maiores p\u00fablicos da competi\u00e7\u00e3o. <\/p>\n<p>O maior de todos foi registrado na \u00faltima rodada da fase classificat\u00f3ria, quando o time precisava ganhar do Brasil de Pelotas para avan\u00e7ar \u00e0 segunda fase. Na ocasi\u00e3o, 28.006 pagantes viram o Le\u00e3o vencer por 3&#215;1, entrar no G8 pela primeira vez nas 19 rodadas e assegurar vaga no quadrangular decisivo. <\/p>\n<p>Completam a lista os jogos contra Volta Redonda (27.671 pagantes), ABC (duas vezes, com 26.132 e 24.622), Paysandu (duas vezes, com 25.870 e 21.661) e Figueirense (21.202) est\u00e3o entre os com mais torcida da competi\u00e7\u00e3o..<\/p>\n<p>A m\u00e9dia rubro-negra foi de 15.912 torcedores por partida. Ao todo, em 13 jogos como mandante, 206.860 pagantes foram ao Barrad\u00e3o. <\/p>\n<p>Os 10 maiores p\u00fablicos da S\u00e9rie C*:<\/p>\n<p>Vit\u00f3ria 3&#215;1 Brasil de Pelotas: 28.006 (19\u00aa rodada)<\/p>\n<p>Vit\u00f3ria 1&#215;2 Volta Redonda: 27.671 (9\u00aa rodada)<\/p>\n<p>Vit\u00f3ria 2&#215;2 ABC: 26.132 (17\u00aa rodada)<\/p>\n<p>Vit\u00f3ria 1&#215;0 Paysandu: 25.870 (15\u00aa rodada)<\/p>\n<p>Vit\u00f3ria 0x0 ABC: 24.622 (3\u00aa rodada do quadrangular)<\/p>\n<p>Vit\u00f3ria 1&#215;0 Paysandu: 21.661 (1\u00aa rodada do quadrangular)<\/p>\n<p>Vit\u00f3ria 1&#215;0 Figueirense: 21.202 (5\u00aa rodada do quadrangular)<\/p>\n<p>Figueirense 2&#215;1 Paysandu: 18.330 (3\u00aa rodada do quadrangular)<\/p>\n<p>ABC 0x0 Mirassol: 14.925 (jogo de ida da final)<\/p>\n<p>Figueirense 3&#215;2 S\u00e3o Jos\u00e9: 14.527 (17\u00aa rodada)<\/p>\n<p>*P\u00fablico pagante<\/p>\n<p>Foto: Pietro Carpi\/ECVit\u00f3ria<\/p>\n<p>Por: Metro1<\/p>\n","protected":false},"excerpt":{"rendered":"<p>Se o Vit\u00f3ria sofreu um bocado em 2022, agora tem muito o que comemorar. Depois de garantir o acesso \u00e0<\/p>\n","protected":false},"author":1,"featured_media":1776,"comment_status":"open","ping_status":"open","sticky":false,"template":"","format":"standard","meta":{"colormag_page_container_layout":"default_layout","colormag_page_sidebar_layout":"default_layout","_FSMCFIC_featured_image_caption":"","_FSMCFIC_featured_image_nocaption":"","_FSMCFIC_featured_image_hide":"","footnotes":""},"categories":[4,1],"tags":[],"class_list":["post-1775","post","type-post","status-publish","format-standard","has-post-thumbnail","hentry","category-esporte","category-ultimas"],"yoast_head":"<!-- This site is optimized with the Yoast SEO plugin v27.1.1 - https:\/\/yoast.com\/product\/yoast-seo-wordpress\/ -->\n<title>Vit\u00f3ria registra os sete maiores p\u00fablicos da S\u00e9rie C; veja lista - Brasil not\u00edcias<\/title>\n<meta name=\"robots\" content=\"index, follow, max-snippet:-1, max-image-preview:large, max-video-preview:-1\" \/>\n<link rel=\"canonical\" href=\"https:\/\/brasilnoticias.org\/site\/vitoria-registra-os-sete-maiores-publicos-da-serie-c-veja-lista\/\" \/>\n<meta property=\"og:locale\" content=\"pt_PT\" \/>\n<meta property=\"og:type\" content=\"article\" \/>\n<meta property=\"og:title\" content=\"Vit\u00f3ria registra os sete maiores p\u00fablicos da S\u00e9rie C; veja lista - Brasil not\u00edcias\" \/>\n<meta property=\"og:description\" content=\"Se o Vit\u00f3ria sofreu um bocado em 2022, agora tem muito o que comemorar. Depois de garantir o acesso \u00e0\" \/>\n<meta property=\"og:url\" content=\"https:\/\/brasilnoticias.org\/site\/vitoria-registra-os-sete-maiores-publicos-da-serie-c-veja-lista\/\" \/>\n<meta property=\"og:site_name\" content=\"Brasil not\u00edcias\" \/>\n<meta property=\"article:published_time\" content=\"2022-10-10T21:30:33+00:00\" \/>\n<meta property=\"og:image\" content=\"https:\/\/brasilnoticias.org\/site\/wp-content\/uploads\/2022\/10\/129194vitoria-registra-os-sete-maiores-publicos-da-serie-c-veja-lista-3.jpg\" \/>\n\t<meta property=\"og:image:width\" content=\"1600\" \/>\n\t<meta property=\"og:image:height\" content=\"752\" \/>\n\t<meta property=\"og:image:type\" content=\"image\/jpeg\" \/>\n<meta name=\"author\" content=\"Reda\u00e7\u00e3o\" \/>\n<meta name=\"twitter:card\" content=\"summary_large_image\" \/>\n<meta name=\"twitter:label1\" content=\"Escrito por\" \/>\n\t<meta name=\"twitter:data1\" content=\"Reda\u00e7\u00e3o\" \/>\n\t<meta name=\"twitter:label2\" content=\"Tempo estimado de leitura\" \/>\n\t<meta name=\"twitter:data2\" content=\"1 minuto\" \/>\n<script type=\"application\/ld+json\" class=\"yoast-schema-graph\">{\"@context\":\"https:\/\/schema.org\",\"@graph\":[{\"@type\":\"Article\",\"@id\":\"https:\/\/brasilnoticias.org\/site\/vitoria-registra-os-sete-maiores-publicos-da-serie-c-veja-lista\/#article\",\"isPartOf\":{\"@id\":\"https:\/\/brasilnoticias.org\/site\/vitoria-registra-os-sete-maiores-publicos-da-serie-c-veja-lista\/\"},\"author\":{\"name\":\"Reda\u00e7\u00e3o\",\"@id\":\"https:\/\/brasilnoticias.org\/site\/#\/schema\/person\/a0e05b973ec4d15c658d51911e53507b\"},\"headline\":\"Vit\u00f3ria registra os sete maiores p\u00fablicos da S\u00e9rie C; veja lista\",\"datePublished\":\"2022-10-10T21:30:33+00:00\",\"mainEntityOfPage\":{\"@id\":\"https:\/\/brasilnoticias.org\/site\/vitoria-registra-os-sete-maiores-publicos-da-serie-c-veja-lista\/\"},\"wordCount\":268,\"commentCount\":0,\"publisher\":{\"@id\":\"https:\/\/brasilnoticias.org\/site\/#organization\"},\"image\":{\"@id\":\"https:\/\/brasilnoticias.org\/site\/vitoria-registra-os-sete-maiores-publicos-da-serie-c-veja-lista\/#primaryimage\"},\"thumbnailUrl\":\"https:\/\/brasilnoticias.org\/site\/wp-content\/uploads\/2022\/10\/129194vitoria-registra-os-sete-maiores-publicos-da-serie-c-veja-lista-3.jpg\",\"articleSection\":[\"Esporte\",\"\u00daltimas\"],\"inLanguage\":\"pt-PT\",\"potentialAction\":[{\"@type\":\"CommentAction\",\"name\":\"Comment\",\"target\":[\"https:\/\/brasilnoticias.org\/site\/vitoria-registra-os-sete-maiores-publicos-da-serie-c-veja-lista\/#respond\"]}]},{\"@type\":\"WebPage\",\"@id\":\"https:\/\/brasilnoticias.org\/site\/vitoria-registra-os-sete-maiores-publicos-da-serie-c-veja-lista\/\",\"url\":\"https:\/\/brasilnoticias.org\/site\/vitoria-registra-os-sete-maiores-publicos-da-serie-c-veja-lista\/\",\"name\":\"Vit\u00f3ria registra os sete maiores p\u00fablicos da S\u00e9rie C; veja lista - Brasil not\u00edcias\",\"isPartOf\":{\"@id\":\"https:\/\/brasilnoticias.org\/site\/#website\"},\"primaryImageOfPage\":{\"@id\":\"https:\/\/brasilnoticias.org\/site\/vitoria-registra-os-sete-maiores-publicos-da-serie-c-veja-lista\/#primaryimage\"},\"image\":{\"@id\":\"https:\/\/brasilnoticias.org\/site\/vitoria-registra-os-sete-maiores-publicos-da-serie-c-veja-lista\/#primaryimage\"},\"thumbnailUrl\":\"https:\/\/brasilnoticias.org\/site\/wp-content\/uploads\/2022\/10\/129194vitoria-registra-os-sete-maiores-publicos-da-serie-c-veja-lista-3.jpg\",\"datePublished\":\"2022-10-10T21:30:33+00:00\",\"breadcrumb\":{\"@id\":\"https:\/\/brasilnoticias.org\/site\/vitoria-registra-os-sete-maiores-publicos-da-serie-c-veja-lista\/#breadcrumb\"},\"inLanguage\":\"pt-PT\",\"potentialAction\":[{\"@type\":\"ReadAction\",\"target\":[\"https:\/\/brasilnoticias.org\/site\/vitoria-registra-os-sete-maiores-publicos-da-serie-c-veja-lista\/\"]}]},{\"@type\":\"ImageObject\",\"inLanguage\":\"pt-PT\",\"@id\":\"https:\/\/brasilnoticias.org\/site\/vitoria-registra-os-sete-maiores-publicos-da-serie-c-veja-lista\/#primaryimage\",\"url\":\"https:\/\/brasilnoticias.org\/site\/wp-content\/uploads\/2022\/10\/129194vitoria-registra-os-sete-maiores-publicos-da-serie-c-veja-lista-3.jpg\",\"contentUrl\":\"https:\/\/brasilnoticias.org\/site\/wp-content\/uploads\/2022\/10\/129194vitoria-registra-os-sete-maiores-publicos-da-serie-c-veja-lista-3.jpg\",\"width\":1600,\"height\":752},{\"@type\":\"BreadcrumbList\",\"@id\":\"https:\/\/brasilnoticias.org\/site\/vitoria-registra-os-sete-maiores-publicos-da-serie-c-veja-lista\/#breadcrumb\",\"itemListElement\":[{\"@type\":\"ListItem\",\"position\":1,\"name\":\"In\u00edcio\",\"item\":\"https:\/\/brasilnoticias.org\/site\/\"},{\"@type\":\"ListItem\",\"position\":2,\"name\":\"Vit\u00f3ria registra os sete maiores p\u00fablicos da S\u00e9rie C; veja lista\"}]},{\"@type\":\"WebSite\",\"@id\":\"https:\/\/brasilnoticias.org\/site\/#website\",\"url\":\"https:\/\/brasilnoticias.org\/site\/\",\"name\":\"Brasil not\u00edcias\",\"description\":\"Brasil not\u00edcias\",\"publisher\":{\"@id\":\"https:\/\/brasilnoticias.org\/site\/#organization\"},\"potentialAction\":[{\"@type\":\"SearchAction\",\"target\":{\"@type\":\"EntryPoint\",\"urlTemplate\":\"https:\/\/brasilnoticias.org\/site\/?s={search_term_string}\"},\"query-input\":{\"@type\":\"PropertyValueSpecification\",\"valueRequired\":true,\"valueName\":\"search_term_string\"}}],\"inLanguage\":\"pt-PT\"},{\"@type\":\"Organization\",\"@id\":\"https:\/\/brasilnoticias.org\/site\/#organization\",\"name\":\"Brasil not\u00edcias\",\"url\":\"https:\/\/brasilnoticias.org\/site\/\",\"logo\":{\"@type\":\"ImageObject\",\"inLanguage\":\"pt-PT\",\"@id\":\"https:\/\/brasilnoticias.org\/site\/#\/schema\/logo\/image\/\",\"url\":\"https:\/\/brasilnoticias.org\/site\/wp-content\/uploads\/2022\/05\/cropped-brasilnoticias-mini.jpg\",\"contentUrl\":\"https:\/\/brasilnoticias.org\/site\/wp-content\/uploads\/2022\/05\/cropped-brasilnoticias-mini.jpg\",\"width\":314,\"height\":86,\"caption\":\"Brasil not\u00edcias\"},\"image\":{\"@id\":\"https:\/\/brasilnoticias.org\/site\/#\/schema\/logo\/image\/\"}},{\"@type\":\"Person\",\"@id\":\"https:\/\/brasilnoticias.org\/site\/#\/schema\/person\/a0e05b973ec4d15c658d51911e53507b\",\"name\":\"Reda\u00e7\u00e3o\",\"image\":{\"@type\":\"ImageObject\",\"inLanguage\":\"pt-PT\",\"@id\":\"https:\/\/brasilnoticias.org\/site\/#\/schema\/person\/image\/\",\"url\":\"https:\/\/secure.gravatar.com\/avatar\/75d8b050df2de108b08ae78dfb8e374892df24a383c67db9c46a9c604f6aee9c?s=96&d=mm&r=g\",\"contentUrl\":\"https:\/\/secure.gravatar.com\/avatar\/75d8b050df2de108b08ae78dfb8e374892df24a383c67db9c46a9c604f6aee9c?s=96&d=mm&r=g\",\"caption\":\"Reda\u00e7\u00e3o\"},\"sameAs\":[\"https:\/\/brasilnoticias.org\/site\"],\"url\":\"https:\/\/brasilnoticias.org\/site\/author\/fernandozsngmail-com\/\"}]}<\/script>\n<!-- \/ Yoast SEO plugin. -->","yoast_head_json":{"title":"Vit\u00f3ria registra os sete maiores p\u00fablicos da S\u00e9rie C; veja lista - Brasil not\u00edcias","robots":{"index":"index","follow":"follow","max-snippet":"max-snippet:-1","max-image-preview":"max-image-preview:large","max-video-preview":"max-video-preview:-1"},"canonical":"https:\/\/brasilnoticias.org\/site\/vitoria-registra-os-sete-maiores-publicos-da-serie-c-veja-lista\/","og_locale":"pt_PT","og_type":"article","og_title":"Vit\u00f3ria registra os sete maiores p\u00fablicos da S\u00e9rie C; veja lista - Brasil not\u00edcias","og_description":"Se o Vit\u00f3ria sofreu um bocado em 2022, agora tem muito o que comemorar. Depois de garantir o acesso \u00e0","og_url":"https:\/\/brasilnoticias.org\/site\/vitoria-registra-os-sete-maiores-publicos-da-serie-c-veja-lista\/","og_site_name":"Brasil not\u00edcias","article_published_time":"2022-10-10T21:30:33+00:00","og_image":[{"width":1600,"height":752,"url":"https:\/\/brasilnoticias.org\/site\/wp-content\/uploads\/2022\/10\/129194vitoria-registra-os-sete-maiores-publicos-da-serie-c-veja-lista-3.jpg","type":"image\/jpeg"}],"author":"Reda\u00e7\u00e3o","twitter_card":"summary_large_image","twitter_misc":{"Escrito por":"Reda\u00e7\u00e3o","Tempo estimado de leitura":"1 minuto"},"schema":{"@context":"https:\/\/schema.org","@graph":[{"@type":"Article","@id":"https:\/\/brasilnoticias.org\/site\/vitoria-registra-os-sete-maiores-publicos-da-serie-c-veja-lista\/#article","isPartOf":{"@id":"https:\/\/brasilnoticias.org\/site\/vitoria-registra-os-sete-maiores-publicos-da-serie-c-veja-lista\/"},"author":{"name":"Reda\u00e7\u00e3o","@id":"https:\/\/brasilnoticias.org\/site\/#\/schema\/person\/a0e05b973ec4d15c658d51911e53507b"},"headline":"Vit\u00f3ria registra os sete maiores p\u00fablicos da S\u00e9rie C; veja lista","datePublished":"2022-10-10T21:30:33+00:00","mainEntityOfPage":{"@id":"https:\/\/brasilnoticias.org\/site\/vitoria-registra-os-sete-maiores-publicos-da-serie-c-veja-lista\/"},"wordCount":268,"commentCount":0,"publisher":{"@id":"https:\/\/brasilnoticias.org\/site\/#organization"},"image":{"@id":"https:\/\/brasilnoticias.org\/site\/vitoria-registra-os-sete-maiores-publicos-da-serie-c-veja-lista\/#primaryimage"},"thumbnailUrl":"https:\/\/brasilnoticias.org\/site\/wp-content\/uploads\/2022\/10\/129194vitoria-registra-os-sete-maiores-publicos-da-serie-c-veja-lista-3.jpg","articleSection":["Esporte","\u00daltimas"],"inLanguage":"pt-PT","potentialAction":[{"@type":"CommentAction","name":"Comment","target":["https:\/\/brasilnoticias.org\/site\/vitoria-registra-os-sete-maiores-publicos-da-serie-c-veja-lista\/#respond"]}]},{"@type":"WebPage","@id":"https:\/\/brasilnoticias.org\/site\/vitoria-registra-os-sete-maiores-publicos-da-serie-c-veja-lista\/","url":"https:\/\/brasilnoticias.org\/site\/vitoria-registra-os-sete-maiores-publicos-da-serie-c-veja-lista\/","name":"Vit\u00f3ria registra os sete maiores p\u00fablicos da S\u00e9rie C; veja lista - Brasil not\u00edcias","isPartOf":{"@id":"https:\/\/brasilnoticias.org\/site\/#website"},"primaryImageOfPage":{"@id":"https:\/\/brasilnoticias.org\/site\/vitoria-registra-os-sete-maiores-publicos-da-serie-c-veja-lista\/#primaryimage"},"image":{"@id":"https:\/\/brasilnoticias.org\/site\/vitoria-registra-os-sete-maiores-publicos-da-serie-c-veja-lista\/#primaryimage"},"thumbnailUrl":"https:\/\/brasilnoticias.org\/site\/wp-content\/uploads\/2022\/10\/129194vitoria-registra-os-sete-maiores-publicos-da-serie-c-veja-lista-3.jpg","datePublished":"2022-10-10T21:30:33+00:00","breadcrumb":{"@id":"https:\/\/brasilnoticias.org\/site\/vitoria-registra-os-sete-maiores-publicos-da-serie-c-veja-lista\/#breadcrumb"},"inLanguage":"pt-PT","potentialAction":[{"@type":"ReadAction","target":["https:\/\/brasilnoticias.org\/site\/vitoria-registra-os-sete-maiores-publicos-da-serie-c-veja-lista\/"]}]},{"@type":"ImageObject","inLanguage":"pt-PT","@id":"https:\/\/brasilnoticias.org\/site\/vitoria-registra-os-sete-maiores-publicos-da-serie-c-veja-lista\/#primaryimage","url":"https:\/\/brasilnoticias.org\/site\/wp-content\/uploads\/2022\/10\/129194vitoria-registra-os-sete-maiores-publicos-da-serie-c-veja-lista-3.jpg","contentUrl":"https:\/\/brasilnoticias.org\/site\/wp-content\/uploads\/2022\/10\/129194vitoria-registra-os-sete-maiores-publicos-da-serie-c-veja-lista-3.jpg","width":1600,"height":752},{"@type":"BreadcrumbList","@id":"https:\/\/brasilnoticias.org\/site\/vitoria-registra-os-sete-maiores-publicos-da-serie-c-veja-lista\/#breadcrumb","itemListElement":[{"@type":"ListItem","position":1,"name":"In\u00edcio","item":"https:\/\/brasilnoticias.org\/site\/"},{"@type":"ListItem","position":2,"name":"Vit\u00f3ria registra os sete maiores p\u00fablicos da S\u00e9rie C; veja lista"}]},{"@type":"WebSite","@id":"https:\/\/brasilnoticias.org\/site\/#website","url":"https:\/\/brasilnoticias.org\/site\/","name":"Brasil not\u00edcias","description":"Brasil not\u00edcias","publisher":{"@id":"https:\/\/brasilnoticias.org\/site\/#organization"},"potentialAction":[{"@type":"SearchAction","target":{"@type":"EntryPoint","urlTemplate":"https:\/\/brasilnoticias.org\/site\/?s={search_term_string}"},"query-input":{"@type":"PropertyValueSpecification","valueRequired":true,"valueName":"search_term_string"}}],"inLanguage":"pt-PT"},{"@type":"Organization","@id":"https:\/\/brasilnoticias.org\/site\/#organization","name":"Brasil not\u00edcias","url":"https:\/\/brasilnoticias.org\/site\/","logo":{"@type":"ImageObject","inLanguage":"pt-PT","@id":"https:\/\/brasilnoticias.org\/site\/#\/schema\/logo\/image\/","url":"https:\/\/brasilnoticias.org\/site\/wp-content\/uploads\/2022\/05\/cropped-brasilnoticias-mini.jpg","contentUrl":"https:\/\/brasilnoticias.org\/site\/wp-content\/uploads\/2022\/05\/cropped-brasilnoticias-mini.jpg","width":314,"height":86,"caption":"Brasil not\u00edcias"},"image":{"@id":"https:\/\/brasilnoticias.org\/site\/#\/schema\/logo\/image\/"}},{"@type":"Person","@id":"https:\/\/brasilnoticias.org\/site\/#\/schema\/person\/a0e05b973ec4d15c658d51911e53507b","name":"Reda\u00e7\u00e3o","image":{"@type":"ImageObject","inLanguage":"pt-PT","@id":"https:\/\/brasilnoticias.org\/site\/#\/schema\/person\/image\/","url":"https:\/\/secure.gravatar.com\/avatar\/75d8b050df2de108b08ae78dfb8e374892df24a383c67db9c46a9c604f6aee9c?s=96&d=mm&r=g","contentUrl":"https:\/\/secure.gravatar.com\/avatar\/75d8b050df2de108b08ae78dfb8e374892df24a383c67db9c46a9c604f6aee9c?s=96&d=mm&r=g","caption":"Reda\u00e7\u00e3o"},"sameAs":["https:\/\/brasilnoticias.org\/site"],"url":"https:\/\/brasilnoticias.org\/site\/author\/fernandozsngmail-com\/"}]}},"_links":{"self":[{"href":"https:\/\/brasilnoticias.org\/site\/wp-json\/wp\/v2\/posts\/1775","targetHints":{"allow":["GET"]}}],"collection":[{"href":"https:\/\/brasilnoticias.org\/site\/wp-json\/wp\/v2\/posts"}],"about":[{"href":"https:\/\/brasilnoticias.org\/site\/wp-json\/wp\/v2\/types\/post"}],"author":[{"embeddable":true,"href":"https:\/\/brasilnoticias.org\/site\/wp-json\/wp\/v2\/users\/1"}],"replies":[{"embeddable":true,"href":"https:\/\/brasilnoticias.org\/site\/wp-json\/wp\/v2\/comments?post=1775"}],"version-history":[{"count":1,"href":"https:\/\/brasilnoticias.org\/site\/wp-json\/wp\/v2\/posts\/1775\/revisions"}],"predecessor-version":[{"id":1777,"href":"https:\/\/brasilnoticias.org\/site\/wp-json\/wp\/v2\/posts\/1775\/revisions\/1777"}],"wp:featuredmedia":[{"embeddable":true,"href":"https:\/\/brasilnoticias.org\/site\/wp-json\/wp\/v2\/media\/1776"}],"wp:attachment":[{"href":"https:\/\/brasilnoticias.org\/site\/wp-json\/wp\/v2\/media?parent=1775"}],"wp:term":[{"taxonomy":"category","embeddable":true,"href":"https:\/\/brasilnoticias.org\/site\/wp-json\/wp\/v2\/categories?post=1775"},{"taxonomy":"post_tag","embeddable":true,"href":"https:\/\/brasilnoticias.org\/site\/wp-json\/wp\/v2\/tags?post=1775"}],"curies":[{"name":"wp","href":"https:\/\/api.w.org\/{rel}","templated":true}]}}