{"id":1782,"date":"2022-10-11T07:00:36","date_gmt":"2022-10-11T10:00:36","guid":{"rendered":"https:\/\/brasilnoticias.org\/site\/?p=1782"},"modified":"2022-10-11T00:01:52","modified_gmt":"2022-10-11T03:01:52","slug":"casos-de-doenca-cerebral-em-salvador-nao-tem-relacao-com-mal-da-vaca-louca-diz-sesab","status":"publish","type":"post","link":"https:\/\/brasilnoticias.org\/site\/casos-de-doenca-cerebral-em-salvador-nao-tem-relacao-com-mal-da-vaca-louca-diz-sesab\/","title":{"rendered":"Casos de doen\u00e7a cerebral em Salvador n\u00e3o t\u00eam rela\u00e7\u00e3o com mal da vaca louca, diz Sesab"},"content":{"rendered":"<p>Os casos de pacientes internados em Salvador com a doen\u00e7a de\u00a0Creutzfeldt-Jakob (DCJ) n\u00e3o t\u00eam rela\u00e7\u00e3o com o mal da vaca louca, informou nesta segunda-feira (10) a\u00a0Vigil\u00e2ncia \u00e0 Sa\u00fade do Estado da Bahia. A doen\u00e7a cerebral, que muitas vezes leva a pessoa afetada\u00a0ao coma ou \u00e0 morte, pode ser causada tanto pela ingest\u00e3o de carne contaminada quanto de forma espont\u00e2nea ou heredit\u00e1ria.<\/p>\n<p>A Vigil\u00e2ncia \u00e0 Sa\u00fadea afirmou que afastou a liga\u00e7\u00e3o da doen\u00e7a com a infec\u00e7\u00e3o de bovinos de acordo com as caracter\u00edsticas e n\u00fameros apresentados pelas notifica\u00e7\u00f5es.\u00a0<\/p>\n<p>O Centro de Informa\u00e7\u00f5es Estrat\u00e9gicas em Vigil\u00e2ncia em Sa\u00fade da Bahia (CIEVS-BA)\u00a0foi comunicado, no dia 6 de outubro, sobre dois casos confirmados de Doen\u00e7a de Creutzfeld-Jakob. Os dois pacientes s\u00e3o residentes em Salvador e est\u00e3o internados.<\/p>\n<p>Desde 2021, oito casos da doen\u00e7a foram notificados na Bahia (seis na capital baiana,\u00a0um em Sim\u00f5es Filho e outro em Serrol\u00e2dia). Al\u00e9m dos\u00a0pacientes internados, quatro morreram e outros dois est\u00e3o em investiga\u00e7\u00e3o pela\u00a0Vigil\u00e2ncia Epidemiol\u00f3gica.<\/p>\n<p>Foto:\u00a0Reprodu\u00e7\u00e3o<\/p>\n<p>Por:\u00a0Metro1<\/p>\n","protected":false},"excerpt":{"rendered":"<p>Os casos de pacientes internados em Salvador com a doen\u00e7a de\u00a0Creutzfeldt-Jakob (DCJ) n\u00e3o t\u00eam rela\u00e7\u00e3o com o mal da vaca<\/p>\n","protected":false},"author":1,"featured_media":1783,"comment_status":"open","ping_status":"open","sticky":false,"template":"","format":"standard","meta":{"colormag_page_container_layout":"default_layout","colormag_page_sidebar_layout":"default_layout","_FSMCFIC_featured_image_caption":"","_FSMCFIC_featured_image_nocaption":"","_FSMCFIC_featured_image_hide":"","footnotes":""},"categories":[2,1],"tags":[],"class_list":["post-1782","post","type-post","status-publish","format-standard","has-post-thumbnail","hentry","category-noticias","category-ultimas"],"yoast_head":"<!-- This site is optimized with the Yoast SEO plugin v27.1.1 - https:\/\/yoast.com\/product\/yoast-seo-wordpress\/ -->\n<title>Casos de doen\u00e7a cerebral em Salvador n\u00e3o t\u00eam rela\u00e7\u00e3o com mal da vaca louca, diz Sesab - Brasil not\u00edcias<\/title>\n<meta name=\"robots\" content=\"index, follow, max-snippet:-1, max-image-preview:large, max-video-preview:-1\" \/>\n<link rel=\"canonical\" href=\"https:\/\/brasilnoticias.org\/site\/casos-de-doenca-cerebral-em-salvador-nao-tem-relacao-com-mal-da-vaca-louca-diz-sesab\/\" \/>\n<meta property=\"og:locale\" content=\"pt_PT\" \/>\n<meta property=\"og:type\" content=\"article\" \/>\n<meta property=\"og:title\" content=\"Casos de doen\u00e7a cerebral em Salvador n\u00e3o t\u00eam rela\u00e7\u00e3o com mal da vaca louca, diz Sesab - Brasil not\u00edcias\" \/>\n<meta property=\"og:description\" content=\"Os casos de pacientes internados em Salvador com a doen\u00e7a de\u00a0Creutzfeldt-Jakob (DCJ) n\u00e3o t\u00eam rela\u00e7\u00e3o com o mal da vaca\" \/>\n<meta property=\"og:url\" content=\"https:\/\/brasilnoticias.org\/site\/casos-de-doenca-cerebral-em-salvador-nao-tem-relacao-com-mal-da-vaca-louca-diz-sesab\/\" \/>\n<meta property=\"og:site_name\" content=\"Brasil not\u00edcias\" \/>\n<meta property=\"article:published_time\" content=\"2022-10-11T10:00:36+00:00\" \/>\n<meta property=\"og:image\" content=\"https:\/\/brasilnoticias.org\/site\/wp-content\/uploads\/2022\/10\/129232casos-de-doenca-cerebral-em-salvador-nao-tem-relacao-com-mal-da-vaca-louca-diz-sesab-3.jpg\" \/>\n\t<meta property=\"og:image:width\" content=\"1600\" \/>\n\t<meta property=\"og:image:height\" content=\"752\" \/>\n\t<meta property=\"og:image:type\" content=\"image\/jpeg\" \/>\n<meta name=\"author\" content=\"Reda\u00e7\u00e3o\" \/>\n<meta name=\"twitter:card\" content=\"summary_large_image\" \/>\n<meta name=\"twitter:label1\" content=\"Escrito por\" \/>\n\t<meta name=\"twitter:data1\" content=\"Reda\u00e7\u00e3o\" \/>\n\t<meta name=\"twitter:label2\" content=\"Tempo estimado de leitura\" \/>\n\t<meta name=\"twitter:data2\" content=\"1 minuto\" \/>\n<script type=\"application\/ld+json\" class=\"yoast-schema-graph\">{\"@context\":\"https:\/\/schema.org\",\"@graph\":[{\"@type\":\"Article\",\"@id\":\"https:\/\/brasilnoticias.org\/site\/casos-de-doenca-cerebral-em-salvador-nao-tem-relacao-com-mal-da-vaca-louca-diz-sesab\/#article\",\"isPartOf\":{\"@id\":\"https:\/\/brasilnoticias.org\/site\/casos-de-doenca-cerebral-em-salvador-nao-tem-relacao-com-mal-da-vaca-louca-diz-sesab\/\"},\"author\":{\"name\":\"Reda\u00e7\u00e3o\",\"@id\":\"https:\/\/brasilnoticias.org\/site\/#\/schema\/person\/a0e05b973ec4d15c658d51911e53507b\"},\"headline\":\"Casos de doen\u00e7a cerebral em Salvador n\u00e3o t\u00eam rela\u00e7\u00e3o com mal da vaca louca, diz Sesab\",\"datePublished\":\"2022-10-11T10:00:36+00:00\",\"mainEntityOfPage\":{\"@id\":\"https:\/\/brasilnoticias.org\/site\/casos-de-doenca-cerebral-em-salvador-nao-tem-relacao-com-mal-da-vaca-louca-diz-sesab\/\"},\"wordCount\":216,\"commentCount\":0,\"publisher\":{\"@id\":\"https:\/\/brasilnoticias.org\/site\/#organization\"},\"image\":{\"@id\":\"https:\/\/brasilnoticias.org\/site\/casos-de-doenca-cerebral-em-salvador-nao-tem-relacao-com-mal-da-vaca-louca-diz-sesab\/#primaryimage\"},\"thumbnailUrl\":\"https:\/\/brasilnoticias.org\/site\/wp-content\/uploads\/2022\/10\/129232casos-de-doenca-cerebral-em-salvador-nao-tem-relacao-com-mal-da-vaca-louca-diz-sesab-3.jpg\",\"articleSection\":[\"Not\u00edcias\",\"\u00daltimas\"],\"inLanguage\":\"pt-PT\",\"potentialAction\":[{\"@type\":\"CommentAction\",\"name\":\"Comment\",\"target\":[\"https:\/\/brasilnoticias.org\/site\/casos-de-doenca-cerebral-em-salvador-nao-tem-relacao-com-mal-da-vaca-louca-diz-sesab\/#respond\"]}]},{\"@type\":\"WebPage\",\"@id\":\"https:\/\/brasilnoticias.org\/site\/casos-de-doenca-cerebral-em-salvador-nao-tem-relacao-com-mal-da-vaca-louca-diz-sesab\/\",\"url\":\"https:\/\/brasilnoticias.org\/site\/casos-de-doenca-cerebral-em-salvador-nao-tem-relacao-com-mal-da-vaca-louca-diz-sesab\/\",\"name\":\"Casos de doen\u00e7a cerebral em Salvador n\u00e3o t\u00eam rela\u00e7\u00e3o com mal da vaca louca, diz Sesab - Brasil not\u00edcias\",\"isPartOf\":{\"@id\":\"https:\/\/brasilnoticias.org\/site\/#website\"},\"primaryImageOfPage\":{\"@id\":\"https:\/\/brasilnoticias.org\/site\/casos-de-doenca-cerebral-em-salvador-nao-tem-relacao-com-mal-da-vaca-louca-diz-sesab\/#primaryimage\"},\"image\":{\"@id\":\"https:\/\/brasilnoticias.org\/site\/casos-de-doenca-cerebral-em-salvador-nao-tem-relacao-com-mal-da-vaca-louca-diz-sesab\/#primaryimage\"},\"thumbnailUrl\":\"https:\/\/brasilnoticias.org\/site\/wp-content\/uploads\/2022\/10\/129232casos-de-doenca-cerebral-em-salvador-nao-tem-relacao-com-mal-da-vaca-louca-diz-sesab-3.jpg\",\"datePublished\":\"2022-10-11T10:00:36+00:00\",\"breadcrumb\":{\"@id\":\"https:\/\/brasilnoticias.org\/site\/casos-de-doenca-cerebral-em-salvador-nao-tem-relacao-com-mal-da-vaca-louca-diz-sesab\/#breadcrumb\"},\"inLanguage\":\"pt-PT\",\"potentialAction\":[{\"@type\":\"ReadAction\",\"target\":[\"https:\/\/brasilnoticias.org\/site\/casos-de-doenca-cerebral-em-salvador-nao-tem-relacao-com-mal-da-vaca-louca-diz-sesab\/\"]}]},{\"@type\":\"ImageObject\",\"inLanguage\":\"pt-PT\",\"@id\":\"https:\/\/brasilnoticias.org\/site\/casos-de-doenca-cerebral-em-salvador-nao-tem-relacao-com-mal-da-vaca-louca-diz-sesab\/#primaryimage\",\"url\":\"https:\/\/brasilnoticias.org\/site\/wp-content\/uploads\/2022\/10\/129232casos-de-doenca-cerebral-em-salvador-nao-tem-relacao-com-mal-da-vaca-louca-diz-sesab-3.jpg\",\"contentUrl\":\"https:\/\/brasilnoticias.org\/site\/wp-content\/uploads\/2022\/10\/129232casos-de-doenca-cerebral-em-salvador-nao-tem-relacao-com-mal-da-vaca-louca-diz-sesab-3.jpg\",\"width\":1600,\"height\":752},{\"@type\":\"BreadcrumbList\",\"@id\":\"https:\/\/brasilnoticias.org\/site\/casos-de-doenca-cerebral-em-salvador-nao-tem-relacao-com-mal-da-vaca-louca-diz-sesab\/#breadcrumb\",\"itemListElement\":[{\"@type\":\"ListItem\",\"position\":1,\"name\":\"In\u00edcio\",\"item\":\"https:\/\/brasilnoticias.org\/site\/\"},{\"@type\":\"ListItem\",\"position\":2,\"name\":\"Casos de doen\u00e7a cerebral em Salvador n\u00e3o t\u00eam rela\u00e7\u00e3o com mal da vaca louca, diz Sesab\"}]},{\"@type\":\"WebSite\",\"@id\":\"https:\/\/brasilnoticias.org\/site\/#website\",\"url\":\"https:\/\/brasilnoticias.org\/site\/\",\"name\":\"Brasil not\u00edcias\",\"description\":\"Brasil not\u00edcias\",\"publisher\":{\"@id\":\"https:\/\/brasilnoticias.org\/site\/#organization\"},\"potentialAction\":[{\"@type\":\"SearchAction\",\"target\":{\"@type\":\"EntryPoint\",\"urlTemplate\":\"https:\/\/brasilnoticias.org\/site\/?s={search_term_string}\"},\"query-input\":{\"@type\":\"PropertyValueSpecification\",\"valueRequired\":true,\"valueName\":\"search_term_string\"}}],\"inLanguage\":\"pt-PT\"},{\"@type\":\"Organization\",\"@id\":\"https:\/\/brasilnoticias.org\/site\/#organization\",\"name\":\"Brasil not\u00edcias\",\"url\":\"https:\/\/brasilnoticias.org\/site\/\",\"logo\":{\"@type\":\"ImageObject\",\"inLanguage\":\"pt-PT\",\"@id\":\"https:\/\/brasilnoticias.org\/site\/#\/schema\/logo\/image\/\",\"url\":\"https:\/\/brasilnoticias.org\/site\/wp-content\/uploads\/2022\/05\/cropped-brasilnoticias-mini.jpg\",\"contentUrl\":\"https:\/\/brasilnoticias.org\/site\/wp-content\/uploads\/2022\/05\/cropped-brasilnoticias-mini.jpg\",\"width\":314,\"height\":86,\"caption\":\"Brasil not\u00edcias\"},\"image\":{\"@id\":\"https:\/\/brasilnoticias.org\/site\/#\/schema\/logo\/image\/\"}},{\"@type\":\"Person\",\"@id\":\"https:\/\/brasilnoticias.org\/site\/#\/schema\/person\/a0e05b973ec4d15c658d51911e53507b\",\"name\":\"Reda\u00e7\u00e3o\",\"image\":{\"@type\":\"ImageObject\",\"inLanguage\":\"pt-PT\",\"@id\":\"https:\/\/brasilnoticias.org\/site\/#\/schema\/person\/image\/\",\"url\":\"https:\/\/secure.gravatar.com\/avatar\/75d8b050df2de108b08ae78dfb8e374892df24a383c67db9c46a9c604f6aee9c?s=96&d=mm&r=g\",\"contentUrl\":\"https:\/\/secure.gravatar.com\/avatar\/75d8b050df2de108b08ae78dfb8e374892df24a383c67db9c46a9c604f6aee9c?s=96&d=mm&r=g\",\"caption\":\"Reda\u00e7\u00e3o\"},\"sameAs\":[\"https:\/\/brasilnoticias.org\/site\"],\"url\":\"https:\/\/brasilnoticias.org\/site\/author\/fernandozsngmail-com\/\"}]}<\/script>\n<!-- \/ Yoast SEO plugin. -->","yoast_head_json":{"title":"Casos de doen\u00e7a cerebral em Salvador n\u00e3o t\u00eam rela\u00e7\u00e3o com mal da vaca louca, diz Sesab - Brasil not\u00edcias","robots":{"index":"index","follow":"follow","max-snippet":"max-snippet:-1","max-image-preview":"max-image-preview:large","max-video-preview":"max-video-preview:-1"},"canonical":"https:\/\/brasilnoticias.org\/site\/casos-de-doenca-cerebral-em-salvador-nao-tem-relacao-com-mal-da-vaca-louca-diz-sesab\/","og_locale":"pt_PT","og_type":"article","og_title":"Casos de doen\u00e7a cerebral em Salvador n\u00e3o t\u00eam rela\u00e7\u00e3o com mal da vaca louca, diz Sesab - Brasil not\u00edcias","og_description":"Os casos de pacientes internados em Salvador com a doen\u00e7a de\u00a0Creutzfeldt-Jakob (DCJ) n\u00e3o t\u00eam rela\u00e7\u00e3o com o mal da vaca","og_url":"https:\/\/brasilnoticias.org\/site\/casos-de-doenca-cerebral-em-salvador-nao-tem-relacao-com-mal-da-vaca-louca-diz-sesab\/","og_site_name":"Brasil not\u00edcias","article_published_time":"2022-10-11T10:00:36+00:00","og_image":[{"width":1600,"height":752,"url":"https:\/\/brasilnoticias.org\/site\/wp-content\/uploads\/2022\/10\/129232casos-de-doenca-cerebral-em-salvador-nao-tem-relacao-com-mal-da-vaca-louca-diz-sesab-3.jpg","type":"image\/jpeg"}],"author":"Reda\u00e7\u00e3o","twitter_card":"summary_large_image","twitter_misc":{"Escrito por":"Reda\u00e7\u00e3o","Tempo estimado de leitura":"1 minuto"},"schema":{"@context":"https:\/\/schema.org","@graph":[{"@type":"Article","@id":"https:\/\/brasilnoticias.org\/site\/casos-de-doenca-cerebral-em-salvador-nao-tem-relacao-com-mal-da-vaca-louca-diz-sesab\/#article","isPartOf":{"@id":"https:\/\/brasilnoticias.org\/site\/casos-de-doenca-cerebral-em-salvador-nao-tem-relacao-com-mal-da-vaca-louca-diz-sesab\/"},"author":{"name":"Reda\u00e7\u00e3o","@id":"https:\/\/brasilnoticias.org\/site\/#\/schema\/person\/a0e05b973ec4d15c658d51911e53507b"},"headline":"Casos de doen\u00e7a cerebral em Salvador n\u00e3o t\u00eam rela\u00e7\u00e3o com mal da vaca louca, diz Sesab","datePublished":"2022-10-11T10:00:36+00:00","mainEntityOfPage":{"@id":"https:\/\/brasilnoticias.org\/site\/casos-de-doenca-cerebral-em-salvador-nao-tem-relacao-com-mal-da-vaca-louca-diz-sesab\/"},"wordCount":216,"commentCount":0,"publisher":{"@id":"https:\/\/brasilnoticias.org\/site\/#organization"},"image":{"@id":"https:\/\/brasilnoticias.org\/site\/casos-de-doenca-cerebral-em-salvador-nao-tem-relacao-com-mal-da-vaca-louca-diz-sesab\/#primaryimage"},"thumbnailUrl":"https:\/\/brasilnoticias.org\/site\/wp-content\/uploads\/2022\/10\/129232casos-de-doenca-cerebral-em-salvador-nao-tem-relacao-com-mal-da-vaca-louca-diz-sesab-3.jpg","articleSection":["Not\u00edcias","\u00daltimas"],"inLanguage":"pt-PT","potentialAction":[{"@type":"CommentAction","name":"Comment","target":["https:\/\/brasilnoticias.org\/site\/casos-de-doenca-cerebral-em-salvador-nao-tem-relacao-com-mal-da-vaca-louca-diz-sesab\/#respond"]}]},{"@type":"WebPage","@id":"https:\/\/brasilnoticias.org\/site\/casos-de-doenca-cerebral-em-salvador-nao-tem-relacao-com-mal-da-vaca-louca-diz-sesab\/","url":"https:\/\/brasilnoticias.org\/site\/casos-de-doenca-cerebral-em-salvador-nao-tem-relacao-com-mal-da-vaca-louca-diz-sesab\/","name":"Casos de doen\u00e7a cerebral em Salvador n\u00e3o t\u00eam rela\u00e7\u00e3o com mal da vaca louca, diz Sesab - Brasil not\u00edcias","isPartOf":{"@id":"https:\/\/brasilnoticias.org\/site\/#website"},"primaryImageOfPage":{"@id":"https:\/\/brasilnoticias.org\/site\/casos-de-doenca-cerebral-em-salvador-nao-tem-relacao-com-mal-da-vaca-louca-diz-sesab\/#primaryimage"},"image":{"@id":"https:\/\/brasilnoticias.org\/site\/casos-de-doenca-cerebral-em-salvador-nao-tem-relacao-com-mal-da-vaca-louca-diz-sesab\/#primaryimage"},"thumbnailUrl":"https:\/\/brasilnoticias.org\/site\/wp-content\/uploads\/2022\/10\/129232casos-de-doenca-cerebral-em-salvador-nao-tem-relacao-com-mal-da-vaca-louca-diz-sesab-3.jpg","datePublished":"2022-10-11T10:00:36+00:00","breadcrumb":{"@id":"https:\/\/brasilnoticias.org\/site\/casos-de-doenca-cerebral-em-salvador-nao-tem-relacao-com-mal-da-vaca-louca-diz-sesab\/#breadcrumb"},"inLanguage":"pt-PT","potentialAction":[{"@type":"ReadAction","target":["https:\/\/brasilnoticias.org\/site\/casos-de-doenca-cerebral-em-salvador-nao-tem-relacao-com-mal-da-vaca-louca-diz-sesab\/"]}]},{"@type":"ImageObject","inLanguage":"pt-PT","@id":"https:\/\/brasilnoticias.org\/site\/casos-de-doenca-cerebral-em-salvador-nao-tem-relacao-com-mal-da-vaca-louca-diz-sesab\/#primaryimage","url":"https:\/\/brasilnoticias.org\/site\/wp-content\/uploads\/2022\/10\/129232casos-de-doenca-cerebral-em-salvador-nao-tem-relacao-com-mal-da-vaca-louca-diz-sesab-3.jpg","contentUrl":"https:\/\/brasilnoticias.org\/site\/wp-content\/uploads\/2022\/10\/129232casos-de-doenca-cerebral-em-salvador-nao-tem-relacao-com-mal-da-vaca-louca-diz-sesab-3.jpg","width":1600,"height":752},{"@type":"BreadcrumbList","@id":"https:\/\/brasilnoticias.org\/site\/casos-de-doenca-cerebral-em-salvador-nao-tem-relacao-com-mal-da-vaca-louca-diz-sesab\/#breadcrumb","itemListElement":[{"@type":"ListItem","position":1,"name":"In\u00edcio","item":"https:\/\/brasilnoticias.org\/site\/"},{"@type":"ListItem","position":2,"name":"Casos de doen\u00e7a cerebral em Salvador n\u00e3o t\u00eam rela\u00e7\u00e3o com mal da vaca louca, diz Sesab"}]},{"@type":"WebSite","@id":"https:\/\/brasilnoticias.org\/site\/#website","url":"https:\/\/brasilnoticias.org\/site\/","name":"Brasil not\u00edcias","description":"Brasil not\u00edcias","publisher":{"@id":"https:\/\/brasilnoticias.org\/site\/#organization"},"potentialAction":[{"@type":"SearchAction","target":{"@type":"EntryPoint","urlTemplate":"https:\/\/brasilnoticias.org\/site\/?s={search_term_string}"},"query-input":{"@type":"PropertyValueSpecification","valueRequired":true,"valueName":"search_term_string"}}],"inLanguage":"pt-PT"},{"@type":"Organization","@id":"https:\/\/brasilnoticias.org\/site\/#organization","name":"Brasil not\u00edcias","url":"https:\/\/brasilnoticias.org\/site\/","logo":{"@type":"ImageObject","inLanguage":"pt-PT","@id":"https:\/\/brasilnoticias.org\/site\/#\/schema\/logo\/image\/","url":"https:\/\/brasilnoticias.org\/site\/wp-content\/uploads\/2022\/05\/cropped-brasilnoticias-mini.jpg","contentUrl":"https:\/\/brasilnoticias.org\/site\/wp-content\/uploads\/2022\/05\/cropped-brasilnoticias-mini.jpg","width":314,"height":86,"caption":"Brasil not\u00edcias"},"image":{"@id":"https:\/\/brasilnoticias.org\/site\/#\/schema\/logo\/image\/"}},{"@type":"Person","@id":"https:\/\/brasilnoticias.org\/site\/#\/schema\/person\/a0e05b973ec4d15c658d51911e53507b","name":"Reda\u00e7\u00e3o","image":{"@type":"ImageObject","inLanguage":"pt-PT","@id":"https:\/\/brasilnoticias.org\/site\/#\/schema\/person\/image\/","url":"https:\/\/secure.gravatar.com\/avatar\/75d8b050df2de108b08ae78dfb8e374892df24a383c67db9c46a9c604f6aee9c?s=96&d=mm&r=g","contentUrl":"https:\/\/secure.gravatar.com\/avatar\/75d8b050df2de108b08ae78dfb8e374892df24a383c67db9c46a9c604f6aee9c?s=96&d=mm&r=g","caption":"Reda\u00e7\u00e3o"},"sameAs":["https:\/\/brasilnoticias.org\/site"],"url":"https:\/\/brasilnoticias.org\/site\/author\/fernandozsngmail-com\/"}]}},"_links":{"self":[{"href":"https:\/\/brasilnoticias.org\/site\/wp-json\/wp\/v2\/posts\/1782","targetHints":{"allow":["GET"]}}],"collection":[{"href":"https:\/\/brasilnoticias.org\/site\/wp-json\/wp\/v2\/posts"}],"about":[{"href":"https:\/\/brasilnoticias.org\/site\/wp-json\/wp\/v2\/types\/post"}],"author":[{"embeddable":true,"href":"https:\/\/brasilnoticias.org\/site\/wp-json\/wp\/v2\/users\/1"}],"replies":[{"embeddable":true,"href":"https:\/\/brasilnoticias.org\/site\/wp-json\/wp\/v2\/comments?post=1782"}],"version-history":[{"count":1,"href":"https:\/\/brasilnoticias.org\/site\/wp-json\/wp\/v2\/posts\/1782\/revisions"}],"predecessor-version":[{"id":1784,"href":"https:\/\/brasilnoticias.org\/site\/wp-json\/wp\/v2\/posts\/1782\/revisions\/1784"}],"wp:featuredmedia":[{"embeddable":true,"href":"https:\/\/brasilnoticias.org\/site\/wp-json\/wp\/v2\/media\/1783"}],"wp:attachment":[{"href":"https:\/\/brasilnoticias.org\/site\/wp-json\/wp\/v2\/media?parent=1782"}],"wp:term":[{"taxonomy":"category","embeddable":true,"href":"https:\/\/brasilnoticias.org\/site\/wp-json\/wp\/v2\/categories?post=1782"},{"taxonomy":"post_tag","embeddable":true,"href":"https:\/\/brasilnoticias.org\/site\/wp-json\/wp\/v2\/tags?post=1782"}],"curies":[{"name":"wp","href":"https:\/\/api.w.org\/{rel}","templated":true}]}}