{"id":17835,"date":"2025-08-25T20:45:48","date_gmt":"2025-08-25T23:45:48","guid":{"rendered":"https:\/\/brasilnoticias.org\/site\/?p=17835"},"modified":"2025-08-25T20:45:48","modified_gmt":"2025-08-25T23:45:48","slug":"lei-organica-capitao-alden-e-diego-castro-promovem-evento-em-prol-dos-militares","status":"publish","type":"post","link":"https:\/\/brasilnoticias.org\/site\/lei-organica-capitao-alden-e-diego-castro-promovem-evento-em-prol-dos-militares\/","title":{"rendered":"Lei Org\u00e2nica: Capit\u00e3o Alden e Diego Castro promovem evento em prol dos militares"},"content":{"rendered":"<p>A Seguran\u00e7a P\u00fablica receber\u00e1 a aten\u00e7\u00e3o dos holofotes em solo baiano no pr\u00f3ximo dia 4 de setembro, \u00e0s 9h, na Assembleia Legislativa da Bahia (Alba), pois o deputado federal Capit\u00e3o Alden (PL-BA) e o parlamentar estadual Diego Castro (PL-BA) promover\u00e3o o Semin\u00e1rio Nacional de Discuss\u00e3o da Lei Org\u00e2nica Federal da Pol\u00edcia Militar e Corpo de Bombeiros Militar. <\/p>\n<p>O evento contar\u00e1 com a presen\u00e7a de associa\u00e7\u00f5es representativas da categoria e demais autoridades ligadas ao tema. O encontro \u00e9 fruto das movimenta\u00e7\u00f5es realizadas pelos militares baianos no Congresso Nacional em prol da implementa\u00e7\u00e3o imediata nos estados da Lei Org\u00e2nica Federal da Pol\u00edcia Militar e Corpo de Bombeiros Militar. <\/p>\n<p>&#8220;Todos os estados brasileiros que t\u00eam avan\u00e7ado no sentido de combater, eficazmente, o crime e a viol\u00eancia em comum a valoriza\u00e7\u00e3o policial! Ent\u00e3o a Lei Org\u00e2nica traz elementos fundamentais e essenciais para garantir a valoriza\u00e7\u00e3o do profissional nas carreiras militares&#8221;, pontua Alden.   <\/p>\n<p>Outras a\u00e7\u00f5es &#8211; Em maio deste ano, o deputado federal Capit\u00e3o Alden, membro titular da Comiss\u00e3o de Seguran\u00e7a P\u00fablica e Combate ao Crime Organizado da C\u00e2mara Federal, participou de um semin\u00e1rio com a mesma tem\u00e1tica na Assembleia Legislativa do Cear\u00e1. Na ocasi\u00e3o, o parlamentar refor\u00e7ou seu compromisso com a pauta e destacou a import\u00e2ncia da Lei Org\u00e2nica Federal da Pol\u00edcia Militar e do Corpo de Bombeiros Militar. <\/p>\n<p>O deputado estadual Diego Castro refor\u00e7ou a import\u00e2ncia do tema: \u201c\u00c9 fundamental que os estados valorizem e apoiem nossos profissionais de seguran\u00e7a. A Lei Org\u00e2nica \u00e9 decisiva para reconhecer a dedica\u00e7\u00e3o dos policiais e bombeiros militares\u201d.<\/p>\n","protected":false},"excerpt":{"rendered":"<p>A Seguran\u00e7a P\u00fablica receber\u00e1 a aten\u00e7\u00e3o dos holofotes em solo baiano no pr\u00f3ximo dia 4 de setembro, \u00e0s 9h, na<\/p>\n","protected":false},"author":4,"featured_media":17836,"comment_status":"open","ping_status":"open","sticky":false,"template":"","format":"standard","meta":{"colormag_page_container_layout":"default_layout","colormag_page_sidebar_layout":"default_layout","_FSMCFIC_featured_image_caption":"","_FSMCFIC_featured_image_nocaption":"","_FSMCFIC_featured_image_hide":"","footnotes":""},"categories":[2,1],"tags":[],"class_list":["post-17835","post","type-post","status-publish","format-standard","has-post-thumbnail","hentry","category-noticias","category-ultimas"],"yoast_head":"<!-- This site is optimized with the Yoast SEO plugin v27.1.1 - https:\/\/yoast.com\/product\/yoast-seo-wordpress\/ -->\n<title>Lei Org\u00e2nica: Capit\u00e3o Alden e Diego Castro promovem evento em prol dos militares - Brasil not\u00edcias<\/title>\n<meta name=\"robots\" content=\"index, follow, max-snippet:-1, max-image-preview:large, max-video-preview:-1\" \/>\n<link rel=\"canonical\" href=\"https:\/\/brasilnoticias.org\/site\/lei-organica-capitao-alden-e-diego-castro-promovem-evento-em-prol-dos-militares\/\" \/>\n<meta property=\"og:locale\" content=\"pt_PT\" \/>\n<meta property=\"og:type\" content=\"article\" \/>\n<meta property=\"og:title\" content=\"Lei Org\u00e2nica: Capit\u00e3o Alden e Diego Castro promovem evento em prol dos militares - Brasil not\u00edcias\" \/>\n<meta property=\"og:description\" content=\"A Seguran\u00e7a P\u00fablica receber\u00e1 a aten\u00e7\u00e3o dos holofotes em solo baiano no pr\u00f3ximo dia 4 de setembro, \u00e0s 9h, na\" \/>\n<meta property=\"og:url\" content=\"https:\/\/brasilnoticias.org\/site\/lei-organica-capitao-alden-e-diego-castro-promovem-evento-em-prol-dos-militares\/\" \/>\n<meta property=\"og:site_name\" content=\"Brasil not\u00edcias\" \/>\n<meta property=\"article:published_time\" content=\"2025-08-25T23:45:48+00:00\" \/>\n<meta property=\"og:image\" content=\"https:\/\/brasilnoticias.org\/site\/wp-content\/uploads\/2025\/08\/63e7a49b-3977-42d1-971a-d43bfd31054b.jpeg\" \/>\n\t<meta property=\"og:image:width\" content=\"1325\" \/>\n\t<meta property=\"og:image:height\" content=\"1039\" \/>\n\t<meta property=\"og:image:type\" content=\"image\/jpeg\" \/>\n<meta name=\"author\" content=\"Reda\u00e7\u00e3o\" \/>\n<meta name=\"twitter:card\" content=\"summary_large_image\" \/>\n<meta name=\"twitter:label1\" content=\"Escrito por\" \/>\n\t<meta name=\"twitter:data1\" content=\"Reda\u00e7\u00e3o\" \/>\n\t<meta name=\"twitter:label2\" content=\"Tempo estimado de leitura\" \/>\n\t<meta name=\"twitter:data2\" content=\"1 minuto\" \/>\n<script type=\"application\/ld+json\" class=\"yoast-schema-graph\">{\"@context\":\"https:\/\/schema.org\",\"@graph\":[{\"@type\":\"Article\",\"@id\":\"https:\/\/brasilnoticias.org\/site\/lei-organica-capitao-alden-e-diego-castro-promovem-evento-em-prol-dos-militares\/#article\",\"isPartOf\":{\"@id\":\"https:\/\/brasilnoticias.org\/site\/lei-organica-capitao-alden-e-diego-castro-promovem-evento-em-prol-dos-militares\/\"},\"author\":{\"name\":\"Reda\u00e7\u00e3o\",\"@id\":\"https:\/\/brasilnoticias.org\/site\/#\/schema\/person\/03bbbfe6c7634ad18c26444ea39049fa\"},\"headline\":\"Lei Org\u00e2nica: Capit\u00e3o Alden e Diego Castro promovem evento em prol dos militares\",\"datePublished\":\"2025-08-25T23:45:48+00:00\",\"mainEntityOfPage\":{\"@id\":\"https:\/\/brasilnoticias.org\/site\/lei-organica-capitao-alden-e-diego-castro-promovem-evento-em-prol-dos-militares\/\"},\"wordCount\":303,\"commentCount\":0,\"publisher\":{\"@id\":\"https:\/\/brasilnoticias.org\/site\/#organization\"},\"image\":{\"@id\":\"https:\/\/brasilnoticias.org\/site\/lei-organica-capitao-alden-e-diego-castro-promovem-evento-em-prol-dos-militares\/#primaryimage\"},\"thumbnailUrl\":\"https:\/\/brasilnoticias.org\/site\/wp-content\/uploads\/2025\/08\/63e7a49b-3977-42d1-971a-d43bfd31054b.jpeg\",\"articleSection\":[\"Not\u00edcias\",\"\u00daltimas\"],\"inLanguage\":\"pt-PT\",\"potentialAction\":[{\"@type\":\"CommentAction\",\"name\":\"Comment\",\"target\":[\"https:\/\/brasilnoticias.org\/site\/lei-organica-capitao-alden-e-diego-castro-promovem-evento-em-prol-dos-militares\/#respond\"]}]},{\"@type\":\"WebPage\",\"@id\":\"https:\/\/brasilnoticias.org\/site\/lei-organica-capitao-alden-e-diego-castro-promovem-evento-em-prol-dos-militares\/\",\"url\":\"https:\/\/brasilnoticias.org\/site\/lei-organica-capitao-alden-e-diego-castro-promovem-evento-em-prol-dos-militares\/\",\"name\":\"Lei Org\u00e2nica: Capit\u00e3o Alden e Diego Castro promovem evento em prol dos militares - Brasil not\u00edcias\",\"isPartOf\":{\"@id\":\"https:\/\/brasilnoticias.org\/site\/#website\"},\"primaryImageOfPage\":{\"@id\":\"https:\/\/brasilnoticias.org\/site\/lei-organica-capitao-alden-e-diego-castro-promovem-evento-em-prol-dos-militares\/#primaryimage\"},\"image\":{\"@id\":\"https:\/\/brasilnoticias.org\/site\/lei-organica-capitao-alden-e-diego-castro-promovem-evento-em-prol-dos-militares\/#primaryimage\"},\"thumbnailUrl\":\"https:\/\/brasilnoticias.org\/site\/wp-content\/uploads\/2025\/08\/63e7a49b-3977-42d1-971a-d43bfd31054b.jpeg\",\"datePublished\":\"2025-08-25T23:45:48+00:00\",\"breadcrumb\":{\"@id\":\"https:\/\/brasilnoticias.org\/site\/lei-organica-capitao-alden-e-diego-castro-promovem-evento-em-prol-dos-militares\/#breadcrumb\"},\"inLanguage\":\"pt-PT\",\"potentialAction\":[{\"@type\":\"ReadAction\",\"target\":[\"https:\/\/brasilnoticias.org\/site\/lei-organica-capitao-alden-e-diego-castro-promovem-evento-em-prol-dos-militares\/\"]}]},{\"@type\":\"ImageObject\",\"inLanguage\":\"pt-PT\",\"@id\":\"https:\/\/brasilnoticias.org\/site\/lei-organica-capitao-alden-e-diego-castro-promovem-evento-em-prol-dos-militares\/#primaryimage\",\"url\":\"https:\/\/brasilnoticias.org\/site\/wp-content\/uploads\/2025\/08\/63e7a49b-3977-42d1-971a-d43bfd31054b.jpeg\",\"contentUrl\":\"https:\/\/brasilnoticias.org\/site\/wp-content\/uploads\/2025\/08\/63e7a49b-3977-42d1-971a-d43bfd31054b.jpeg\",\"width\":1325,\"height\":1039},{\"@type\":\"BreadcrumbList\",\"@id\":\"https:\/\/brasilnoticias.org\/site\/lei-organica-capitao-alden-e-diego-castro-promovem-evento-em-prol-dos-militares\/#breadcrumb\",\"itemListElement\":[{\"@type\":\"ListItem\",\"position\":1,\"name\":\"In\u00edcio\",\"item\":\"https:\/\/brasilnoticias.org\/site\/\"},{\"@type\":\"ListItem\",\"position\":2,\"name\":\"Lei Org\u00e2nica: Capit\u00e3o Alden e Diego Castro promovem evento em prol dos militares\"}]},{\"@type\":\"WebSite\",\"@id\":\"https:\/\/brasilnoticias.org\/site\/#website\",\"url\":\"https:\/\/brasilnoticias.org\/site\/\",\"name\":\"Brasil not\u00edcias\",\"description\":\"Brasil not\u00edcias\",\"publisher\":{\"@id\":\"https:\/\/brasilnoticias.org\/site\/#organization\"},\"potentialAction\":[{\"@type\":\"SearchAction\",\"target\":{\"@type\":\"EntryPoint\",\"urlTemplate\":\"https:\/\/brasilnoticias.org\/site\/?s={search_term_string}\"},\"query-input\":{\"@type\":\"PropertyValueSpecification\",\"valueRequired\":true,\"valueName\":\"search_term_string\"}}],\"inLanguage\":\"pt-PT\"},{\"@type\":\"Organization\",\"@id\":\"https:\/\/brasilnoticias.org\/site\/#organization\",\"name\":\"Brasil not\u00edcias\",\"url\":\"https:\/\/brasilnoticias.org\/site\/\",\"logo\":{\"@type\":\"ImageObject\",\"inLanguage\":\"pt-PT\",\"@id\":\"https:\/\/brasilnoticias.org\/site\/#\/schema\/logo\/image\/\",\"url\":\"https:\/\/brasilnoticias.org\/site\/wp-content\/uploads\/2022\/05\/cropped-brasilnoticias-mini.jpg\",\"contentUrl\":\"https:\/\/brasilnoticias.org\/site\/wp-content\/uploads\/2022\/05\/cropped-brasilnoticias-mini.jpg\",\"width\":314,\"height\":86,\"caption\":\"Brasil not\u00edcias\"},\"image\":{\"@id\":\"https:\/\/brasilnoticias.org\/site\/#\/schema\/logo\/image\/\"}},{\"@type\":\"Person\",\"@id\":\"https:\/\/brasilnoticias.org\/site\/#\/schema\/person\/03bbbfe6c7634ad18c26444ea39049fa\",\"name\":\"Reda\u00e7\u00e3o\",\"image\":{\"@type\":\"ImageObject\",\"inLanguage\":\"pt-PT\",\"@id\":\"https:\/\/brasilnoticias.org\/site\/#\/schema\/person\/image\/\",\"url\":\"https:\/\/secure.gravatar.com\/avatar\/9ecaf7327a696cb23ad926fedded5f1f04d7049de9e445375d55b48c001a6e42?s=96&d=mm&r=g\",\"contentUrl\":\"https:\/\/secure.gravatar.com\/avatar\/9ecaf7327a696cb23ad926fedded5f1f04d7049de9e445375d55b48c001a6e42?s=96&d=mm&r=g\",\"caption\":\"Reda\u00e7\u00e3o\"},\"url\":\"https:\/\/brasilnoticias.org\/site\/author\/henrique\/\"}]}<\/script>\n<!-- \/ Yoast SEO plugin. -->","yoast_head_json":{"title":"Lei Org\u00e2nica: Capit\u00e3o Alden e Diego Castro promovem evento em prol dos militares - Brasil not\u00edcias","robots":{"index":"index","follow":"follow","max-snippet":"max-snippet:-1","max-image-preview":"max-image-preview:large","max-video-preview":"max-video-preview:-1"},"canonical":"https:\/\/brasilnoticias.org\/site\/lei-organica-capitao-alden-e-diego-castro-promovem-evento-em-prol-dos-militares\/","og_locale":"pt_PT","og_type":"article","og_title":"Lei Org\u00e2nica: Capit\u00e3o Alden e Diego Castro promovem evento em prol dos militares - Brasil not\u00edcias","og_description":"A Seguran\u00e7a P\u00fablica receber\u00e1 a aten\u00e7\u00e3o dos holofotes em solo baiano no pr\u00f3ximo dia 4 de setembro, \u00e0s 9h, na","og_url":"https:\/\/brasilnoticias.org\/site\/lei-organica-capitao-alden-e-diego-castro-promovem-evento-em-prol-dos-militares\/","og_site_name":"Brasil not\u00edcias","article_published_time":"2025-08-25T23:45:48+00:00","og_image":[{"width":1325,"height":1039,"url":"https:\/\/brasilnoticias.org\/site\/wp-content\/uploads\/2025\/08\/63e7a49b-3977-42d1-971a-d43bfd31054b.jpeg","type":"image\/jpeg"}],"author":"Reda\u00e7\u00e3o","twitter_card":"summary_large_image","twitter_misc":{"Escrito por":"Reda\u00e7\u00e3o","Tempo estimado de leitura":"1 minuto"},"schema":{"@context":"https:\/\/schema.org","@graph":[{"@type":"Article","@id":"https:\/\/brasilnoticias.org\/site\/lei-organica-capitao-alden-e-diego-castro-promovem-evento-em-prol-dos-militares\/#article","isPartOf":{"@id":"https:\/\/brasilnoticias.org\/site\/lei-organica-capitao-alden-e-diego-castro-promovem-evento-em-prol-dos-militares\/"},"author":{"name":"Reda\u00e7\u00e3o","@id":"https:\/\/brasilnoticias.org\/site\/#\/schema\/person\/03bbbfe6c7634ad18c26444ea39049fa"},"headline":"Lei Org\u00e2nica: Capit\u00e3o Alden e Diego Castro promovem evento em prol dos militares","datePublished":"2025-08-25T23:45:48+00:00","mainEntityOfPage":{"@id":"https:\/\/brasilnoticias.org\/site\/lei-organica-capitao-alden-e-diego-castro-promovem-evento-em-prol-dos-militares\/"},"wordCount":303,"commentCount":0,"publisher":{"@id":"https:\/\/brasilnoticias.org\/site\/#organization"},"image":{"@id":"https:\/\/brasilnoticias.org\/site\/lei-organica-capitao-alden-e-diego-castro-promovem-evento-em-prol-dos-militares\/#primaryimage"},"thumbnailUrl":"https:\/\/brasilnoticias.org\/site\/wp-content\/uploads\/2025\/08\/63e7a49b-3977-42d1-971a-d43bfd31054b.jpeg","articleSection":["Not\u00edcias","\u00daltimas"],"inLanguage":"pt-PT","potentialAction":[{"@type":"CommentAction","name":"Comment","target":["https:\/\/brasilnoticias.org\/site\/lei-organica-capitao-alden-e-diego-castro-promovem-evento-em-prol-dos-militares\/#respond"]}]},{"@type":"WebPage","@id":"https:\/\/brasilnoticias.org\/site\/lei-organica-capitao-alden-e-diego-castro-promovem-evento-em-prol-dos-militares\/","url":"https:\/\/brasilnoticias.org\/site\/lei-organica-capitao-alden-e-diego-castro-promovem-evento-em-prol-dos-militares\/","name":"Lei Org\u00e2nica: Capit\u00e3o Alden e Diego Castro promovem evento em prol dos militares - Brasil not\u00edcias","isPartOf":{"@id":"https:\/\/brasilnoticias.org\/site\/#website"},"primaryImageOfPage":{"@id":"https:\/\/brasilnoticias.org\/site\/lei-organica-capitao-alden-e-diego-castro-promovem-evento-em-prol-dos-militares\/#primaryimage"},"image":{"@id":"https:\/\/brasilnoticias.org\/site\/lei-organica-capitao-alden-e-diego-castro-promovem-evento-em-prol-dos-militares\/#primaryimage"},"thumbnailUrl":"https:\/\/brasilnoticias.org\/site\/wp-content\/uploads\/2025\/08\/63e7a49b-3977-42d1-971a-d43bfd31054b.jpeg","datePublished":"2025-08-25T23:45:48+00:00","breadcrumb":{"@id":"https:\/\/brasilnoticias.org\/site\/lei-organica-capitao-alden-e-diego-castro-promovem-evento-em-prol-dos-militares\/#breadcrumb"},"inLanguage":"pt-PT","potentialAction":[{"@type":"ReadAction","target":["https:\/\/brasilnoticias.org\/site\/lei-organica-capitao-alden-e-diego-castro-promovem-evento-em-prol-dos-militares\/"]}]},{"@type":"ImageObject","inLanguage":"pt-PT","@id":"https:\/\/brasilnoticias.org\/site\/lei-organica-capitao-alden-e-diego-castro-promovem-evento-em-prol-dos-militares\/#primaryimage","url":"https:\/\/brasilnoticias.org\/site\/wp-content\/uploads\/2025\/08\/63e7a49b-3977-42d1-971a-d43bfd31054b.jpeg","contentUrl":"https:\/\/brasilnoticias.org\/site\/wp-content\/uploads\/2025\/08\/63e7a49b-3977-42d1-971a-d43bfd31054b.jpeg","width":1325,"height":1039},{"@type":"BreadcrumbList","@id":"https:\/\/brasilnoticias.org\/site\/lei-organica-capitao-alden-e-diego-castro-promovem-evento-em-prol-dos-militares\/#breadcrumb","itemListElement":[{"@type":"ListItem","position":1,"name":"In\u00edcio","item":"https:\/\/brasilnoticias.org\/site\/"},{"@type":"ListItem","position":2,"name":"Lei Org\u00e2nica: Capit\u00e3o Alden e Diego Castro promovem evento em prol dos militares"}]},{"@type":"WebSite","@id":"https:\/\/brasilnoticias.org\/site\/#website","url":"https:\/\/brasilnoticias.org\/site\/","name":"Brasil not\u00edcias","description":"Brasil not\u00edcias","publisher":{"@id":"https:\/\/brasilnoticias.org\/site\/#organization"},"potentialAction":[{"@type":"SearchAction","target":{"@type":"EntryPoint","urlTemplate":"https:\/\/brasilnoticias.org\/site\/?s={search_term_string}"},"query-input":{"@type":"PropertyValueSpecification","valueRequired":true,"valueName":"search_term_string"}}],"inLanguage":"pt-PT"},{"@type":"Organization","@id":"https:\/\/brasilnoticias.org\/site\/#organization","name":"Brasil not\u00edcias","url":"https:\/\/brasilnoticias.org\/site\/","logo":{"@type":"ImageObject","inLanguage":"pt-PT","@id":"https:\/\/brasilnoticias.org\/site\/#\/schema\/logo\/image\/","url":"https:\/\/brasilnoticias.org\/site\/wp-content\/uploads\/2022\/05\/cropped-brasilnoticias-mini.jpg","contentUrl":"https:\/\/brasilnoticias.org\/site\/wp-content\/uploads\/2022\/05\/cropped-brasilnoticias-mini.jpg","width":314,"height":86,"caption":"Brasil not\u00edcias"},"image":{"@id":"https:\/\/brasilnoticias.org\/site\/#\/schema\/logo\/image\/"}},{"@type":"Person","@id":"https:\/\/brasilnoticias.org\/site\/#\/schema\/person\/03bbbfe6c7634ad18c26444ea39049fa","name":"Reda\u00e7\u00e3o","image":{"@type":"ImageObject","inLanguage":"pt-PT","@id":"https:\/\/brasilnoticias.org\/site\/#\/schema\/person\/image\/","url":"https:\/\/secure.gravatar.com\/avatar\/9ecaf7327a696cb23ad926fedded5f1f04d7049de9e445375d55b48c001a6e42?s=96&d=mm&r=g","contentUrl":"https:\/\/secure.gravatar.com\/avatar\/9ecaf7327a696cb23ad926fedded5f1f04d7049de9e445375d55b48c001a6e42?s=96&d=mm&r=g","caption":"Reda\u00e7\u00e3o"},"url":"https:\/\/brasilnoticias.org\/site\/author\/henrique\/"}]}},"_links":{"self":[{"href":"https:\/\/brasilnoticias.org\/site\/wp-json\/wp\/v2\/posts\/17835","targetHints":{"allow":["GET"]}}],"collection":[{"href":"https:\/\/brasilnoticias.org\/site\/wp-json\/wp\/v2\/posts"}],"about":[{"href":"https:\/\/brasilnoticias.org\/site\/wp-json\/wp\/v2\/types\/post"}],"author":[{"embeddable":true,"href":"https:\/\/brasilnoticias.org\/site\/wp-json\/wp\/v2\/users\/4"}],"replies":[{"embeddable":true,"href":"https:\/\/brasilnoticias.org\/site\/wp-json\/wp\/v2\/comments?post=17835"}],"version-history":[{"count":1,"href":"https:\/\/brasilnoticias.org\/site\/wp-json\/wp\/v2\/posts\/17835\/revisions"}],"predecessor-version":[{"id":17837,"href":"https:\/\/brasilnoticias.org\/site\/wp-json\/wp\/v2\/posts\/17835\/revisions\/17837"}],"wp:featuredmedia":[{"embeddable":true,"href":"https:\/\/brasilnoticias.org\/site\/wp-json\/wp\/v2\/media\/17836"}],"wp:attachment":[{"href":"https:\/\/brasilnoticias.org\/site\/wp-json\/wp\/v2\/media?parent=17835"}],"wp:term":[{"taxonomy":"category","embeddable":true,"href":"https:\/\/brasilnoticias.org\/site\/wp-json\/wp\/v2\/categories?post=17835"},{"taxonomy":"post_tag","embeddable":true,"href":"https:\/\/brasilnoticias.org\/site\/wp-json\/wp\/v2\/tags?post=17835"}],"curies":[{"name":"wp","href":"https:\/\/api.w.org\/{rel}","templated":true}]}}