{"id":17841,"date":"2025-08-25T20:47:58","date_gmt":"2025-08-25T23:47:58","guid":{"rendered":"https:\/\/brasilnoticias.org\/site\/?p=17841"},"modified":"2025-08-25T20:47:58","modified_gmt":"2025-08-25T23:47:58","slug":"ancelotti-convoca-selecao-para-ultimas-rodadas-das-eliminatorias-da-copa-do-mundo-confira","status":"publish","type":"post","link":"https:\/\/brasilnoticias.org\/site\/ancelotti-convoca-selecao-para-ultimas-rodadas-das-eliminatorias-da-copa-do-mundo-confira\/","title":{"rendered":"Ancelotti convoca Sele\u00e7\u00e3o para \u00faltimas rodadas das eliminat\u00f3rias da Copa do Mundo; confira"},"content":{"rendered":"<p>Neymar, Vinicius J\u00fanior, Endrick e Rodrygo ficaram de fora da convoca\u00e7\u00e3o<\/p>\n<p>O treinador italiano Carlo Ancelotti realizou, nesta segunda-feira (25), a convoca\u00e7\u00e3o da Sele\u00e7\u00e3o Brasileira para os dois \u00faltimos jogos das eliminat\u00f3rias para Copa do Mundo, contra Chile e Bol\u00edvia. Neymar, Vinicius J\u00fanior, Endrick e Rodrygo ficaram de fora da convoca\u00e7\u00e3o, enquanto outros nomes foram novidade.<\/p>\n<p>A convoca\u00e7\u00e3o trouxe caras novas como Caio Henrique, lateral do M\u00f4naco. Paquet\u00e1 tamb\u00e9m voltou a ser convocado, ap\u00f3s resolver quest\u00f5es judiciais. A aus\u00eancia de Neymar foi justificada por um quadro de edema na coxa. O t\u00e9cnico deixou claro que quer dar oportunidade para testar novos jogadores, por isso alguns j\u00e1 conhecidos do treinador ficaram de fora.<\/p>\n<p>As partidas contra Chile e Bol\u00edvia acontecer\u00e3o, respectivamente, nos dias 4 e 9 de setembro, no Est\u00e1dio Maracan\u00e3 e no El Alto. Esta foi a segunda convoca\u00e7\u00e3o de Ancelotti na Sele\u00e7\u00e3o Brasileira. Veja os convocados:<\/p>\n<p>Goleiros:<\/p>\n<p>Alisson (Liverpool)<br \/>\nBento (Al Nassr)<br \/>\nHugo Souza (Corinthians)<\/p>\n<p>Defensores:<\/p>\n<p>Alexsandro (Lille)<br \/>\nCaio Henrique (Monaco)<br \/>\nAlex Sandro (Flamengo)<br \/>\nDouglas Santos (Zenit)<br \/>\nFabr\u00edcio Bruno (Cruzeiro)<br \/>\nGabriel Magalh\u00e3es (Arsenal)<br \/>\nMarquinhos (PSG)<br \/>\nVanderson (Monaco)<br \/>\nWesley (Roma)<\/p>\n<p>Meias:<\/p>\n<p>Andrey Santos (Chelsea)<br \/>\nBruno Guimar\u00e3es (Newcastle)<br \/>\nCasemiro (Manchester United)<br \/>\nJoelinton (Newcastle)<br \/>\nLucas Paquet\u00e1 (West Ham)<\/p>\n<p>Atacantes:<\/p>\n<p>Estev\u00e3o (Chelsea)<br \/>\nGabriel Martinelli (Arsenal)<br \/>\nJo\u00e3o Pedro (Chelsea)<br \/>\nKaio Jorge (Cruzeiro)<br \/>\nLuiz Henrique (Zenit)<br \/>\nMatheus Cunha (Manchester United)<br \/>\nRaphinha (Barcelona)<br \/>\nRicharlison (Tottenham)<\/p>\n<p>Foto: Reprodu\u00e7\u00e3o\/CBF<br \/>\nPor: Metro1<\/p>\n","protected":false},"excerpt":{"rendered":"<p>Neymar, Vinicius J\u00fanior, Endrick e Rodrygo ficaram de fora da convoca\u00e7\u00e3o O treinador italiano Carlo Ancelotti realizou, nesta segunda-feira (25),<\/p>\n","protected":false},"author":4,"featured_media":17842,"comment_status":"open","ping_status":"open","sticky":false,"template":"","format":"standard","meta":{"colormag_page_container_layout":"default_layout","colormag_page_sidebar_layout":"default_layout","_FSMCFIC_featured_image_caption":"","_FSMCFIC_featured_image_nocaption":"","_FSMCFIC_featured_image_hide":"","footnotes":""},"categories":[4,1],"tags":[],"class_list":["post-17841","post","type-post","status-publish","format-standard","has-post-thumbnail","hentry","category-esporte","category-ultimas"],"yoast_head":"<!-- This site is optimized with the Yoast SEO plugin v27.1.1 - https:\/\/yoast.com\/product\/yoast-seo-wordpress\/ -->\n<title>Ancelotti convoca Sele\u00e7\u00e3o para \u00faltimas rodadas das eliminat\u00f3rias da Copa do Mundo; confira - Brasil not\u00edcias<\/title>\n<meta name=\"robots\" content=\"index, follow, max-snippet:-1, max-image-preview:large, max-video-preview:-1\" \/>\n<link rel=\"canonical\" href=\"https:\/\/brasilnoticias.org\/site\/ancelotti-convoca-selecao-para-ultimas-rodadas-das-eliminatorias-da-copa-do-mundo-confira\/\" \/>\n<meta property=\"og:locale\" content=\"pt_PT\" \/>\n<meta property=\"og:type\" content=\"article\" \/>\n<meta property=\"og:title\" content=\"Ancelotti convoca Sele\u00e7\u00e3o para \u00faltimas rodadas das eliminat\u00f3rias da Copa do Mundo; confira - Brasil not\u00edcias\" \/>\n<meta property=\"og:description\" content=\"Neymar, Vinicius J\u00fanior, Endrick e Rodrygo ficaram de fora da convoca\u00e7\u00e3o O treinador italiano Carlo Ancelotti realizou, nesta segunda-feira (25),\" \/>\n<meta property=\"og:url\" content=\"https:\/\/brasilnoticias.org\/site\/ancelotti-convoca-selecao-para-ultimas-rodadas-das-eliminatorias-da-copa-do-mundo-confira\/\" \/>\n<meta property=\"og:site_name\" content=\"Brasil not\u00edcias\" \/>\n<meta property=\"article:published_time\" content=\"2025-08-25T23:47:58+00:00\" \/>\n<meta property=\"og:image\" content=\"https:\/\/brasilnoticias.org\/site\/wp-content\/uploads\/2025\/08\/169176ancelotti-convoca-selecao-para-ultimas-rodadas-das-eliminatorias-da-copa-do-mundo-confira-3.jpg\" \/>\n\t<meta property=\"og:image:width\" content=\"1600\" \/>\n\t<meta property=\"og:image:height\" content=\"752\" \/>\n\t<meta property=\"og:image:type\" content=\"image\/jpeg\" \/>\n<meta name=\"author\" content=\"Reda\u00e7\u00e3o\" \/>\n<meta name=\"twitter:card\" content=\"summary_large_image\" \/>\n<meta name=\"twitter:label1\" content=\"Escrito por\" \/>\n\t<meta name=\"twitter:data1\" content=\"Reda\u00e7\u00e3o\" \/>\n<script type=\"application\/ld+json\" class=\"yoast-schema-graph\">{\"@context\":\"https:\/\/schema.org\",\"@graph\":[{\"@type\":\"Article\",\"@id\":\"https:\/\/brasilnoticias.org\/site\/ancelotti-convoca-selecao-para-ultimas-rodadas-das-eliminatorias-da-copa-do-mundo-confira\/#article\",\"isPartOf\":{\"@id\":\"https:\/\/brasilnoticias.org\/site\/ancelotti-convoca-selecao-para-ultimas-rodadas-das-eliminatorias-da-copa-do-mundo-confira\/\"},\"author\":{\"name\":\"Reda\u00e7\u00e3o\",\"@id\":\"https:\/\/brasilnoticias.org\/site\/#\/schema\/person\/03bbbfe6c7634ad18c26444ea39049fa\"},\"headline\":\"Ancelotti convoca Sele\u00e7\u00e3o para \u00faltimas rodadas das eliminat\u00f3rias da Copa do Mundo; confira\",\"datePublished\":\"2025-08-25T23:47:58+00:00\",\"mainEntityOfPage\":{\"@id\":\"https:\/\/brasilnoticias.org\/site\/ancelotti-convoca-selecao-para-ultimas-rodadas-das-eliminatorias-da-copa-do-mundo-confira\/\"},\"wordCount\":262,\"commentCount\":0,\"publisher\":{\"@id\":\"https:\/\/brasilnoticias.org\/site\/#organization\"},\"image\":{\"@id\":\"https:\/\/brasilnoticias.org\/site\/ancelotti-convoca-selecao-para-ultimas-rodadas-das-eliminatorias-da-copa-do-mundo-confira\/#primaryimage\"},\"thumbnailUrl\":\"https:\/\/brasilnoticias.org\/site\/wp-content\/uploads\/2025\/08\/169176ancelotti-convoca-selecao-para-ultimas-rodadas-das-eliminatorias-da-copa-do-mundo-confira-3.jpg\",\"articleSection\":[\"Esporte\",\"\u00daltimas\"],\"inLanguage\":\"pt-PT\",\"potentialAction\":[{\"@type\":\"CommentAction\",\"name\":\"Comment\",\"target\":[\"https:\/\/brasilnoticias.org\/site\/ancelotti-convoca-selecao-para-ultimas-rodadas-das-eliminatorias-da-copa-do-mundo-confira\/#respond\"]}]},{\"@type\":\"WebPage\",\"@id\":\"https:\/\/brasilnoticias.org\/site\/ancelotti-convoca-selecao-para-ultimas-rodadas-das-eliminatorias-da-copa-do-mundo-confira\/\",\"url\":\"https:\/\/brasilnoticias.org\/site\/ancelotti-convoca-selecao-para-ultimas-rodadas-das-eliminatorias-da-copa-do-mundo-confira\/\",\"name\":\"Ancelotti convoca Sele\u00e7\u00e3o para \u00faltimas rodadas das eliminat\u00f3rias da Copa do Mundo; confira - Brasil not\u00edcias\",\"isPartOf\":{\"@id\":\"https:\/\/brasilnoticias.org\/site\/#website\"},\"primaryImageOfPage\":{\"@id\":\"https:\/\/brasilnoticias.org\/site\/ancelotti-convoca-selecao-para-ultimas-rodadas-das-eliminatorias-da-copa-do-mundo-confira\/#primaryimage\"},\"image\":{\"@id\":\"https:\/\/brasilnoticias.org\/site\/ancelotti-convoca-selecao-para-ultimas-rodadas-das-eliminatorias-da-copa-do-mundo-confira\/#primaryimage\"},\"thumbnailUrl\":\"https:\/\/brasilnoticias.org\/site\/wp-content\/uploads\/2025\/08\/169176ancelotti-convoca-selecao-para-ultimas-rodadas-das-eliminatorias-da-copa-do-mundo-confira-3.jpg\",\"datePublished\":\"2025-08-25T23:47:58+00:00\",\"breadcrumb\":{\"@id\":\"https:\/\/brasilnoticias.org\/site\/ancelotti-convoca-selecao-para-ultimas-rodadas-das-eliminatorias-da-copa-do-mundo-confira\/#breadcrumb\"},\"inLanguage\":\"pt-PT\",\"potentialAction\":[{\"@type\":\"ReadAction\",\"target\":[\"https:\/\/brasilnoticias.org\/site\/ancelotti-convoca-selecao-para-ultimas-rodadas-das-eliminatorias-da-copa-do-mundo-confira\/\"]}]},{\"@type\":\"ImageObject\",\"inLanguage\":\"pt-PT\",\"@id\":\"https:\/\/brasilnoticias.org\/site\/ancelotti-convoca-selecao-para-ultimas-rodadas-das-eliminatorias-da-copa-do-mundo-confira\/#primaryimage\",\"url\":\"https:\/\/brasilnoticias.org\/site\/wp-content\/uploads\/2025\/08\/169176ancelotti-convoca-selecao-para-ultimas-rodadas-das-eliminatorias-da-copa-do-mundo-confira-3.jpg\",\"contentUrl\":\"https:\/\/brasilnoticias.org\/site\/wp-content\/uploads\/2025\/08\/169176ancelotti-convoca-selecao-para-ultimas-rodadas-das-eliminatorias-da-copa-do-mundo-confira-3.jpg\",\"width\":1600,\"height\":752},{\"@type\":\"BreadcrumbList\",\"@id\":\"https:\/\/brasilnoticias.org\/site\/ancelotti-convoca-selecao-para-ultimas-rodadas-das-eliminatorias-da-copa-do-mundo-confira\/#breadcrumb\",\"itemListElement\":[{\"@type\":\"ListItem\",\"position\":1,\"name\":\"In\u00edcio\",\"item\":\"https:\/\/brasilnoticias.org\/site\/\"},{\"@type\":\"ListItem\",\"position\":2,\"name\":\"Ancelotti convoca Sele\u00e7\u00e3o para \u00faltimas rodadas das eliminat\u00f3rias da Copa do Mundo; confira\"}]},{\"@type\":\"WebSite\",\"@id\":\"https:\/\/brasilnoticias.org\/site\/#website\",\"url\":\"https:\/\/brasilnoticias.org\/site\/\",\"name\":\"Brasil not\u00edcias\",\"description\":\"Brasil not\u00edcias\",\"publisher\":{\"@id\":\"https:\/\/brasilnoticias.org\/site\/#organization\"},\"potentialAction\":[{\"@type\":\"SearchAction\",\"target\":{\"@type\":\"EntryPoint\",\"urlTemplate\":\"https:\/\/brasilnoticias.org\/site\/?s={search_term_string}\"},\"query-input\":{\"@type\":\"PropertyValueSpecification\",\"valueRequired\":true,\"valueName\":\"search_term_string\"}}],\"inLanguage\":\"pt-PT\"},{\"@type\":\"Organization\",\"@id\":\"https:\/\/brasilnoticias.org\/site\/#organization\",\"name\":\"Brasil not\u00edcias\",\"url\":\"https:\/\/brasilnoticias.org\/site\/\",\"logo\":{\"@type\":\"ImageObject\",\"inLanguage\":\"pt-PT\",\"@id\":\"https:\/\/brasilnoticias.org\/site\/#\/schema\/logo\/image\/\",\"url\":\"https:\/\/brasilnoticias.org\/site\/wp-content\/uploads\/2022\/05\/cropped-brasilnoticias-mini.jpg\",\"contentUrl\":\"https:\/\/brasilnoticias.org\/site\/wp-content\/uploads\/2022\/05\/cropped-brasilnoticias-mini.jpg\",\"width\":314,\"height\":86,\"caption\":\"Brasil not\u00edcias\"},\"image\":{\"@id\":\"https:\/\/brasilnoticias.org\/site\/#\/schema\/logo\/image\/\"}},{\"@type\":\"Person\",\"@id\":\"https:\/\/brasilnoticias.org\/site\/#\/schema\/person\/03bbbfe6c7634ad18c26444ea39049fa\",\"name\":\"Reda\u00e7\u00e3o\",\"image\":{\"@type\":\"ImageObject\",\"inLanguage\":\"pt-PT\",\"@id\":\"https:\/\/brasilnoticias.org\/site\/#\/schema\/person\/image\/\",\"url\":\"https:\/\/secure.gravatar.com\/avatar\/9ecaf7327a696cb23ad926fedded5f1f04d7049de9e445375d55b48c001a6e42?s=96&d=mm&r=g\",\"contentUrl\":\"https:\/\/secure.gravatar.com\/avatar\/9ecaf7327a696cb23ad926fedded5f1f04d7049de9e445375d55b48c001a6e42?s=96&d=mm&r=g\",\"caption\":\"Reda\u00e7\u00e3o\"},\"url\":\"https:\/\/brasilnoticias.org\/site\/author\/henrique\/\"}]}<\/script>\n<!-- \/ Yoast SEO plugin. -->","yoast_head_json":{"title":"Ancelotti convoca Sele\u00e7\u00e3o para \u00faltimas rodadas das eliminat\u00f3rias da Copa do Mundo; confira - Brasil not\u00edcias","robots":{"index":"index","follow":"follow","max-snippet":"max-snippet:-1","max-image-preview":"max-image-preview:large","max-video-preview":"max-video-preview:-1"},"canonical":"https:\/\/brasilnoticias.org\/site\/ancelotti-convoca-selecao-para-ultimas-rodadas-das-eliminatorias-da-copa-do-mundo-confira\/","og_locale":"pt_PT","og_type":"article","og_title":"Ancelotti convoca Sele\u00e7\u00e3o para \u00faltimas rodadas das eliminat\u00f3rias da Copa do Mundo; confira - Brasil not\u00edcias","og_description":"Neymar, Vinicius J\u00fanior, Endrick e Rodrygo ficaram de fora da convoca\u00e7\u00e3o O treinador italiano Carlo Ancelotti realizou, nesta segunda-feira (25),","og_url":"https:\/\/brasilnoticias.org\/site\/ancelotti-convoca-selecao-para-ultimas-rodadas-das-eliminatorias-da-copa-do-mundo-confira\/","og_site_name":"Brasil not\u00edcias","article_published_time":"2025-08-25T23:47:58+00:00","og_image":[{"width":1600,"height":752,"url":"https:\/\/brasilnoticias.org\/site\/wp-content\/uploads\/2025\/08\/169176ancelotti-convoca-selecao-para-ultimas-rodadas-das-eliminatorias-da-copa-do-mundo-confira-3.jpg","type":"image\/jpeg"}],"author":"Reda\u00e7\u00e3o","twitter_card":"summary_large_image","twitter_misc":{"Escrito por":"Reda\u00e7\u00e3o"},"schema":{"@context":"https:\/\/schema.org","@graph":[{"@type":"Article","@id":"https:\/\/brasilnoticias.org\/site\/ancelotti-convoca-selecao-para-ultimas-rodadas-das-eliminatorias-da-copa-do-mundo-confira\/#article","isPartOf":{"@id":"https:\/\/brasilnoticias.org\/site\/ancelotti-convoca-selecao-para-ultimas-rodadas-das-eliminatorias-da-copa-do-mundo-confira\/"},"author":{"name":"Reda\u00e7\u00e3o","@id":"https:\/\/brasilnoticias.org\/site\/#\/schema\/person\/03bbbfe6c7634ad18c26444ea39049fa"},"headline":"Ancelotti convoca Sele\u00e7\u00e3o para \u00faltimas rodadas das eliminat\u00f3rias da Copa do Mundo; confira","datePublished":"2025-08-25T23:47:58+00:00","mainEntityOfPage":{"@id":"https:\/\/brasilnoticias.org\/site\/ancelotti-convoca-selecao-para-ultimas-rodadas-das-eliminatorias-da-copa-do-mundo-confira\/"},"wordCount":262,"commentCount":0,"publisher":{"@id":"https:\/\/brasilnoticias.org\/site\/#organization"},"image":{"@id":"https:\/\/brasilnoticias.org\/site\/ancelotti-convoca-selecao-para-ultimas-rodadas-das-eliminatorias-da-copa-do-mundo-confira\/#primaryimage"},"thumbnailUrl":"https:\/\/brasilnoticias.org\/site\/wp-content\/uploads\/2025\/08\/169176ancelotti-convoca-selecao-para-ultimas-rodadas-das-eliminatorias-da-copa-do-mundo-confira-3.jpg","articleSection":["Esporte","\u00daltimas"],"inLanguage":"pt-PT","potentialAction":[{"@type":"CommentAction","name":"Comment","target":["https:\/\/brasilnoticias.org\/site\/ancelotti-convoca-selecao-para-ultimas-rodadas-das-eliminatorias-da-copa-do-mundo-confira\/#respond"]}]},{"@type":"WebPage","@id":"https:\/\/brasilnoticias.org\/site\/ancelotti-convoca-selecao-para-ultimas-rodadas-das-eliminatorias-da-copa-do-mundo-confira\/","url":"https:\/\/brasilnoticias.org\/site\/ancelotti-convoca-selecao-para-ultimas-rodadas-das-eliminatorias-da-copa-do-mundo-confira\/","name":"Ancelotti convoca Sele\u00e7\u00e3o para \u00faltimas rodadas das eliminat\u00f3rias da Copa do Mundo; confira - Brasil not\u00edcias","isPartOf":{"@id":"https:\/\/brasilnoticias.org\/site\/#website"},"primaryImageOfPage":{"@id":"https:\/\/brasilnoticias.org\/site\/ancelotti-convoca-selecao-para-ultimas-rodadas-das-eliminatorias-da-copa-do-mundo-confira\/#primaryimage"},"image":{"@id":"https:\/\/brasilnoticias.org\/site\/ancelotti-convoca-selecao-para-ultimas-rodadas-das-eliminatorias-da-copa-do-mundo-confira\/#primaryimage"},"thumbnailUrl":"https:\/\/brasilnoticias.org\/site\/wp-content\/uploads\/2025\/08\/169176ancelotti-convoca-selecao-para-ultimas-rodadas-das-eliminatorias-da-copa-do-mundo-confira-3.jpg","datePublished":"2025-08-25T23:47:58+00:00","breadcrumb":{"@id":"https:\/\/brasilnoticias.org\/site\/ancelotti-convoca-selecao-para-ultimas-rodadas-das-eliminatorias-da-copa-do-mundo-confira\/#breadcrumb"},"inLanguage":"pt-PT","potentialAction":[{"@type":"ReadAction","target":["https:\/\/brasilnoticias.org\/site\/ancelotti-convoca-selecao-para-ultimas-rodadas-das-eliminatorias-da-copa-do-mundo-confira\/"]}]},{"@type":"ImageObject","inLanguage":"pt-PT","@id":"https:\/\/brasilnoticias.org\/site\/ancelotti-convoca-selecao-para-ultimas-rodadas-das-eliminatorias-da-copa-do-mundo-confira\/#primaryimage","url":"https:\/\/brasilnoticias.org\/site\/wp-content\/uploads\/2025\/08\/169176ancelotti-convoca-selecao-para-ultimas-rodadas-das-eliminatorias-da-copa-do-mundo-confira-3.jpg","contentUrl":"https:\/\/brasilnoticias.org\/site\/wp-content\/uploads\/2025\/08\/169176ancelotti-convoca-selecao-para-ultimas-rodadas-das-eliminatorias-da-copa-do-mundo-confira-3.jpg","width":1600,"height":752},{"@type":"BreadcrumbList","@id":"https:\/\/brasilnoticias.org\/site\/ancelotti-convoca-selecao-para-ultimas-rodadas-das-eliminatorias-da-copa-do-mundo-confira\/#breadcrumb","itemListElement":[{"@type":"ListItem","position":1,"name":"In\u00edcio","item":"https:\/\/brasilnoticias.org\/site\/"},{"@type":"ListItem","position":2,"name":"Ancelotti convoca Sele\u00e7\u00e3o para \u00faltimas rodadas das eliminat\u00f3rias da Copa do Mundo; confira"}]},{"@type":"WebSite","@id":"https:\/\/brasilnoticias.org\/site\/#website","url":"https:\/\/brasilnoticias.org\/site\/","name":"Brasil not\u00edcias","description":"Brasil not\u00edcias","publisher":{"@id":"https:\/\/brasilnoticias.org\/site\/#organization"},"potentialAction":[{"@type":"SearchAction","target":{"@type":"EntryPoint","urlTemplate":"https:\/\/brasilnoticias.org\/site\/?s={search_term_string}"},"query-input":{"@type":"PropertyValueSpecification","valueRequired":true,"valueName":"search_term_string"}}],"inLanguage":"pt-PT"},{"@type":"Organization","@id":"https:\/\/brasilnoticias.org\/site\/#organization","name":"Brasil not\u00edcias","url":"https:\/\/brasilnoticias.org\/site\/","logo":{"@type":"ImageObject","inLanguage":"pt-PT","@id":"https:\/\/brasilnoticias.org\/site\/#\/schema\/logo\/image\/","url":"https:\/\/brasilnoticias.org\/site\/wp-content\/uploads\/2022\/05\/cropped-brasilnoticias-mini.jpg","contentUrl":"https:\/\/brasilnoticias.org\/site\/wp-content\/uploads\/2022\/05\/cropped-brasilnoticias-mini.jpg","width":314,"height":86,"caption":"Brasil not\u00edcias"},"image":{"@id":"https:\/\/brasilnoticias.org\/site\/#\/schema\/logo\/image\/"}},{"@type":"Person","@id":"https:\/\/brasilnoticias.org\/site\/#\/schema\/person\/03bbbfe6c7634ad18c26444ea39049fa","name":"Reda\u00e7\u00e3o","image":{"@type":"ImageObject","inLanguage":"pt-PT","@id":"https:\/\/brasilnoticias.org\/site\/#\/schema\/person\/image\/","url":"https:\/\/secure.gravatar.com\/avatar\/9ecaf7327a696cb23ad926fedded5f1f04d7049de9e445375d55b48c001a6e42?s=96&d=mm&r=g","contentUrl":"https:\/\/secure.gravatar.com\/avatar\/9ecaf7327a696cb23ad926fedded5f1f04d7049de9e445375d55b48c001a6e42?s=96&d=mm&r=g","caption":"Reda\u00e7\u00e3o"},"url":"https:\/\/brasilnoticias.org\/site\/author\/henrique\/"}]}},"_links":{"self":[{"href":"https:\/\/brasilnoticias.org\/site\/wp-json\/wp\/v2\/posts\/17841","targetHints":{"allow":["GET"]}}],"collection":[{"href":"https:\/\/brasilnoticias.org\/site\/wp-json\/wp\/v2\/posts"}],"about":[{"href":"https:\/\/brasilnoticias.org\/site\/wp-json\/wp\/v2\/types\/post"}],"author":[{"embeddable":true,"href":"https:\/\/brasilnoticias.org\/site\/wp-json\/wp\/v2\/users\/4"}],"replies":[{"embeddable":true,"href":"https:\/\/brasilnoticias.org\/site\/wp-json\/wp\/v2\/comments?post=17841"}],"version-history":[{"count":1,"href":"https:\/\/brasilnoticias.org\/site\/wp-json\/wp\/v2\/posts\/17841\/revisions"}],"predecessor-version":[{"id":17843,"href":"https:\/\/brasilnoticias.org\/site\/wp-json\/wp\/v2\/posts\/17841\/revisions\/17843"}],"wp:featuredmedia":[{"embeddable":true,"href":"https:\/\/brasilnoticias.org\/site\/wp-json\/wp\/v2\/media\/17842"}],"wp:attachment":[{"href":"https:\/\/brasilnoticias.org\/site\/wp-json\/wp\/v2\/media?parent=17841"}],"wp:term":[{"taxonomy":"category","embeddable":true,"href":"https:\/\/brasilnoticias.org\/site\/wp-json\/wp\/v2\/categories?post=17841"},{"taxonomy":"post_tag","embeddable":true,"href":"https:\/\/brasilnoticias.org\/site\/wp-json\/wp\/v2\/tags?post=17841"}],"curies":[{"name":"wp","href":"https:\/\/api.w.org\/{rel}","templated":true}]}}