{"id":17848,"date":"2025-08-26T15:27:27","date_gmt":"2025-08-26T18:27:27","guid":{"rendered":"https:\/\/brasilnoticias.org\/site\/?p=17848"},"modified":"2025-08-26T15:27:27","modified_gmt":"2025-08-26T18:27:27","slug":"goleada-do-flamengo-contra-vitoria-e-a-maior-da-era-de-pontos-corridos-no-brasileirao","status":"publish","type":"post","link":"https:\/\/brasilnoticias.org\/site\/goleada-do-flamengo-contra-vitoria-e-a-maior-da-era-de-pontos-corridos-no-brasileirao\/","title":{"rendered":"Goleada do Flamengo contra Vit\u00f3ria \u00e9 a maior da era de pontos corridos no Brasileir\u00e3o"},"content":{"rendered":"<p>Derrota por 8 a 0 no Maracan\u00e3 leva o Vit\u00f3ria \u00e0 zona de rebaixamento e resulta na demiss\u00e3o do t\u00e9cnico F\u00e1bio Carille.<\/p>\n<p>A derrota do Vit\u00f3ria por 8 a 0 contra o Flamengo nesta segunda-feira (26) \u00e9, at\u00e9 o momento, a maior goleada da hist\u00f3ria do Campeonato Brasileiro de pontos corridos, sistema que passou a ser adotado em 2003. <\/p>\n<p>At\u00e9 a noite desta segunda, a maior goleada era 7 a 0, registrada em tr\u00eas partidas:<\/p>\n<p>S\u00e3o Paulo 7 x 0 Paysandu em 2004<\/p>\n<p>Goi\u00e1s 7 x 0 Juventude em 2003; <\/p>\n<p>Cruzeiro 7 x 0 Bahia em 2003;<\/p>\n<p>Internacional 7 x 1 Santos em 2023;<\/p>\n<p>Gr\u00eamio 7 x 1 Figueirense em 2008;<\/p>\n<p>Corinthians 7 x 1 Santos em 2005;<\/p>\n<p>Fluminense 7 x 1 Juventude em 2004.<\/p>\n<p>A goleada do Vit\u00f3ria come\u00e7ou j\u00e1 nos primeiros minutos de bola rolando. Aos quatro minutos do primeiro tempo, o Flamengo j\u00e1 havia marcado dois gols com Samuel Lino e Pedro. A partir da\u00ed, o time carioca imp\u00f4s seu dom\u00ednio at\u00e9 construir a goleada hist\u00f3rica.<\/p>\n<p>O resultado jogou o Le\u00e3o da Barra para a zona de rebaixamento e teve como consequ\u00eancia imediata a demiss\u00e3o do t\u00e9cnico F\u00e1bio Carille.<\/p>\n<p>Em entrevista coletiva ap\u00f3s a partida, o presidente F\u00e1bio Mota chegou a citar outras goleadas sofridas pelo rubro-negro, sugerindo uma possibilidade de recupera\u00e7\u00e3o do clube no Brasileir\u00e3o. Mota citou a derrota por 6 a 0 para o Figueirense em 2022, pela S\u00e9rie C, e o mesmo placar contra o CRB, no ano seguinte, pela S\u00e9rie B, que inclusive teve naquele ano o Vit\u00f3ria como campe\u00e3o.<\/p>\n<p>Foto: Gilvan de Souza\/Flamengo<br \/>\nPor: Metro1<\/p>\n","protected":false},"excerpt":{"rendered":"<p>Derrota por 8 a 0 no Maracan\u00e3 leva o Vit\u00f3ria \u00e0 zona de rebaixamento e resulta na demiss\u00e3o do t\u00e9cnico<\/p>\n","protected":false},"author":4,"featured_media":17849,"comment_status":"open","ping_status":"open","sticky":false,"template":"","format":"standard","meta":{"colormag_page_container_layout":"default_layout","colormag_page_sidebar_layout":"default_layout","_FSMCFIC_featured_image_caption":"","_FSMCFIC_featured_image_nocaption":"","_FSMCFIC_featured_image_hide":"","footnotes":""},"categories":[4,1],"tags":[],"class_list":["post-17848","post","type-post","status-publish","format-standard","has-post-thumbnail","hentry","category-esporte","category-ultimas"],"yoast_head":"<!-- This site is optimized with the Yoast SEO plugin v27.1.1 - https:\/\/yoast.com\/product\/yoast-seo-wordpress\/ -->\n<title>Goleada do Flamengo contra Vit\u00f3ria \u00e9 a maior da era de pontos corridos no Brasileir\u00e3o - Brasil not\u00edcias<\/title>\n<meta name=\"robots\" content=\"index, follow, max-snippet:-1, max-image-preview:large, max-video-preview:-1\" \/>\n<link rel=\"canonical\" href=\"https:\/\/brasilnoticias.org\/site\/goleada-do-flamengo-contra-vitoria-e-a-maior-da-era-de-pontos-corridos-no-brasileirao\/\" \/>\n<meta property=\"og:locale\" content=\"pt_PT\" \/>\n<meta property=\"og:type\" content=\"article\" \/>\n<meta property=\"og:title\" content=\"Goleada do Flamengo contra Vit\u00f3ria \u00e9 a maior da era de pontos corridos no Brasileir\u00e3o - Brasil not\u00edcias\" \/>\n<meta property=\"og:description\" content=\"Derrota por 8 a 0 no Maracan\u00e3 leva o Vit\u00f3ria \u00e0 zona de rebaixamento e resulta na demiss\u00e3o do t\u00e9cnico\" \/>\n<meta property=\"og:url\" content=\"https:\/\/brasilnoticias.org\/site\/goleada-do-flamengo-contra-vitoria-e-a-maior-da-era-de-pontos-corridos-no-brasileirao\/\" \/>\n<meta property=\"og:site_name\" content=\"Brasil not\u00edcias\" \/>\n<meta property=\"article:published_time\" content=\"2025-08-26T18:27:27+00:00\" \/>\n<meta property=\"og:image\" content=\"https:\/\/brasilnoticias.org\/site\/wp-content\/uploads\/2025\/08\/169206goleada-do-flamengo-contra-vitoria-e-a-maior-da-era-de-pontos-corridos-no-brasileirao-3.jpg\" \/>\n\t<meta property=\"og:image:width\" content=\"1600\" \/>\n\t<meta property=\"og:image:height\" content=\"752\" \/>\n\t<meta property=\"og:image:type\" content=\"image\/jpeg\" \/>\n<meta name=\"author\" content=\"Reda\u00e7\u00e3o\" \/>\n<meta name=\"twitter:card\" content=\"summary_large_image\" \/>\n<meta name=\"twitter:label1\" content=\"Escrito por\" \/>\n\t<meta name=\"twitter:data1\" content=\"Reda\u00e7\u00e3o\" \/>\n\t<meta name=\"twitter:label2\" content=\"Tempo estimado de leitura\" \/>\n\t<meta name=\"twitter:data2\" content=\"1 minuto\" \/>\n<script type=\"application\/ld+json\" class=\"yoast-schema-graph\">{\"@context\":\"https:\/\/schema.org\",\"@graph\":[{\"@type\":\"Article\",\"@id\":\"https:\/\/brasilnoticias.org\/site\/goleada-do-flamengo-contra-vitoria-e-a-maior-da-era-de-pontos-corridos-no-brasileirao\/#article\",\"isPartOf\":{\"@id\":\"https:\/\/brasilnoticias.org\/site\/goleada-do-flamengo-contra-vitoria-e-a-maior-da-era-de-pontos-corridos-no-brasileirao\/\"},\"author\":{\"name\":\"Reda\u00e7\u00e3o\",\"@id\":\"https:\/\/brasilnoticias.org\/site\/#\/schema\/person\/03bbbfe6c7634ad18c26444ea39049fa\"},\"headline\":\"Goleada do Flamengo contra Vit\u00f3ria \u00e9 a maior da era de pontos corridos no Brasileir\u00e3o\",\"datePublished\":\"2025-08-26T18:27:27+00:00\",\"mainEntityOfPage\":{\"@id\":\"https:\/\/brasilnoticias.org\/site\/goleada-do-flamengo-contra-vitoria-e-a-maior-da-era-de-pontos-corridos-no-brasileirao\/\"},\"wordCount\":274,\"commentCount\":0,\"publisher\":{\"@id\":\"https:\/\/brasilnoticias.org\/site\/#organization\"},\"image\":{\"@id\":\"https:\/\/brasilnoticias.org\/site\/goleada-do-flamengo-contra-vitoria-e-a-maior-da-era-de-pontos-corridos-no-brasileirao\/#primaryimage\"},\"thumbnailUrl\":\"https:\/\/brasilnoticias.org\/site\/wp-content\/uploads\/2025\/08\/169206goleada-do-flamengo-contra-vitoria-e-a-maior-da-era-de-pontos-corridos-no-brasileirao-3.jpg\",\"articleSection\":[\"Esporte\",\"\u00daltimas\"],\"inLanguage\":\"pt-PT\",\"potentialAction\":[{\"@type\":\"CommentAction\",\"name\":\"Comment\",\"target\":[\"https:\/\/brasilnoticias.org\/site\/goleada-do-flamengo-contra-vitoria-e-a-maior-da-era-de-pontos-corridos-no-brasileirao\/#respond\"]}]},{\"@type\":\"WebPage\",\"@id\":\"https:\/\/brasilnoticias.org\/site\/goleada-do-flamengo-contra-vitoria-e-a-maior-da-era-de-pontos-corridos-no-brasileirao\/\",\"url\":\"https:\/\/brasilnoticias.org\/site\/goleada-do-flamengo-contra-vitoria-e-a-maior-da-era-de-pontos-corridos-no-brasileirao\/\",\"name\":\"Goleada do Flamengo contra Vit\u00f3ria \u00e9 a maior da era de pontos corridos no Brasileir\u00e3o - Brasil not\u00edcias\",\"isPartOf\":{\"@id\":\"https:\/\/brasilnoticias.org\/site\/#website\"},\"primaryImageOfPage\":{\"@id\":\"https:\/\/brasilnoticias.org\/site\/goleada-do-flamengo-contra-vitoria-e-a-maior-da-era-de-pontos-corridos-no-brasileirao\/#primaryimage\"},\"image\":{\"@id\":\"https:\/\/brasilnoticias.org\/site\/goleada-do-flamengo-contra-vitoria-e-a-maior-da-era-de-pontos-corridos-no-brasileirao\/#primaryimage\"},\"thumbnailUrl\":\"https:\/\/brasilnoticias.org\/site\/wp-content\/uploads\/2025\/08\/169206goleada-do-flamengo-contra-vitoria-e-a-maior-da-era-de-pontos-corridos-no-brasileirao-3.jpg\",\"datePublished\":\"2025-08-26T18:27:27+00:00\",\"breadcrumb\":{\"@id\":\"https:\/\/brasilnoticias.org\/site\/goleada-do-flamengo-contra-vitoria-e-a-maior-da-era-de-pontos-corridos-no-brasileirao\/#breadcrumb\"},\"inLanguage\":\"pt-PT\",\"potentialAction\":[{\"@type\":\"ReadAction\",\"target\":[\"https:\/\/brasilnoticias.org\/site\/goleada-do-flamengo-contra-vitoria-e-a-maior-da-era-de-pontos-corridos-no-brasileirao\/\"]}]},{\"@type\":\"ImageObject\",\"inLanguage\":\"pt-PT\",\"@id\":\"https:\/\/brasilnoticias.org\/site\/goleada-do-flamengo-contra-vitoria-e-a-maior-da-era-de-pontos-corridos-no-brasileirao\/#primaryimage\",\"url\":\"https:\/\/brasilnoticias.org\/site\/wp-content\/uploads\/2025\/08\/169206goleada-do-flamengo-contra-vitoria-e-a-maior-da-era-de-pontos-corridos-no-brasileirao-3.jpg\",\"contentUrl\":\"https:\/\/brasilnoticias.org\/site\/wp-content\/uploads\/2025\/08\/169206goleada-do-flamengo-contra-vitoria-e-a-maior-da-era-de-pontos-corridos-no-brasileirao-3.jpg\",\"width\":1600,\"height\":752},{\"@type\":\"BreadcrumbList\",\"@id\":\"https:\/\/brasilnoticias.org\/site\/goleada-do-flamengo-contra-vitoria-e-a-maior-da-era-de-pontos-corridos-no-brasileirao\/#breadcrumb\",\"itemListElement\":[{\"@type\":\"ListItem\",\"position\":1,\"name\":\"In\u00edcio\",\"item\":\"https:\/\/brasilnoticias.org\/site\/\"},{\"@type\":\"ListItem\",\"position\":2,\"name\":\"Goleada do Flamengo contra Vit\u00f3ria \u00e9 a maior da era de pontos corridos no Brasileir\u00e3o\"}]},{\"@type\":\"WebSite\",\"@id\":\"https:\/\/brasilnoticias.org\/site\/#website\",\"url\":\"https:\/\/brasilnoticias.org\/site\/\",\"name\":\"Brasil not\u00edcias\",\"description\":\"Brasil not\u00edcias\",\"publisher\":{\"@id\":\"https:\/\/brasilnoticias.org\/site\/#organization\"},\"potentialAction\":[{\"@type\":\"SearchAction\",\"target\":{\"@type\":\"EntryPoint\",\"urlTemplate\":\"https:\/\/brasilnoticias.org\/site\/?s={search_term_string}\"},\"query-input\":{\"@type\":\"PropertyValueSpecification\",\"valueRequired\":true,\"valueName\":\"search_term_string\"}}],\"inLanguage\":\"pt-PT\"},{\"@type\":\"Organization\",\"@id\":\"https:\/\/brasilnoticias.org\/site\/#organization\",\"name\":\"Brasil not\u00edcias\",\"url\":\"https:\/\/brasilnoticias.org\/site\/\",\"logo\":{\"@type\":\"ImageObject\",\"inLanguage\":\"pt-PT\",\"@id\":\"https:\/\/brasilnoticias.org\/site\/#\/schema\/logo\/image\/\",\"url\":\"https:\/\/brasilnoticias.org\/site\/wp-content\/uploads\/2022\/05\/cropped-brasilnoticias-mini.jpg\",\"contentUrl\":\"https:\/\/brasilnoticias.org\/site\/wp-content\/uploads\/2022\/05\/cropped-brasilnoticias-mini.jpg\",\"width\":314,\"height\":86,\"caption\":\"Brasil not\u00edcias\"},\"image\":{\"@id\":\"https:\/\/brasilnoticias.org\/site\/#\/schema\/logo\/image\/\"}},{\"@type\":\"Person\",\"@id\":\"https:\/\/brasilnoticias.org\/site\/#\/schema\/person\/03bbbfe6c7634ad18c26444ea39049fa\",\"name\":\"Reda\u00e7\u00e3o\",\"image\":{\"@type\":\"ImageObject\",\"inLanguage\":\"pt-PT\",\"@id\":\"https:\/\/brasilnoticias.org\/site\/#\/schema\/person\/image\/\",\"url\":\"https:\/\/secure.gravatar.com\/avatar\/9ecaf7327a696cb23ad926fedded5f1f04d7049de9e445375d55b48c001a6e42?s=96&d=mm&r=g\",\"contentUrl\":\"https:\/\/secure.gravatar.com\/avatar\/9ecaf7327a696cb23ad926fedded5f1f04d7049de9e445375d55b48c001a6e42?s=96&d=mm&r=g\",\"caption\":\"Reda\u00e7\u00e3o\"},\"url\":\"https:\/\/brasilnoticias.org\/site\/author\/henrique\/\"}]}<\/script>\n<!-- \/ Yoast SEO plugin. -->","yoast_head_json":{"title":"Goleada do Flamengo contra Vit\u00f3ria \u00e9 a maior da era de pontos corridos no Brasileir\u00e3o - Brasil not\u00edcias","robots":{"index":"index","follow":"follow","max-snippet":"max-snippet:-1","max-image-preview":"max-image-preview:large","max-video-preview":"max-video-preview:-1"},"canonical":"https:\/\/brasilnoticias.org\/site\/goleada-do-flamengo-contra-vitoria-e-a-maior-da-era-de-pontos-corridos-no-brasileirao\/","og_locale":"pt_PT","og_type":"article","og_title":"Goleada do Flamengo contra Vit\u00f3ria \u00e9 a maior da era de pontos corridos no Brasileir\u00e3o - Brasil not\u00edcias","og_description":"Derrota por 8 a 0 no Maracan\u00e3 leva o Vit\u00f3ria \u00e0 zona de rebaixamento e resulta na demiss\u00e3o do t\u00e9cnico","og_url":"https:\/\/brasilnoticias.org\/site\/goleada-do-flamengo-contra-vitoria-e-a-maior-da-era-de-pontos-corridos-no-brasileirao\/","og_site_name":"Brasil not\u00edcias","article_published_time":"2025-08-26T18:27:27+00:00","og_image":[{"width":1600,"height":752,"url":"https:\/\/brasilnoticias.org\/site\/wp-content\/uploads\/2025\/08\/169206goleada-do-flamengo-contra-vitoria-e-a-maior-da-era-de-pontos-corridos-no-brasileirao-3.jpg","type":"image\/jpeg"}],"author":"Reda\u00e7\u00e3o","twitter_card":"summary_large_image","twitter_misc":{"Escrito por":"Reda\u00e7\u00e3o","Tempo estimado de leitura":"1 minuto"},"schema":{"@context":"https:\/\/schema.org","@graph":[{"@type":"Article","@id":"https:\/\/brasilnoticias.org\/site\/goleada-do-flamengo-contra-vitoria-e-a-maior-da-era-de-pontos-corridos-no-brasileirao\/#article","isPartOf":{"@id":"https:\/\/brasilnoticias.org\/site\/goleada-do-flamengo-contra-vitoria-e-a-maior-da-era-de-pontos-corridos-no-brasileirao\/"},"author":{"name":"Reda\u00e7\u00e3o","@id":"https:\/\/brasilnoticias.org\/site\/#\/schema\/person\/03bbbfe6c7634ad18c26444ea39049fa"},"headline":"Goleada do Flamengo contra Vit\u00f3ria \u00e9 a maior da era de pontos corridos no Brasileir\u00e3o","datePublished":"2025-08-26T18:27:27+00:00","mainEntityOfPage":{"@id":"https:\/\/brasilnoticias.org\/site\/goleada-do-flamengo-contra-vitoria-e-a-maior-da-era-de-pontos-corridos-no-brasileirao\/"},"wordCount":274,"commentCount":0,"publisher":{"@id":"https:\/\/brasilnoticias.org\/site\/#organization"},"image":{"@id":"https:\/\/brasilnoticias.org\/site\/goleada-do-flamengo-contra-vitoria-e-a-maior-da-era-de-pontos-corridos-no-brasileirao\/#primaryimage"},"thumbnailUrl":"https:\/\/brasilnoticias.org\/site\/wp-content\/uploads\/2025\/08\/169206goleada-do-flamengo-contra-vitoria-e-a-maior-da-era-de-pontos-corridos-no-brasileirao-3.jpg","articleSection":["Esporte","\u00daltimas"],"inLanguage":"pt-PT","potentialAction":[{"@type":"CommentAction","name":"Comment","target":["https:\/\/brasilnoticias.org\/site\/goleada-do-flamengo-contra-vitoria-e-a-maior-da-era-de-pontos-corridos-no-brasileirao\/#respond"]}]},{"@type":"WebPage","@id":"https:\/\/brasilnoticias.org\/site\/goleada-do-flamengo-contra-vitoria-e-a-maior-da-era-de-pontos-corridos-no-brasileirao\/","url":"https:\/\/brasilnoticias.org\/site\/goleada-do-flamengo-contra-vitoria-e-a-maior-da-era-de-pontos-corridos-no-brasileirao\/","name":"Goleada do Flamengo contra Vit\u00f3ria \u00e9 a maior da era de pontos corridos no Brasileir\u00e3o - Brasil not\u00edcias","isPartOf":{"@id":"https:\/\/brasilnoticias.org\/site\/#website"},"primaryImageOfPage":{"@id":"https:\/\/brasilnoticias.org\/site\/goleada-do-flamengo-contra-vitoria-e-a-maior-da-era-de-pontos-corridos-no-brasileirao\/#primaryimage"},"image":{"@id":"https:\/\/brasilnoticias.org\/site\/goleada-do-flamengo-contra-vitoria-e-a-maior-da-era-de-pontos-corridos-no-brasileirao\/#primaryimage"},"thumbnailUrl":"https:\/\/brasilnoticias.org\/site\/wp-content\/uploads\/2025\/08\/169206goleada-do-flamengo-contra-vitoria-e-a-maior-da-era-de-pontos-corridos-no-brasileirao-3.jpg","datePublished":"2025-08-26T18:27:27+00:00","breadcrumb":{"@id":"https:\/\/brasilnoticias.org\/site\/goleada-do-flamengo-contra-vitoria-e-a-maior-da-era-de-pontos-corridos-no-brasileirao\/#breadcrumb"},"inLanguage":"pt-PT","potentialAction":[{"@type":"ReadAction","target":["https:\/\/brasilnoticias.org\/site\/goleada-do-flamengo-contra-vitoria-e-a-maior-da-era-de-pontos-corridos-no-brasileirao\/"]}]},{"@type":"ImageObject","inLanguage":"pt-PT","@id":"https:\/\/brasilnoticias.org\/site\/goleada-do-flamengo-contra-vitoria-e-a-maior-da-era-de-pontos-corridos-no-brasileirao\/#primaryimage","url":"https:\/\/brasilnoticias.org\/site\/wp-content\/uploads\/2025\/08\/169206goleada-do-flamengo-contra-vitoria-e-a-maior-da-era-de-pontos-corridos-no-brasileirao-3.jpg","contentUrl":"https:\/\/brasilnoticias.org\/site\/wp-content\/uploads\/2025\/08\/169206goleada-do-flamengo-contra-vitoria-e-a-maior-da-era-de-pontos-corridos-no-brasileirao-3.jpg","width":1600,"height":752},{"@type":"BreadcrumbList","@id":"https:\/\/brasilnoticias.org\/site\/goleada-do-flamengo-contra-vitoria-e-a-maior-da-era-de-pontos-corridos-no-brasileirao\/#breadcrumb","itemListElement":[{"@type":"ListItem","position":1,"name":"In\u00edcio","item":"https:\/\/brasilnoticias.org\/site\/"},{"@type":"ListItem","position":2,"name":"Goleada do Flamengo contra Vit\u00f3ria \u00e9 a maior da era de pontos corridos no Brasileir\u00e3o"}]},{"@type":"WebSite","@id":"https:\/\/brasilnoticias.org\/site\/#website","url":"https:\/\/brasilnoticias.org\/site\/","name":"Brasil not\u00edcias","description":"Brasil not\u00edcias","publisher":{"@id":"https:\/\/brasilnoticias.org\/site\/#organization"},"potentialAction":[{"@type":"SearchAction","target":{"@type":"EntryPoint","urlTemplate":"https:\/\/brasilnoticias.org\/site\/?s={search_term_string}"},"query-input":{"@type":"PropertyValueSpecification","valueRequired":true,"valueName":"search_term_string"}}],"inLanguage":"pt-PT"},{"@type":"Organization","@id":"https:\/\/brasilnoticias.org\/site\/#organization","name":"Brasil not\u00edcias","url":"https:\/\/brasilnoticias.org\/site\/","logo":{"@type":"ImageObject","inLanguage":"pt-PT","@id":"https:\/\/brasilnoticias.org\/site\/#\/schema\/logo\/image\/","url":"https:\/\/brasilnoticias.org\/site\/wp-content\/uploads\/2022\/05\/cropped-brasilnoticias-mini.jpg","contentUrl":"https:\/\/brasilnoticias.org\/site\/wp-content\/uploads\/2022\/05\/cropped-brasilnoticias-mini.jpg","width":314,"height":86,"caption":"Brasil not\u00edcias"},"image":{"@id":"https:\/\/brasilnoticias.org\/site\/#\/schema\/logo\/image\/"}},{"@type":"Person","@id":"https:\/\/brasilnoticias.org\/site\/#\/schema\/person\/03bbbfe6c7634ad18c26444ea39049fa","name":"Reda\u00e7\u00e3o","image":{"@type":"ImageObject","inLanguage":"pt-PT","@id":"https:\/\/brasilnoticias.org\/site\/#\/schema\/person\/image\/","url":"https:\/\/secure.gravatar.com\/avatar\/9ecaf7327a696cb23ad926fedded5f1f04d7049de9e445375d55b48c001a6e42?s=96&d=mm&r=g","contentUrl":"https:\/\/secure.gravatar.com\/avatar\/9ecaf7327a696cb23ad926fedded5f1f04d7049de9e445375d55b48c001a6e42?s=96&d=mm&r=g","caption":"Reda\u00e7\u00e3o"},"url":"https:\/\/brasilnoticias.org\/site\/author\/henrique\/"}]}},"_links":{"self":[{"href":"https:\/\/brasilnoticias.org\/site\/wp-json\/wp\/v2\/posts\/17848","targetHints":{"allow":["GET"]}}],"collection":[{"href":"https:\/\/brasilnoticias.org\/site\/wp-json\/wp\/v2\/posts"}],"about":[{"href":"https:\/\/brasilnoticias.org\/site\/wp-json\/wp\/v2\/types\/post"}],"author":[{"embeddable":true,"href":"https:\/\/brasilnoticias.org\/site\/wp-json\/wp\/v2\/users\/4"}],"replies":[{"embeddable":true,"href":"https:\/\/brasilnoticias.org\/site\/wp-json\/wp\/v2\/comments?post=17848"}],"version-history":[{"count":1,"href":"https:\/\/brasilnoticias.org\/site\/wp-json\/wp\/v2\/posts\/17848\/revisions"}],"predecessor-version":[{"id":17850,"href":"https:\/\/brasilnoticias.org\/site\/wp-json\/wp\/v2\/posts\/17848\/revisions\/17850"}],"wp:featuredmedia":[{"embeddable":true,"href":"https:\/\/brasilnoticias.org\/site\/wp-json\/wp\/v2\/media\/17849"}],"wp:attachment":[{"href":"https:\/\/brasilnoticias.org\/site\/wp-json\/wp\/v2\/media?parent=17848"}],"wp:term":[{"taxonomy":"category","embeddable":true,"href":"https:\/\/brasilnoticias.org\/site\/wp-json\/wp\/v2\/categories?post=17848"},{"taxonomy":"post_tag","embeddable":true,"href":"https:\/\/brasilnoticias.org\/site\/wp-json\/wp\/v2\/tags?post=17848"}],"curies":[{"name":"wp","href":"https:\/\/api.w.org\/{rel}","templated":true}]}}