{"id":1785,"date":"2022-10-11T07:10:14","date_gmt":"2022-10-11T10:10:14","guid":{"rendered":"https:\/\/brasilnoticias.org\/site\/?p=1785"},"modified":"2022-10-11T00:03:26","modified_gmt":"2022-10-11T03:03:26","slug":"bombeiros-reforcam-acao-para-conter-incendios-no-estado-da-bahia","status":"publish","type":"post","link":"https:\/\/brasilnoticias.org\/site\/bombeiros-reforcam-acao-para-conter-incendios-no-estado-da-bahia\/","title":{"rendered":"Bombeiros refor\u00e7am a\u00e7\u00e3o para conter inc\u00eandios no estado da Bahia"},"content":{"rendered":"<p>Para controlar as chamas espalhadas pelos inc\u00eandios florestais no estado da Bahia, cerca de 23 bombeiros militares participaram como refor\u00e7os de uma a\u00e7\u00e3o de combate, organizada pelo Programa Bahia Sem Fogo, que ocorreu nesta segunda-feira (10).<\/p>\n<p>A equipe original era composta por outros 193 servidores p\u00fablicos &#8211; dentre eles integrantes da Secretaria do Meio Ambiente do Estado (Sema) e da Superintend\u00eancia de Prote\u00e7\u00e3o e Defesa Civil da Bahia (Sudec) &#8211; que est\u00e3o trabalhando nas bases de conten\u00e7\u00e3o de fogo dos munic\u00edpios baianos de Juazeiro, Vit\u00f3ria da Conquista, Barreiras e Len\u00e7\u00f3is.<\/p>\n<p>As bases das cidades atuam no controle dos inc\u00eandios da regi\u00e3o e auxiliam no de vizinhos. No caso de Len\u00e7\u00f3is, eles trabalham no entorno, em Iraquara, Xique-Xique, Ibipeba e Piat\u00e3.<\/p>\n<p>Na base da regi\u00e3o Norte e Sudoeste, o aux\u00edlio se estende \u00e0s cidades de Pil\u00e3o de Arcado, Senhor do Bonfim, Jacobina, Cura\u00e7\u00e1, Rio de Contas e Paramirim.<\/p>\n<p>Por fim, em Barreiras o trabalho se estende aos munic\u00edpios de Santa Rita de C\u00e1ssia, Mansid\u00e3o, Angical, Muqu\u00e9m de S\u00e3o Francisco, Ibotirama e Barra.<\/p>\n<p>Foto: Reprodu\u00e7\u00e3o\/ Corpo de Bombeiros<\/p>\n<p>Por: Metro1 <\/p>\n","protected":false},"excerpt":{"rendered":"<p>Para controlar as chamas espalhadas pelos inc\u00eandios florestais no estado da Bahia, cerca de 23 bombeiros militares participaram como refor\u00e7os<\/p>\n","protected":false},"author":1,"featured_media":1786,"comment_status":"open","ping_status":"open","sticky":false,"template":"","format":"standard","meta":{"colormag_page_container_layout":"default_layout","colormag_page_sidebar_layout":"default_layout","_FSMCFIC_featured_image_caption":"","_FSMCFIC_featured_image_nocaption":"","_FSMCFIC_featured_image_hide":"","footnotes":""},"categories":[2,1],"tags":[],"class_list":["post-1785","post","type-post","status-publish","format-standard","has-post-thumbnail","hentry","category-noticias","category-ultimas"],"yoast_head":"<!-- This site is optimized with the Yoast SEO plugin v27.1.1 - https:\/\/yoast.com\/product\/yoast-seo-wordpress\/ -->\n<title>Bombeiros refor\u00e7am a\u00e7\u00e3o para conter inc\u00eandios no estado da Bahia - Brasil not\u00edcias<\/title>\n<meta name=\"robots\" content=\"index, follow, max-snippet:-1, max-image-preview:large, max-video-preview:-1\" \/>\n<link rel=\"canonical\" href=\"https:\/\/brasilnoticias.org\/site\/bombeiros-reforcam-acao-para-conter-incendios-no-estado-da-bahia\/\" \/>\n<meta property=\"og:locale\" content=\"pt_PT\" \/>\n<meta property=\"og:type\" content=\"article\" \/>\n<meta property=\"og:title\" content=\"Bombeiros refor\u00e7am a\u00e7\u00e3o para conter inc\u00eandios no estado da Bahia - Brasil not\u00edcias\" \/>\n<meta property=\"og:description\" content=\"Para controlar as chamas espalhadas pelos inc\u00eandios florestais no estado da Bahia, cerca de 23 bombeiros militares participaram como refor\u00e7os\" \/>\n<meta property=\"og:url\" content=\"https:\/\/brasilnoticias.org\/site\/bombeiros-reforcam-acao-para-conter-incendios-no-estado-da-bahia\/\" \/>\n<meta property=\"og:site_name\" content=\"Brasil not\u00edcias\" \/>\n<meta property=\"article:published_time\" content=\"2022-10-11T10:10:14+00:00\" \/>\n<meta property=\"og:image\" content=\"https:\/\/brasilnoticias.org\/site\/wp-content\/uploads\/2022\/10\/129238bombeiros-reforcam-acao-para-conter-incendios-no-estado-da-bahia-3.jpg\" \/>\n\t<meta property=\"og:image:width\" content=\"1600\" \/>\n\t<meta property=\"og:image:height\" content=\"752\" \/>\n\t<meta property=\"og:image:type\" content=\"image\/jpeg\" \/>\n<meta name=\"author\" content=\"Reda\u00e7\u00e3o\" \/>\n<meta name=\"twitter:card\" content=\"summary_large_image\" \/>\n<meta name=\"twitter:label1\" content=\"Escrito por\" \/>\n\t<meta name=\"twitter:data1\" content=\"Reda\u00e7\u00e3o\" \/>\n\t<meta name=\"twitter:label2\" content=\"Tempo estimado de leitura\" \/>\n\t<meta name=\"twitter:data2\" content=\"1 minuto\" \/>\n<script type=\"application\/ld+json\" class=\"yoast-schema-graph\">{\"@context\":\"https:\/\/schema.org\",\"@graph\":[{\"@type\":\"Article\",\"@id\":\"https:\/\/brasilnoticias.org\/site\/bombeiros-reforcam-acao-para-conter-incendios-no-estado-da-bahia\/#article\",\"isPartOf\":{\"@id\":\"https:\/\/brasilnoticias.org\/site\/bombeiros-reforcam-acao-para-conter-incendios-no-estado-da-bahia\/\"},\"author\":{\"name\":\"Reda\u00e7\u00e3o\",\"@id\":\"https:\/\/brasilnoticias.org\/site\/#\/schema\/person\/a0e05b973ec4d15c658d51911e53507b\"},\"headline\":\"Bombeiros refor\u00e7am a\u00e7\u00e3o para conter inc\u00eandios no estado da Bahia\",\"datePublished\":\"2022-10-11T10:10:14+00:00\",\"mainEntityOfPage\":{\"@id\":\"https:\/\/brasilnoticias.org\/site\/bombeiros-reforcam-acao-para-conter-incendios-no-estado-da-bahia\/\"},\"wordCount\":211,\"commentCount\":0,\"publisher\":{\"@id\":\"https:\/\/brasilnoticias.org\/site\/#organization\"},\"image\":{\"@id\":\"https:\/\/brasilnoticias.org\/site\/bombeiros-reforcam-acao-para-conter-incendios-no-estado-da-bahia\/#primaryimage\"},\"thumbnailUrl\":\"https:\/\/brasilnoticias.org\/site\/wp-content\/uploads\/2022\/10\/129238bombeiros-reforcam-acao-para-conter-incendios-no-estado-da-bahia-3.jpg\",\"articleSection\":[\"Not\u00edcias\",\"\u00daltimas\"],\"inLanguage\":\"pt-PT\",\"potentialAction\":[{\"@type\":\"CommentAction\",\"name\":\"Comment\",\"target\":[\"https:\/\/brasilnoticias.org\/site\/bombeiros-reforcam-acao-para-conter-incendios-no-estado-da-bahia\/#respond\"]}]},{\"@type\":\"WebPage\",\"@id\":\"https:\/\/brasilnoticias.org\/site\/bombeiros-reforcam-acao-para-conter-incendios-no-estado-da-bahia\/\",\"url\":\"https:\/\/brasilnoticias.org\/site\/bombeiros-reforcam-acao-para-conter-incendios-no-estado-da-bahia\/\",\"name\":\"Bombeiros refor\u00e7am a\u00e7\u00e3o para conter inc\u00eandios no estado da Bahia - Brasil not\u00edcias\",\"isPartOf\":{\"@id\":\"https:\/\/brasilnoticias.org\/site\/#website\"},\"primaryImageOfPage\":{\"@id\":\"https:\/\/brasilnoticias.org\/site\/bombeiros-reforcam-acao-para-conter-incendios-no-estado-da-bahia\/#primaryimage\"},\"image\":{\"@id\":\"https:\/\/brasilnoticias.org\/site\/bombeiros-reforcam-acao-para-conter-incendios-no-estado-da-bahia\/#primaryimage\"},\"thumbnailUrl\":\"https:\/\/brasilnoticias.org\/site\/wp-content\/uploads\/2022\/10\/129238bombeiros-reforcam-acao-para-conter-incendios-no-estado-da-bahia-3.jpg\",\"datePublished\":\"2022-10-11T10:10:14+00:00\",\"breadcrumb\":{\"@id\":\"https:\/\/brasilnoticias.org\/site\/bombeiros-reforcam-acao-para-conter-incendios-no-estado-da-bahia\/#breadcrumb\"},\"inLanguage\":\"pt-PT\",\"potentialAction\":[{\"@type\":\"ReadAction\",\"target\":[\"https:\/\/brasilnoticias.org\/site\/bombeiros-reforcam-acao-para-conter-incendios-no-estado-da-bahia\/\"]}]},{\"@type\":\"ImageObject\",\"inLanguage\":\"pt-PT\",\"@id\":\"https:\/\/brasilnoticias.org\/site\/bombeiros-reforcam-acao-para-conter-incendios-no-estado-da-bahia\/#primaryimage\",\"url\":\"https:\/\/brasilnoticias.org\/site\/wp-content\/uploads\/2022\/10\/129238bombeiros-reforcam-acao-para-conter-incendios-no-estado-da-bahia-3.jpg\",\"contentUrl\":\"https:\/\/brasilnoticias.org\/site\/wp-content\/uploads\/2022\/10\/129238bombeiros-reforcam-acao-para-conter-incendios-no-estado-da-bahia-3.jpg\",\"width\":1600,\"height\":752},{\"@type\":\"BreadcrumbList\",\"@id\":\"https:\/\/brasilnoticias.org\/site\/bombeiros-reforcam-acao-para-conter-incendios-no-estado-da-bahia\/#breadcrumb\",\"itemListElement\":[{\"@type\":\"ListItem\",\"position\":1,\"name\":\"In\u00edcio\",\"item\":\"https:\/\/brasilnoticias.org\/site\/\"},{\"@type\":\"ListItem\",\"position\":2,\"name\":\"Bombeiros refor\u00e7am a\u00e7\u00e3o para conter inc\u00eandios no estado da Bahia\"}]},{\"@type\":\"WebSite\",\"@id\":\"https:\/\/brasilnoticias.org\/site\/#website\",\"url\":\"https:\/\/brasilnoticias.org\/site\/\",\"name\":\"Brasil not\u00edcias\",\"description\":\"Brasil not\u00edcias\",\"publisher\":{\"@id\":\"https:\/\/brasilnoticias.org\/site\/#organization\"},\"potentialAction\":[{\"@type\":\"SearchAction\",\"target\":{\"@type\":\"EntryPoint\",\"urlTemplate\":\"https:\/\/brasilnoticias.org\/site\/?s={search_term_string}\"},\"query-input\":{\"@type\":\"PropertyValueSpecification\",\"valueRequired\":true,\"valueName\":\"search_term_string\"}}],\"inLanguage\":\"pt-PT\"},{\"@type\":\"Organization\",\"@id\":\"https:\/\/brasilnoticias.org\/site\/#organization\",\"name\":\"Brasil not\u00edcias\",\"url\":\"https:\/\/brasilnoticias.org\/site\/\",\"logo\":{\"@type\":\"ImageObject\",\"inLanguage\":\"pt-PT\",\"@id\":\"https:\/\/brasilnoticias.org\/site\/#\/schema\/logo\/image\/\",\"url\":\"https:\/\/brasilnoticias.org\/site\/wp-content\/uploads\/2022\/05\/cropped-brasilnoticias-mini.jpg\",\"contentUrl\":\"https:\/\/brasilnoticias.org\/site\/wp-content\/uploads\/2022\/05\/cropped-brasilnoticias-mini.jpg\",\"width\":314,\"height\":86,\"caption\":\"Brasil not\u00edcias\"},\"image\":{\"@id\":\"https:\/\/brasilnoticias.org\/site\/#\/schema\/logo\/image\/\"}},{\"@type\":\"Person\",\"@id\":\"https:\/\/brasilnoticias.org\/site\/#\/schema\/person\/a0e05b973ec4d15c658d51911e53507b\",\"name\":\"Reda\u00e7\u00e3o\",\"image\":{\"@type\":\"ImageObject\",\"inLanguage\":\"pt-PT\",\"@id\":\"https:\/\/brasilnoticias.org\/site\/#\/schema\/person\/image\/\",\"url\":\"https:\/\/secure.gravatar.com\/avatar\/75d8b050df2de108b08ae78dfb8e374892df24a383c67db9c46a9c604f6aee9c?s=96&d=mm&r=g\",\"contentUrl\":\"https:\/\/secure.gravatar.com\/avatar\/75d8b050df2de108b08ae78dfb8e374892df24a383c67db9c46a9c604f6aee9c?s=96&d=mm&r=g\",\"caption\":\"Reda\u00e7\u00e3o\"},\"sameAs\":[\"https:\/\/brasilnoticias.org\/site\"],\"url\":\"https:\/\/brasilnoticias.org\/site\/author\/fernandozsngmail-com\/\"}]}<\/script>\n<!-- \/ Yoast SEO plugin. -->","yoast_head_json":{"title":"Bombeiros refor\u00e7am a\u00e7\u00e3o para conter inc\u00eandios no estado da Bahia - Brasil not\u00edcias","robots":{"index":"index","follow":"follow","max-snippet":"max-snippet:-1","max-image-preview":"max-image-preview:large","max-video-preview":"max-video-preview:-1"},"canonical":"https:\/\/brasilnoticias.org\/site\/bombeiros-reforcam-acao-para-conter-incendios-no-estado-da-bahia\/","og_locale":"pt_PT","og_type":"article","og_title":"Bombeiros refor\u00e7am a\u00e7\u00e3o para conter inc\u00eandios no estado da Bahia - Brasil not\u00edcias","og_description":"Para controlar as chamas espalhadas pelos inc\u00eandios florestais no estado da Bahia, cerca de 23 bombeiros militares participaram como refor\u00e7os","og_url":"https:\/\/brasilnoticias.org\/site\/bombeiros-reforcam-acao-para-conter-incendios-no-estado-da-bahia\/","og_site_name":"Brasil not\u00edcias","article_published_time":"2022-10-11T10:10:14+00:00","og_image":[{"width":1600,"height":752,"url":"https:\/\/brasilnoticias.org\/site\/wp-content\/uploads\/2022\/10\/129238bombeiros-reforcam-acao-para-conter-incendios-no-estado-da-bahia-3.jpg","type":"image\/jpeg"}],"author":"Reda\u00e7\u00e3o","twitter_card":"summary_large_image","twitter_misc":{"Escrito por":"Reda\u00e7\u00e3o","Tempo estimado de leitura":"1 minuto"},"schema":{"@context":"https:\/\/schema.org","@graph":[{"@type":"Article","@id":"https:\/\/brasilnoticias.org\/site\/bombeiros-reforcam-acao-para-conter-incendios-no-estado-da-bahia\/#article","isPartOf":{"@id":"https:\/\/brasilnoticias.org\/site\/bombeiros-reforcam-acao-para-conter-incendios-no-estado-da-bahia\/"},"author":{"name":"Reda\u00e7\u00e3o","@id":"https:\/\/brasilnoticias.org\/site\/#\/schema\/person\/a0e05b973ec4d15c658d51911e53507b"},"headline":"Bombeiros refor\u00e7am a\u00e7\u00e3o para conter inc\u00eandios no estado da Bahia","datePublished":"2022-10-11T10:10:14+00:00","mainEntityOfPage":{"@id":"https:\/\/brasilnoticias.org\/site\/bombeiros-reforcam-acao-para-conter-incendios-no-estado-da-bahia\/"},"wordCount":211,"commentCount":0,"publisher":{"@id":"https:\/\/brasilnoticias.org\/site\/#organization"},"image":{"@id":"https:\/\/brasilnoticias.org\/site\/bombeiros-reforcam-acao-para-conter-incendios-no-estado-da-bahia\/#primaryimage"},"thumbnailUrl":"https:\/\/brasilnoticias.org\/site\/wp-content\/uploads\/2022\/10\/129238bombeiros-reforcam-acao-para-conter-incendios-no-estado-da-bahia-3.jpg","articleSection":["Not\u00edcias","\u00daltimas"],"inLanguage":"pt-PT","potentialAction":[{"@type":"CommentAction","name":"Comment","target":["https:\/\/brasilnoticias.org\/site\/bombeiros-reforcam-acao-para-conter-incendios-no-estado-da-bahia\/#respond"]}]},{"@type":"WebPage","@id":"https:\/\/brasilnoticias.org\/site\/bombeiros-reforcam-acao-para-conter-incendios-no-estado-da-bahia\/","url":"https:\/\/brasilnoticias.org\/site\/bombeiros-reforcam-acao-para-conter-incendios-no-estado-da-bahia\/","name":"Bombeiros refor\u00e7am a\u00e7\u00e3o para conter inc\u00eandios no estado da Bahia - Brasil not\u00edcias","isPartOf":{"@id":"https:\/\/brasilnoticias.org\/site\/#website"},"primaryImageOfPage":{"@id":"https:\/\/brasilnoticias.org\/site\/bombeiros-reforcam-acao-para-conter-incendios-no-estado-da-bahia\/#primaryimage"},"image":{"@id":"https:\/\/brasilnoticias.org\/site\/bombeiros-reforcam-acao-para-conter-incendios-no-estado-da-bahia\/#primaryimage"},"thumbnailUrl":"https:\/\/brasilnoticias.org\/site\/wp-content\/uploads\/2022\/10\/129238bombeiros-reforcam-acao-para-conter-incendios-no-estado-da-bahia-3.jpg","datePublished":"2022-10-11T10:10:14+00:00","breadcrumb":{"@id":"https:\/\/brasilnoticias.org\/site\/bombeiros-reforcam-acao-para-conter-incendios-no-estado-da-bahia\/#breadcrumb"},"inLanguage":"pt-PT","potentialAction":[{"@type":"ReadAction","target":["https:\/\/brasilnoticias.org\/site\/bombeiros-reforcam-acao-para-conter-incendios-no-estado-da-bahia\/"]}]},{"@type":"ImageObject","inLanguage":"pt-PT","@id":"https:\/\/brasilnoticias.org\/site\/bombeiros-reforcam-acao-para-conter-incendios-no-estado-da-bahia\/#primaryimage","url":"https:\/\/brasilnoticias.org\/site\/wp-content\/uploads\/2022\/10\/129238bombeiros-reforcam-acao-para-conter-incendios-no-estado-da-bahia-3.jpg","contentUrl":"https:\/\/brasilnoticias.org\/site\/wp-content\/uploads\/2022\/10\/129238bombeiros-reforcam-acao-para-conter-incendios-no-estado-da-bahia-3.jpg","width":1600,"height":752},{"@type":"BreadcrumbList","@id":"https:\/\/brasilnoticias.org\/site\/bombeiros-reforcam-acao-para-conter-incendios-no-estado-da-bahia\/#breadcrumb","itemListElement":[{"@type":"ListItem","position":1,"name":"In\u00edcio","item":"https:\/\/brasilnoticias.org\/site\/"},{"@type":"ListItem","position":2,"name":"Bombeiros refor\u00e7am a\u00e7\u00e3o para conter inc\u00eandios no estado da Bahia"}]},{"@type":"WebSite","@id":"https:\/\/brasilnoticias.org\/site\/#website","url":"https:\/\/brasilnoticias.org\/site\/","name":"Brasil not\u00edcias","description":"Brasil not\u00edcias","publisher":{"@id":"https:\/\/brasilnoticias.org\/site\/#organization"},"potentialAction":[{"@type":"SearchAction","target":{"@type":"EntryPoint","urlTemplate":"https:\/\/brasilnoticias.org\/site\/?s={search_term_string}"},"query-input":{"@type":"PropertyValueSpecification","valueRequired":true,"valueName":"search_term_string"}}],"inLanguage":"pt-PT"},{"@type":"Organization","@id":"https:\/\/brasilnoticias.org\/site\/#organization","name":"Brasil not\u00edcias","url":"https:\/\/brasilnoticias.org\/site\/","logo":{"@type":"ImageObject","inLanguage":"pt-PT","@id":"https:\/\/brasilnoticias.org\/site\/#\/schema\/logo\/image\/","url":"https:\/\/brasilnoticias.org\/site\/wp-content\/uploads\/2022\/05\/cropped-brasilnoticias-mini.jpg","contentUrl":"https:\/\/brasilnoticias.org\/site\/wp-content\/uploads\/2022\/05\/cropped-brasilnoticias-mini.jpg","width":314,"height":86,"caption":"Brasil not\u00edcias"},"image":{"@id":"https:\/\/brasilnoticias.org\/site\/#\/schema\/logo\/image\/"}},{"@type":"Person","@id":"https:\/\/brasilnoticias.org\/site\/#\/schema\/person\/a0e05b973ec4d15c658d51911e53507b","name":"Reda\u00e7\u00e3o","image":{"@type":"ImageObject","inLanguage":"pt-PT","@id":"https:\/\/brasilnoticias.org\/site\/#\/schema\/person\/image\/","url":"https:\/\/secure.gravatar.com\/avatar\/75d8b050df2de108b08ae78dfb8e374892df24a383c67db9c46a9c604f6aee9c?s=96&d=mm&r=g","contentUrl":"https:\/\/secure.gravatar.com\/avatar\/75d8b050df2de108b08ae78dfb8e374892df24a383c67db9c46a9c604f6aee9c?s=96&d=mm&r=g","caption":"Reda\u00e7\u00e3o"},"sameAs":["https:\/\/brasilnoticias.org\/site"],"url":"https:\/\/brasilnoticias.org\/site\/author\/fernandozsngmail-com\/"}]}},"_links":{"self":[{"href":"https:\/\/brasilnoticias.org\/site\/wp-json\/wp\/v2\/posts\/1785","targetHints":{"allow":["GET"]}}],"collection":[{"href":"https:\/\/brasilnoticias.org\/site\/wp-json\/wp\/v2\/posts"}],"about":[{"href":"https:\/\/brasilnoticias.org\/site\/wp-json\/wp\/v2\/types\/post"}],"author":[{"embeddable":true,"href":"https:\/\/brasilnoticias.org\/site\/wp-json\/wp\/v2\/users\/1"}],"replies":[{"embeddable":true,"href":"https:\/\/brasilnoticias.org\/site\/wp-json\/wp\/v2\/comments?post=1785"}],"version-history":[{"count":1,"href":"https:\/\/brasilnoticias.org\/site\/wp-json\/wp\/v2\/posts\/1785\/revisions"}],"predecessor-version":[{"id":1787,"href":"https:\/\/brasilnoticias.org\/site\/wp-json\/wp\/v2\/posts\/1785\/revisions\/1787"}],"wp:featuredmedia":[{"embeddable":true,"href":"https:\/\/brasilnoticias.org\/site\/wp-json\/wp\/v2\/media\/1786"}],"wp:attachment":[{"href":"https:\/\/brasilnoticias.org\/site\/wp-json\/wp\/v2\/media?parent=1785"}],"wp:term":[{"taxonomy":"category","embeddable":true,"href":"https:\/\/brasilnoticias.org\/site\/wp-json\/wp\/v2\/categories?post=1785"},{"taxonomy":"post_tag","embeddable":true,"href":"https:\/\/brasilnoticias.org\/site\/wp-json\/wp\/v2\/tags?post=1785"}],"curies":[{"name":"wp","href":"https:\/\/api.w.org\/{rel}","templated":true}]}}