{"id":17851,"date":"2025-08-26T15:29:12","date_gmt":"2025-08-26T18:29:12","guid":{"rendered":"https:\/\/brasilnoticias.org\/site\/?p=17851"},"modified":"2025-08-26T15:29:12","modified_gmt":"2025-08-26T18:29:12","slug":"prefeitura-reforca-atendimento-de-transporte-em-campinas-de-piraja-com-novas-linhas-e-integracao-ao-metro","status":"publish","type":"post","link":"https:\/\/brasilnoticias.org\/site\/prefeitura-reforca-atendimento-de-transporte-em-campinas-de-piraja-com-novas-linhas-e-integracao-ao-metro\/","title":{"rendered":"Prefeitura refor\u00e7a atendimento de transporte em Campinas de Piraj\u00e1 com novas linhas e integra\u00e7\u00e3o ao metr\u00f4"},"content":{"rendered":"<p>A Prefeitura de Salvador, atrav\u00e9s da Secretaria de Mobilidade (Semob), ampliou em 2025 a oferta de transporte p\u00fablico em Campinas de Piraj\u00e1, garantindo mais conforto e op\u00e7\u00f5es de deslocamento para os moradores da regi\u00e3o. Com mais de 20 itiner\u00e1rios j\u00e1 existentes, al\u00e9m da cria\u00e7\u00e3o e reativa\u00e7\u00e3o de linhas de \u00f4nibus, a popula\u00e7\u00e3o conta com um ponto de \u00f4nibus em frente \u00e0 esta\u00e7\u00e3o de metr\u00f4 Campinas, na BR-324, que funciona desde 2023 e se consolidou como um importante espa\u00e7o de integra\u00e7\u00e3o.<\/p>\n<p>Mais de 20 itiner\u00e1rios que ligam Campinas de Piraj\u00e1 a diferentes regi\u00f5es da cidade j\u00e1 utilizam o ponto de integra\u00e7\u00e3o em frente \u00e0 esta\u00e7\u00e3o do metr\u00f4, entre eles linhas que conectam diretamente aos terminais de Pitua\u00e7u, Mussurunga, \u00c1guas Claras, Ribeira, Iguatemi e Fazenda Grande do Retiro.<\/p>\n<p>Em 2025, foi reativada a linha 1515 \u2013 Conjunto Piraj\u00e1 x Ribeira, ampliando o atendimento tamb\u00e9m nesta localidade. Al\u00e9m disso, a pasta criou a linha 1800 \u2013 Terminal Campinas x Oscar Seixas\/Dique do Cabrito, que passar\u00e1 a circular junto com a abertura da esta\u00e7\u00e3o de \u00f4nibus que \u00e9 administrada pela gest\u00e3o estadual.<\/p>\n<p>O secret\u00e1rio de Mobilidade, Pablo Souza, destacou a import\u00e2ncia da medida. &#8220;Esse refor\u00e7o demonstra o compromisso da Prefeitura em garantir mobilidade de qualidade para os moradores de Campinas de Piraj\u00e1. Com mais op\u00e7\u00f5es de \u00f4nibus integrados ao metr\u00f4, o deslocamento di\u00e1rio fica mais r\u00e1pido, seguro e eficiente.&#8221;<\/p>\n<p>Segundo ele, a iniciativa faz parte de uma estrat\u00e9gia maior de integra\u00e7\u00e3o do transporte p\u00fablico em Salvador. &#8220;Estamos ampliando a rede de conex\u00f5es entre \u00f4nibus e metr\u00f4 para que a popula\u00e7\u00e3o tenha sempre a melhor alternativa de deslocamento&#8221;, concluiu.<\/p>\n<p>Linhas que atendem a Esta\u00e7\u00e3o Metr\u00f4 Campinas:<\/p>\n<p>0203 \u2013 Terminal Pitua\u00e7\u00fa x Ribeira<\/p>\n<p>0310 \u2013 Aeroporto x Barroquinha<\/p>\n<p>0331 \u2013 Itapu\u00e3 x Fazenda Grande do Retiro<\/p>\n<p>1317 \u2013 Pau da Lima x Barroquinha<\/p>\n<p>1321 \u2013 S\u00e3o Marcos x Barroquinha<\/p>\n<p>1324 \u2013 Sete de Abril x Esta\u00e7\u00e3o Piraj\u00e1<\/p>\n<p>1328 \u2013 Esta\u00e7\u00e3o Mussurunga x Esta\u00e7\u00e3o Piraj\u00e1<\/p>\n<p>1338 \u2013 Vila Can\u00e1ria x Esta\u00e7\u00e3o Piraj\u00e1<\/p>\n<p>1367 \u2013 Pau da Lima x Campo Grande\/Barra<\/p>\n<p>1383 \u2013 Creche x Esta\u00e7\u00e3o Piraj\u00e1<\/p>\n<p>1397 \u2013 Canabrava x Esta\u00e7\u00e3o Piraj\u00e1<\/p>\n<p>1399 \u2013 Jardim Cajazeiras x Esta\u00e7\u00e3o Piraj\u00e1<\/p>\n<p>1399-01 \u2013 Dom Avelar x Esta\u00e7\u00e3o Piraj\u00e1<\/p>\n<p>1403 \u2013 Cajazeiras 11 x Ribeira<\/p>\n<p>1419 \u2013 Boca da Mata x Shopping da Bahia<\/p>\n<p>1515 \u2013 Conjunto Piraj\u00e1 x Ribeira (reativada em 2025)<\/p>\n<p>1521-01 \u2013 Piraj\u00e1\/Rua Nova x Esta\u00e7\u00e3o Piraj\u00e1 (via BR 324)<\/p>\n<p>1636 \u2013 Mirantes de Periperi x Imbu\u00ed\/Boca do Rio (via BR 324)<\/p>\n<p>1671 \u2013 Paripe x Iguatemi<\/p>\n<p>1673 \u2013 Fazenda Coutos x Iguatemi<\/p>\n<p>1706 \u2013 Terminal \u00c1guas Claras x Esta\u00e7\u00e3o Piraj\u00e1 (via Castelo Branco)<\/p>\n<p>1720 \u2013 Terminal \u00c1guas Claras x Esta\u00e7\u00e3o Piraj\u00e1 (via BR 324)<\/p>\n<p>1344 \u2013 Esta\u00e7\u00e3o Piraj\u00e1 x Ribeira (Monte Serrat) [criada em 2025]<\/p>\n","protected":false},"excerpt":{"rendered":"<p>A Prefeitura de Salvador, atrav\u00e9s da Secretaria de Mobilidade (Semob), ampliou em 2025 a oferta de transporte p\u00fablico em Campinas<\/p>\n","protected":false},"author":4,"featured_media":17852,"comment_status":"open","ping_status":"open","sticky":false,"template":"","format":"standard","meta":{"colormag_page_container_layout":"default_layout","colormag_page_sidebar_layout":"default_layout","_FSMCFIC_featured_image_caption":"","_FSMCFIC_featured_image_nocaption":"","_FSMCFIC_featured_image_hide":"","footnotes":""},"categories":[2,1],"tags":[],"class_list":["post-17851","post","type-post","status-publish","format-standard","has-post-thumbnail","hentry","category-noticias","category-ultimas"],"yoast_head":"<!-- This site is optimized with the Yoast SEO plugin v27.1.1 - https:\/\/yoast.com\/product\/yoast-seo-wordpress\/ -->\n<title>Prefeitura refor\u00e7a atendimento de transporte em Campinas de Piraj\u00e1 com novas linhas e integra\u00e7\u00e3o ao metr\u00f4 - Brasil not\u00edcias<\/title>\n<meta name=\"robots\" content=\"index, follow, max-snippet:-1, max-image-preview:large, max-video-preview:-1\" \/>\n<link rel=\"canonical\" href=\"https:\/\/brasilnoticias.org\/site\/prefeitura-reforca-atendimento-de-transporte-em-campinas-de-piraja-com-novas-linhas-e-integracao-ao-metro\/\" \/>\n<meta property=\"og:locale\" content=\"pt_PT\" \/>\n<meta property=\"og:type\" content=\"article\" \/>\n<meta property=\"og:title\" content=\"Prefeitura refor\u00e7a atendimento de transporte em Campinas de Piraj\u00e1 com novas linhas e integra\u00e7\u00e3o ao metr\u00f4 - Brasil not\u00edcias\" \/>\n<meta property=\"og:description\" content=\"A Prefeitura de Salvador, atrav\u00e9s da Secretaria de Mobilidade (Semob), ampliou em 2025 a oferta de transporte p\u00fablico em Campinas\" \/>\n<meta property=\"og:url\" content=\"https:\/\/brasilnoticias.org\/site\/prefeitura-reforca-atendimento-de-transporte-em-campinas-de-piraja-com-novas-linhas-e-integracao-ao-metro\/\" \/>\n<meta property=\"og:site_name\" content=\"Brasil not\u00edcias\" \/>\n<meta property=\"article:published_time\" content=\"2025-08-26T18:29:12+00:00\" \/>\n<meta property=\"og:image\" content=\"https:\/\/brasilnoticias.org\/site\/wp-content\/uploads\/2025\/08\/IMG_5190-scaled.jpg\" \/>\n\t<meta property=\"og:image:width\" content=\"2560\" \/>\n\t<meta property=\"og:image:height\" content=\"1707\" \/>\n\t<meta property=\"og:image:type\" content=\"image\/jpeg\" \/>\n<meta name=\"author\" content=\"Reda\u00e7\u00e3o\" \/>\n<meta name=\"twitter:card\" content=\"summary_large_image\" \/>\n<meta name=\"twitter:label1\" content=\"Escrito por\" \/>\n\t<meta name=\"twitter:data1\" content=\"Reda\u00e7\u00e3o\" \/>\n\t<meta name=\"twitter:label2\" content=\"Tempo estimado de leitura\" \/>\n\t<meta name=\"twitter:data2\" content=\"1 minuto\" \/>\n<script type=\"application\/ld+json\" class=\"yoast-schema-graph\">{\"@context\":\"https:\/\/schema.org\",\"@graph\":[{\"@type\":\"Article\",\"@id\":\"https:\/\/brasilnoticias.org\/site\/prefeitura-reforca-atendimento-de-transporte-em-campinas-de-piraja-com-novas-linhas-e-integracao-ao-metro\/#article\",\"isPartOf\":{\"@id\":\"https:\/\/brasilnoticias.org\/site\/prefeitura-reforca-atendimento-de-transporte-em-campinas-de-piraja-com-novas-linhas-e-integracao-ao-metro\/\"},\"author\":{\"name\":\"Reda\u00e7\u00e3o\",\"@id\":\"https:\/\/brasilnoticias.org\/site\/#\/schema\/person\/03bbbfe6c7634ad18c26444ea39049fa\"},\"headline\":\"Prefeitura refor\u00e7a atendimento de transporte em Campinas de Piraj\u00e1 com novas linhas e integra\u00e7\u00e3o ao metr\u00f4\",\"datePublished\":\"2025-08-26T18:29:12+00:00\",\"mainEntityOfPage\":{\"@id\":\"https:\/\/brasilnoticias.org\/site\/prefeitura-reforca-atendimento-de-transporte-em-campinas-de-piraja-com-novas-linhas-e-integracao-ao-metro\/\"},\"wordCount\":456,\"commentCount\":0,\"publisher\":{\"@id\":\"https:\/\/brasilnoticias.org\/site\/#organization\"},\"image\":{\"@id\":\"https:\/\/brasilnoticias.org\/site\/prefeitura-reforca-atendimento-de-transporte-em-campinas-de-piraja-com-novas-linhas-e-integracao-ao-metro\/#primaryimage\"},\"thumbnailUrl\":\"https:\/\/brasilnoticias.org\/site\/wp-content\/uploads\/2025\/08\/IMG_5190-scaled.jpg\",\"articleSection\":[\"Not\u00edcias\",\"\u00daltimas\"],\"inLanguage\":\"pt-PT\",\"potentialAction\":[{\"@type\":\"CommentAction\",\"name\":\"Comment\",\"target\":[\"https:\/\/brasilnoticias.org\/site\/prefeitura-reforca-atendimento-de-transporte-em-campinas-de-piraja-com-novas-linhas-e-integracao-ao-metro\/#respond\"]}]},{\"@type\":\"WebPage\",\"@id\":\"https:\/\/brasilnoticias.org\/site\/prefeitura-reforca-atendimento-de-transporte-em-campinas-de-piraja-com-novas-linhas-e-integracao-ao-metro\/\",\"url\":\"https:\/\/brasilnoticias.org\/site\/prefeitura-reforca-atendimento-de-transporte-em-campinas-de-piraja-com-novas-linhas-e-integracao-ao-metro\/\",\"name\":\"Prefeitura refor\u00e7a atendimento de transporte em Campinas de Piraj\u00e1 com novas linhas e integra\u00e7\u00e3o ao metr\u00f4 - Brasil not\u00edcias\",\"isPartOf\":{\"@id\":\"https:\/\/brasilnoticias.org\/site\/#website\"},\"primaryImageOfPage\":{\"@id\":\"https:\/\/brasilnoticias.org\/site\/prefeitura-reforca-atendimento-de-transporte-em-campinas-de-piraja-com-novas-linhas-e-integracao-ao-metro\/#primaryimage\"},\"image\":{\"@id\":\"https:\/\/brasilnoticias.org\/site\/prefeitura-reforca-atendimento-de-transporte-em-campinas-de-piraja-com-novas-linhas-e-integracao-ao-metro\/#primaryimage\"},\"thumbnailUrl\":\"https:\/\/brasilnoticias.org\/site\/wp-content\/uploads\/2025\/08\/IMG_5190-scaled.jpg\",\"datePublished\":\"2025-08-26T18:29:12+00:00\",\"breadcrumb\":{\"@id\":\"https:\/\/brasilnoticias.org\/site\/prefeitura-reforca-atendimento-de-transporte-em-campinas-de-piraja-com-novas-linhas-e-integracao-ao-metro\/#breadcrumb\"},\"inLanguage\":\"pt-PT\",\"potentialAction\":[{\"@type\":\"ReadAction\",\"target\":[\"https:\/\/brasilnoticias.org\/site\/prefeitura-reforca-atendimento-de-transporte-em-campinas-de-piraja-com-novas-linhas-e-integracao-ao-metro\/\"]}]},{\"@type\":\"ImageObject\",\"inLanguage\":\"pt-PT\",\"@id\":\"https:\/\/brasilnoticias.org\/site\/prefeitura-reforca-atendimento-de-transporte-em-campinas-de-piraja-com-novas-linhas-e-integracao-ao-metro\/#primaryimage\",\"url\":\"https:\/\/brasilnoticias.org\/site\/wp-content\/uploads\/2025\/08\/IMG_5190-scaled.jpg\",\"contentUrl\":\"https:\/\/brasilnoticias.org\/site\/wp-content\/uploads\/2025\/08\/IMG_5190-scaled.jpg\",\"width\":2560,\"height\":1707},{\"@type\":\"BreadcrumbList\",\"@id\":\"https:\/\/brasilnoticias.org\/site\/prefeitura-reforca-atendimento-de-transporte-em-campinas-de-piraja-com-novas-linhas-e-integracao-ao-metro\/#breadcrumb\",\"itemListElement\":[{\"@type\":\"ListItem\",\"position\":1,\"name\":\"In\u00edcio\",\"item\":\"https:\/\/brasilnoticias.org\/site\/\"},{\"@type\":\"ListItem\",\"position\":2,\"name\":\"Prefeitura refor\u00e7a atendimento de transporte em Campinas de Piraj\u00e1 com novas linhas e integra\u00e7\u00e3o ao metr\u00f4\"}]},{\"@type\":\"WebSite\",\"@id\":\"https:\/\/brasilnoticias.org\/site\/#website\",\"url\":\"https:\/\/brasilnoticias.org\/site\/\",\"name\":\"Brasil not\u00edcias\",\"description\":\"Brasil not\u00edcias\",\"publisher\":{\"@id\":\"https:\/\/brasilnoticias.org\/site\/#organization\"},\"potentialAction\":[{\"@type\":\"SearchAction\",\"target\":{\"@type\":\"EntryPoint\",\"urlTemplate\":\"https:\/\/brasilnoticias.org\/site\/?s={search_term_string}\"},\"query-input\":{\"@type\":\"PropertyValueSpecification\",\"valueRequired\":true,\"valueName\":\"search_term_string\"}}],\"inLanguage\":\"pt-PT\"},{\"@type\":\"Organization\",\"@id\":\"https:\/\/brasilnoticias.org\/site\/#organization\",\"name\":\"Brasil not\u00edcias\",\"url\":\"https:\/\/brasilnoticias.org\/site\/\",\"logo\":{\"@type\":\"ImageObject\",\"inLanguage\":\"pt-PT\",\"@id\":\"https:\/\/brasilnoticias.org\/site\/#\/schema\/logo\/image\/\",\"url\":\"https:\/\/brasilnoticias.org\/site\/wp-content\/uploads\/2022\/05\/cropped-brasilnoticias-mini.jpg\",\"contentUrl\":\"https:\/\/brasilnoticias.org\/site\/wp-content\/uploads\/2022\/05\/cropped-brasilnoticias-mini.jpg\",\"width\":314,\"height\":86,\"caption\":\"Brasil not\u00edcias\"},\"image\":{\"@id\":\"https:\/\/brasilnoticias.org\/site\/#\/schema\/logo\/image\/\"}},{\"@type\":\"Person\",\"@id\":\"https:\/\/brasilnoticias.org\/site\/#\/schema\/person\/03bbbfe6c7634ad18c26444ea39049fa\",\"name\":\"Reda\u00e7\u00e3o\",\"image\":{\"@type\":\"ImageObject\",\"inLanguage\":\"pt-PT\",\"@id\":\"https:\/\/brasilnoticias.org\/site\/#\/schema\/person\/image\/\",\"url\":\"https:\/\/secure.gravatar.com\/avatar\/9ecaf7327a696cb23ad926fedded5f1f04d7049de9e445375d55b48c001a6e42?s=96&d=mm&r=g\",\"contentUrl\":\"https:\/\/secure.gravatar.com\/avatar\/9ecaf7327a696cb23ad926fedded5f1f04d7049de9e445375d55b48c001a6e42?s=96&d=mm&r=g\",\"caption\":\"Reda\u00e7\u00e3o\"},\"url\":\"https:\/\/brasilnoticias.org\/site\/author\/henrique\/\"}]}<\/script>\n<!-- \/ Yoast SEO plugin. -->","yoast_head_json":{"title":"Prefeitura refor\u00e7a atendimento de transporte em Campinas de Piraj\u00e1 com novas linhas e integra\u00e7\u00e3o ao metr\u00f4 - Brasil not\u00edcias","robots":{"index":"index","follow":"follow","max-snippet":"max-snippet:-1","max-image-preview":"max-image-preview:large","max-video-preview":"max-video-preview:-1"},"canonical":"https:\/\/brasilnoticias.org\/site\/prefeitura-reforca-atendimento-de-transporte-em-campinas-de-piraja-com-novas-linhas-e-integracao-ao-metro\/","og_locale":"pt_PT","og_type":"article","og_title":"Prefeitura refor\u00e7a atendimento de transporte em Campinas de Piraj\u00e1 com novas linhas e integra\u00e7\u00e3o ao metr\u00f4 - Brasil not\u00edcias","og_description":"A Prefeitura de Salvador, atrav\u00e9s da Secretaria de Mobilidade (Semob), ampliou em 2025 a oferta de transporte p\u00fablico em Campinas","og_url":"https:\/\/brasilnoticias.org\/site\/prefeitura-reforca-atendimento-de-transporte-em-campinas-de-piraja-com-novas-linhas-e-integracao-ao-metro\/","og_site_name":"Brasil not\u00edcias","article_published_time":"2025-08-26T18:29:12+00:00","og_image":[{"width":2560,"height":1707,"url":"https:\/\/brasilnoticias.org\/site\/wp-content\/uploads\/2025\/08\/IMG_5190-scaled.jpg","type":"image\/jpeg"}],"author":"Reda\u00e7\u00e3o","twitter_card":"summary_large_image","twitter_misc":{"Escrito por":"Reda\u00e7\u00e3o","Tempo estimado de leitura":"1 minuto"},"schema":{"@context":"https:\/\/schema.org","@graph":[{"@type":"Article","@id":"https:\/\/brasilnoticias.org\/site\/prefeitura-reforca-atendimento-de-transporte-em-campinas-de-piraja-com-novas-linhas-e-integracao-ao-metro\/#article","isPartOf":{"@id":"https:\/\/brasilnoticias.org\/site\/prefeitura-reforca-atendimento-de-transporte-em-campinas-de-piraja-com-novas-linhas-e-integracao-ao-metro\/"},"author":{"name":"Reda\u00e7\u00e3o","@id":"https:\/\/brasilnoticias.org\/site\/#\/schema\/person\/03bbbfe6c7634ad18c26444ea39049fa"},"headline":"Prefeitura refor\u00e7a atendimento de transporte em Campinas de Piraj\u00e1 com novas linhas e integra\u00e7\u00e3o ao metr\u00f4","datePublished":"2025-08-26T18:29:12+00:00","mainEntityOfPage":{"@id":"https:\/\/brasilnoticias.org\/site\/prefeitura-reforca-atendimento-de-transporte-em-campinas-de-piraja-com-novas-linhas-e-integracao-ao-metro\/"},"wordCount":456,"commentCount":0,"publisher":{"@id":"https:\/\/brasilnoticias.org\/site\/#organization"},"image":{"@id":"https:\/\/brasilnoticias.org\/site\/prefeitura-reforca-atendimento-de-transporte-em-campinas-de-piraja-com-novas-linhas-e-integracao-ao-metro\/#primaryimage"},"thumbnailUrl":"https:\/\/brasilnoticias.org\/site\/wp-content\/uploads\/2025\/08\/IMG_5190-scaled.jpg","articleSection":["Not\u00edcias","\u00daltimas"],"inLanguage":"pt-PT","potentialAction":[{"@type":"CommentAction","name":"Comment","target":["https:\/\/brasilnoticias.org\/site\/prefeitura-reforca-atendimento-de-transporte-em-campinas-de-piraja-com-novas-linhas-e-integracao-ao-metro\/#respond"]}]},{"@type":"WebPage","@id":"https:\/\/brasilnoticias.org\/site\/prefeitura-reforca-atendimento-de-transporte-em-campinas-de-piraja-com-novas-linhas-e-integracao-ao-metro\/","url":"https:\/\/brasilnoticias.org\/site\/prefeitura-reforca-atendimento-de-transporte-em-campinas-de-piraja-com-novas-linhas-e-integracao-ao-metro\/","name":"Prefeitura refor\u00e7a atendimento de transporte em Campinas de Piraj\u00e1 com novas linhas e integra\u00e7\u00e3o ao metr\u00f4 - Brasil not\u00edcias","isPartOf":{"@id":"https:\/\/brasilnoticias.org\/site\/#website"},"primaryImageOfPage":{"@id":"https:\/\/brasilnoticias.org\/site\/prefeitura-reforca-atendimento-de-transporte-em-campinas-de-piraja-com-novas-linhas-e-integracao-ao-metro\/#primaryimage"},"image":{"@id":"https:\/\/brasilnoticias.org\/site\/prefeitura-reforca-atendimento-de-transporte-em-campinas-de-piraja-com-novas-linhas-e-integracao-ao-metro\/#primaryimage"},"thumbnailUrl":"https:\/\/brasilnoticias.org\/site\/wp-content\/uploads\/2025\/08\/IMG_5190-scaled.jpg","datePublished":"2025-08-26T18:29:12+00:00","breadcrumb":{"@id":"https:\/\/brasilnoticias.org\/site\/prefeitura-reforca-atendimento-de-transporte-em-campinas-de-piraja-com-novas-linhas-e-integracao-ao-metro\/#breadcrumb"},"inLanguage":"pt-PT","potentialAction":[{"@type":"ReadAction","target":["https:\/\/brasilnoticias.org\/site\/prefeitura-reforca-atendimento-de-transporte-em-campinas-de-piraja-com-novas-linhas-e-integracao-ao-metro\/"]}]},{"@type":"ImageObject","inLanguage":"pt-PT","@id":"https:\/\/brasilnoticias.org\/site\/prefeitura-reforca-atendimento-de-transporte-em-campinas-de-piraja-com-novas-linhas-e-integracao-ao-metro\/#primaryimage","url":"https:\/\/brasilnoticias.org\/site\/wp-content\/uploads\/2025\/08\/IMG_5190-scaled.jpg","contentUrl":"https:\/\/brasilnoticias.org\/site\/wp-content\/uploads\/2025\/08\/IMG_5190-scaled.jpg","width":2560,"height":1707},{"@type":"BreadcrumbList","@id":"https:\/\/brasilnoticias.org\/site\/prefeitura-reforca-atendimento-de-transporte-em-campinas-de-piraja-com-novas-linhas-e-integracao-ao-metro\/#breadcrumb","itemListElement":[{"@type":"ListItem","position":1,"name":"In\u00edcio","item":"https:\/\/brasilnoticias.org\/site\/"},{"@type":"ListItem","position":2,"name":"Prefeitura refor\u00e7a atendimento de transporte em Campinas de Piraj\u00e1 com novas linhas e integra\u00e7\u00e3o ao metr\u00f4"}]},{"@type":"WebSite","@id":"https:\/\/brasilnoticias.org\/site\/#website","url":"https:\/\/brasilnoticias.org\/site\/","name":"Brasil not\u00edcias","description":"Brasil not\u00edcias","publisher":{"@id":"https:\/\/brasilnoticias.org\/site\/#organization"},"potentialAction":[{"@type":"SearchAction","target":{"@type":"EntryPoint","urlTemplate":"https:\/\/brasilnoticias.org\/site\/?s={search_term_string}"},"query-input":{"@type":"PropertyValueSpecification","valueRequired":true,"valueName":"search_term_string"}}],"inLanguage":"pt-PT"},{"@type":"Organization","@id":"https:\/\/brasilnoticias.org\/site\/#organization","name":"Brasil not\u00edcias","url":"https:\/\/brasilnoticias.org\/site\/","logo":{"@type":"ImageObject","inLanguage":"pt-PT","@id":"https:\/\/brasilnoticias.org\/site\/#\/schema\/logo\/image\/","url":"https:\/\/brasilnoticias.org\/site\/wp-content\/uploads\/2022\/05\/cropped-brasilnoticias-mini.jpg","contentUrl":"https:\/\/brasilnoticias.org\/site\/wp-content\/uploads\/2022\/05\/cropped-brasilnoticias-mini.jpg","width":314,"height":86,"caption":"Brasil not\u00edcias"},"image":{"@id":"https:\/\/brasilnoticias.org\/site\/#\/schema\/logo\/image\/"}},{"@type":"Person","@id":"https:\/\/brasilnoticias.org\/site\/#\/schema\/person\/03bbbfe6c7634ad18c26444ea39049fa","name":"Reda\u00e7\u00e3o","image":{"@type":"ImageObject","inLanguage":"pt-PT","@id":"https:\/\/brasilnoticias.org\/site\/#\/schema\/person\/image\/","url":"https:\/\/secure.gravatar.com\/avatar\/9ecaf7327a696cb23ad926fedded5f1f04d7049de9e445375d55b48c001a6e42?s=96&d=mm&r=g","contentUrl":"https:\/\/secure.gravatar.com\/avatar\/9ecaf7327a696cb23ad926fedded5f1f04d7049de9e445375d55b48c001a6e42?s=96&d=mm&r=g","caption":"Reda\u00e7\u00e3o"},"url":"https:\/\/brasilnoticias.org\/site\/author\/henrique\/"}]}},"_links":{"self":[{"href":"https:\/\/brasilnoticias.org\/site\/wp-json\/wp\/v2\/posts\/17851","targetHints":{"allow":["GET"]}}],"collection":[{"href":"https:\/\/brasilnoticias.org\/site\/wp-json\/wp\/v2\/posts"}],"about":[{"href":"https:\/\/brasilnoticias.org\/site\/wp-json\/wp\/v2\/types\/post"}],"author":[{"embeddable":true,"href":"https:\/\/brasilnoticias.org\/site\/wp-json\/wp\/v2\/users\/4"}],"replies":[{"embeddable":true,"href":"https:\/\/brasilnoticias.org\/site\/wp-json\/wp\/v2\/comments?post=17851"}],"version-history":[{"count":1,"href":"https:\/\/brasilnoticias.org\/site\/wp-json\/wp\/v2\/posts\/17851\/revisions"}],"predecessor-version":[{"id":17853,"href":"https:\/\/brasilnoticias.org\/site\/wp-json\/wp\/v2\/posts\/17851\/revisions\/17853"}],"wp:featuredmedia":[{"embeddable":true,"href":"https:\/\/brasilnoticias.org\/site\/wp-json\/wp\/v2\/media\/17852"}],"wp:attachment":[{"href":"https:\/\/brasilnoticias.org\/site\/wp-json\/wp\/v2\/media?parent=17851"}],"wp:term":[{"taxonomy":"category","embeddable":true,"href":"https:\/\/brasilnoticias.org\/site\/wp-json\/wp\/v2\/categories?post=17851"},{"taxonomy":"post_tag","embeddable":true,"href":"https:\/\/brasilnoticias.org\/site\/wp-json\/wp\/v2\/tags?post=17851"}],"curies":[{"name":"wp","href":"https:\/\/api.w.org\/{rel}","templated":true}]}}