{"id":17875,"date":"2025-08-28T12:18:07","date_gmt":"2025-08-28T15:18:07","guid":{"rendered":"https:\/\/brasilnoticias.org\/site\/?p=17875"},"modified":"2025-08-28T12:18:07","modified_gmt":"2025-08-28T15:18:07","slug":"trem-reduzira-tempo-de-salvador-a-feira-e-preve-gerar-60-mil-empregos","status":"publish","type":"post","link":"https:\/\/brasilnoticias.org\/site\/trem-reduzira-tempo-de-salvador-a-feira-e-preve-gerar-60-mil-empregos\/","title":{"rendered":"Trem reduzir\u00e1 tempo de Salvador a Feira e prev\u00ea gerar 60 mil empregos"},"content":{"rendered":"<p>Com a estimativa de transportar 23 milh\u00f5es de passageiros por ano, al\u00e9m de cargas diversas, o projeto de trem intercidades (TIC) que deve ligar Salvador a Feira de Santana est\u00e1 na fase final de ajustes e aguarda o reconhecimento do Minist\u00e9rio dos Transportes como pol\u00edtica p\u00fablica importante para o desenvolvimento do Brasil.<\/p>\n<p>Ainda sem previs\u00e3o para in\u00edcio das obras, o tra\u00e7ado tem 98 km com velocidade estimada em 160 km\/h no trem de passageiros, que ter\u00e1 oito paradas, e 120 km\/h nos trens de cargas, com duas paradas. Com perspectiva de fazer o percurso com as paradas em uma m\u00e9dia de 55 minutos, o empreendimento pode gerar mais de 60 mil empregos, dos quais 10 mil diretos, e tem proje\u00e7\u00e3o de investimento or\u00e7ado em R$ 6,8 bilh\u00f5es.<\/p>\n<p>\u201cOs recursos n\u00e3o s\u00e3o p\u00fablicos. Vir\u00e3o de grupos empresariais do Brasil e de v\u00e1rios outros pa\u00edses\u201d, garante o engenheiro civil Danilo Ferreira, s\u00f3cio do empres\u00e1rio Osvaldo Ottan na TIC Bahia Ltda., empresa criada com foco em projetos estrat\u00e9gicos de investimentos em infraestrutura e log\u00edstica no Brasil.<\/p>\n<p>Embora j\u00e1 sejam sete anos de trabalho, o projeto s\u00f3 foi encaminhado \u00e0 Ag\u00eancia Nacional de Transportes Terrestres (ANTT) em janeiro deste ano, com pedido publicado no Di\u00e1rio Oficial da Uni\u00e3o. Desde ent\u00e3o, tr\u00eas of\u00edcios foram encaminhados pelo \u00f3rg\u00e3o solicitando informa\u00e7\u00f5es complementares.<\/p>\n<p>Em busca de engajamento, a proposta t\u00e9cnica j\u00e1 foi apresentada para diferentes segmentos econ\u00f4micos do estado, representantes pol\u00edticos da Bahia, bem como ao ministro dos Transportes, Renan Filho.<\/p>\n<p>A perspectiva neste momento \u00e9 a emiss\u00e3o da nota t\u00e9cnica da ANTT ao Minist\u00e9rio dos Transportes, que dever\u00e1 fazer a recomenda\u00e7\u00e3o como obra de interesse p\u00fablico, pelo impacto que ter\u00e1 na vida da popula\u00e7\u00e3o, explicou Ferreira, acrescentando que \u201cn\u00e3o \u00e9 a\u00e7\u00e3o pol\u00edtica, \u00e9 institucional da Bahia, com muito investimentos da iniciativa privada\u201d.<\/p>\n<p>A ideia de ampliar as linhas ferrovi\u00e1rias regionais no Brasil est\u00e1 alinhada com um movimento mundial que defende a substitui\u00e7\u00e3o do transporte rodovi\u00e1rio por trens.<\/p>\n<p>A Ferrovia Salvador\/Feira est\u00e1 entre as seis novas rotas anunciadas pelo Minist\u00e9rio dos Transportes, ligando as principais metr\u00f3poles do pa\u00eds. No estado, o projeto da TIC Bahia \u00e9 integrado aos demais modais de transporte, com duas esta\u00e7\u00f5es de passageiros em Feira de Santana (Esta\u00e7\u00e3o Noide Cerqueira e Rodoferrovi\u00e1ria Contorno), al\u00e9m de uma parada de carga no munic\u00edpio.<\/p>\n<p>Entusiasta em defesa das ferrovias como transporte mais sustent\u00e1vel, dentre outras vantagens enumeradas, Danilo Ferreira disse que a principal motiva\u00e7\u00e3o foi \u201ca certeza da import\u00e2ncia e da viabilidade do projeto\u201d. Ele acrescentou que novos trilhos devem ser implantados, pois as estruturas da antiga ferrovia est\u00e3o deterioradas e dariam mais despesa para serem recuperadas do que o investimento em nova via.<\/p>\n<p>Sobre transporte de cargas, a \u00faltima previs\u00e3o de volume apontou algo em torno de 20 milh\u00f5es de toneladas por ano com transporte dos produtos das ind\u00fastrias de Feira e regi\u00e3o. O destino pode ser o mercado da regi\u00e3o metropolitana da capital, bem como o Porto de Salvador, considerando que o projeto \u00e9 dotado de terminal para integra\u00e7\u00e3o de cargas.<\/p>\n<p>Intermodalidade<br \/>\n\u201cQue a gente consiga ter uma efici\u00eancia na intermodalidade\u201d, afirmou o vice-presidente da Federa\u00e7\u00e3o das Ind\u00fastrias do Estado da Bahia, Murilo Xavier, pontuando que a institui\u00e7\u00e3o defende a descentraliza\u00e7\u00e3o da log\u00edstica no estado, por estar ainda muito concentrada na RMS. \u201cPor isso, temos recebido, de forma muito receptiva, todas as iniciativas de melhoramento e de fomento a novas ferrovias\u201d, destacou.<\/p>\n<p>Presidente do Conselho de Infraestrutura da Fieb, ele ressaltou que \u201c\u00e9 muito positivo termos um projeto que pretende ligar Salvador a Feira de Santana, que \u00e9 um dos polos mais importantes do Nordeste, diversificando os modais de log\u00edstica e infraestrutura dispon\u00edveis para a regi\u00e3o\u201d.<\/p>\n<p>Xavier ressaltou ainda que a nova ferrovia estar\u00e1 conectada a outros modais como rodovias e ferrovias, a exemplo da Transnordestina e da Fiol.<\/p>\n<p>Em nota e sem dar prazos, o Minist\u00e9rio dos Transportes confirmou que a ANTT est\u00e1 analisando os par\u00e2metros t\u00e9cnicos do projeto da TIC Bahia, e que a an\u00e1lise ser\u00e1 posteriormente apreciada pelo minist\u00e9rio para avaliar a ader\u00eancia da proposta \u00e0 pol\u00edtica p\u00fablica.<\/p>\n<p>Foto: Reprodu\u00e7\u00e3o | TIC Bahia<br \/>\nInforma\u00e7\u00f5es do jornal A Tarde<\/p>\n","protected":false},"excerpt":{"rendered":"<p>Com a estimativa de transportar 23 milh\u00f5es de passageiros por ano, al\u00e9m de cargas diversas, o projeto de trem intercidades<\/p>\n","protected":false},"author":4,"featured_media":17876,"comment_status":"open","ping_status":"open","sticky":false,"template":"","format":"standard","meta":{"colormag_page_container_layout":"default_layout","colormag_page_sidebar_layout":"default_layout","_FSMCFIC_featured_image_caption":"","_FSMCFIC_featured_image_nocaption":"","_FSMCFIC_featured_image_hide":"","footnotes":""},"categories":[2,1],"tags":[],"class_list":["post-17875","post","type-post","status-publish","format-standard","has-post-thumbnail","hentry","category-noticias","category-ultimas"],"yoast_head":"<!-- This site is optimized with the Yoast SEO plugin v27.1.1 - https:\/\/yoast.com\/product\/yoast-seo-wordpress\/ -->\n<title>Trem reduzir\u00e1 tempo de Salvador a Feira e prev\u00ea gerar 60 mil empregos - Brasil not\u00edcias<\/title>\n<meta name=\"robots\" content=\"index, follow, max-snippet:-1, max-image-preview:large, max-video-preview:-1\" \/>\n<link rel=\"canonical\" href=\"https:\/\/brasilnoticias.org\/site\/trem-reduzira-tempo-de-salvador-a-feira-e-preve-gerar-60-mil-empregos\/\" \/>\n<meta property=\"og:locale\" content=\"pt_PT\" \/>\n<meta property=\"og:type\" content=\"article\" \/>\n<meta property=\"og:title\" content=\"Trem reduzir\u00e1 tempo de Salvador a Feira e prev\u00ea gerar 60 mil empregos - Brasil not\u00edcias\" \/>\n<meta property=\"og:description\" content=\"Com a estimativa de transportar 23 milh\u00f5es de passageiros por ano, al\u00e9m de cargas diversas, o projeto de trem intercidades\" \/>\n<meta property=\"og:url\" content=\"https:\/\/brasilnoticias.org\/site\/trem-reduzira-tempo-de-salvador-a-feira-e-preve-gerar-60-mil-empregos\/\" \/>\n<meta property=\"og:site_name\" content=\"Brasil not\u00edcias\" \/>\n<meta property=\"article:published_time\" content=\"2025-08-28T15:18:07+00:00\" \/>\n<meta property=\"og:image\" content=\"https:\/\/brasilnoticias.org\/site\/wp-content\/uploads\/2025\/08\/Captura-de-tela-2025-08-28-060859.png\" \/>\n\t<meta property=\"og:image:width\" content=\"895\" \/>\n\t<meta property=\"og:image:height\" content=\"616\" \/>\n\t<meta property=\"og:image:type\" content=\"image\/png\" \/>\n<meta name=\"author\" content=\"Reda\u00e7\u00e3o\" \/>\n<meta name=\"twitter:card\" content=\"summary_large_image\" \/>\n<meta name=\"twitter:label1\" content=\"Escrito por\" \/>\n\t<meta name=\"twitter:data1\" content=\"Reda\u00e7\u00e3o\" \/>\n\t<meta name=\"twitter:label2\" content=\"Tempo estimado de leitura\" \/>\n\t<meta name=\"twitter:data2\" content=\"1 minuto\" \/>\n<script type=\"application\/ld+json\" class=\"yoast-schema-graph\">{\"@context\":\"https:\/\/schema.org\",\"@graph\":[{\"@type\":\"Article\",\"@id\":\"https:\/\/brasilnoticias.org\/site\/trem-reduzira-tempo-de-salvador-a-feira-e-preve-gerar-60-mil-empregos\/#article\",\"isPartOf\":{\"@id\":\"https:\/\/brasilnoticias.org\/site\/trem-reduzira-tempo-de-salvador-a-feira-e-preve-gerar-60-mil-empregos\/\"},\"author\":{\"name\":\"Reda\u00e7\u00e3o\",\"@id\":\"https:\/\/brasilnoticias.org\/site\/#\/schema\/person\/03bbbfe6c7634ad18c26444ea39049fa\"},\"headline\":\"Trem reduzir\u00e1 tempo de Salvador a Feira e prev\u00ea gerar 60 mil empregos\",\"datePublished\":\"2025-08-28T15:18:07+00:00\",\"mainEntityOfPage\":{\"@id\":\"https:\/\/brasilnoticias.org\/site\/trem-reduzira-tempo-de-salvador-a-feira-e-preve-gerar-60-mil-empregos\/\"},\"wordCount\":754,\"commentCount\":0,\"publisher\":{\"@id\":\"https:\/\/brasilnoticias.org\/site\/#organization\"},\"image\":{\"@id\":\"https:\/\/brasilnoticias.org\/site\/trem-reduzira-tempo-de-salvador-a-feira-e-preve-gerar-60-mil-empregos\/#primaryimage\"},\"thumbnailUrl\":\"https:\/\/brasilnoticias.org\/site\/wp-content\/uploads\/2025\/08\/Captura-de-tela-2025-08-28-060859.png\",\"articleSection\":[\"Not\u00edcias\",\"\u00daltimas\"],\"inLanguage\":\"pt-PT\",\"potentialAction\":[{\"@type\":\"CommentAction\",\"name\":\"Comment\",\"target\":[\"https:\/\/brasilnoticias.org\/site\/trem-reduzira-tempo-de-salvador-a-feira-e-preve-gerar-60-mil-empregos\/#respond\"]}]},{\"@type\":\"WebPage\",\"@id\":\"https:\/\/brasilnoticias.org\/site\/trem-reduzira-tempo-de-salvador-a-feira-e-preve-gerar-60-mil-empregos\/\",\"url\":\"https:\/\/brasilnoticias.org\/site\/trem-reduzira-tempo-de-salvador-a-feira-e-preve-gerar-60-mil-empregos\/\",\"name\":\"Trem reduzir\u00e1 tempo de Salvador a Feira e prev\u00ea gerar 60 mil empregos - Brasil not\u00edcias\",\"isPartOf\":{\"@id\":\"https:\/\/brasilnoticias.org\/site\/#website\"},\"primaryImageOfPage\":{\"@id\":\"https:\/\/brasilnoticias.org\/site\/trem-reduzira-tempo-de-salvador-a-feira-e-preve-gerar-60-mil-empregos\/#primaryimage\"},\"image\":{\"@id\":\"https:\/\/brasilnoticias.org\/site\/trem-reduzira-tempo-de-salvador-a-feira-e-preve-gerar-60-mil-empregos\/#primaryimage\"},\"thumbnailUrl\":\"https:\/\/brasilnoticias.org\/site\/wp-content\/uploads\/2025\/08\/Captura-de-tela-2025-08-28-060859.png\",\"datePublished\":\"2025-08-28T15:18:07+00:00\",\"breadcrumb\":{\"@id\":\"https:\/\/brasilnoticias.org\/site\/trem-reduzira-tempo-de-salvador-a-feira-e-preve-gerar-60-mil-empregos\/#breadcrumb\"},\"inLanguage\":\"pt-PT\",\"potentialAction\":[{\"@type\":\"ReadAction\",\"target\":[\"https:\/\/brasilnoticias.org\/site\/trem-reduzira-tempo-de-salvador-a-feira-e-preve-gerar-60-mil-empregos\/\"]}]},{\"@type\":\"ImageObject\",\"inLanguage\":\"pt-PT\",\"@id\":\"https:\/\/brasilnoticias.org\/site\/trem-reduzira-tempo-de-salvador-a-feira-e-preve-gerar-60-mil-empregos\/#primaryimage\",\"url\":\"https:\/\/brasilnoticias.org\/site\/wp-content\/uploads\/2025\/08\/Captura-de-tela-2025-08-28-060859.png\",\"contentUrl\":\"https:\/\/brasilnoticias.org\/site\/wp-content\/uploads\/2025\/08\/Captura-de-tela-2025-08-28-060859.png\",\"width\":895,\"height\":616},{\"@type\":\"BreadcrumbList\",\"@id\":\"https:\/\/brasilnoticias.org\/site\/trem-reduzira-tempo-de-salvador-a-feira-e-preve-gerar-60-mil-empregos\/#breadcrumb\",\"itemListElement\":[{\"@type\":\"ListItem\",\"position\":1,\"name\":\"In\u00edcio\",\"item\":\"https:\/\/brasilnoticias.org\/site\/\"},{\"@type\":\"ListItem\",\"position\":2,\"name\":\"Trem reduzir\u00e1 tempo de Salvador a Feira e prev\u00ea gerar 60 mil empregos\"}]},{\"@type\":\"WebSite\",\"@id\":\"https:\/\/brasilnoticias.org\/site\/#website\",\"url\":\"https:\/\/brasilnoticias.org\/site\/\",\"name\":\"Brasil not\u00edcias\",\"description\":\"Brasil not\u00edcias\",\"publisher\":{\"@id\":\"https:\/\/brasilnoticias.org\/site\/#organization\"},\"potentialAction\":[{\"@type\":\"SearchAction\",\"target\":{\"@type\":\"EntryPoint\",\"urlTemplate\":\"https:\/\/brasilnoticias.org\/site\/?s={search_term_string}\"},\"query-input\":{\"@type\":\"PropertyValueSpecification\",\"valueRequired\":true,\"valueName\":\"search_term_string\"}}],\"inLanguage\":\"pt-PT\"},{\"@type\":\"Organization\",\"@id\":\"https:\/\/brasilnoticias.org\/site\/#organization\",\"name\":\"Brasil not\u00edcias\",\"url\":\"https:\/\/brasilnoticias.org\/site\/\",\"logo\":{\"@type\":\"ImageObject\",\"inLanguage\":\"pt-PT\",\"@id\":\"https:\/\/brasilnoticias.org\/site\/#\/schema\/logo\/image\/\",\"url\":\"https:\/\/brasilnoticias.org\/site\/wp-content\/uploads\/2022\/05\/cropped-brasilnoticias-mini.jpg\",\"contentUrl\":\"https:\/\/brasilnoticias.org\/site\/wp-content\/uploads\/2022\/05\/cropped-brasilnoticias-mini.jpg\",\"width\":314,\"height\":86,\"caption\":\"Brasil not\u00edcias\"},\"image\":{\"@id\":\"https:\/\/brasilnoticias.org\/site\/#\/schema\/logo\/image\/\"}},{\"@type\":\"Person\",\"@id\":\"https:\/\/brasilnoticias.org\/site\/#\/schema\/person\/03bbbfe6c7634ad18c26444ea39049fa\",\"name\":\"Reda\u00e7\u00e3o\",\"image\":{\"@type\":\"ImageObject\",\"inLanguage\":\"pt-PT\",\"@id\":\"https:\/\/brasilnoticias.org\/site\/#\/schema\/person\/image\/\",\"url\":\"https:\/\/secure.gravatar.com\/avatar\/9ecaf7327a696cb23ad926fedded5f1f04d7049de9e445375d55b48c001a6e42?s=96&d=mm&r=g\",\"contentUrl\":\"https:\/\/secure.gravatar.com\/avatar\/9ecaf7327a696cb23ad926fedded5f1f04d7049de9e445375d55b48c001a6e42?s=96&d=mm&r=g\",\"caption\":\"Reda\u00e7\u00e3o\"},\"url\":\"https:\/\/brasilnoticias.org\/site\/author\/henrique\/\"}]}<\/script>\n<!-- \/ Yoast SEO plugin. -->","yoast_head_json":{"title":"Trem reduzir\u00e1 tempo de Salvador a Feira e prev\u00ea gerar 60 mil empregos - Brasil not\u00edcias","robots":{"index":"index","follow":"follow","max-snippet":"max-snippet:-1","max-image-preview":"max-image-preview:large","max-video-preview":"max-video-preview:-1"},"canonical":"https:\/\/brasilnoticias.org\/site\/trem-reduzira-tempo-de-salvador-a-feira-e-preve-gerar-60-mil-empregos\/","og_locale":"pt_PT","og_type":"article","og_title":"Trem reduzir\u00e1 tempo de Salvador a Feira e prev\u00ea gerar 60 mil empregos - Brasil not\u00edcias","og_description":"Com a estimativa de transportar 23 milh\u00f5es de passageiros por ano, al\u00e9m de cargas diversas, o projeto de trem intercidades","og_url":"https:\/\/brasilnoticias.org\/site\/trem-reduzira-tempo-de-salvador-a-feira-e-preve-gerar-60-mil-empregos\/","og_site_name":"Brasil not\u00edcias","article_published_time":"2025-08-28T15:18:07+00:00","og_image":[{"width":895,"height":616,"url":"https:\/\/brasilnoticias.org\/site\/wp-content\/uploads\/2025\/08\/Captura-de-tela-2025-08-28-060859.png","type":"image\/png"}],"author":"Reda\u00e7\u00e3o","twitter_card":"summary_large_image","twitter_misc":{"Escrito por":"Reda\u00e7\u00e3o","Tempo estimado de leitura":"1 minuto"},"schema":{"@context":"https:\/\/schema.org","@graph":[{"@type":"Article","@id":"https:\/\/brasilnoticias.org\/site\/trem-reduzira-tempo-de-salvador-a-feira-e-preve-gerar-60-mil-empregos\/#article","isPartOf":{"@id":"https:\/\/brasilnoticias.org\/site\/trem-reduzira-tempo-de-salvador-a-feira-e-preve-gerar-60-mil-empregos\/"},"author":{"name":"Reda\u00e7\u00e3o","@id":"https:\/\/brasilnoticias.org\/site\/#\/schema\/person\/03bbbfe6c7634ad18c26444ea39049fa"},"headline":"Trem reduzir\u00e1 tempo de Salvador a Feira e prev\u00ea gerar 60 mil empregos","datePublished":"2025-08-28T15:18:07+00:00","mainEntityOfPage":{"@id":"https:\/\/brasilnoticias.org\/site\/trem-reduzira-tempo-de-salvador-a-feira-e-preve-gerar-60-mil-empregos\/"},"wordCount":754,"commentCount":0,"publisher":{"@id":"https:\/\/brasilnoticias.org\/site\/#organization"},"image":{"@id":"https:\/\/brasilnoticias.org\/site\/trem-reduzira-tempo-de-salvador-a-feira-e-preve-gerar-60-mil-empregos\/#primaryimage"},"thumbnailUrl":"https:\/\/brasilnoticias.org\/site\/wp-content\/uploads\/2025\/08\/Captura-de-tela-2025-08-28-060859.png","articleSection":["Not\u00edcias","\u00daltimas"],"inLanguage":"pt-PT","potentialAction":[{"@type":"CommentAction","name":"Comment","target":["https:\/\/brasilnoticias.org\/site\/trem-reduzira-tempo-de-salvador-a-feira-e-preve-gerar-60-mil-empregos\/#respond"]}]},{"@type":"WebPage","@id":"https:\/\/brasilnoticias.org\/site\/trem-reduzira-tempo-de-salvador-a-feira-e-preve-gerar-60-mil-empregos\/","url":"https:\/\/brasilnoticias.org\/site\/trem-reduzira-tempo-de-salvador-a-feira-e-preve-gerar-60-mil-empregos\/","name":"Trem reduzir\u00e1 tempo de Salvador a Feira e prev\u00ea gerar 60 mil empregos - Brasil not\u00edcias","isPartOf":{"@id":"https:\/\/brasilnoticias.org\/site\/#website"},"primaryImageOfPage":{"@id":"https:\/\/brasilnoticias.org\/site\/trem-reduzira-tempo-de-salvador-a-feira-e-preve-gerar-60-mil-empregos\/#primaryimage"},"image":{"@id":"https:\/\/brasilnoticias.org\/site\/trem-reduzira-tempo-de-salvador-a-feira-e-preve-gerar-60-mil-empregos\/#primaryimage"},"thumbnailUrl":"https:\/\/brasilnoticias.org\/site\/wp-content\/uploads\/2025\/08\/Captura-de-tela-2025-08-28-060859.png","datePublished":"2025-08-28T15:18:07+00:00","breadcrumb":{"@id":"https:\/\/brasilnoticias.org\/site\/trem-reduzira-tempo-de-salvador-a-feira-e-preve-gerar-60-mil-empregos\/#breadcrumb"},"inLanguage":"pt-PT","potentialAction":[{"@type":"ReadAction","target":["https:\/\/brasilnoticias.org\/site\/trem-reduzira-tempo-de-salvador-a-feira-e-preve-gerar-60-mil-empregos\/"]}]},{"@type":"ImageObject","inLanguage":"pt-PT","@id":"https:\/\/brasilnoticias.org\/site\/trem-reduzira-tempo-de-salvador-a-feira-e-preve-gerar-60-mil-empregos\/#primaryimage","url":"https:\/\/brasilnoticias.org\/site\/wp-content\/uploads\/2025\/08\/Captura-de-tela-2025-08-28-060859.png","contentUrl":"https:\/\/brasilnoticias.org\/site\/wp-content\/uploads\/2025\/08\/Captura-de-tela-2025-08-28-060859.png","width":895,"height":616},{"@type":"BreadcrumbList","@id":"https:\/\/brasilnoticias.org\/site\/trem-reduzira-tempo-de-salvador-a-feira-e-preve-gerar-60-mil-empregos\/#breadcrumb","itemListElement":[{"@type":"ListItem","position":1,"name":"In\u00edcio","item":"https:\/\/brasilnoticias.org\/site\/"},{"@type":"ListItem","position":2,"name":"Trem reduzir\u00e1 tempo de Salvador a Feira e prev\u00ea gerar 60 mil empregos"}]},{"@type":"WebSite","@id":"https:\/\/brasilnoticias.org\/site\/#website","url":"https:\/\/brasilnoticias.org\/site\/","name":"Brasil not\u00edcias","description":"Brasil not\u00edcias","publisher":{"@id":"https:\/\/brasilnoticias.org\/site\/#organization"},"potentialAction":[{"@type":"SearchAction","target":{"@type":"EntryPoint","urlTemplate":"https:\/\/brasilnoticias.org\/site\/?s={search_term_string}"},"query-input":{"@type":"PropertyValueSpecification","valueRequired":true,"valueName":"search_term_string"}}],"inLanguage":"pt-PT"},{"@type":"Organization","@id":"https:\/\/brasilnoticias.org\/site\/#organization","name":"Brasil not\u00edcias","url":"https:\/\/brasilnoticias.org\/site\/","logo":{"@type":"ImageObject","inLanguage":"pt-PT","@id":"https:\/\/brasilnoticias.org\/site\/#\/schema\/logo\/image\/","url":"https:\/\/brasilnoticias.org\/site\/wp-content\/uploads\/2022\/05\/cropped-brasilnoticias-mini.jpg","contentUrl":"https:\/\/brasilnoticias.org\/site\/wp-content\/uploads\/2022\/05\/cropped-brasilnoticias-mini.jpg","width":314,"height":86,"caption":"Brasil not\u00edcias"},"image":{"@id":"https:\/\/brasilnoticias.org\/site\/#\/schema\/logo\/image\/"}},{"@type":"Person","@id":"https:\/\/brasilnoticias.org\/site\/#\/schema\/person\/03bbbfe6c7634ad18c26444ea39049fa","name":"Reda\u00e7\u00e3o","image":{"@type":"ImageObject","inLanguage":"pt-PT","@id":"https:\/\/brasilnoticias.org\/site\/#\/schema\/person\/image\/","url":"https:\/\/secure.gravatar.com\/avatar\/9ecaf7327a696cb23ad926fedded5f1f04d7049de9e445375d55b48c001a6e42?s=96&d=mm&r=g","contentUrl":"https:\/\/secure.gravatar.com\/avatar\/9ecaf7327a696cb23ad926fedded5f1f04d7049de9e445375d55b48c001a6e42?s=96&d=mm&r=g","caption":"Reda\u00e7\u00e3o"},"url":"https:\/\/brasilnoticias.org\/site\/author\/henrique\/"}]}},"_links":{"self":[{"href":"https:\/\/brasilnoticias.org\/site\/wp-json\/wp\/v2\/posts\/17875","targetHints":{"allow":["GET"]}}],"collection":[{"href":"https:\/\/brasilnoticias.org\/site\/wp-json\/wp\/v2\/posts"}],"about":[{"href":"https:\/\/brasilnoticias.org\/site\/wp-json\/wp\/v2\/types\/post"}],"author":[{"embeddable":true,"href":"https:\/\/brasilnoticias.org\/site\/wp-json\/wp\/v2\/users\/4"}],"replies":[{"embeddable":true,"href":"https:\/\/brasilnoticias.org\/site\/wp-json\/wp\/v2\/comments?post=17875"}],"version-history":[{"count":1,"href":"https:\/\/brasilnoticias.org\/site\/wp-json\/wp\/v2\/posts\/17875\/revisions"}],"predecessor-version":[{"id":17877,"href":"https:\/\/brasilnoticias.org\/site\/wp-json\/wp\/v2\/posts\/17875\/revisions\/17877"}],"wp:featuredmedia":[{"embeddable":true,"href":"https:\/\/brasilnoticias.org\/site\/wp-json\/wp\/v2\/media\/17876"}],"wp:attachment":[{"href":"https:\/\/brasilnoticias.org\/site\/wp-json\/wp\/v2\/media?parent=17875"}],"wp:term":[{"taxonomy":"category","embeddable":true,"href":"https:\/\/brasilnoticias.org\/site\/wp-json\/wp\/v2\/categories?post=17875"},{"taxonomy":"post_tag","embeddable":true,"href":"https:\/\/brasilnoticias.org\/site\/wp-json\/wp\/v2\/tags?post=17875"}],"curies":[{"name":"wp","href":"https:\/\/api.w.org\/{rel}","templated":true}]}}