{"id":17884,"date":"2025-08-30T16:55:15","date_gmt":"2025-08-30T19:55:15","guid":{"rendered":"https:\/\/brasilnoticias.org\/site\/?p=17884"},"modified":"2025-08-30T16:55:15","modified_gmt":"2025-08-30T19:55:15","slug":"lula-autoriza-retaliacao-economica-contra-os-eua-apos-tarifa-de-50-de-trump","status":"publish","type":"post","link":"https:\/\/brasilnoticias.org\/site\/lula-autoriza-retaliacao-economica-contra-os-eua-apos-tarifa-de-50-de-trump\/","title":{"rendered":"Lula autoriza retalia\u00e7\u00e3o econ\u00f4mica contra os EUA ap\u00f3s tarifa de 50% de Trump"},"content":{"rendered":"<p>O presidente Luiz In\u00e1cio Lula da Silva (PT) autorizou o Itamaraty a acionar a C\u00e2mara de Com\u00e9rcio Exterior (Camex) para iniciar consultas e medidas visando \u00e0 aplica\u00e7\u00e3o da Lei da Reciprocidade Econ\u00f4mica contra os Estados Unidos. A decis\u00e3o ocorre em resposta \u00e0 tarifa de 50% imposta pelo governo americano sobre produtos brasileiros, no in\u00edcio deste m\u00eas, determinada pelo presidente norte-americano Donald Trump.<\/p>\n<p>Sob orienta\u00e7\u00e3o da Presid\u00eancia, o Itamaraty solicitou \u00e0 Camex a elabora\u00e7\u00e3o de um relat\u00f3rio t\u00e9cnico em at\u00e9 30 dias para analisar se as medidas americanas se enquadram na lei. Assim que a Camex registrar o recebimento do pedido, o governo brasileiro comunicar\u00e1 oficialmente a decis\u00e3o a Washington, o que pode ocorrer em poucos dias ou at\u00e9 horas.<\/p>\n<p>Sancionada por Lula em abril deste ano, a Lei da Reciprocidade permite que o Brasil adote a\u00e7\u00f5es contra decis\u00f5es unilaterais de outros pa\u00edses que prejudiquem a competitividade brasileira. Entre as medidas previstas est\u00e3o: imposi\u00e7\u00e3o de tarifas ou taxas adicionais sobre importa\u00e7\u00f5es, suspens\u00e3o de concess\u00f5es comerciais e flexibiliza\u00e7\u00e3o de obriga\u00e7\u00f5es relativas a direitos de propriedade intelectual. A norma estabelece que as respostas devem ser proporcionais ao impacto econ\u00f4mico causado pelas decis\u00f5es externas.<\/p>\n<p>A tarifa aplicada por Trump afeta as exporta\u00e7\u00f5es brasileiras para os EUA e, segundo o governo americano, teria sido motivada n\u00e3o apenas por quest\u00f5es comerciais, mas tamb\u00e9m como tentativa de interferir no julgamento do ex-presidente Jair Bolsonaro (PL). Bolsonaro ser\u00e1 julgado pelo Supremo Tribunal Federal (STF) a partir de 2 de setembro, acusado de liderar uma organiza\u00e7\u00e3o criminosa que teria tentado um golpe de Estado em 2022.<\/p>\n<p>A iniciativa do governo brasileiro refor\u00e7a a estrat\u00e9gia de proteger a economia nacional frente a medidas internacionais consideradas injustas ou desproporcionais, mantendo o com\u00e9rcio bilateral equilibrado.<\/p>\n<p>Informa\u00e7\u00f5es da Gazeta Brasil<\/p>\n","protected":false},"excerpt":{"rendered":"<p>O presidente Luiz In\u00e1cio Lula da Silva (PT) autorizou o Itamaraty a acionar a C\u00e2mara de Com\u00e9rcio Exterior (Camex) para<\/p>\n","protected":false},"author":4,"featured_media":17886,"comment_status":"open","ping_status":"open","sticky":false,"template":"","format":"standard","meta":{"colormag_page_container_layout":"default_layout","colormag_page_sidebar_layout":"default_layout","_FSMCFIC_featured_image_caption":"","_FSMCFIC_featured_image_nocaption":"","_FSMCFIC_featured_image_hide":"","footnotes":""},"categories":[6,1],"tags":[],"class_list":["post-17884","post","type-post","status-publish","format-standard","has-post-thumbnail","hentry","category-mundo","category-ultimas"],"yoast_head":"<!-- This site is optimized with the Yoast SEO plugin v27.1.1 - https:\/\/yoast.com\/product\/yoast-seo-wordpress\/ -->\n<title>Lula autoriza retalia\u00e7\u00e3o econ\u00f4mica contra os EUA ap\u00f3s tarifa de 50% de Trump - Brasil not\u00edcias<\/title>\n<meta name=\"robots\" content=\"index, follow, max-snippet:-1, max-image-preview:large, max-video-preview:-1\" \/>\n<link rel=\"canonical\" href=\"https:\/\/brasilnoticias.org\/site\/lula-autoriza-retaliacao-economica-contra-os-eua-apos-tarifa-de-50-de-trump\/\" \/>\n<meta property=\"og:locale\" content=\"pt_PT\" \/>\n<meta property=\"og:type\" content=\"article\" \/>\n<meta property=\"og:title\" content=\"Lula autoriza retalia\u00e7\u00e3o econ\u00f4mica contra os EUA ap\u00f3s tarifa de 50% de Trump - Brasil not\u00edcias\" \/>\n<meta property=\"og:description\" content=\"O presidente Luiz In\u00e1cio Lula da Silva (PT) autorizou o Itamaraty a acionar a C\u00e2mara de Com\u00e9rcio Exterior (Camex) para\" \/>\n<meta property=\"og:url\" content=\"https:\/\/brasilnoticias.org\/site\/lula-autoriza-retaliacao-economica-contra-os-eua-apos-tarifa-de-50-de-trump\/\" \/>\n<meta property=\"og:site_name\" content=\"Brasil not\u00edcias\" \/>\n<meta property=\"article:published_time\" content=\"2025-08-30T19:55:15+00:00\" \/>\n<meta property=\"og:image\" content=\"https:\/\/brasilnoticias.org\/site\/wp-content\/uploads\/2025\/08\/Copia-de-Copia-de-capa-2-fotos-21-1.png\" \/>\n\t<meta property=\"og:image:width\" content=\"878\" \/>\n\t<meta property=\"og:image:height\" content=\"526\" \/>\n\t<meta property=\"og:image:type\" content=\"image\/png\" \/>\n<meta name=\"author\" content=\"Reda\u00e7\u00e3o\" \/>\n<meta name=\"twitter:card\" content=\"summary_large_image\" \/>\n<meta name=\"twitter:label1\" content=\"Escrito por\" \/>\n\t<meta name=\"twitter:data1\" content=\"Reda\u00e7\u00e3o\" \/>\n\t<meta name=\"twitter:label2\" content=\"Tempo estimado de leitura\" \/>\n\t<meta name=\"twitter:data2\" content=\"1 minuto\" \/>\n<script type=\"application\/ld+json\" class=\"yoast-schema-graph\">{\"@context\":\"https:\/\/schema.org\",\"@graph\":[{\"@type\":\"Article\",\"@id\":\"https:\/\/brasilnoticias.org\/site\/lula-autoriza-retaliacao-economica-contra-os-eua-apos-tarifa-de-50-de-trump\/#article\",\"isPartOf\":{\"@id\":\"https:\/\/brasilnoticias.org\/site\/lula-autoriza-retaliacao-economica-contra-os-eua-apos-tarifa-de-50-de-trump\/\"},\"author\":{\"name\":\"Reda\u00e7\u00e3o\",\"@id\":\"https:\/\/brasilnoticias.org\/site\/#\/schema\/person\/03bbbfe6c7634ad18c26444ea39049fa\"},\"headline\":\"Lula autoriza retalia\u00e7\u00e3o econ\u00f4mica contra os EUA ap\u00f3s tarifa de 50% de Trump\",\"datePublished\":\"2025-08-30T19:55:15+00:00\",\"mainEntityOfPage\":{\"@id\":\"https:\/\/brasilnoticias.org\/site\/lula-autoriza-retaliacao-economica-contra-os-eua-apos-tarifa-de-50-de-trump\/\"},\"wordCount\":330,\"commentCount\":0,\"publisher\":{\"@id\":\"https:\/\/brasilnoticias.org\/site\/#organization\"},\"image\":{\"@id\":\"https:\/\/brasilnoticias.org\/site\/lula-autoriza-retaliacao-economica-contra-os-eua-apos-tarifa-de-50-de-trump\/#primaryimage\"},\"thumbnailUrl\":\"https:\/\/brasilnoticias.org\/site\/wp-content\/uploads\/2025\/08\/Copia-de-Copia-de-capa-2-fotos-21-1.png\",\"articleSection\":[\"Mundo\",\"\u00daltimas\"],\"inLanguage\":\"pt-PT\",\"potentialAction\":[{\"@type\":\"CommentAction\",\"name\":\"Comment\",\"target\":[\"https:\/\/brasilnoticias.org\/site\/lula-autoriza-retaliacao-economica-contra-os-eua-apos-tarifa-de-50-de-trump\/#respond\"]}]},{\"@type\":\"WebPage\",\"@id\":\"https:\/\/brasilnoticias.org\/site\/lula-autoriza-retaliacao-economica-contra-os-eua-apos-tarifa-de-50-de-trump\/\",\"url\":\"https:\/\/brasilnoticias.org\/site\/lula-autoriza-retaliacao-economica-contra-os-eua-apos-tarifa-de-50-de-trump\/\",\"name\":\"Lula autoriza retalia\u00e7\u00e3o econ\u00f4mica contra os EUA ap\u00f3s tarifa de 50% de Trump - Brasil not\u00edcias\",\"isPartOf\":{\"@id\":\"https:\/\/brasilnoticias.org\/site\/#website\"},\"primaryImageOfPage\":{\"@id\":\"https:\/\/brasilnoticias.org\/site\/lula-autoriza-retaliacao-economica-contra-os-eua-apos-tarifa-de-50-de-trump\/#primaryimage\"},\"image\":{\"@id\":\"https:\/\/brasilnoticias.org\/site\/lula-autoriza-retaliacao-economica-contra-os-eua-apos-tarifa-de-50-de-trump\/#primaryimage\"},\"thumbnailUrl\":\"https:\/\/brasilnoticias.org\/site\/wp-content\/uploads\/2025\/08\/Copia-de-Copia-de-capa-2-fotos-21-1.png\",\"datePublished\":\"2025-08-30T19:55:15+00:00\",\"breadcrumb\":{\"@id\":\"https:\/\/brasilnoticias.org\/site\/lula-autoriza-retaliacao-economica-contra-os-eua-apos-tarifa-de-50-de-trump\/#breadcrumb\"},\"inLanguage\":\"pt-PT\",\"potentialAction\":[{\"@type\":\"ReadAction\",\"target\":[\"https:\/\/brasilnoticias.org\/site\/lula-autoriza-retaliacao-economica-contra-os-eua-apos-tarifa-de-50-de-trump\/\"]}]},{\"@type\":\"ImageObject\",\"inLanguage\":\"pt-PT\",\"@id\":\"https:\/\/brasilnoticias.org\/site\/lula-autoriza-retaliacao-economica-contra-os-eua-apos-tarifa-de-50-de-trump\/#primaryimage\",\"url\":\"https:\/\/brasilnoticias.org\/site\/wp-content\/uploads\/2025\/08\/Copia-de-Copia-de-capa-2-fotos-21-1.png\",\"contentUrl\":\"https:\/\/brasilnoticias.org\/site\/wp-content\/uploads\/2025\/08\/Copia-de-Copia-de-capa-2-fotos-21-1.png\",\"width\":878,\"height\":526},{\"@type\":\"BreadcrumbList\",\"@id\":\"https:\/\/brasilnoticias.org\/site\/lula-autoriza-retaliacao-economica-contra-os-eua-apos-tarifa-de-50-de-trump\/#breadcrumb\",\"itemListElement\":[{\"@type\":\"ListItem\",\"position\":1,\"name\":\"In\u00edcio\",\"item\":\"https:\/\/brasilnoticias.org\/site\/\"},{\"@type\":\"ListItem\",\"position\":2,\"name\":\"Lula autoriza retalia\u00e7\u00e3o econ\u00f4mica contra os EUA ap\u00f3s tarifa de 50% de Trump\"}]},{\"@type\":\"WebSite\",\"@id\":\"https:\/\/brasilnoticias.org\/site\/#website\",\"url\":\"https:\/\/brasilnoticias.org\/site\/\",\"name\":\"Brasil not\u00edcias\",\"description\":\"Brasil not\u00edcias\",\"publisher\":{\"@id\":\"https:\/\/brasilnoticias.org\/site\/#organization\"},\"potentialAction\":[{\"@type\":\"SearchAction\",\"target\":{\"@type\":\"EntryPoint\",\"urlTemplate\":\"https:\/\/brasilnoticias.org\/site\/?s={search_term_string}\"},\"query-input\":{\"@type\":\"PropertyValueSpecification\",\"valueRequired\":true,\"valueName\":\"search_term_string\"}}],\"inLanguage\":\"pt-PT\"},{\"@type\":\"Organization\",\"@id\":\"https:\/\/brasilnoticias.org\/site\/#organization\",\"name\":\"Brasil not\u00edcias\",\"url\":\"https:\/\/brasilnoticias.org\/site\/\",\"logo\":{\"@type\":\"ImageObject\",\"inLanguage\":\"pt-PT\",\"@id\":\"https:\/\/brasilnoticias.org\/site\/#\/schema\/logo\/image\/\",\"url\":\"https:\/\/brasilnoticias.org\/site\/wp-content\/uploads\/2022\/05\/cropped-brasilnoticias-mini.jpg\",\"contentUrl\":\"https:\/\/brasilnoticias.org\/site\/wp-content\/uploads\/2022\/05\/cropped-brasilnoticias-mini.jpg\",\"width\":314,\"height\":86,\"caption\":\"Brasil not\u00edcias\"},\"image\":{\"@id\":\"https:\/\/brasilnoticias.org\/site\/#\/schema\/logo\/image\/\"}},{\"@type\":\"Person\",\"@id\":\"https:\/\/brasilnoticias.org\/site\/#\/schema\/person\/03bbbfe6c7634ad18c26444ea39049fa\",\"name\":\"Reda\u00e7\u00e3o\",\"image\":{\"@type\":\"ImageObject\",\"inLanguage\":\"pt-PT\",\"@id\":\"https:\/\/brasilnoticias.org\/site\/#\/schema\/person\/image\/\",\"url\":\"https:\/\/secure.gravatar.com\/avatar\/9ecaf7327a696cb23ad926fedded5f1f04d7049de9e445375d55b48c001a6e42?s=96&d=mm&r=g\",\"contentUrl\":\"https:\/\/secure.gravatar.com\/avatar\/9ecaf7327a696cb23ad926fedded5f1f04d7049de9e445375d55b48c001a6e42?s=96&d=mm&r=g\",\"caption\":\"Reda\u00e7\u00e3o\"},\"url\":\"https:\/\/brasilnoticias.org\/site\/author\/henrique\/\"}]}<\/script>\n<!-- \/ Yoast SEO plugin. -->","yoast_head_json":{"title":"Lula autoriza retalia\u00e7\u00e3o econ\u00f4mica contra os EUA ap\u00f3s tarifa de 50% de Trump - Brasil not\u00edcias","robots":{"index":"index","follow":"follow","max-snippet":"max-snippet:-1","max-image-preview":"max-image-preview:large","max-video-preview":"max-video-preview:-1"},"canonical":"https:\/\/brasilnoticias.org\/site\/lula-autoriza-retaliacao-economica-contra-os-eua-apos-tarifa-de-50-de-trump\/","og_locale":"pt_PT","og_type":"article","og_title":"Lula autoriza retalia\u00e7\u00e3o econ\u00f4mica contra os EUA ap\u00f3s tarifa de 50% de Trump - Brasil not\u00edcias","og_description":"O presidente Luiz In\u00e1cio Lula da Silva (PT) autorizou o Itamaraty a acionar a C\u00e2mara de Com\u00e9rcio Exterior (Camex) para","og_url":"https:\/\/brasilnoticias.org\/site\/lula-autoriza-retaliacao-economica-contra-os-eua-apos-tarifa-de-50-de-trump\/","og_site_name":"Brasil not\u00edcias","article_published_time":"2025-08-30T19:55:15+00:00","og_image":[{"width":878,"height":526,"url":"https:\/\/brasilnoticias.org\/site\/wp-content\/uploads\/2025\/08\/Copia-de-Copia-de-capa-2-fotos-21-1.png","type":"image\/png"}],"author":"Reda\u00e7\u00e3o","twitter_card":"summary_large_image","twitter_misc":{"Escrito por":"Reda\u00e7\u00e3o","Tempo estimado de leitura":"1 minuto"},"schema":{"@context":"https:\/\/schema.org","@graph":[{"@type":"Article","@id":"https:\/\/brasilnoticias.org\/site\/lula-autoriza-retaliacao-economica-contra-os-eua-apos-tarifa-de-50-de-trump\/#article","isPartOf":{"@id":"https:\/\/brasilnoticias.org\/site\/lula-autoriza-retaliacao-economica-contra-os-eua-apos-tarifa-de-50-de-trump\/"},"author":{"name":"Reda\u00e7\u00e3o","@id":"https:\/\/brasilnoticias.org\/site\/#\/schema\/person\/03bbbfe6c7634ad18c26444ea39049fa"},"headline":"Lula autoriza retalia\u00e7\u00e3o econ\u00f4mica contra os EUA ap\u00f3s tarifa de 50% de Trump","datePublished":"2025-08-30T19:55:15+00:00","mainEntityOfPage":{"@id":"https:\/\/brasilnoticias.org\/site\/lula-autoriza-retaliacao-economica-contra-os-eua-apos-tarifa-de-50-de-trump\/"},"wordCount":330,"commentCount":0,"publisher":{"@id":"https:\/\/brasilnoticias.org\/site\/#organization"},"image":{"@id":"https:\/\/brasilnoticias.org\/site\/lula-autoriza-retaliacao-economica-contra-os-eua-apos-tarifa-de-50-de-trump\/#primaryimage"},"thumbnailUrl":"https:\/\/brasilnoticias.org\/site\/wp-content\/uploads\/2025\/08\/Copia-de-Copia-de-capa-2-fotos-21-1.png","articleSection":["Mundo","\u00daltimas"],"inLanguage":"pt-PT","potentialAction":[{"@type":"CommentAction","name":"Comment","target":["https:\/\/brasilnoticias.org\/site\/lula-autoriza-retaliacao-economica-contra-os-eua-apos-tarifa-de-50-de-trump\/#respond"]}]},{"@type":"WebPage","@id":"https:\/\/brasilnoticias.org\/site\/lula-autoriza-retaliacao-economica-contra-os-eua-apos-tarifa-de-50-de-trump\/","url":"https:\/\/brasilnoticias.org\/site\/lula-autoriza-retaliacao-economica-contra-os-eua-apos-tarifa-de-50-de-trump\/","name":"Lula autoriza retalia\u00e7\u00e3o econ\u00f4mica contra os EUA ap\u00f3s tarifa de 50% de Trump - Brasil not\u00edcias","isPartOf":{"@id":"https:\/\/brasilnoticias.org\/site\/#website"},"primaryImageOfPage":{"@id":"https:\/\/brasilnoticias.org\/site\/lula-autoriza-retaliacao-economica-contra-os-eua-apos-tarifa-de-50-de-trump\/#primaryimage"},"image":{"@id":"https:\/\/brasilnoticias.org\/site\/lula-autoriza-retaliacao-economica-contra-os-eua-apos-tarifa-de-50-de-trump\/#primaryimage"},"thumbnailUrl":"https:\/\/brasilnoticias.org\/site\/wp-content\/uploads\/2025\/08\/Copia-de-Copia-de-capa-2-fotos-21-1.png","datePublished":"2025-08-30T19:55:15+00:00","breadcrumb":{"@id":"https:\/\/brasilnoticias.org\/site\/lula-autoriza-retaliacao-economica-contra-os-eua-apos-tarifa-de-50-de-trump\/#breadcrumb"},"inLanguage":"pt-PT","potentialAction":[{"@type":"ReadAction","target":["https:\/\/brasilnoticias.org\/site\/lula-autoriza-retaliacao-economica-contra-os-eua-apos-tarifa-de-50-de-trump\/"]}]},{"@type":"ImageObject","inLanguage":"pt-PT","@id":"https:\/\/brasilnoticias.org\/site\/lula-autoriza-retaliacao-economica-contra-os-eua-apos-tarifa-de-50-de-trump\/#primaryimage","url":"https:\/\/brasilnoticias.org\/site\/wp-content\/uploads\/2025\/08\/Copia-de-Copia-de-capa-2-fotos-21-1.png","contentUrl":"https:\/\/brasilnoticias.org\/site\/wp-content\/uploads\/2025\/08\/Copia-de-Copia-de-capa-2-fotos-21-1.png","width":878,"height":526},{"@type":"BreadcrumbList","@id":"https:\/\/brasilnoticias.org\/site\/lula-autoriza-retaliacao-economica-contra-os-eua-apos-tarifa-de-50-de-trump\/#breadcrumb","itemListElement":[{"@type":"ListItem","position":1,"name":"In\u00edcio","item":"https:\/\/brasilnoticias.org\/site\/"},{"@type":"ListItem","position":2,"name":"Lula autoriza retalia\u00e7\u00e3o econ\u00f4mica contra os EUA ap\u00f3s tarifa de 50% de Trump"}]},{"@type":"WebSite","@id":"https:\/\/brasilnoticias.org\/site\/#website","url":"https:\/\/brasilnoticias.org\/site\/","name":"Brasil not\u00edcias","description":"Brasil not\u00edcias","publisher":{"@id":"https:\/\/brasilnoticias.org\/site\/#organization"},"potentialAction":[{"@type":"SearchAction","target":{"@type":"EntryPoint","urlTemplate":"https:\/\/brasilnoticias.org\/site\/?s={search_term_string}"},"query-input":{"@type":"PropertyValueSpecification","valueRequired":true,"valueName":"search_term_string"}}],"inLanguage":"pt-PT"},{"@type":"Organization","@id":"https:\/\/brasilnoticias.org\/site\/#organization","name":"Brasil not\u00edcias","url":"https:\/\/brasilnoticias.org\/site\/","logo":{"@type":"ImageObject","inLanguage":"pt-PT","@id":"https:\/\/brasilnoticias.org\/site\/#\/schema\/logo\/image\/","url":"https:\/\/brasilnoticias.org\/site\/wp-content\/uploads\/2022\/05\/cropped-brasilnoticias-mini.jpg","contentUrl":"https:\/\/brasilnoticias.org\/site\/wp-content\/uploads\/2022\/05\/cropped-brasilnoticias-mini.jpg","width":314,"height":86,"caption":"Brasil not\u00edcias"},"image":{"@id":"https:\/\/brasilnoticias.org\/site\/#\/schema\/logo\/image\/"}},{"@type":"Person","@id":"https:\/\/brasilnoticias.org\/site\/#\/schema\/person\/03bbbfe6c7634ad18c26444ea39049fa","name":"Reda\u00e7\u00e3o","image":{"@type":"ImageObject","inLanguage":"pt-PT","@id":"https:\/\/brasilnoticias.org\/site\/#\/schema\/person\/image\/","url":"https:\/\/secure.gravatar.com\/avatar\/9ecaf7327a696cb23ad926fedded5f1f04d7049de9e445375d55b48c001a6e42?s=96&d=mm&r=g","contentUrl":"https:\/\/secure.gravatar.com\/avatar\/9ecaf7327a696cb23ad926fedded5f1f04d7049de9e445375d55b48c001a6e42?s=96&d=mm&r=g","caption":"Reda\u00e7\u00e3o"},"url":"https:\/\/brasilnoticias.org\/site\/author\/henrique\/"}]}},"_links":{"self":[{"href":"https:\/\/brasilnoticias.org\/site\/wp-json\/wp\/v2\/posts\/17884","targetHints":{"allow":["GET"]}}],"collection":[{"href":"https:\/\/brasilnoticias.org\/site\/wp-json\/wp\/v2\/posts"}],"about":[{"href":"https:\/\/brasilnoticias.org\/site\/wp-json\/wp\/v2\/types\/post"}],"author":[{"embeddable":true,"href":"https:\/\/brasilnoticias.org\/site\/wp-json\/wp\/v2\/users\/4"}],"replies":[{"embeddable":true,"href":"https:\/\/brasilnoticias.org\/site\/wp-json\/wp\/v2\/comments?post=17884"}],"version-history":[{"count":1,"href":"https:\/\/brasilnoticias.org\/site\/wp-json\/wp\/v2\/posts\/17884\/revisions"}],"predecessor-version":[{"id":17887,"href":"https:\/\/brasilnoticias.org\/site\/wp-json\/wp\/v2\/posts\/17884\/revisions\/17887"}],"wp:featuredmedia":[{"embeddable":true,"href":"https:\/\/brasilnoticias.org\/site\/wp-json\/wp\/v2\/media\/17886"}],"wp:attachment":[{"href":"https:\/\/brasilnoticias.org\/site\/wp-json\/wp\/v2\/media?parent=17884"}],"wp:term":[{"taxonomy":"category","embeddable":true,"href":"https:\/\/brasilnoticias.org\/site\/wp-json\/wp\/v2\/categories?post=17884"},{"taxonomy":"post_tag","embeddable":true,"href":"https:\/\/brasilnoticias.org\/site\/wp-json\/wp\/v2\/tags?post=17884"}],"curies":[{"name":"wp","href":"https:\/\/api.w.org\/{rel}","templated":true}]}}