{"id":17888,"date":"2025-08-30T16:56:39","date_gmt":"2025-08-30T19:56:39","guid":{"rendered":"https:\/\/brasilnoticias.org\/site\/?p=17888"},"modified":"2025-08-30T16:56:39","modified_gmt":"2025-08-30T19:56:39","slug":"justica-determina-cassacao-de-prefeito-e-vice-prefeita-de-cidade-da-ba-por-compra-de-votos","status":"publish","type":"post","link":"https:\/\/brasilnoticias.org\/site\/justica-determina-cassacao-de-prefeito-e-vice-prefeita-de-cidade-da-ba-por-compra-de-votos\/","title":{"rendered":"Justi\u00e7a determina cassa\u00e7\u00e3o de prefeito e vice-prefeita de cidade da BA por compra de votos"},"content":{"rendered":"<p>A Justi\u00e7a Eleitoral determinou a cassa\u00e7\u00e3o do mandato do prefeito e vice-prefeita da cidade de Contendas do Sincor\u00e1, no sudoeste da Bahia. O prefeito Ueliton Valdir Palmeira Souza (Avante), conhecido como Didi, e a vice-prefeita Erica Brito de Oliveira (Avante) foram eleitos em 2024 e s\u00e3o investigados por movimentar um esquema de pagamento de eleitores em troca de votos, al\u00e9m de abuso de poder.<\/p>\n<p>Conforme detalhes do processo, publicado na edi\u00e7\u00e3o de quarta-feira (27) do Di\u00e1rio da Justi\u00e7a Eletr\u00f4nico do Tribunal Regional Eleitoral da Bahia (TRE-BA), outras duas pessoas tamb\u00e9m s\u00e3o investigadas, entre elas a filha do prefeito.<\/p>\n<p>Al\u00e9m de repasses em dinheiro para eleitores, com valores que variam entre R$ 500 e R$ 2000, os dois teriam pago cestas b\u00e1sicas, contas de energia e \u00e1gua e at\u00e9 botij\u00e3o de g\u00e1s aos eleitores.<\/p>\n<p>Conforme a apura\u00e7\u00e3o do caso, que come\u00e7ou ainda em outubro, pouco depois do resultado das Elei\u00e7\u00f5es 2024, Ueliton Valdir Palmeira Souza e Erica Brito de Oliveira venceram o pleito eleitoral por uma margem de 58 votos.<\/p>\n<p>Nas redes sociais, os gestores municipais divulgaram uma nota de esclarecimento (confira nota na \u00edntegra no final da mat\u00e9ria), reafirmando o compromisso com a legalidade, transpar\u00eancia e respeito \u00e0s institui\u00e7\u00f5es democr\u00e1ticas.<\/p>\n<p>&#8220;A decis\u00e3o foi recebida com surpresa, uma vez que a instru\u00e7\u00e3o processual demonstrou que os fatos imputados n\u00e3o foram comprovados. O prefeito mant\u00e9m plena convic\u00e7\u00e3o na lisura de seus atos durante a campanha eleitoral e reitera sua confian\u00e7a de que o Tribunal Regional Eleitoral, ao apreciar o recurso, reconhecer\u00e1 a legalidade de sua conduta&#8221;, ressaltaram.<br \/>\nAs circunst\u00e2ncias do caso s\u00e3o consideradas graves, principalmente devido ao envolvimento da filha de Uelinton Souza. Ela teria sido a respons\u00e1vel por receber os eleitores na casa dela e realizar transfer\u00eancias PIX com os valores combinados com os eleitores.<\/p>\n<p>Al\u00e9m da cassa\u00e7\u00e3o dos mandatos dos pol\u00edticos, o juiz eleitoral Raimundo Saraiva Barreto Sobrinho, da 58\u00aa Zona Eleitoral, determinou tamb\u00e9m a declara\u00e7\u00e3o de Uelinton como ineleg\u00edvel para as elei\u00e7\u00f5es dos pr\u00f3ximos oito anos. O prefeito e a filha foram condenados a pagar R$ 10 mil, cada um, devido \u00e0 gravidade do esquema que teria sido desempenhado pelos dois.<\/p>\n<p>O processo ainda cabe recurso e, caso seja transitado em julgado, tamb\u00e9m determina a realiza\u00e7\u00e3o de novas elei\u00e7\u00f5es para os cargos de prefeito e vice-prefeito em Contendas do Sincor\u00e1.<\/p>\n<p>O g1 tenta contato com o partido Avante para obter posicionamento sobre o caso.<\/p>\n<p>Confira nota do prefeito e vice-prefeita na \u00edntegra:<\/p>\n<p>&#8220;Prefeito Ueliton Valdir Palmeira Souza, por meio de seus advogados, informa que tomou ci\u00eancia, na data de hoje, da senten\u00e7a publicada em a\u00e7\u00e3o eleitoral que determinou o seu afastamento do cargo.<br \/>\nA decis\u00e3o foi recebida com surpresa, uma vez que a instru\u00e7\u00e3o processual demonstrou que os fatos imputados n\u00e3o foram comprovados. O prefeito mant\u00e9m plena convic\u00e7\u00e3o na lisura de seus atos durante a campanha eleitoral e reitera sua confian\u00e7a de que o Tribunal Regional Eleitoral, ao apreciar o recurso, reconhecer\u00e1 a legalidade de sua conduta.<\/p>\n<p>Esclarece-se, ainda, que n\u00e3o procede \u00e0 informa\u00e7\u00e3o de que haver\u00e1, novas elei\u00e7\u00f5es no munic\u00edpio de Contendas do Sincor\u00e1, tampouco a possibilidade de que a candidata derrotada nas urnas venha a ser diplomada prefeita.<\/p>\n<p>Reafirma-se, por fim, o compromisso do prefeito Ueliton Valdir Palmeira Souza com a legalidade, a transpar\u00eancia e o respeito \u00e0s institui\u00e7\u00f5es democr\u00e1ticas.&#8221;<\/p>\n<p>Foto: Divulgac\u00e3o<br \/>\nInforma\u00e7\u00f5es do G1<\/p>\n","protected":false},"excerpt":{"rendered":"<p>A Justi\u00e7a Eleitoral determinou a cassa\u00e7\u00e3o do mandato do prefeito e vice-prefeita da cidade de Contendas do Sincor\u00e1, no sudoeste<\/p>\n","protected":false},"author":4,"featured_media":17889,"comment_status":"open","ping_status":"open","sticky":false,"template":"","format":"standard","meta":{"colormag_page_container_layout":"default_layout","colormag_page_sidebar_layout":"default_layout","_FSMCFIC_featured_image_caption":"","_FSMCFIC_featured_image_nocaption":"","_FSMCFIC_featured_image_hide":"","footnotes":""},"categories":[7,1],"tags":[],"class_list":["post-17888","post","type-post","status-publish","format-standard","has-post-thumbnail","hentry","category-justica","category-ultimas"],"yoast_head":"<!-- This site is optimized with the Yoast SEO plugin v27.1.1 - https:\/\/yoast.com\/product\/yoast-seo-wordpress\/ -->\n<title>Justi\u00e7a determina cassa\u00e7\u00e3o de prefeito e vice-prefeita de cidade da BA por compra de votos - Brasil not\u00edcias<\/title>\n<meta name=\"robots\" content=\"index, follow, max-snippet:-1, max-image-preview:large, max-video-preview:-1\" \/>\n<link rel=\"canonical\" href=\"https:\/\/brasilnoticias.org\/site\/justica-determina-cassacao-de-prefeito-e-vice-prefeita-de-cidade-da-ba-por-compra-de-votos\/\" \/>\n<meta property=\"og:locale\" content=\"pt_PT\" \/>\n<meta property=\"og:type\" content=\"article\" \/>\n<meta property=\"og:title\" content=\"Justi\u00e7a determina cassa\u00e7\u00e3o de prefeito e vice-prefeita de cidade da BA por compra de votos - Brasil not\u00edcias\" \/>\n<meta property=\"og:description\" content=\"A Justi\u00e7a Eleitoral determinou a cassa\u00e7\u00e3o do mandato do prefeito e vice-prefeita da cidade de Contendas do Sincor\u00e1, no sudoeste\" \/>\n<meta property=\"og:url\" content=\"https:\/\/brasilnoticias.org\/site\/justica-determina-cassacao-de-prefeito-e-vice-prefeita-de-cidade-da-ba-por-compra-de-votos\/\" \/>\n<meta property=\"og:site_name\" content=\"Brasil not\u00edcias\" \/>\n<meta property=\"article:published_time\" content=\"2025-08-30T19:56:39+00:00\" \/>\n<meta property=\"og:image\" content=\"https:\/\/brasilnoticias.org\/site\/wp-content\/uploads\/2025\/08\/Captura-de-tela-2025-08-29-064733.png\" \/>\n\t<meta property=\"og:image:width\" content=\"791\" \/>\n\t<meta property=\"og:image:height\" content=\"469\" \/>\n\t<meta property=\"og:image:type\" content=\"image\/png\" \/>\n<meta name=\"author\" content=\"Reda\u00e7\u00e3o\" \/>\n<meta name=\"twitter:card\" content=\"summary_large_image\" \/>\n<meta name=\"twitter:label1\" content=\"Escrito por\" \/>\n\t<meta name=\"twitter:data1\" content=\"Reda\u00e7\u00e3o\" \/>\n\t<meta name=\"twitter:label2\" content=\"Tempo estimado de leitura\" \/>\n\t<meta name=\"twitter:data2\" content=\"1 minuto\" \/>\n<script type=\"application\/ld+json\" class=\"yoast-schema-graph\">{\"@context\":\"https:\/\/schema.org\",\"@graph\":[{\"@type\":\"Article\",\"@id\":\"https:\/\/brasilnoticias.org\/site\/justica-determina-cassacao-de-prefeito-e-vice-prefeita-de-cidade-da-ba-por-compra-de-votos\/#article\",\"isPartOf\":{\"@id\":\"https:\/\/brasilnoticias.org\/site\/justica-determina-cassacao-de-prefeito-e-vice-prefeita-de-cidade-da-ba-por-compra-de-votos\/\"},\"author\":{\"name\":\"Reda\u00e7\u00e3o\",\"@id\":\"https:\/\/brasilnoticias.org\/site\/#\/schema\/person\/03bbbfe6c7634ad18c26444ea39049fa\"},\"headline\":\"Justi\u00e7a determina cassa\u00e7\u00e3o de prefeito e vice-prefeita de cidade da BA por compra de votos\",\"datePublished\":\"2025-08-30T19:56:39+00:00\",\"mainEntityOfPage\":{\"@id\":\"https:\/\/brasilnoticias.org\/site\/justica-determina-cassacao-de-prefeito-e-vice-prefeita-de-cidade-da-ba-por-compra-de-votos\/\"},\"wordCount\":615,\"commentCount\":0,\"publisher\":{\"@id\":\"https:\/\/brasilnoticias.org\/site\/#organization\"},\"image\":{\"@id\":\"https:\/\/brasilnoticias.org\/site\/justica-determina-cassacao-de-prefeito-e-vice-prefeita-de-cidade-da-ba-por-compra-de-votos\/#primaryimage\"},\"thumbnailUrl\":\"https:\/\/brasilnoticias.org\/site\/wp-content\/uploads\/2025\/08\/Captura-de-tela-2025-08-29-064733.png\",\"articleSection\":[\"Justi\u00e7a\",\"\u00daltimas\"],\"inLanguage\":\"pt-PT\",\"potentialAction\":[{\"@type\":\"CommentAction\",\"name\":\"Comment\",\"target\":[\"https:\/\/brasilnoticias.org\/site\/justica-determina-cassacao-de-prefeito-e-vice-prefeita-de-cidade-da-ba-por-compra-de-votos\/#respond\"]}]},{\"@type\":\"WebPage\",\"@id\":\"https:\/\/brasilnoticias.org\/site\/justica-determina-cassacao-de-prefeito-e-vice-prefeita-de-cidade-da-ba-por-compra-de-votos\/\",\"url\":\"https:\/\/brasilnoticias.org\/site\/justica-determina-cassacao-de-prefeito-e-vice-prefeita-de-cidade-da-ba-por-compra-de-votos\/\",\"name\":\"Justi\u00e7a determina cassa\u00e7\u00e3o de prefeito e vice-prefeita de cidade da BA por compra de votos - Brasil not\u00edcias\",\"isPartOf\":{\"@id\":\"https:\/\/brasilnoticias.org\/site\/#website\"},\"primaryImageOfPage\":{\"@id\":\"https:\/\/brasilnoticias.org\/site\/justica-determina-cassacao-de-prefeito-e-vice-prefeita-de-cidade-da-ba-por-compra-de-votos\/#primaryimage\"},\"image\":{\"@id\":\"https:\/\/brasilnoticias.org\/site\/justica-determina-cassacao-de-prefeito-e-vice-prefeita-de-cidade-da-ba-por-compra-de-votos\/#primaryimage\"},\"thumbnailUrl\":\"https:\/\/brasilnoticias.org\/site\/wp-content\/uploads\/2025\/08\/Captura-de-tela-2025-08-29-064733.png\",\"datePublished\":\"2025-08-30T19:56:39+00:00\",\"breadcrumb\":{\"@id\":\"https:\/\/brasilnoticias.org\/site\/justica-determina-cassacao-de-prefeito-e-vice-prefeita-de-cidade-da-ba-por-compra-de-votos\/#breadcrumb\"},\"inLanguage\":\"pt-PT\",\"potentialAction\":[{\"@type\":\"ReadAction\",\"target\":[\"https:\/\/brasilnoticias.org\/site\/justica-determina-cassacao-de-prefeito-e-vice-prefeita-de-cidade-da-ba-por-compra-de-votos\/\"]}]},{\"@type\":\"ImageObject\",\"inLanguage\":\"pt-PT\",\"@id\":\"https:\/\/brasilnoticias.org\/site\/justica-determina-cassacao-de-prefeito-e-vice-prefeita-de-cidade-da-ba-por-compra-de-votos\/#primaryimage\",\"url\":\"https:\/\/brasilnoticias.org\/site\/wp-content\/uploads\/2025\/08\/Captura-de-tela-2025-08-29-064733.png\",\"contentUrl\":\"https:\/\/brasilnoticias.org\/site\/wp-content\/uploads\/2025\/08\/Captura-de-tela-2025-08-29-064733.png\",\"width\":791,\"height\":469},{\"@type\":\"BreadcrumbList\",\"@id\":\"https:\/\/brasilnoticias.org\/site\/justica-determina-cassacao-de-prefeito-e-vice-prefeita-de-cidade-da-ba-por-compra-de-votos\/#breadcrumb\",\"itemListElement\":[{\"@type\":\"ListItem\",\"position\":1,\"name\":\"In\u00edcio\",\"item\":\"https:\/\/brasilnoticias.org\/site\/\"},{\"@type\":\"ListItem\",\"position\":2,\"name\":\"Justi\u00e7a determina cassa\u00e7\u00e3o de prefeito e vice-prefeita de cidade da BA por compra de votos\"}]},{\"@type\":\"WebSite\",\"@id\":\"https:\/\/brasilnoticias.org\/site\/#website\",\"url\":\"https:\/\/brasilnoticias.org\/site\/\",\"name\":\"Brasil not\u00edcias\",\"description\":\"Brasil not\u00edcias\",\"publisher\":{\"@id\":\"https:\/\/brasilnoticias.org\/site\/#organization\"},\"potentialAction\":[{\"@type\":\"SearchAction\",\"target\":{\"@type\":\"EntryPoint\",\"urlTemplate\":\"https:\/\/brasilnoticias.org\/site\/?s={search_term_string}\"},\"query-input\":{\"@type\":\"PropertyValueSpecification\",\"valueRequired\":true,\"valueName\":\"search_term_string\"}}],\"inLanguage\":\"pt-PT\"},{\"@type\":\"Organization\",\"@id\":\"https:\/\/brasilnoticias.org\/site\/#organization\",\"name\":\"Brasil not\u00edcias\",\"url\":\"https:\/\/brasilnoticias.org\/site\/\",\"logo\":{\"@type\":\"ImageObject\",\"inLanguage\":\"pt-PT\",\"@id\":\"https:\/\/brasilnoticias.org\/site\/#\/schema\/logo\/image\/\",\"url\":\"https:\/\/brasilnoticias.org\/site\/wp-content\/uploads\/2022\/05\/cropped-brasilnoticias-mini.jpg\",\"contentUrl\":\"https:\/\/brasilnoticias.org\/site\/wp-content\/uploads\/2022\/05\/cropped-brasilnoticias-mini.jpg\",\"width\":314,\"height\":86,\"caption\":\"Brasil not\u00edcias\"},\"image\":{\"@id\":\"https:\/\/brasilnoticias.org\/site\/#\/schema\/logo\/image\/\"}},{\"@type\":\"Person\",\"@id\":\"https:\/\/brasilnoticias.org\/site\/#\/schema\/person\/03bbbfe6c7634ad18c26444ea39049fa\",\"name\":\"Reda\u00e7\u00e3o\",\"image\":{\"@type\":\"ImageObject\",\"inLanguage\":\"pt-PT\",\"@id\":\"https:\/\/brasilnoticias.org\/site\/#\/schema\/person\/image\/\",\"url\":\"https:\/\/secure.gravatar.com\/avatar\/9ecaf7327a696cb23ad926fedded5f1f04d7049de9e445375d55b48c001a6e42?s=96&d=mm&r=g\",\"contentUrl\":\"https:\/\/secure.gravatar.com\/avatar\/9ecaf7327a696cb23ad926fedded5f1f04d7049de9e445375d55b48c001a6e42?s=96&d=mm&r=g\",\"caption\":\"Reda\u00e7\u00e3o\"},\"url\":\"https:\/\/brasilnoticias.org\/site\/author\/henrique\/\"}]}<\/script>\n<!-- \/ Yoast SEO plugin. -->","yoast_head_json":{"title":"Justi\u00e7a determina cassa\u00e7\u00e3o de prefeito e vice-prefeita de cidade da BA por compra de votos - Brasil not\u00edcias","robots":{"index":"index","follow":"follow","max-snippet":"max-snippet:-1","max-image-preview":"max-image-preview:large","max-video-preview":"max-video-preview:-1"},"canonical":"https:\/\/brasilnoticias.org\/site\/justica-determina-cassacao-de-prefeito-e-vice-prefeita-de-cidade-da-ba-por-compra-de-votos\/","og_locale":"pt_PT","og_type":"article","og_title":"Justi\u00e7a determina cassa\u00e7\u00e3o de prefeito e vice-prefeita de cidade da BA por compra de votos - Brasil not\u00edcias","og_description":"A Justi\u00e7a Eleitoral determinou a cassa\u00e7\u00e3o do mandato do prefeito e vice-prefeita da cidade de Contendas do Sincor\u00e1, no sudoeste","og_url":"https:\/\/brasilnoticias.org\/site\/justica-determina-cassacao-de-prefeito-e-vice-prefeita-de-cidade-da-ba-por-compra-de-votos\/","og_site_name":"Brasil not\u00edcias","article_published_time":"2025-08-30T19:56:39+00:00","og_image":[{"width":791,"height":469,"url":"https:\/\/brasilnoticias.org\/site\/wp-content\/uploads\/2025\/08\/Captura-de-tela-2025-08-29-064733.png","type":"image\/png"}],"author":"Reda\u00e7\u00e3o","twitter_card":"summary_large_image","twitter_misc":{"Escrito por":"Reda\u00e7\u00e3o","Tempo estimado de leitura":"1 minuto"},"schema":{"@context":"https:\/\/schema.org","@graph":[{"@type":"Article","@id":"https:\/\/brasilnoticias.org\/site\/justica-determina-cassacao-de-prefeito-e-vice-prefeita-de-cidade-da-ba-por-compra-de-votos\/#article","isPartOf":{"@id":"https:\/\/brasilnoticias.org\/site\/justica-determina-cassacao-de-prefeito-e-vice-prefeita-de-cidade-da-ba-por-compra-de-votos\/"},"author":{"name":"Reda\u00e7\u00e3o","@id":"https:\/\/brasilnoticias.org\/site\/#\/schema\/person\/03bbbfe6c7634ad18c26444ea39049fa"},"headline":"Justi\u00e7a determina cassa\u00e7\u00e3o de prefeito e vice-prefeita de cidade da BA por compra de votos","datePublished":"2025-08-30T19:56:39+00:00","mainEntityOfPage":{"@id":"https:\/\/brasilnoticias.org\/site\/justica-determina-cassacao-de-prefeito-e-vice-prefeita-de-cidade-da-ba-por-compra-de-votos\/"},"wordCount":615,"commentCount":0,"publisher":{"@id":"https:\/\/brasilnoticias.org\/site\/#organization"},"image":{"@id":"https:\/\/brasilnoticias.org\/site\/justica-determina-cassacao-de-prefeito-e-vice-prefeita-de-cidade-da-ba-por-compra-de-votos\/#primaryimage"},"thumbnailUrl":"https:\/\/brasilnoticias.org\/site\/wp-content\/uploads\/2025\/08\/Captura-de-tela-2025-08-29-064733.png","articleSection":["Justi\u00e7a","\u00daltimas"],"inLanguage":"pt-PT","potentialAction":[{"@type":"CommentAction","name":"Comment","target":["https:\/\/brasilnoticias.org\/site\/justica-determina-cassacao-de-prefeito-e-vice-prefeita-de-cidade-da-ba-por-compra-de-votos\/#respond"]}]},{"@type":"WebPage","@id":"https:\/\/brasilnoticias.org\/site\/justica-determina-cassacao-de-prefeito-e-vice-prefeita-de-cidade-da-ba-por-compra-de-votos\/","url":"https:\/\/brasilnoticias.org\/site\/justica-determina-cassacao-de-prefeito-e-vice-prefeita-de-cidade-da-ba-por-compra-de-votos\/","name":"Justi\u00e7a determina cassa\u00e7\u00e3o de prefeito e vice-prefeita de cidade da BA por compra de votos - Brasil not\u00edcias","isPartOf":{"@id":"https:\/\/brasilnoticias.org\/site\/#website"},"primaryImageOfPage":{"@id":"https:\/\/brasilnoticias.org\/site\/justica-determina-cassacao-de-prefeito-e-vice-prefeita-de-cidade-da-ba-por-compra-de-votos\/#primaryimage"},"image":{"@id":"https:\/\/brasilnoticias.org\/site\/justica-determina-cassacao-de-prefeito-e-vice-prefeita-de-cidade-da-ba-por-compra-de-votos\/#primaryimage"},"thumbnailUrl":"https:\/\/brasilnoticias.org\/site\/wp-content\/uploads\/2025\/08\/Captura-de-tela-2025-08-29-064733.png","datePublished":"2025-08-30T19:56:39+00:00","breadcrumb":{"@id":"https:\/\/brasilnoticias.org\/site\/justica-determina-cassacao-de-prefeito-e-vice-prefeita-de-cidade-da-ba-por-compra-de-votos\/#breadcrumb"},"inLanguage":"pt-PT","potentialAction":[{"@type":"ReadAction","target":["https:\/\/brasilnoticias.org\/site\/justica-determina-cassacao-de-prefeito-e-vice-prefeita-de-cidade-da-ba-por-compra-de-votos\/"]}]},{"@type":"ImageObject","inLanguage":"pt-PT","@id":"https:\/\/brasilnoticias.org\/site\/justica-determina-cassacao-de-prefeito-e-vice-prefeita-de-cidade-da-ba-por-compra-de-votos\/#primaryimage","url":"https:\/\/brasilnoticias.org\/site\/wp-content\/uploads\/2025\/08\/Captura-de-tela-2025-08-29-064733.png","contentUrl":"https:\/\/brasilnoticias.org\/site\/wp-content\/uploads\/2025\/08\/Captura-de-tela-2025-08-29-064733.png","width":791,"height":469},{"@type":"BreadcrumbList","@id":"https:\/\/brasilnoticias.org\/site\/justica-determina-cassacao-de-prefeito-e-vice-prefeita-de-cidade-da-ba-por-compra-de-votos\/#breadcrumb","itemListElement":[{"@type":"ListItem","position":1,"name":"In\u00edcio","item":"https:\/\/brasilnoticias.org\/site\/"},{"@type":"ListItem","position":2,"name":"Justi\u00e7a determina cassa\u00e7\u00e3o de prefeito e vice-prefeita de cidade da BA por compra de votos"}]},{"@type":"WebSite","@id":"https:\/\/brasilnoticias.org\/site\/#website","url":"https:\/\/brasilnoticias.org\/site\/","name":"Brasil not\u00edcias","description":"Brasil not\u00edcias","publisher":{"@id":"https:\/\/brasilnoticias.org\/site\/#organization"},"potentialAction":[{"@type":"SearchAction","target":{"@type":"EntryPoint","urlTemplate":"https:\/\/brasilnoticias.org\/site\/?s={search_term_string}"},"query-input":{"@type":"PropertyValueSpecification","valueRequired":true,"valueName":"search_term_string"}}],"inLanguage":"pt-PT"},{"@type":"Organization","@id":"https:\/\/brasilnoticias.org\/site\/#organization","name":"Brasil not\u00edcias","url":"https:\/\/brasilnoticias.org\/site\/","logo":{"@type":"ImageObject","inLanguage":"pt-PT","@id":"https:\/\/brasilnoticias.org\/site\/#\/schema\/logo\/image\/","url":"https:\/\/brasilnoticias.org\/site\/wp-content\/uploads\/2022\/05\/cropped-brasilnoticias-mini.jpg","contentUrl":"https:\/\/brasilnoticias.org\/site\/wp-content\/uploads\/2022\/05\/cropped-brasilnoticias-mini.jpg","width":314,"height":86,"caption":"Brasil not\u00edcias"},"image":{"@id":"https:\/\/brasilnoticias.org\/site\/#\/schema\/logo\/image\/"}},{"@type":"Person","@id":"https:\/\/brasilnoticias.org\/site\/#\/schema\/person\/03bbbfe6c7634ad18c26444ea39049fa","name":"Reda\u00e7\u00e3o","image":{"@type":"ImageObject","inLanguage":"pt-PT","@id":"https:\/\/brasilnoticias.org\/site\/#\/schema\/person\/image\/","url":"https:\/\/secure.gravatar.com\/avatar\/9ecaf7327a696cb23ad926fedded5f1f04d7049de9e445375d55b48c001a6e42?s=96&d=mm&r=g","contentUrl":"https:\/\/secure.gravatar.com\/avatar\/9ecaf7327a696cb23ad926fedded5f1f04d7049de9e445375d55b48c001a6e42?s=96&d=mm&r=g","caption":"Reda\u00e7\u00e3o"},"url":"https:\/\/brasilnoticias.org\/site\/author\/henrique\/"}]}},"_links":{"self":[{"href":"https:\/\/brasilnoticias.org\/site\/wp-json\/wp\/v2\/posts\/17888","targetHints":{"allow":["GET"]}}],"collection":[{"href":"https:\/\/brasilnoticias.org\/site\/wp-json\/wp\/v2\/posts"}],"about":[{"href":"https:\/\/brasilnoticias.org\/site\/wp-json\/wp\/v2\/types\/post"}],"author":[{"embeddable":true,"href":"https:\/\/brasilnoticias.org\/site\/wp-json\/wp\/v2\/users\/4"}],"replies":[{"embeddable":true,"href":"https:\/\/brasilnoticias.org\/site\/wp-json\/wp\/v2\/comments?post=17888"}],"version-history":[{"count":1,"href":"https:\/\/brasilnoticias.org\/site\/wp-json\/wp\/v2\/posts\/17888\/revisions"}],"predecessor-version":[{"id":17890,"href":"https:\/\/brasilnoticias.org\/site\/wp-json\/wp\/v2\/posts\/17888\/revisions\/17890"}],"wp:featuredmedia":[{"embeddable":true,"href":"https:\/\/brasilnoticias.org\/site\/wp-json\/wp\/v2\/media\/17889"}],"wp:attachment":[{"href":"https:\/\/brasilnoticias.org\/site\/wp-json\/wp\/v2\/media?parent=17888"}],"wp:term":[{"taxonomy":"category","embeddable":true,"href":"https:\/\/brasilnoticias.org\/site\/wp-json\/wp\/v2\/categories?post=17888"},{"taxonomy":"post_tag","embeddable":true,"href":"https:\/\/brasilnoticias.org\/site\/wp-json\/wp\/v2\/tags?post=17888"}],"curies":[{"name":"wp","href":"https:\/\/api.w.org\/{rel}","templated":true}]}}