{"id":17891,"date":"2025-08-30T16:57:44","date_gmt":"2025-08-30T19:57:44","guid":{"rendered":"https:\/\/brasilnoticias.org\/site\/?p=17891"},"modified":"2025-08-30T16:57:44","modified_gmt":"2025-08-30T19:57:44","slug":"suspeito-morre-em-confronto-com-a-policia-e-outros-10-sao-presos-em-operacao-contra-o-trafico-de-drogas-em-feira-de-santana","status":"publish","type":"post","link":"https:\/\/brasilnoticias.org\/site\/suspeito-morre-em-confronto-com-a-policia-e-outros-10-sao-presos-em-operacao-contra-o-trafico-de-drogas-em-feira-de-santana\/","title":{"rendered":"Suspeito morre em confronto com a pol\u00edcia e outros 10 s\u00e3o presos em opera\u00e7\u00e3o contra o tr\u00e1fico de drogas em Feira de Santana"},"content":{"rendered":"<p>Uma pessoa morreu em confronto com a Pol\u00edcia Civil e outras 10 foram presas durante a Opera\u00e7\u00e3o Moto Boss, realizada nesta quinta-feira (28) em Feira de Santana, segunda maior cidade da Bahia.<\/p>\n<p>Segundo informa\u00e7\u00f5es da PC, a a\u00e7\u00e3o deflagrada em conjunto entre delegacias da cidade visa combater o tr\u00e1fico de drogas. Mandados de pris\u00e3o e de busca e apreens\u00e3o em diferentes pontos do munic\u00edpio foram cumpridos.<\/p>\n<p>Por volta das 11h, durante o cumprimento de um mandado de pris\u00e3o na Rua Tupinamb\u00e1s, em frente ao Parque do Saber, no bairro S\u00e3o Jo\u00e3o, houve confronto entre policiais civis e suspeitos.<\/p>\n<p>Em meio \u00e0 troca de tiros, um dos suspeitos, que tinha mandado de pris\u00e3o em aberto por tr\u00e1fico de drogas e tamb\u00e9m era alvo de investiga\u00e7\u00e3o por homic\u00eddio, foi baleado e morreu no local.<\/p>\n<p>At\u00e9 a \u00faltima atualiza\u00e7\u00e3o desta reportagem, 10 pessoas foram presas e cinco ve\u00edculos foram apreendidos pela Delegacia de Repress\u00e3o a Furtos e Roubos (DRFR).<\/p>\n<p>A pol\u00edcia informou que a opera\u00e7\u00e3o continua ao longo do dia e que um balan\u00e7o completo ser\u00e1 divulgado posteriormente.<\/p>\n<p>Foto: TV Suba\u00e9<br \/>\nInforma\u00e7\u00f5es do G1<\/p>\n","protected":false},"excerpt":{"rendered":"<p>Uma pessoa morreu em confronto com a Pol\u00edcia Civil e outras 10 foram presas durante a Opera\u00e7\u00e3o Moto Boss, realizada<\/p>\n","protected":false},"author":4,"featured_media":17892,"comment_status":"open","ping_status":"open","sticky":false,"template":"","format":"standard","meta":{"colormag_page_container_layout":"default_layout","colormag_page_sidebar_layout":"default_layout","_FSMCFIC_featured_image_caption":"","_FSMCFIC_featured_image_nocaption":"","_FSMCFIC_featured_image_hide":"","footnotes":""},"categories":[3,1],"tags":[],"class_list":["post-17891","post","type-post","status-publish","format-standard","has-post-thumbnail","hentry","category-policia","category-ultimas"],"yoast_head":"<!-- This site is optimized with the Yoast SEO plugin v27.1.1 - https:\/\/yoast.com\/product\/yoast-seo-wordpress\/ -->\n<title>Suspeito morre em confronto com a pol\u00edcia e outros 10 s\u00e3o presos em opera\u00e7\u00e3o contra o tr\u00e1fico de drogas em Feira de Santana - Brasil not\u00edcias<\/title>\n<meta name=\"robots\" content=\"index, follow, max-snippet:-1, max-image-preview:large, max-video-preview:-1\" \/>\n<link rel=\"canonical\" href=\"https:\/\/brasilnoticias.org\/site\/suspeito-morre-em-confronto-com-a-policia-e-outros-10-sao-presos-em-operacao-contra-o-trafico-de-drogas-em-feira-de-santana\/\" \/>\n<meta property=\"og:locale\" content=\"pt_PT\" \/>\n<meta property=\"og:type\" content=\"article\" \/>\n<meta property=\"og:title\" content=\"Suspeito morre em confronto com a pol\u00edcia e outros 10 s\u00e3o presos em opera\u00e7\u00e3o contra o tr\u00e1fico de drogas em Feira de Santana - Brasil not\u00edcias\" \/>\n<meta property=\"og:description\" content=\"Uma pessoa morreu em confronto com a Pol\u00edcia Civil e outras 10 foram presas durante a Opera\u00e7\u00e3o Moto Boss, realizada\" \/>\n<meta property=\"og:url\" content=\"https:\/\/brasilnoticias.org\/site\/suspeito-morre-em-confronto-com-a-policia-e-outros-10-sao-presos-em-operacao-contra-o-trafico-de-drogas-em-feira-de-santana\/\" \/>\n<meta property=\"og:site_name\" content=\"Brasil not\u00edcias\" \/>\n<meta property=\"article:published_time\" content=\"2025-08-30T19:57:44+00:00\" \/>\n<meta property=\"og:image\" content=\"https:\/\/brasilnoticias.org\/site\/wp-content\/uploads\/2025\/08\/Captura-de-tela-2025-08-29-065127.png\" \/>\n\t<meta property=\"og:image:width\" content=\"789\" \/>\n\t<meta property=\"og:image:height\" content=\"473\" \/>\n\t<meta property=\"og:image:type\" content=\"image\/png\" \/>\n<meta name=\"author\" content=\"Reda\u00e7\u00e3o\" \/>\n<meta name=\"twitter:card\" content=\"summary_large_image\" \/>\n<meta name=\"twitter:label1\" content=\"Escrito por\" \/>\n\t<meta name=\"twitter:data1\" content=\"Reda\u00e7\u00e3o\" \/>\n\t<meta name=\"twitter:label2\" content=\"Tempo estimado de leitura\" \/>\n\t<meta name=\"twitter:data2\" content=\"1 minuto\" \/>\n<script type=\"application\/ld+json\" class=\"yoast-schema-graph\">{\"@context\":\"https:\/\/schema.org\",\"@graph\":[{\"@type\":\"Article\",\"@id\":\"https:\/\/brasilnoticias.org\/site\/suspeito-morre-em-confronto-com-a-policia-e-outros-10-sao-presos-em-operacao-contra-o-trafico-de-drogas-em-feira-de-santana\/#article\",\"isPartOf\":{\"@id\":\"https:\/\/brasilnoticias.org\/site\/suspeito-morre-em-confronto-com-a-policia-e-outros-10-sao-presos-em-operacao-contra-o-trafico-de-drogas-em-feira-de-santana\/\"},\"author\":{\"name\":\"Reda\u00e7\u00e3o\",\"@id\":\"https:\/\/brasilnoticias.org\/site\/#\/schema\/person\/03bbbfe6c7634ad18c26444ea39049fa\"},\"headline\":\"Suspeito morre em confronto com a pol\u00edcia e outros 10 s\u00e3o presos em opera\u00e7\u00e3o contra o tr\u00e1fico de drogas em Feira de Santana\",\"datePublished\":\"2025-08-30T19:57:44+00:00\",\"mainEntityOfPage\":{\"@id\":\"https:\/\/brasilnoticias.org\/site\/suspeito-morre-em-confronto-com-a-policia-e-outros-10-sao-presos-em-operacao-contra-o-trafico-de-drogas-em-feira-de-santana\/\"},\"wordCount\":227,\"commentCount\":0,\"publisher\":{\"@id\":\"https:\/\/brasilnoticias.org\/site\/#organization\"},\"image\":{\"@id\":\"https:\/\/brasilnoticias.org\/site\/suspeito-morre-em-confronto-com-a-policia-e-outros-10-sao-presos-em-operacao-contra-o-trafico-de-drogas-em-feira-de-santana\/#primaryimage\"},\"thumbnailUrl\":\"https:\/\/brasilnoticias.org\/site\/wp-content\/uploads\/2025\/08\/Captura-de-tela-2025-08-29-065127.png\",\"articleSection\":[\"Pol\u00edcia\",\"\u00daltimas\"],\"inLanguage\":\"pt-PT\",\"potentialAction\":[{\"@type\":\"CommentAction\",\"name\":\"Comment\",\"target\":[\"https:\/\/brasilnoticias.org\/site\/suspeito-morre-em-confronto-com-a-policia-e-outros-10-sao-presos-em-operacao-contra-o-trafico-de-drogas-em-feira-de-santana\/#respond\"]}]},{\"@type\":\"WebPage\",\"@id\":\"https:\/\/brasilnoticias.org\/site\/suspeito-morre-em-confronto-com-a-policia-e-outros-10-sao-presos-em-operacao-contra-o-trafico-de-drogas-em-feira-de-santana\/\",\"url\":\"https:\/\/brasilnoticias.org\/site\/suspeito-morre-em-confronto-com-a-policia-e-outros-10-sao-presos-em-operacao-contra-o-trafico-de-drogas-em-feira-de-santana\/\",\"name\":\"Suspeito morre em confronto com a pol\u00edcia e outros 10 s\u00e3o presos em opera\u00e7\u00e3o contra o tr\u00e1fico de drogas em Feira de Santana - Brasil not\u00edcias\",\"isPartOf\":{\"@id\":\"https:\/\/brasilnoticias.org\/site\/#website\"},\"primaryImageOfPage\":{\"@id\":\"https:\/\/brasilnoticias.org\/site\/suspeito-morre-em-confronto-com-a-policia-e-outros-10-sao-presos-em-operacao-contra-o-trafico-de-drogas-em-feira-de-santana\/#primaryimage\"},\"image\":{\"@id\":\"https:\/\/brasilnoticias.org\/site\/suspeito-morre-em-confronto-com-a-policia-e-outros-10-sao-presos-em-operacao-contra-o-trafico-de-drogas-em-feira-de-santana\/#primaryimage\"},\"thumbnailUrl\":\"https:\/\/brasilnoticias.org\/site\/wp-content\/uploads\/2025\/08\/Captura-de-tela-2025-08-29-065127.png\",\"datePublished\":\"2025-08-30T19:57:44+00:00\",\"breadcrumb\":{\"@id\":\"https:\/\/brasilnoticias.org\/site\/suspeito-morre-em-confronto-com-a-policia-e-outros-10-sao-presos-em-operacao-contra-o-trafico-de-drogas-em-feira-de-santana\/#breadcrumb\"},\"inLanguage\":\"pt-PT\",\"potentialAction\":[{\"@type\":\"ReadAction\",\"target\":[\"https:\/\/brasilnoticias.org\/site\/suspeito-morre-em-confronto-com-a-policia-e-outros-10-sao-presos-em-operacao-contra-o-trafico-de-drogas-em-feira-de-santana\/\"]}]},{\"@type\":\"ImageObject\",\"inLanguage\":\"pt-PT\",\"@id\":\"https:\/\/brasilnoticias.org\/site\/suspeito-morre-em-confronto-com-a-policia-e-outros-10-sao-presos-em-operacao-contra-o-trafico-de-drogas-em-feira-de-santana\/#primaryimage\",\"url\":\"https:\/\/brasilnoticias.org\/site\/wp-content\/uploads\/2025\/08\/Captura-de-tela-2025-08-29-065127.png\",\"contentUrl\":\"https:\/\/brasilnoticias.org\/site\/wp-content\/uploads\/2025\/08\/Captura-de-tela-2025-08-29-065127.png\",\"width\":789,\"height\":473},{\"@type\":\"BreadcrumbList\",\"@id\":\"https:\/\/brasilnoticias.org\/site\/suspeito-morre-em-confronto-com-a-policia-e-outros-10-sao-presos-em-operacao-contra-o-trafico-de-drogas-em-feira-de-santana\/#breadcrumb\",\"itemListElement\":[{\"@type\":\"ListItem\",\"position\":1,\"name\":\"In\u00edcio\",\"item\":\"https:\/\/brasilnoticias.org\/site\/\"},{\"@type\":\"ListItem\",\"position\":2,\"name\":\"Suspeito morre em confronto com a pol\u00edcia e outros 10 s\u00e3o presos em opera\u00e7\u00e3o contra o tr\u00e1fico de drogas em Feira de Santana\"}]},{\"@type\":\"WebSite\",\"@id\":\"https:\/\/brasilnoticias.org\/site\/#website\",\"url\":\"https:\/\/brasilnoticias.org\/site\/\",\"name\":\"Brasil not\u00edcias\",\"description\":\"Brasil not\u00edcias\",\"publisher\":{\"@id\":\"https:\/\/brasilnoticias.org\/site\/#organization\"},\"potentialAction\":[{\"@type\":\"SearchAction\",\"target\":{\"@type\":\"EntryPoint\",\"urlTemplate\":\"https:\/\/brasilnoticias.org\/site\/?s={search_term_string}\"},\"query-input\":{\"@type\":\"PropertyValueSpecification\",\"valueRequired\":true,\"valueName\":\"search_term_string\"}}],\"inLanguage\":\"pt-PT\"},{\"@type\":\"Organization\",\"@id\":\"https:\/\/brasilnoticias.org\/site\/#organization\",\"name\":\"Brasil not\u00edcias\",\"url\":\"https:\/\/brasilnoticias.org\/site\/\",\"logo\":{\"@type\":\"ImageObject\",\"inLanguage\":\"pt-PT\",\"@id\":\"https:\/\/brasilnoticias.org\/site\/#\/schema\/logo\/image\/\",\"url\":\"https:\/\/brasilnoticias.org\/site\/wp-content\/uploads\/2022\/05\/cropped-brasilnoticias-mini.jpg\",\"contentUrl\":\"https:\/\/brasilnoticias.org\/site\/wp-content\/uploads\/2022\/05\/cropped-brasilnoticias-mini.jpg\",\"width\":314,\"height\":86,\"caption\":\"Brasil not\u00edcias\"},\"image\":{\"@id\":\"https:\/\/brasilnoticias.org\/site\/#\/schema\/logo\/image\/\"}},{\"@type\":\"Person\",\"@id\":\"https:\/\/brasilnoticias.org\/site\/#\/schema\/person\/03bbbfe6c7634ad18c26444ea39049fa\",\"name\":\"Reda\u00e7\u00e3o\",\"image\":{\"@type\":\"ImageObject\",\"inLanguage\":\"pt-PT\",\"@id\":\"https:\/\/brasilnoticias.org\/site\/#\/schema\/person\/image\/\",\"url\":\"https:\/\/secure.gravatar.com\/avatar\/9ecaf7327a696cb23ad926fedded5f1f04d7049de9e445375d55b48c001a6e42?s=96&d=mm&r=g\",\"contentUrl\":\"https:\/\/secure.gravatar.com\/avatar\/9ecaf7327a696cb23ad926fedded5f1f04d7049de9e445375d55b48c001a6e42?s=96&d=mm&r=g\",\"caption\":\"Reda\u00e7\u00e3o\"},\"url\":\"https:\/\/brasilnoticias.org\/site\/author\/henrique\/\"}]}<\/script>\n<!-- \/ Yoast SEO plugin. -->","yoast_head_json":{"title":"Suspeito morre em confronto com a pol\u00edcia e outros 10 s\u00e3o presos em opera\u00e7\u00e3o contra o tr\u00e1fico de drogas em Feira de Santana - Brasil not\u00edcias","robots":{"index":"index","follow":"follow","max-snippet":"max-snippet:-1","max-image-preview":"max-image-preview:large","max-video-preview":"max-video-preview:-1"},"canonical":"https:\/\/brasilnoticias.org\/site\/suspeito-morre-em-confronto-com-a-policia-e-outros-10-sao-presos-em-operacao-contra-o-trafico-de-drogas-em-feira-de-santana\/","og_locale":"pt_PT","og_type":"article","og_title":"Suspeito morre em confronto com a pol\u00edcia e outros 10 s\u00e3o presos em opera\u00e7\u00e3o contra o tr\u00e1fico de drogas em Feira de Santana - Brasil not\u00edcias","og_description":"Uma pessoa morreu em confronto com a Pol\u00edcia Civil e outras 10 foram presas durante a Opera\u00e7\u00e3o Moto Boss, realizada","og_url":"https:\/\/brasilnoticias.org\/site\/suspeito-morre-em-confronto-com-a-policia-e-outros-10-sao-presos-em-operacao-contra-o-trafico-de-drogas-em-feira-de-santana\/","og_site_name":"Brasil not\u00edcias","article_published_time":"2025-08-30T19:57:44+00:00","og_image":[{"width":789,"height":473,"url":"https:\/\/brasilnoticias.org\/site\/wp-content\/uploads\/2025\/08\/Captura-de-tela-2025-08-29-065127.png","type":"image\/png"}],"author":"Reda\u00e7\u00e3o","twitter_card":"summary_large_image","twitter_misc":{"Escrito por":"Reda\u00e7\u00e3o","Tempo estimado de leitura":"1 minuto"},"schema":{"@context":"https:\/\/schema.org","@graph":[{"@type":"Article","@id":"https:\/\/brasilnoticias.org\/site\/suspeito-morre-em-confronto-com-a-policia-e-outros-10-sao-presos-em-operacao-contra-o-trafico-de-drogas-em-feira-de-santana\/#article","isPartOf":{"@id":"https:\/\/brasilnoticias.org\/site\/suspeito-morre-em-confronto-com-a-policia-e-outros-10-sao-presos-em-operacao-contra-o-trafico-de-drogas-em-feira-de-santana\/"},"author":{"name":"Reda\u00e7\u00e3o","@id":"https:\/\/brasilnoticias.org\/site\/#\/schema\/person\/03bbbfe6c7634ad18c26444ea39049fa"},"headline":"Suspeito morre em confronto com a pol\u00edcia e outros 10 s\u00e3o presos em opera\u00e7\u00e3o contra o tr\u00e1fico de drogas em Feira de Santana","datePublished":"2025-08-30T19:57:44+00:00","mainEntityOfPage":{"@id":"https:\/\/brasilnoticias.org\/site\/suspeito-morre-em-confronto-com-a-policia-e-outros-10-sao-presos-em-operacao-contra-o-trafico-de-drogas-em-feira-de-santana\/"},"wordCount":227,"commentCount":0,"publisher":{"@id":"https:\/\/brasilnoticias.org\/site\/#organization"},"image":{"@id":"https:\/\/brasilnoticias.org\/site\/suspeito-morre-em-confronto-com-a-policia-e-outros-10-sao-presos-em-operacao-contra-o-trafico-de-drogas-em-feira-de-santana\/#primaryimage"},"thumbnailUrl":"https:\/\/brasilnoticias.org\/site\/wp-content\/uploads\/2025\/08\/Captura-de-tela-2025-08-29-065127.png","articleSection":["Pol\u00edcia","\u00daltimas"],"inLanguage":"pt-PT","potentialAction":[{"@type":"CommentAction","name":"Comment","target":["https:\/\/brasilnoticias.org\/site\/suspeito-morre-em-confronto-com-a-policia-e-outros-10-sao-presos-em-operacao-contra-o-trafico-de-drogas-em-feira-de-santana\/#respond"]}]},{"@type":"WebPage","@id":"https:\/\/brasilnoticias.org\/site\/suspeito-morre-em-confronto-com-a-policia-e-outros-10-sao-presos-em-operacao-contra-o-trafico-de-drogas-em-feira-de-santana\/","url":"https:\/\/brasilnoticias.org\/site\/suspeito-morre-em-confronto-com-a-policia-e-outros-10-sao-presos-em-operacao-contra-o-trafico-de-drogas-em-feira-de-santana\/","name":"Suspeito morre em confronto com a pol\u00edcia e outros 10 s\u00e3o presos em opera\u00e7\u00e3o contra o tr\u00e1fico de drogas em Feira de Santana - Brasil not\u00edcias","isPartOf":{"@id":"https:\/\/brasilnoticias.org\/site\/#website"},"primaryImageOfPage":{"@id":"https:\/\/brasilnoticias.org\/site\/suspeito-morre-em-confronto-com-a-policia-e-outros-10-sao-presos-em-operacao-contra-o-trafico-de-drogas-em-feira-de-santana\/#primaryimage"},"image":{"@id":"https:\/\/brasilnoticias.org\/site\/suspeito-morre-em-confronto-com-a-policia-e-outros-10-sao-presos-em-operacao-contra-o-trafico-de-drogas-em-feira-de-santana\/#primaryimage"},"thumbnailUrl":"https:\/\/brasilnoticias.org\/site\/wp-content\/uploads\/2025\/08\/Captura-de-tela-2025-08-29-065127.png","datePublished":"2025-08-30T19:57:44+00:00","breadcrumb":{"@id":"https:\/\/brasilnoticias.org\/site\/suspeito-morre-em-confronto-com-a-policia-e-outros-10-sao-presos-em-operacao-contra-o-trafico-de-drogas-em-feira-de-santana\/#breadcrumb"},"inLanguage":"pt-PT","potentialAction":[{"@type":"ReadAction","target":["https:\/\/brasilnoticias.org\/site\/suspeito-morre-em-confronto-com-a-policia-e-outros-10-sao-presos-em-operacao-contra-o-trafico-de-drogas-em-feira-de-santana\/"]}]},{"@type":"ImageObject","inLanguage":"pt-PT","@id":"https:\/\/brasilnoticias.org\/site\/suspeito-morre-em-confronto-com-a-policia-e-outros-10-sao-presos-em-operacao-contra-o-trafico-de-drogas-em-feira-de-santana\/#primaryimage","url":"https:\/\/brasilnoticias.org\/site\/wp-content\/uploads\/2025\/08\/Captura-de-tela-2025-08-29-065127.png","contentUrl":"https:\/\/brasilnoticias.org\/site\/wp-content\/uploads\/2025\/08\/Captura-de-tela-2025-08-29-065127.png","width":789,"height":473},{"@type":"BreadcrumbList","@id":"https:\/\/brasilnoticias.org\/site\/suspeito-morre-em-confronto-com-a-policia-e-outros-10-sao-presos-em-operacao-contra-o-trafico-de-drogas-em-feira-de-santana\/#breadcrumb","itemListElement":[{"@type":"ListItem","position":1,"name":"In\u00edcio","item":"https:\/\/brasilnoticias.org\/site\/"},{"@type":"ListItem","position":2,"name":"Suspeito morre em confronto com a pol\u00edcia e outros 10 s\u00e3o presos em opera\u00e7\u00e3o contra o tr\u00e1fico de drogas em Feira de Santana"}]},{"@type":"WebSite","@id":"https:\/\/brasilnoticias.org\/site\/#website","url":"https:\/\/brasilnoticias.org\/site\/","name":"Brasil not\u00edcias","description":"Brasil not\u00edcias","publisher":{"@id":"https:\/\/brasilnoticias.org\/site\/#organization"},"potentialAction":[{"@type":"SearchAction","target":{"@type":"EntryPoint","urlTemplate":"https:\/\/brasilnoticias.org\/site\/?s={search_term_string}"},"query-input":{"@type":"PropertyValueSpecification","valueRequired":true,"valueName":"search_term_string"}}],"inLanguage":"pt-PT"},{"@type":"Organization","@id":"https:\/\/brasilnoticias.org\/site\/#organization","name":"Brasil not\u00edcias","url":"https:\/\/brasilnoticias.org\/site\/","logo":{"@type":"ImageObject","inLanguage":"pt-PT","@id":"https:\/\/brasilnoticias.org\/site\/#\/schema\/logo\/image\/","url":"https:\/\/brasilnoticias.org\/site\/wp-content\/uploads\/2022\/05\/cropped-brasilnoticias-mini.jpg","contentUrl":"https:\/\/brasilnoticias.org\/site\/wp-content\/uploads\/2022\/05\/cropped-brasilnoticias-mini.jpg","width":314,"height":86,"caption":"Brasil not\u00edcias"},"image":{"@id":"https:\/\/brasilnoticias.org\/site\/#\/schema\/logo\/image\/"}},{"@type":"Person","@id":"https:\/\/brasilnoticias.org\/site\/#\/schema\/person\/03bbbfe6c7634ad18c26444ea39049fa","name":"Reda\u00e7\u00e3o","image":{"@type":"ImageObject","inLanguage":"pt-PT","@id":"https:\/\/brasilnoticias.org\/site\/#\/schema\/person\/image\/","url":"https:\/\/secure.gravatar.com\/avatar\/9ecaf7327a696cb23ad926fedded5f1f04d7049de9e445375d55b48c001a6e42?s=96&d=mm&r=g","contentUrl":"https:\/\/secure.gravatar.com\/avatar\/9ecaf7327a696cb23ad926fedded5f1f04d7049de9e445375d55b48c001a6e42?s=96&d=mm&r=g","caption":"Reda\u00e7\u00e3o"},"url":"https:\/\/brasilnoticias.org\/site\/author\/henrique\/"}]}},"_links":{"self":[{"href":"https:\/\/brasilnoticias.org\/site\/wp-json\/wp\/v2\/posts\/17891","targetHints":{"allow":["GET"]}}],"collection":[{"href":"https:\/\/brasilnoticias.org\/site\/wp-json\/wp\/v2\/posts"}],"about":[{"href":"https:\/\/brasilnoticias.org\/site\/wp-json\/wp\/v2\/types\/post"}],"author":[{"embeddable":true,"href":"https:\/\/brasilnoticias.org\/site\/wp-json\/wp\/v2\/users\/4"}],"replies":[{"embeddable":true,"href":"https:\/\/brasilnoticias.org\/site\/wp-json\/wp\/v2\/comments?post=17891"}],"version-history":[{"count":1,"href":"https:\/\/brasilnoticias.org\/site\/wp-json\/wp\/v2\/posts\/17891\/revisions"}],"predecessor-version":[{"id":17893,"href":"https:\/\/brasilnoticias.org\/site\/wp-json\/wp\/v2\/posts\/17891\/revisions\/17893"}],"wp:featuredmedia":[{"embeddable":true,"href":"https:\/\/brasilnoticias.org\/site\/wp-json\/wp\/v2\/media\/17892"}],"wp:attachment":[{"href":"https:\/\/brasilnoticias.org\/site\/wp-json\/wp\/v2\/media?parent=17891"}],"wp:term":[{"taxonomy":"category","embeddable":true,"href":"https:\/\/brasilnoticias.org\/site\/wp-json\/wp\/v2\/categories?post=17891"},{"taxonomy":"post_tag","embeddable":true,"href":"https:\/\/brasilnoticias.org\/site\/wp-json\/wp\/v2\/tags?post=17891"}],"curies":[{"name":"wp","href":"https:\/\/api.w.org\/{rel}","templated":true}]}}