{"id":17897,"date":"2025-08-31T21:44:44","date_gmt":"2025-09-01T00:44:44","guid":{"rendered":"https:\/\/brasilnoticias.org\/site\/?p=17897"},"modified":"2025-08-31T21:44:44","modified_gmt":"2025-09-01T00:44:44","slug":"tres-homens-morrem-apos-confronto-com-policiais-militares-no-litoral-norte-da-bahia","status":"publish","type":"post","link":"https:\/\/brasilnoticias.org\/site\/tres-homens-morrem-apos-confronto-com-policiais-militares-no-litoral-norte-da-bahia\/","title":{"rendered":"Tr\u00eas homens morrem ap\u00f3s confronto com policiais militares no litoral norte da Bahia"},"content":{"rendered":"<p>Tr\u00eas homens morreram ap\u00f3s um confronto com policiais militares, em uma \u00e1rea de mata localizada em Jau\u00e1, distrito de Cama\u00e7ari, na Regi\u00e3o Metropolitana de Salvador. A opera\u00e7\u00e3o aconteceu na noite de sexta-feira (29).<\/p>\n<p>Segundo a Pol\u00edcia Militar, o local era usado como rota para o tr\u00e1fico de armas e drogas e como ponto de dom\u00ednio territorial por integrantes de uma fac\u00e7\u00e3o criminosa.<\/p>\n<p>Conforme a PM, durante a a\u00e7\u00e3o, equipes do Batalh\u00e3o de Opera\u00e7\u00f5es Policiais Especiais (Bope) foram recebidas a tiros e houve o revide.<\/p>\n<p>Inicialmente, dois suspeitos foram atingidos. Em seguida, outros fugiram e se esconderam em casas da regi\u00e3o. No entanto, um deles foi localizado em uma resid\u00eancia abandonada, usada para a venda de drogas e atirou contra a equipe. Houve um novo confronto e ele tamb\u00e9m foi baleado.<\/p>\n<p>Outro homem foi encontrado em outra casa com uma mochila, contendo uma granada e diversas muni\u00e7\u00f5es. Ele foi preso e segue \u00e0 disposi\u00e7\u00e3o da Justi\u00e7a.<\/p>\n<p>Foram apreendidos:<\/p>\n<p>1 submetralhadora<br \/>\n2 pistolas<br \/>\n1 granada GL 307<br \/>\n1 colete bal\u00edstico<br \/>\n52 potes com subst\u00e2ncias an\u00e1logas a maconha<br \/>\n16 trouxas com subst\u00e2ncias an\u00e1logas a maconha<br \/>\n117 pinos de subst\u00e2ncia an\u00e1loga \u00e0 coca\u00edna<br \/>\n16 pedras de subst\u00e2ncia an\u00e1loga ao crack<br \/>\n3 rel\u00f3gios dourados<br \/>\n2 correntes<br \/>\n1 celular<br \/>\nquantia em dinheiro<br \/>\nOs suspeitos baleados foram encaminhados ao Hospital Menandro de Farias, em Lauro de Freitas, mas n\u00e3o resistiram aos ferimentos.<\/p>\n<p>Informa\u00e7\u00f5es do G1 \/ Foto: Reprodu\u00e7\u00e3o\/Redes Sociais<\/p>\n","protected":false},"excerpt":{"rendered":"<p>Tr\u00eas homens morreram ap\u00f3s um confronto com policiais militares, em uma \u00e1rea de mata localizada em Jau\u00e1, distrito de Cama\u00e7ari,<\/p>\n","protected":false},"author":4,"featured_media":17898,"comment_status":"open","ping_status":"open","sticky":false,"template":"","format":"standard","meta":{"colormag_page_container_layout":"default_layout","colormag_page_sidebar_layout":"default_layout","_FSMCFIC_featured_image_caption":"","_FSMCFIC_featured_image_nocaption":"","_FSMCFIC_featured_image_hide":"","footnotes":""},"categories":[3,1],"tags":[],"class_list":["post-17897","post","type-post","status-publish","format-standard","has-post-thumbnail","hentry","category-policia","category-ultimas"],"yoast_head":"<!-- This site is optimized with the Yoast SEO plugin v27.1.1 - https:\/\/yoast.com\/product\/yoast-seo-wordpress\/ -->\n<title>Tr\u00eas homens morrem ap\u00f3s confronto com policiais militares no litoral norte da Bahia - Brasil not\u00edcias<\/title>\n<meta name=\"robots\" content=\"index, follow, max-snippet:-1, max-image-preview:large, max-video-preview:-1\" \/>\n<link rel=\"canonical\" href=\"https:\/\/brasilnoticias.org\/site\/tres-homens-morrem-apos-confronto-com-policiais-militares-no-litoral-norte-da-bahia\/\" \/>\n<meta property=\"og:locale\" content=\"pt_PT\" \/>\n<meta property=\"og:type\" content=\"article\" \/>\n<meta property=\"og:title\" content=\"Tr\u00eas homens morrem ap\u00f3s confronto com policiais militares no litoral norte da Bahia - Brasil not\u00edcias\" \/>\n<meta property=\"og:description\" content=\"Tr\u00eas homens morreram ap\u00f3s um confronto com policiais militares, em uma \u00e1rea de mata localizada em Jau\u00e1, distrito de Cama\u00e7ari,\" \/>\n<meta property=\"og:url\" content=\"https:\/\/brasilnoticias.org\/site\/tres-homens-morrem-apos-confronto-com-policiais-militares-no-litoral-norte-da-bahia\/\" \/>\n<meta property=\"og:site_name\" content=\"Brasil not\u00edcias\" \/>\n<meta property=\"article:published_time\" content=\"2025-09-01T00:44:44+00:00\" \/>\n<meta property=\"og:image\" content=\"https:\/\/brasilnoticias.org\/site\/wp-content\/uploads\/2025\/08\/Captura-de-tela-2025-08-31-090713.png\" \/>\n\t<meta property=\"og:image:width\" content=\"785\" \/>\n\t<meta property=\"og:image:height\" content=\"442\" \/>\n\t<meta property=\"og:image:type\" content=\"image\/png\" \/>\n<meta name=\"author\" content=\"Reda\u00e7\u00e3o\" \/>\n<meta name=\"twitter:card\" content=\"summary_large_image\" \/>\n<meta name=\"twitter:label1\" content=\"Escrito por\" \/>\n\t<meta name=\"twitter:data1\" content=\"Reda\u00e7\u00e3o\" \/>\n\t<meta name=\"twitter:label2\" content=\"Tempo estimado de leitura\" \/>\n\t<meta name=\"twitter:data2\" content=\"1 minuto\" \/>\n<script type=\"application\/ld+json\" class=\"yoast-schema-graph\">{\"@context\":\"https:\/\/schema.org\",\"@graph\":[{\"@type\":\"Article\",\"@id\":\"https:\/\/brasilnoticias.org\/site\/tres-homens-morrem-apos-confronto-com-policiais-militares-no-litoral-norte-da-bahia\/#article\",\"isPartOf\":{\"@id\":\"https:\/\/brasilnoticias.org\/site\/tres-homens-morrem-apos-confronto-com-policiais-militares-no-litoral-norte-da-bahia\/\"},\"author\":{\"name\":\"Reda\u00e7\u00e3o\",\"@id\":\"https:\/\/brasilnoticias.org\/site\/#\/schema\/person\/03bbbfe6c7634ad18c26444ea39049fa\"},\"headline\":\"Tr\u00eas homens morrem ap\u00f3s confronto com policiais militares no litoral norte da Bahia\",\"datePublished\":\"2025-09-01T00:44:44+00:00\",\"mainEntityOfPage\":{\"@id\":\"https:\/\/brasilnoticias.org\/site\/tres-homens-morrem-apos-confronto-com-policiais-militares-no-litoral-norte-da-bahia\/\"},\"wordCount\":264,\"commentCount\":0,\"publisher\":{\"@id\":\"https:\/\/brasilnoticias.org\/site\/#organization\"},\"image\":{\"@id\":\"https:\/\/brasilnoticias.org\/site\/tres-homens-morrem-apos-confronto-com-policiais-militares-no-litoral-norte-da-bahia\/#primaryimage\"},\"thumbnailUrl\":\"https:\/\/brasilnoticias.org\/site\/wp-content\/uploads\/2025\/08\/Captura-de-tela-2025-08-31-090713.png\",\"articleSection\":[\"Pol\u00edcia\",\"\u00daltimas\"],\"inLanguage\":\"pt-PT\",\"potentialAction\":[{\"@type\":\"CommentAction\",\"name\":\"Comment\",\"target\":[\"https:\/\/brasilnoticias.org\/site\/tres-homens-morrem-apos-confronto-com-policiais-militares-no-litoral-norte-da-bahia\/#respond\"]}]},{\"@type\":\"WebPage\",\"@id\":\"https:\/\/brasilnoticias.org\/site\/tres-homens-morrem-apos-confronto-com-policiais-militares-no-litoral-norte-da-bahia\/\",\"url\":\"https:\/\/brasilnoticias.org\/site\/tres-homens-morrem-apos-confronto-com-policiais-militares-no-litoral-norte-da-bahia\/\",\"name\":\"Tr\u00eas homens morrem ap\u00f3s confronto com policiais militares no litoral norte da Bahia - Brasil not\u00edcias\",\"isPartOf\":{\"@id\":\"https:\/\/brasilnoticias.org\/site\/#website\"},\"primaryImageOfPage\":{\"@id\":\"https:\/\/brasilnoticias.org\/site\/tres-homens-morrem-apos-confronto-com-policiais-militares-no-litoral-norte-da-bahia\/#primaryimage\"},\"image\":{\"@id\":\"https:\/\/brasilnoticias.org\/site\/tres-homens-morrem-apos-confronto-com-policiais-militares-no-litoral-norte-da-bahia\/#primaryimage\"},\"thumbnailUrl\":\"https:\/\/brasilnoticias.org\/site\/wp-content\/uploads\/2025\/08\/Captura-de-tela-2025-08-31-090713.png\",\"datePublished\":\"2025-09-01T00:44:44+00:00\",\"breadcrumb\":{\"@id\":\"https:\/\/brasilnoticias.org\/site\/tres-homens-morrem-apos-confronto-com-policiais-militares-no-litoral-norte-da-bahia\/#breadcrumb\"},\"inLanguage\":\"pt-PT\",\"potentialAction\":[{\"@type\":\"ReadAction\",\"target\":[\"https:\/\/brasilnoticias.org\/site\/tres-homens-morrem-apos-confronto-com-policiais-militares-no-litoral-norte-da-bahia\/\"]}]},{\"@type\":\"ImageObject\",\"inLanguage\":\"pt-PT\",\"@id\":\"https:\/\/brasilnoticias.org\/site\/tres-homens-morrem-apos-confronto-com-policiais-militares-no-litoral-norte-da-bahia\/#primaryimage\",\"url\":\"https:\/\/brasilnoticias.org\/site\/wp-content\/uploads\/2025\/08\/Captura-de-tela-2025-08-31-090713.png\",\"contentUrl\":\"https:\/\/brasilnoticias.org\/site\/wp-content\/uploads\/2025\/08\/Captura-de-tela-2025-08-31-090713.png\",\"width\":785,\"height\":442},{\"@type\":\"BreadcrumbList\",\"@id\":\"https:\/\/brasilnoticias.org\/site\/tres-homens-morrem-apos-confronto-com-policiais-militares-no-litoral-norte-da-bahia\/#breadcrumb\",\"itemListElement\":[{\"@type\":\"ListItem\",\"position\":1,\"name\":\"In\u00edcio\",\"item\":\"https:\/\/brasilnoticias.org\/site\/\"},{\"@type\":\"ListItem\",\"position\":2,\"name\":\"Tr\u00eas homens morrem ap\u00f3s confronto com policiais militares no litoral norte da Bahia\"}]},{\"@type\":\"WebSite\",\"@id\":\"https:\/\/brasilnoticias.org\/site\/#website\",\"url\":\"https:\/\/brasilnoticias.org\/site\/\",\"name\":\"Brasil not\u00edcias\",\"description\":\"Brasil not\u00edcias\",\"publisher\":{\"@id\":\"https:\/\/brasilnoticias.org\/site\/#organization\"},\"potentialAction\":[{\"@type\":\"SearchAction\",\"target\":{\"@type\":\"EntryPoint\",\"urlTemplate\":\"https:\/\/brasilnoticias.org\/site\/?s={search_term_string}\"},\"query-input\":{\"@type\":\"PropertyValueSpecification\",\"valueRequired\":true,\"valueName\":\"search_term_string\"}}],\"inLanguage\":\"pt-PT\"},{\"@type\":\"Organization\",\"@id\":\"https:\/\/brasilnoticias.org\/site\/#organization\",\"name\":\"Brasil not\u00edcias\",\"url\":\"https:\/\/brasilnoticias.org\/site\/\",\"logo\":{\"@type\":\"ImageObject\",\"inLanguage\":\"pt-PT\",\"@id\":\"https:\/\/brasilnoticias.org\/site\/#\/schema\/logo\/image\/\",\"url\":\"https:\/\/brasilnoticias.org\/site\/wp-content\/uploads\/2022\/05\/cropped-brasilnoticias-mini.jpg\",\"contentUrl\":\"https:\/\/brasilnoticias.org\/site\/wp-content\/uploads\/2022\/05\/cropped-brasilnoticias-mini.jpg\",\"width\":314,\"height\":86,\"caption\":\"Brasil not\u00edcias\"},\"image\":{\"@id\":\"https:\/\/brasilnoticias.org\/site\/#\/schema\/logo\/image\/\"}},{\"@type\":\"Person\",\"@id\":\"https:\/\/brasilnoticias.org\/site\/#\/schema\/person\/03bbbfe6c7634ad18c26444ea39049fa\",\"name\":\"Reda\u00e7\u00e3o\",\"image\":{\"@type\":\"ImageObject\",\"inLanguage\":\"pt-PT\",\"@id\":\"https:\/\/brasilnoticias.org\/site\/#\/schema\/person\/image\/\",\"url\":\"https:\/\/secure.gravatar.com\/avatar\/9ecaf7327a696cb23ad926fedded5f1f04d7049de9e445375d55b48c001a6e42?s=96&d=mm&r=g\",\"contentUrl\":\"https:\/\/secure.gravatar.com\/avatar\/9ecaf7327a696cb23ad926fedded5f1f04d7049de9e445375d55b48c001a6e42?s=96&d=mm&r=g\",\"caption\":\"Reda\u00e7\u00e3o\"},\"url\":\"https:\/\/brasilnoticias.org\/site\/author\/henrique\/\"}]}<\/script>\n<!-- \/ Yoast SEO plugin. -->","yoast_head_json":{"title":"Tr\u00eas homens morrem ap\u00f3s confronto com policiais militares no litoral norte da Bahia - Brasil not\u00edcias","robots":{"index":"index","follow":"follow","max-snippet":"max-snippet:-1","max-image-preview":"max-image-preview:large","max-video-preview":"max-video-preview:-1"},"canonical":"https:\/\/brasilnoticias.org\/site\/tres-homens-morrem-apos-confronto-com-policiais-militares-no-litoral-norte-da-bahia\/","og_locale":"pt_PT","og_type":"article","og_title":"Tr\u00eas homens morrem ap\u00f3s confronto com policiais militares no litoral norte da Bahia - Brasil not\u00edcias","og_description":"Tr\u00eas homens morreram ap\u00f3s um confronto com policiais militares, em uma \u00e1rea de mata localizada em Jau\u00e1, distrito de Cama\u00e7ari,","og_url":"https:\/\/brasilnoticias.org\/site\/tres-homens-morrem-apos-confronto-com-policiais-militares-no-litoral-norte-da-bahia\/","og_site_name":"Brasil not\u00edcias","article_published_time":"2025-09-01T00:44:44+00:00","og_image":[{"width":785,"height":442,"url":"https:\/\/brasilnoticias.org\/site\/wp-content\/uploads\/2025\/08\/Captura-de-tela-2025-08-31-090713.png","type":"image\/png"}],"author":"Reda\u00e7\u00e3o","twitter_card":"summary_large_image","twitter_misc":{"Escrito por":"Reda\u00e7\u00e3o","Tempo estimado de leitura":"1 minuto"},"schema":{"@context":"https:\/\/schema.org","@graph":[{"@type":"Article","@id":"https:\/\/brasilnoticias.org\/site\/tres-homens-morrem-apos-confronto-com-policiais-militares-no-litoral-norte-da-bahia\/#article","isPartOf":{"@id":"https:\/\/brasilnoticias.org\/site\/tres-homens-morrem-apos-confronto-com-policiais-militares-no-litoral-norte-da-bahia\/"},"author":{"name":"Reda\u00e7\u00e3o","@id":"https:\/\/brasilnoticias.org\/site\/#\/schema\/person\/03bbbfe6c7634ad18c26444ea39049fa"},"headline":"Tr\u00eas homens morrem ap\u00f3s confronto com policiais militares no litoral norte da Bahia","datePublished":"2025-09-01T00:44:44+00:00","mainEntityOfPage":{"@id":"https:\/\/brasilnoticias.org\/site\/tres-homens-morrem-apos-confronto-com-policiais-militares-no-litoral-norte-da-bahia\/"},"wordCount":264,"commentCount":0,"publisher":{"@id":"https:\/\/brasilnoticias.org\/site\/#organization"},"image":{"@id":"https:\/\/brasilnoticias.org\/site\/tres-homens-morrem-apos-confronto-com-policiais-militares-no-litoral-norte-da-bahia\/#primaryimage"},"thumbnailUrl":"https:\/\/brasilnoticias.org\/site\/wp-content\/uploads\/2025\/08\/Captura-de-tela-2025-08-31-090713.png","articleSection":["Pol\u00edcia","\u00daltimas"],"inLanguage":"pt-PT","potentialAction":[{"@type":"CommentAction","name":"Comment","target":["https:\/\/brasilnoticias.org\/site\/tres-homens-morrem-apos-confronto-com-policiais-militares-no-litoral-norte-da-bahia\/#respond"]}]},{"@type":"WebPage","@id":"https:\/\/brasilnoticias.org\/site\/tres-homens-morrem-apos-confronto-com-policiais-militares-no-litoral-norte-da-bahia\/","url":"https:\/\/brasilnoticias.org\/site\/tres-homens-morrem-apos-confronto-com-policiais-militares-no-litoral-norte-da-bahia\/","name":"Tr\u00eas homens morrem ap\u00f3s confronto com policiais militares no litoral norte da Bahia - Brasil not\u00edcias","isPartOf":{"@id":"https:\/\/brasilnoticias.org\/site\/#website"},"primaryImageOfPage":{"@id":"https:\/\/brasilnoticias.org\/site\/tres-homens-morrem-apos-confronto-com-policiais-militares-no-litoral-norte-da-bahia\/#primaryimage"},"image":{"@id":"https:\/\/brasilnoticias.org\/site\/tres-homens-morrem-apos-confronto-com-policiais-militares-no-litoral-norte-da-bahia\/#primaryimage"},"thumbnailUrl":"https:\/\/brasilnoticias.org\/site\/wp-content\/uploads\/2025\/08\/Captura-de-tela-2025-08-31-090713.png","datePublished":"2025-09-01T00:44:44+00:00","breadcrumb":{"@id":"https:\/\/brasilnoticias.org\/site\/tres-homens-morrem-apos-confronto-com-policiais-militares-no-litoral-norte-da-bahia\/#breadcrumb"},"inLanguage":"pt-PT","potentialAction":[{"@type":"ReadAction","target":["https:\/\/brasilnoticias.org\/site\/tres-homens-morrem-apos-confronto-com-policiais-militares-no-litoral-norte-da-bahia\/"]}]},{"@type":"ImageObject","inLanguage":"pt-PT","@id":"https:\/\/brasilnoticias.org\/site\/tres-homens-morrem-apos-confronto-com-policiais-militares-no-litoral-norte-da-bahia\/#primaryimage","url":"https:\/\/brasilnoticias.org\/site\/wp-content\/uploads\/2025\/08\/Captura-de-tela-2025-08-31-090713.png","contentUrl":"https:\/\/brasilnoticias.org\/site\/wp-content\/uploads\/2025\/08\/Captura-de-tela-2025-08-31-090713.png","width":785,"height":442},{"@type":"BreadcrumbList","@id":"https:\/\/brasilnoticias.org\/site\/tres-homens-morrem-apos-confronto-com-policiais-militares-no-litoral-norte-da-bahia\/#breadcrumb","itemListElement":[{"@type":"ListItem","position":1,"name":"In\u00edcio","item":"https:\/\/brasilnoticias.org\/site\/"},{"@type":"ListItem","position":2,"name":"Tr\u00eas homens morrem ap\u00f3s confronto com policiais militares no litoral norte da Bahia"}]},{"@type":"WebSite","@id":"https:\/\/brasilnoticias.org\/site\/#website","url":"https:\/\/brasilnoticias.org\/site\/","name":"Brasil not\u00edcias","description":"Brasil not\u00edcias","publisher":{"@id":"https:\/\/brasilnoticias.org\/site\/#organization"},"potentialAction":[{"@type":"SearchAction","target":{"@type":"EntryPoint","urlTemplate":"https:\/\/brasilnoticias.org\/site\/?s={search_term_string}"},"query-input":{"@type":"PropertyValueSpecification","valueRequired":true,"valueName":"search_term_string"}}],"inLanguage":"pt-PT"},{"@type":"Organization","@id":"https:\/\/brasilnoticias.org\/site\/#organization","name":"Brasil not\u00edcias","url":"https:\/\/brasilnoticias.org\/site\/","logo":{"@type":"ImageObject","inLanguage":"pt-PT","@id":"https:\/\/brasilnoticias.org\/site\/#\/schema\/logo\/image\/","url":"https:\/\/brasilnoticias.org\/site\/wp-content\/uploads\/2022\/05\/cropped-brasilnoticias-mini.jpg","contentUrl":"https:\/\/brasilnoticias.org\/site\/wp-content\/uploads\/2022\/05\/cropped-brasilnoticias-mini.jpg","width":314,"height":86,"caption":"Brasil not\u00edcias"},"image":{"@id":"https:\/\/brasilnoticias.org\/site\/#\/schema\/logo\/image\/"}},{"@type":"Person","@id":"https:\/\/brasilnoticias.org\/site\/#\/schema\/person\/03bbbfe6c7634ad18c26444ea39049fa","name":"Reda\u00e7\u00e3o","image":{"@type":"ImageObject","inLanguage":"pt-PT","@id":"https:\/\/brasilnoticias.org\/site\/#\/schema\/person\/image\/","url":"https:\/\/secure.gravatar.com\/avatar\/9ecaf7327a696cb23ad926fedded5f1f04d7049de9e445375d55b48c001a6e42?s=96&d=mm&r=g","contentUrl":"https:\/\/secure.gravatar.com\/avatar\/9ecaf7327a696cb23ad926fedded5f1f04d7049de9e445375d55b48c001a6e42?s=96&d=mm&r=g","caption":"Reda\u00e7\u00e3o"},"url":"https:\/\/brasilnoticias.org\/site\/author\/henrique\/"}]}},"_links":{"self":[{"href":"https:\/\/brasilnoticias.org\/site\/wp-json\/wp\/v2\/posts\/17897","targetHints":{"allow":["GET"]}}],"collection":[{"href":"https:\/\/brasilnoticias.org\/site\/wp-json\/wp\/v2\/posts"}],"about":[{"href":"https:\/\/brasilnoticias.org\/site\/wp-json\/wp\/v2\/types\/post"}],"author":[{"embeddable":true,"href":"https:\/\/brasilnoticias.org\/site\/wp-json\/wp\/v2\/users\/4"}],"replies":[{"embeddable":true,"href":"https:\/\/brasilnoticias.org\/site\/wp-json\/wp\/v2\/comments?post=17897"}],"version-history":[{"count":1,"href":"https:\/\/brasilnoticias.org\/site\/wp-json\/wp\/v2\/posts\/17897\/revisions"}],"predecessor-version":[{"id":17899,"href":"https:\/\/brasilnoticias.org\/site\/wp-json\/wp\/v2\/posts\/17897\/revisions\/17899"}],"wp:featuredmedia":[{"embeddable":true,"href":"https:\/\/brasilnoticias.org\/site\/wp-json\/wp\/v2\/media\/17898"}],"wp:attachment":[{"href":"https:\/\/brasilnoticias.org\/site\/wp-json\/wp\/v2\/media?parent=17897"}],"wp:term":[{"taxonomy":"category","embeddable":true,"href":"https:\/\/brasilnoticias.org\/site\/wp-json\/wp\/v2\/categories?post=17897"},{"taxonomy":"post_tag","embeddable":true,"href":"https:\/\/brasilnoticias.org\/site\/wp-json\/wp\/v2\/tags?post=17897"}],"curies":[{"name":"wp","href":"https:\/\/api.w.org\/{rel}","templated":true}]}}