{"id":17900,"date":"2025-08-31T21:46:06","date_gmt":"2025-09-01T00:46:06","guid":{"rendered":"https:\/\/brasilnoticias.org\/site\/?p=17900"},"modified":"2025-08-31T21:46:06","modified_gmt":"2025-09-01T00:46:06","slug":"governo-trump-deve-acompanhar-julgamento-de-jair-bolsonaro-na-proxima-terca-feira","status":"publish","type":"post","link":"https:\/\/brasilnoticias.org\/site\/governo-trump-deve-acompanhar-julgamento-de-jair-bolsonaro-na-proxima-terca-feira\/","title":{"rendered":"Governo Trump deve acompanhar julgamento de Jair Bolsonaro na pr\u00f3xima ter\u00e7a-feira"},"content":{"rendered":"<p>O presidente americano pode aplicar novas san\u00e7\u00f5es econ\u00f4micas de acordo com o andamento do processo<\/p>\n<p>Os Estados Unidos devem acompanhar o julgamento do ex-presidente Jair Bolsonaro por tentativa de golpe de Estado, na pr\u00f3xima ter\u00e7a-feira (2), que ter\u00e1 in\u00edcio no Supremo Tribunal Federal. De acordo com a colunista Mariana Sanches, do Uol, a gest\u00e3o do presidente dos EUA, Donald Trump, deve acompanhar o julgamento de Bolsonaro.<\/p>\n<p>A apura\u00e7\u00e3o da jornalista indica que Trump pode acionar novas san\u00e7\u00f5es econ\u00f4micas de acordo com o andamento do processo. Al\u00e9m disso, novas cassa\u00e7\u00f5es de vistos a autoridades brasileiras poder\u00e3o ser realizadas, bem como o aumento na lista dos produtos atingidos pelo tarifa\u00e7o do presidente americano.<\/p>\n<p>A coluna informa que o deputado Eduardo Bolsonaro (PL), junto ao comentarista Paulo Figueiredo, ir\u00e3o viajar a Washington para dar informa\u00e7\u00f5es para a gest\u00e3o de Trump. O presidente estadunidense tem atuado em defesa de Bolsonaro e retaliado o Brasil com aumento de tarifas.<\/p>\n<p>Foto: Official White House Photo by Daniel Torok<br \/>\nPor: Metro1<\/p>\n","protected":false},"excerpt":{"rendered":"<p>O presidente americano pode aplicar novas san\u00e7\u00f5es econ\u00f4micas de acordo com o andamento do processo Os Estados Unidos devem acompanhar<\/p>\n","protected":false},"author":4,"featured_media":17901,"comment_status":"open","ping_status":"open","sticky":false,"template":"","format":"standard","meta":{"colormag_page_container_layout":"default_layout","colormag_page_sidebar_layout":"default_layout","_FSMCFIC_featured_image_caption":"","_FSMCFIC_featured_image_nocaption":"","_FSMCFIC_featured_image_hide":"","footnotes":""},"categories":[6,1],"tags":[],"class_list":["post-17900","post","type-post","status-publish","format-standard","has-post-thumbnail","hentry","category-mundo","category-ultimas"],"yoast_head":"<!-- This site is optimized with the Yoast SEO plugin v27.1.1 - https:\/\/yoast.com\/product\/yoast-seo-wordpress\/ -->\n<title>Governo Trump deve acompanhar julgamento de Jair Bolsonaro na pr\u00f3xima ter\u00e7a-feira - Brasil not\u00edcias<\/title>\n<meta name=\"robots\" content=\"index, follow, max-snippet:-1, max-image-preview:large, max-video-preview:-1\" \/>\n<link rel=\"canonical\" href=\"https:\/\/brasilnoticias.org\/site\/governo-trump-deve-acompanhar-julgamento-de-jair-bolsonaro-na-proxima-terca-feira\/\" \/>\n<meta property=\"og:locale\" content=\"pt_PT\" \/>\n<meta property=\"og:type\" content=\"article\" \/>\n<meta property=\"og:title\" content=\"Governo Trump deve acompanhar julgamento de Jair Bolsonaro na pr\u00f3xima ter\u00e7a-feira - Brasil not\u00edcias\" \/>\n<meta property=\"og:description\" content=\"O presidente americano pode aplicar novas san\u00e7\u00f5es econ\u00f4micas de acordo com o andamento do processo Os Estados Unidos devem acompanhar\" \/>\n<meta property=\"og:url\" content=\"https:\/\/brasilnoticias.org\/site\/governo-trump-deve-acompanhar-julgamento-de-jair-bolsonaro-na-proxima-terca-feira\/\" \/>\n<meta property=\"og:site_name\" content=\"Brasil not\u00edcias\" \/>\n<meta property=\"article:published_time\" content=\"2025-09-01T00:46:06+00:00\" \/>\n<meta property=\"og:image\" content=\"https:\/\/brasilnoticias.org\/site\/wp-content\/uploads\/2025\/08\/169483governo-trump-deve-acompanhar-julgamento-de-jair-bolsonaro-na-proxima-terca-feira-3.jpg\" \/>\n\t<meta property=\"og:image:width\" content=\"1600\" \/>\n\t<meta property=\"og:image:height\" content=\"752\" \/>\n\t<meta property=\"og:image:type\" content=\"image\/jpeg\" \/>\n<meta name=\"author\" content=\"Reda\u00e7\u00e3o\" \/>\n<meta name=\"twitter:card\" content=\"summary_large_image\" \/>\n<meta name=\"twitter:label1\" content=\"Escrito por\" \/>\n\t<meta name=\"twitter:data1\" content=\"Reda\u00e7\u00e3o\" \/>\n\t<meta name=\"twitter:label2\" content=\"Tempo estimado de leitura\" \/>\n\t<meta name=\"twitter:data2\" content=\"1 minuto\" \/>\n<script type=\"application\/ld+json\" class=\"yoast-schema-graph\">{\"@context\":\"https:\/\/schema.org\",\"@graph\":[{\"@type\":\"Article\",\"@id\":\"https:\/\/brasilnoticias.org\/site\/governo-trump-deve-acompanhar-julgamento-de-jair-bolsonaro-na-proxima-terca-feira\/#article\",\"isPartOf\":{\"@id\":\"https:\/\/brasilnoticias.org\/site\/governo-trump-deve-acompanhar-julgamento-de-jair-bolsonaro-na-proxima-terca-feira\/\"},\"author\":{\"name\":\"Reda\u00e7\u00e3o\",\"@id\":\"https:\/\/brasilnoticias.org\/site\/#\/schema\/person\/03bbbfe6c7634ad18c26444ea39049fa\"},\"headline\":\"Governo Trump deve acompanhar julgamento de Jair Bolsonaro na pr\u00f3xima ter\u00e7a-feira\",\"datePublished\":\"2025-09-01T00:46:06+00:00\",\"mainEntityOfPage\":{\"@id\":\"https:\/\/brasilnoticias.org\/site\/governo-trump-deve-acompanhar-julgamento-de-jair-bolsonaro-na-proxima-terca-feira\/\"},\"wordCount\":192,\"commentCount\":0,\"publisher\":{\"@id\":\"https:\/\/brasilnoticias.org\/site\/#organization\"},\"image\":{\"@id\":\"https:\/\/brasilnoticias.org\/site\/governo-trump-deve-acompanhar-julgamento-de-jair-bolsonaro-na-proxima-terca-feira\/#primaryimage\"},\"thumbnailUrl\":\"https:\/\/brasilnoticias.org\/site\/wp-content\/uploads\/2025\/08\/169483governo-trump-deve-acompanhar-julgamento-de-jair-bolsonaro-na-proxima-terca-feira-3.jpg\",\"articleSection\":[\"Mundo\",\"\u00daltimas\"],\"inLanguage\":\"pt-PT\",\"potentialAction\":[{\"@type\":\"CommentAction\",\"name\":\"Comment\",\"target\":[\"https:\/\/brasilnoticias.org\/site\/governo-trump-deve-acompanhar-julgamento-de-jair-bolsonaro-na-proxima-terca-feira\/#respond\"]}]},{\"@type\":\"WebPage\",\"@id\":\"https:\/\/brasilnoticias.org\/site\/governo-trump-deve-acompanhar-julgamento-de-jair-bolsonaro-na-proxima-terca-feira\/\",\"url\":\"https:\/\/brasilnoticias.org\/site\/governo-trump-deve-acompanhar-julgamento-de-jair-bolsonaro-na-proxima-terca-feira\/\",\"name\":\"Governo Trump deve acompanhar julgamento de Jair Bolsonaro na pr\u00f3xima ter\u00e7a-feira - Brasil not\u00edcias\",\"isPartOf\":{\"@id\":\"https:\/\/brasilnoticias.org\/site\/#website\"},\"primaryImageOfPage\":{\"@id\":\"https:\/\/brasilnoticias.org\/site\/governo-trump-deve-acompanhar-julgamento-de-jair-bolsonaro-na-proxima-terca-feira\/#primaryimage\"},\"image\":{\"@id\":\"https:\/\/brasilnoticias.org\/site\/governo-trump-deve-acompanhar-julgamento-de-jair-bolsonaro-na-proxima-terca-feira\/#primaryimage\"},\"thumbnailUrl\":\"https:\/\/brasilnoticias.org\/site\/wp-content\/uploads\/2025\/08\/169483governo-trump-deve-acompanhar-julgamento-de-jair-bolsonaro-na-proxima-terca-feira-3.jpg\",\"datePublished\":\"2025-09-01T00:46:06+00:00\",\"breadcrumb\":{\"@id\":\"https:\/\/brasilnoticias.org\/site\/governo-trump-deve-acompanhar-julgamento-de-jair-bolsonaro-na-proxima-terca-feira\/#breadcrumb\"},\"inLanguage\":\"pt-PT\",\"potentialAction\":[{\"@type\":\"ReadAction\",\"target\":[\"https:\/\/brasilnoticias.org\/site\/governo-trump-deve-acompanhar-julgamento-de-jair-bolsonaro-na-proxima-terca-feira\/\"]}]},{\"@type\":\"ImageObject\",\"inLanguage\":\"pt-PT\",\"@id\":\"https:\/\/brasilnoticias.org\/site\/governo-trump-deve-acompanhar-julgamento-de-jair-bolsonaro-na-proxima-terca-feira\/#primaryimage\",\"url\":\"https:\/\/brasilnoticias.org\/site\/wp-content\/uploads\/2025\/08\/169483governo-trump-deve-acompanhar-julgamento-de-jair-bolsonaro-na-proxima-terca-feira-3.jpg\",\"contentUrl\":\"https:\/\/brasilnoticias.org\/site\/wp-content\/uploads\/2025\/08\/169483governo-trump-deve-acompanhar-julgamento-de-jair-bolsonaro-na-proxima-terca-feira-3.jpg\",\"width\":1600,\"height\":752},{\"@type\":\"BreadcrumbList\",\"@id\":\"https:\/\/brasilnoticias.org\/site\/governo-trump-deve-acompanhar-julgamento-de-jair-bolsonaro-na-proxima-terca-feira\/#breadcrumb\",\"itemListElement\":[{\"@type\":\"ListItem\",\"position\":1,\"name\":\"In\u00edcio\",\"item\":\"https:\/\/brasilnoticias.org\/site\/\"},{\"@type\":\"ListItem\",\"position\":2,\"name\":\"Governo Trump deve acompanhar julgamento de Jair Bolsonaro na pr\u00f3xima ter\u00e7a-feira\"}]},{\"@type\":\"WebSite\",\"@id\":\"https:\/\/brasilnoticias.org\/site\/#website\",\"url\":\"https:\/\/brasilnoticias.org\/site\/\",\"name\":\"Brasil not\u00edcias\",\"description\":\"Brasil not\u00edcias\",\"publisher\":{\"@id\":\"https:\/\/brasilnoticias.org\/site\/#organization\"},\"potentialAction\":[{\"@type\":\"SearchAction\",\"target\":{\"@type\":\"EntryPoint\",\"urlTemplate\":\"https:\/\/brasilnoticias.org\/site\/?s={search_term_string}\"},\"query-input\":{\"@type\":\"PropertyValueSpecification\",\"valueRequired\":true,\"valueName\":\"search_term_string\"}}],\"inLanguage\":\"pt-PT\"},{\"@type\":\"Organization\",\"@id\":\"https:\/\/brasilnoticias.org\/site\/#organization\",\"name\":\"Brasil not\u00edcias\",\"url\":\"https:\/\/brasilnoticias.org\/site\/\",\"logo\":{\"@type\":\"ImageObject\",\"inLanguage\":\"pt-PT\",\"@id\":\"https:\/\/brasilnoticias.org\/site\/#\/schema\/logo\/image\/\",\"url\":\"https:\/\/brasilnoticias.org\/site\/wp-content\/uploads\/2022\/05\/cropped-brasilnoticias-mini.jpg\",\"contentUrl\":\"https:\/\/brasilnoticias.org\/site\/wp-content\/uploads\/2022\/05\/cropped-brasilnoticias-mini.jpg\",\"width\":314,\"height\":86,\"caption\":\"Brasil not\u00edcias\"},\"image\":{\"@id\":\"https:\/\/brasilnoticias.org\/site\/#\/schema\/logo\/image\/\"}},{\"@type\":\"Person\",\"@id\":\"https:\/\/brasilnoticias.org\/site\/#\/schema\/person\/03bbbfe6c7634ad18c26444ea39049fa\",\"name\":\"Reda\u00e7\u00e3o\",\"image\":{\"@type\":\"ImageObject\",\"inLanguage\":\"pt-PT\",\"@id\":\"https:\/\/brasilnoticias.org\/site\/#\/schema\/person\/image\/\",\"url\":\"https:\/\/secure.gravatar.com\/avatar\/9ecaf7327a696cb23ad926fedded5f1f04d7049de9e445375d55b48c001a6e42?s=96&d=mm&r=g\",\"contentUrl\":\"https:\/\/secure.gravatar.com\/avatar\/9ecaf7327a696cb23ad926fedded5f1f04d7049de9e445375d55b48c001a6e42?s=96&d=mm&r=g\",\"caption\":\"Reda\u00e7\u00e3o\"},\"url\":\"https:\/\/brasilnoticias.org\/site\/author\/henrique\/\"}]}<\/script>\n<!-- \/ Yoast SEO plugin. -->","yoast_head_json":{"title":"Governo Trump deve acompanhar julgamento de Jair Bolsonaro na pr\u00f3xima ter\u00e7a-feira - Brasil not\u00edcias","robots":{"index":"index","follow":"follow","max-snippet":"max-snippet:-1","max-image-preview":"max-image-preview:large","max-video-preview":"max-video-preview:-1"},"canonical":"https:\/\/brasilnoticias.org\/site\/governo-trump-deve-acompanhar-julgamento-de-jair-bolsonaro-na-proxima-terca-feira\/","og_locale":"pt_PT","og_type":"article","og_title":"Governo Trump deve acompanhar julgamento de Jair Bolsonaro na pr\u00f3xima ter\u00e7a-feira - Brasil not\u00edcias","og_description":"O presidente americano pode aplicar novas san\u00e7\u00f5es econ\u00f4micas de acordo com o andamento do processo Os Estados Unidos devem acompanhar","og_url":"https:\/\/brasilnoticias.org\/site\/governo-trump-deve-acompanhar-julgamento-de-jair-bolsonaro-na-proxima-terca-feira\/","og_site_name":"Brasil not\u00edcias","article_published_time":"2025-09-01T00:46:06+00:00","og_image":[{"width":1600,"height":752,"url":"https:\/\/brasilnoticias.org\/site\/wp-content\/uploads\/2025\/08\/169483governo-trump-deve-acompanhar-julgamento-de-jair-bolsonaro-na-proxima-terca-feira-3.jpg","type":"image\/jpeg"}],"author":"Reda\u00e7\u00e3o","twitter_card":"summary_large_image","twitter_misc":{"Escrito por":"Reda\u00e7\u00e3o","Tempo estimado de leitura":"1 minuto"},"schema":{"@context":"https:\/\/schema.org","@graph":[{"@type":"Article","@id":"https:\/\/brasilnoticias.org\/site\/governo-trump-deve-acompanhar-julgamento-de-jair-bolsonaro-na-proxima-terca-feira\/#article","isPartOf":{"@id":"https:\/\/brasilnoticias.org\/site\/governo-trump-deve-acompanhar-julgamento-de-jair-bolsonaro-na-proxima-terca-feira\/"},"author":{"name":"Reda\u00e7\u00e3o","@id":"https:\/\/brasilnoticias.org\/site\/#\/schema\/person\/03bbbfe6c7634ad18c26444ea39049fa"},"headline":"Governo Trump deve acompanhar julgamento de Jair Bolsonaro na pr\u00f3xima ter\u00e7a-feira","datePublished":"2025-09-01T00:46:06+00:00","mainEntityOfPage":{"@id":"https:\/\/brasilnoticias.org\/site\/governo-trump-deve-acompanhar-julgamento-de-jair-bolsonaro-na-proxima-terca-feira\/"},"wordCount":192,"commentCount":0,"publisher":{"@id":"https:\/\/brasilnoticias.org\/site\/#organization"},"image":{"@id":"https:\/\/brasilnoticias.org\/site\/governo-trump-deve-acompanhar-julgamento-de-jair-bolsonaro-na-proxima-terca-feira\/#primaryimage"},"thumbnailUrl":"https:\/\/brasilnoticias.org\/site\/wp-content\/uploads\/2025\/08\/169483governo-trump-deve-acompanhar-julgamento-de-jair-bolsonaro-na-proxima-terca-feira-3.jpg","articleSection":["Mundo","\u00daltimas"],"inLanguage":"pt-PT","potentialAction":[{"@type":"CommentAction","name":"Comment","target":["https:\/\/brasilnoticias.org\/site\/governo-trump-deve-acompanhar-julgamento-de-jair-bolsonaro-na-proxima-terca-feira\/#respond"]}]},{"@type":"WebPage","@id":"https:\/\/brasilnoticias.org\/site\/governo-trump-deve-acompanhar-julgamento-de-jair-bolsonaro-na-proxima-terca-feira\/","url":"https:\/\/brasilnoticias.org\/site\/governo-trump-deve-acompanhar-julgamento-de-jair-bolsonaro-na-proxima-terca-feira\/","name":"Governo Trump deve acompanhar julgamento de Jair Bolsonaro na pr\u00f3xima ter\u00e7a-feira - Brasil not\u00edcias","isPartOf":{"@id":"https:\/\/brasilnoticias.org\/site\/#website"},"primaryImageOfPage":{"@id":"https:\/\/brasilnoticias.org\/site\/governo-trump-deve-acompanhar-julgamento-de-jair-bolsonaro-na-proxima-terca-feira\/#primaryimage"},"image":{"@id":"https:\/\/brasilnoticias.org\/site\/governo-trump-deve-acompanhar-julgamento-de-jair-bolsonaro-na-proxima-terca-feira\/#primaryimage"},"thumbnailUrl":"https:\/\/brasilnoticias.org\/site\/wp-content\/uploads\/2025\/08\/169483governo-trump-deve-acompanhar-julgamento-de-jair-bolsonaro-na-proxima-terca-feira-3.jpg","datePublished":"2025-09-01T00:46:06+00:00","breadcrumb":{"@id":"https:\/\/brasilnoticias.org\/site\/governo-trump-deve-acompanhar-julgamento-de-jair-bolsonaro-na-proxima-terca-feira\/#breadcrumb"},"inLanguage":"pt-PT","potentialAction":[{"@type":"ReadAction","target":["https:\/\/brasilnoticias.org\/site\/governo-trump-deve-acompanhar-julgamento-de-jair-bolsonaro-na-proxima-terca-feira\/"]}]},{"@type":"ImageObject","inLanguage":"pt-PT","@id":"https:\/\/brasilnoticias.org\/site\/governo-trump-deve-acompanhar-julgamento-de-jair-bolsonaro-na-proxima-terca-feira\/#primaryimage","url":"https:\/\/brasilnoticias.org\/site\/wp-content\/uploads\/2025\/08\/169483governo-trump-deve-acompanhar-julgamento-de-jair-bolsonaro-na-proxima-terca-feira-3.jpg","contentUrl":"https:\/\/brasilnoticias.org\/site\/wp-content\/uploads\/2025\/08\/169483governo-trump-deve-acompanhar-julgamento-de-jair-bolsonaro-na-proxima-terca-feira-3.jpg","width":1600,"height":752},{"@type":"BreadcrumbList","@id":"https:\/\/brasilnoticias.org\/site\/governo-trump-deve-acompanhar-julgamento-de-jair-bolsonaro-na-proxima-terca-feira\/#breadcrumb","itemListElement":[{"@type":"ListItem","position":1,"name":"In\u00edcio","item":"https:\/\/brasilnoticias.org\/site\/"},{"@type":"ListItem","position":2,"name":"Governo Trump deve acompanhar julgamento de Jair Bolsonaro na pr\u00f3xima ter\u00e7a-feira"}]},{"@type":"WebSite","@id":"https:\/\/brasilnoticias.org\/site\/#website","url":"https:\/\/brasilnoticias.org\/site\/","name":"Brasil not\u00edcias","description":"Brasil not\u00edcias","publisher":{"@id":"https:\/\/brasilnoticias.org\/site\/#organization"},"potentialAction":[{"@type":"SearchAction","target":{"@type":"EntryPoint","urlTemplate":"https:\/\/brasilnoticias.org\/site\/?s={search_term_string}"},"query-input":{"@type":"PropertyValueSpecification","valueRequired":true,"valueName":"search_term_string"}}],"inLanguage":"pt-PT"},{"@type":"Organization","@id":"https:\/\/brasilnoticias.org\/site\/#organization","name":"Brasil not\u00edcias","url":"https:\/\/brasilnoticias.org\/site\/","logo":{"@type":"ImageObject","inLanguage":"pt-PT","@id":"https:\/\/brasilnoticias.org\/site\/#\/schema\/logo\/image\/","url":"https:\/\/brasilnoticias.org\/site\/wp-content\/uploads\/2022\/05\/cropped-brasilnoticias-mini.jpg","contentUrl":"https:\/\/brasilnoticias.org\/site\/wp-content\/uploads\/2022\/05\/cropped-brasilnoticias-mini.jpg","width":314,"height":86,"caption":"Brasil not\u00edcias"},"image":{"@id":"https:\/\/brasilnoticias.org\/site\/#\/schema\/logo\/image\/"}},{"@type":"Person","@id":"https:\/\/brasilnoticias.org\/site\/#\/schema\/person\/03bbbfe6c7634ad18c26444ea39049fa","name":"Reda\u00e7\u00e3o","image":{"@type":"ImageObject","inLanguage":"pt-PT","@id":"https:\/\/brasilnoticias.org\/site\/#\/schema\/person\/image\/","url":"https:\/\/secure.gravatar.com\/avatar\/9ecaf7327a696cb23ad926fedded5f1f04d7049de9e445375d55b48c001a6e42?s=96&d=mm&r=g","contentUrl":"https:\/\/secure.gravatar.com\/avatar\/9ecaf7327a696cb23ad926fedded5f1f04d7049de9e445375d55b48c001a6e42?s=96&d=mm&r=g","caption":"Reda\u00e7\u00e3o"},"url":"https:\/\/brasilnoticias.org\/site\/author\/henrique\/"}]}},"_links":{"self":[{"href":"https:\/\/brasilnoticias.org\/site\/wp-json\/wp\/v2\/posts\/17900","targetHints":{"allow":["GET"]}}],"collection":[{"href":"https:\/\/brasilnoticias.org\/site\/wp-json\/wp\/v2\/posts"}],"about":[{"href":"https:\/\/brasilnoticias.org\/site\/wp-json\/wp\/v2\/types\/post"}],"author":[{"embeddable":true,"href":"https:\/\/brasilnoticias.org\/site\/wp-json\/wp\/v2\/users\/4"}],"replies":[{"embeddable":true,"href":"https:\/\/brasilnoticias.org\/site\/wp-json\/wp\/v2\/comments?post=17900"}],"version-history":[{"count":1,"href":"https:\/\/brasilnoticias.org\/site\/wp-json\/wp\/v2\/posts\/17900\/revisions"}],"predecessor-version":[{"id":17902,"href":"https:\/\/brasilnoticias.org\/site\/wp-json\/wp\/v2\/posts\/17900\/revisions\/17902"}],"wp:featuredmedia":[{"embeddable":true,"href":"https:\/\/brasilnoticias.org\/site\/wp-json\/wp\/v2\/media\/17901"}],"wp:attachment":[{"href":"https:\/\/brasilnoticias.org\/site\/wp-json\/wp\/v2\/media?parent=17900"}],"wp:term":[{"taxonomy":"category","embeddable":true,"href":"https:\/\/brasilnoticias.org\/site\/wp-json\/wp\/v2\/categories?post=17900"},{"taxonomy":"post_tag","embeddable":true,"href":"https:\/\/brasilnoticias.org\/site\/wp-json\/wp\/v2\/tags?post=17900"}],"curies":[{"name":"wp","href":"https:\/\/api.w.org\/{rel}","templated":true}]}}