{"id":17906,"date":"2025-08-31T21:48:00","date_gmt":"2025-09-01T00:48:00","guid":{"rendered":"https:\/\/brasilnoticias.org\/site\/?p=17906"},"modified":"2025-08-31T21:48:00","modified_gmt":"2025-09-01T00:48:00","slug":"vitoria-vence-o-atletico-mg-no-barradao-pelo-caompeonato-brasileiro","status":"publish","type":"post","link":"https:\/\/brasilnoticias.org\/site\/vitoria-vence-o-atletico-mg-no-barradao-pelo-caompeonato-brasileiro\/","title":{"rendered":"Vit\u00f3ria vence o Atl\u00e9tico-MG no Barrad\u00e3o pelo Caompeonato Brasileiro"},"content":{"rendered":"<p>Le\u00e3o bateu o Galo por 1 a 0, no Barrad\u00e3o, pela 22\u00aa rodada do Brasileiro<\/p>\n<p>O Vit\u00f3ria pode deixar a zona de rebaixamento na noite deste domingo (31). O Le\u00e3o bateu o Atl\u00e9tico-MG por 1 a 0, no Barrad\u00e3o, pela 22\u00aa rodada do Campeonato Brasileiro. O gol foi marcado por Erick, no primeiro tempo.<\/p>\n<p>Com o resultado positivo, o Rubro-Negro assumiu o 16\u00ba lugar na tabela de classifica\u00e7\u00e3o ao somar 22 pontos, dois a mais do que o Juventude, que abre o Z-4 em 16\u00ba, neste momento. Por\u00e9m, o Vasco \u00e9 o 18\u00ba com 19 e joga com o Sport, logo mais \u00e0s 20h30, na Ilha do Retiro, no encerramento da rodada. Estacionado nos 24, o Galo ocupa a 13\u00aa posi\u00e7\u00e3o. <\/p>\n<p>O Vit\u00f3ria volta a jogar somente ap\u00f3s a Data Fifa para enfrentar o Fortaleza, no Castel\u00e3o, no pr\u00f3ximo dia 13, \u00e0s 16h, pela 23\u00aa rodada. O Tricolor do Pici tamb\u00e9m est\u00e1 luta pela perman\u00eancia e \u00e9 o vice-lanterna com 15 pontos.<\/p>\n<p>Primeiro tempo<\/p>\n<p>O Vit\u00f3ria come\u00e7ou a partida mostrando vontade e tentando partir para cima do Atl\u00e9tico-MG.<\/p>\n<p>Erick abre o placar para o Colossal<\/p>\n<p>O Vit\u00f3ria marcou aos cinco minutos de bola rolando com um gola\u00e7o de Erick. Osvaldo tocou para o camisa 33 no lado direito, que ajeitou e bateu colocado no \u00e2ngulo de Everson para balan\u00e7ar as redes. Vit\u00f3ria 1&#215;0 Atl\u00e9tico-MG<\/p>\n<p>O Galo assustou aos 21 minutos no cruzamento perigoso de Arana que passou por todo mundo na \u00e1rea. O Le\u00e3o respondeu aos 24 no chute de Willian Oliveira que passou perto do travess\u00e3o de Everson. Tr\u00eas minutos depois, Kayzer partiu em velocidade, invadiu a \u00e1rea, mas finalizou prensado e Everson fez a defesa com tranquilidade. O Galo chegou bem aos 38 com Hulk, que bateu cruzado e Halter desviou para escanteio. O Rubro-Negro respondeu aos 40 no cruzamento de Osvaldo que faltou muito pouco para Kayzer completar de cabe\u00e7a. O time mineiro insistiu e Hulk soltou a bomba para a boa defesa de Lucas Arcanjo.<\/p>\n<p>Segundo tempo<\/p>\n<p>As duas equipes voltaram para a segunda metade da partida com as mesmas forma\u00e7\u00f5es da eatapa inicial. Aos dois minutos, o Le\u00e3o chegou bem no ataque no chute de Ramon que Kayzer n\u00e3o conseguiu desviar. Rodrigo Chagas foi obrigado a mudar e tirou o jovem Paulo Roberto, que sentiu um problema na penar esquerda, para a entrada do zagueiro Edu. O Le\u00e3o ainda teve duas chances com Aitor Cantalpiedra. Na primeira, ele chutou para a defesa de Everson, enquanto na segunda n\u00e3o conseguiu finalizar e saiu pela linha de fundo. O Le\u00e3o ainda teve duas chances com Aitor Cantalpiedra. Na primeira, ele chutou para a defesa de Everson, enquanto na segunda n\u00e3o conseguiu finalizar e saiu pela linha de fundo. Cuello carimbou a trave aos 34 minutos. Mas aos 38, Ronald desperdi\u00e7ou o que seria o segundo gol do Le\u00e3o ao sair de cara para o gol, mas acabou desarmado por Everson. O Le\u00e3o ainda teve chances para fazer o segundo gol, mas desperdi\u00e7ou com Fabri e Matheuzinho. Enquanto o Galo assustou na cobran\u00e7a de falta de Hulk.<\/p>\n<p>FICHA T\u00c9CNICA<br \/>\nVit\u00f3ria 1&#215;0 Atl\u00e9tico-MG<br \/>\nCampeonato Brasileiro \u2013 22\u00aa rodada<br \/>\nLocal: Barrad\u00e3o, em Salvador (BA)<br \/>\nData: 31\/08\/2025 (domingo)<br \/>\nHor\u00e1rio: 18h30<br \/>\n\u00c1rbitro: Alex Gomes Stefano (RJ)<br \/>\nAssistentes: Rodrigo Figueiredo Henrique Correa (RJ) e Alex dos Santos (SC)<br \/>\nVAR: Marcio Henrique de Gois (SP)<br \/>\nCart\u00e3o amarelo: Baralhas,Willian Oliveira (Vit\u00f3ria) \/ Vitor Hugo, Alexsander, Junior Alonso (Atl\u00e9tico-MG)<\/p>\n<p>Gol: Erick (Vit\u00f3ria)<\/p>\n<p>Vit\u00f3ria: Lucas Arcanjo; Paulo Roberto (Edu), Camutanga, Lucas Halter e Ramon; Baralhas, Willian Oliveira e Aitor Cantalapiedra (Matheuzinho); Erick (Fabri), Osvaldo (Ronald) e Renato Kayzer (Carlinhos). T\u00e9cnico: Rodrigo Chagas (interino).<\/p>\n<p>Atl\u00e9tico-MG: Everson; Natanael (Biel), Junior Alonso, Vitor Hugo (Renier) e Guilherme Arana; Alan Franco, Alexsander (Gabriel Menino) e Gustavo Scarpa (Rony); Cuello, Dudu (Igor Gomes) e Hulk. T\u00e9cnico: Lucas Gon\u00e7alves (interino).<\/p>\n<p>Foto: Pedro Souza\/Atl\u00e9tico<br \/>\nPor: Leandro Arag\u00e3o<\/p>\n","protected":false},"excerpt":{"rendered":"<p>Le\u00e3o bateu o Galo por 1 a 0, no Barrad\u00e3o, pela 22\u00aa rodada do Brasileiro O Vit\u00f3ria pode deixar a<\/p>\n","protected":false},"author":4,"featured_media":17907,"comment_status":"open","ping_status":"open","sticky":false,"template":"","format":"standard","meta":{"colormag_page_container_layout":"default_layout","colormag_page_sidebar_layout":"default_layout","_FSMCFIC_featured_image_caption":"","_FSMCFIC_featured_image_nocaption":"","_FSMCFIC_featured_image_hide":"","footnotes":""},"categories":[4,1],"tags":[],"class_list":["post-17906","post","type-post","status-publish","format-standard","has-post-thumbnail","hentry","category-esporte","category-ultimas"],"yoast_head":"<!-- This site is optimized with the Yoast SEO plugin v27.1.1 - https:\/\/yoast.com\/product\/yoast-seo-wordpress\/ -->\n<title>Vit\u00f3ria vence o Atl\u00e9tico-MG no Barrad\u00e3o pelo Caompeonato Brasileiro - Brasil not\u00edcias<\/title>\n<meta name=\"robots\" content=\"index, follow, max-snippet:-1, max-image-preview:large, max-video-preview:-1\" \/>\n<link rel=\"canonical\" href=\"https:\/\/brasilnoticias.org\/site\/vitoria-vence-o-atletico-mg-no-barradao-pelo-caompeonato-brasileiro\/\" \/>\n<meta property=\"og:locale\" content=\"pt_PT\" \/>\n<meta property=\"og:type\" content=\"article\" \/>\n<meta property=\"og:title\" content=\"Vit\u00f3ria vence o Atl\u00e9tico-MG no Barrad\u00e3o pelo Caompeonato Brasileiro - Brasil not\u00edcias\" \/>\n<meta property=\"og:description\" content=\"Le\u00e3o bateu o Galo por 1 a 0, no Barrad\u00e3o, pela 22\u00aa rodada do Brasileiro O Vit\u00f3ria pode deixar a\" \/>\n<meta property=\"og:url\" content=\"https:\/\/brasilnoticias.org\/site\/vitoria-vence-o-atletico-mg-no-barradao-pelo-caompeonato-brasileiro\/\" \/>\n<meta property=\"og:site_name\" content=\"Brasil not\u00edcias\" \/>\n<meta property=\"article:published_time\" content=\"2025-09-01T00:48:00+00:00\" \/>\n<meta property=\"og:image\" content=\"https:\/\/brasilnoticias.org\/site\/wp-content\/uploads\/2025\/08\/169485vitoria-vence-o-atletico-mg-no-barradao-pelo-caompeonato-brasileiro-3.jpg\" \/>\n\t<meta property=\"og:image:width\" content=\"1600\" \/>\n\t<meta property=\"og:image:height\" content=\"752\" \/>\n\t<meta property=\"og:image:type\" content=\"image\/jpeg\" \/>\n<meta name=\"author\" content=\"Reda\u00e7\u00e3o\" \/>\n<meta name=\"twitter:card\" content=\"summary_large_image\" \/>\n<meta name=\"twitter:label1\" content=\"Escrito por\" \/>\n\t<meta name=\"twitter:data1\" content=\"Reda\u00e7\u00e3o\" \/>\n\t<meta name=\"twitter:label2\" content=\"Tempo estimado de leitura\" \/>\n\t<meta name=\"twitter:data2\" content=\"1 minuto\" \/>\n<script type=\"application\/ld+json\" class=\"yoast-schema-graph\">{\"@context\":\"https:\/\/schema.org\",\"@graph\":[{\"@type\":\"Article\",\"@id\":\"https:\/\/brasilnoticias.org\/site\/vitoria-vence-o-atletico-mg-no-barradao-pelo-caompeonato-brasileiro\/#article\",\"isPartOf\":{\"@id\":\"https:\/\/brasilnoticias.org\/site\/vitoria-vence-o-atletico-mg-no-barradao-pelo-caompeonato-brasileiro\/\"},\"author\":{\"name\":\"Reda\u00e7\u00e3o\",\"@id\":\"https:\/\/brasilnoticias.org\/site\/#\/schema\/person\/03bbbfe6c7634ad18c26444ea39049fa\"},\"headline\":\"Vit\u00f3ria vence o Atl\u00e9tico-MG no Barrad\u00e3o pelo Caompeonato Brasileiro\",\"datePublished\":\"2025-09-01T00:48:00+00:00\",\"mainEntityOfPage\":{\"@id\":\"https:\/\/brasilnoticias.org\/site\/vitoria-vence-o-atletico-mg-no-barradao-pelo-caompeonato-brasileiro\/\"},\"wordCount\":672,\"commentCount\":0,\"publisher\":{\"@id\":\"https:\/\/brasilnoticias.org\/site\/#organization\"},\"image\":{\"@id\":\"https:\/\/brasilnoticias.org\/site\/vitoria-vence-o-atletico-mg-no-barradao-pelo-caompeonato-brasileiro\/#primaryimage\"},\"thumbnailUrl\":\"https:\/\/brasilnoticias.org\/site\/wp-content\/uploads\/2025\/08\/169485vitoria-vence-o-atletico-mg-no-barradao-pelo-caompeonato-brasileiro-3.jpg\",\"articleSection\":[\"Esporte\",\"\u00daltimas\"],\"inLanguage\":\"pt-PT\",\"potentialAction\":[{\"@type\":\"CommentAction\",\"name\":\"Comment\",\"target\":[\"https:\/\/brasilnoticias.org\/site\/vitoria-vence-o-atletico-mg-no-barradao-pelo-caompeonato-brasileiro\/#respond\"]}]},{\"@type\":\"WebPage\",\"@id\":\"https:\/\/brasilnoticias.org\/site\/vitoria-vence-o-atletico-mg-no-barradao-pelo-caompeonato-brasileiro\/\",\"url\":\"https:\/\/brasilnoticias.org\/site\/vitoria-vence-o-atletico-mg-no-barradao-pelo-caompeonato-brasileiro\/\",\"name\":\"Vit\u00f3ria vence o Atl\u00e9tico-MG no Barrad\u00e3o pelo Caompeonato Brasileiro - Brasil not\u00edcias\",\"isPartOf\":{\"@id\":\"https:\/\/brasilnoticias.org\/site\/#website\"},\"primaryImageOfPage\":{\"@id\":\"https:\/\/brasilnoticias.org\/site\/vitoria-vence-o-atletico-mg-no-barradao-pelo-caompeonato-brasileiro\/#primaryimage\"},\"image\":{\"@id\":\"https:\/\/brasilnoticias.org\/site\/vitoria-vence-o-atletico-mg-no-barradao-pelo-caompeonato-brasileiro\/#primaryimage\"},\"thumbnailUrl\":\"https:\/\/brasilnoticias.org\/site\/wp-content\/uploads\/2025\/08\/169485vitoria-vence-o-atletico-mg-no-barradao-pelo-caompeonato-brasileiro-3.jpg\",\"datePublished\":\"2025-09-01T00:48:00+00:00\",\"breadcrumb\":{\"@id\":\"https:\/\/brasilnoticias.org\/site\/vitoria-vence-o-atletico-mg-no-barradao-pelo-caompeonato-brasileiro\/#breadcrumb\"},\"inLanguage\":\"pt-PT\",\"potentialAction\":[{\"@type\":\"ReadAction\",\"target\":[\"https:\/\/brasilnoticias.org\/site\/vitoria-vence-o-atletico-mg-no-barradao-pelo-caompeonato-brasileiro\/\"]}]},{\"@type\":\"ImageObject\",\"inLanguage\":\"pt-PT\",\"@id\":\"https:\/\/brasilnoticias.org\/site\/vitoria-vence-o-atletico-mg-no-barradao-pelo-caompeonato-brasileiro\/#primaryimage\",\"url\":\"https:\/\/brasilnoticias.org\/site\/wp-content\/uploads\/2025\/08\/169485vitoria-vence-o-atletico-mg-no-barradao-pelo-caompeonato-brasileiro-3.jpg\",\"contentUrl\":\"https:\/\/brasilnoticias.org\/site\/wp-content\/uploads\/2025\/08\/169485vitoria-vence-o-atletico-mg-no-barradao-pelo-caompeonato-brasileiro-3.jpg\",\"width\":1600,\"height\":752},{\"@type\":\"BreadcrumbList\",\"@id\":\"https:\/\/brasilnoticias.org\/site\/vitoria-vence-o-atletico-mg-no-barradao-pelo-caompeonato-brasileiro\/#breadcrumb\",\"itemListElement\":[{\"@type\":\"ListItem\",\"position\":1,\"name\":\"In\u00edcio\",\"item\":\"https:\/\/brasilnoticias.org\/site\/\"},{\"@type\":\"ListItem\",\"position\":2,\"name\":\"Vit\u00f3ria vence o Atl\u00e9tico-MG no Barrad\u00e3o pelo Caompeonato Brasileiro\"}]},{\"@type\":\"WebSite\",\"@id\":\"https:\/\/brasilnoticias.org\/site\/#website\",\"url\":\"https:\/\/brasilnoticias.org\/site\/\",\"name\":\"Brasil not\u00edcias\",\"description\":\"Brasil not\u00edcias\",\"publisher\":{\"@id\":\"https:\/\/brasilnoticias.org\/site\/#organization\"},\"potentialAction\":[{\"@type\":\"SearchAction\",\"target\":{\"@type\":\"EntryPoint\",\"urlTemplate\":\"https:\/\/brasilnoticias.org\/site\/?s={search_term_string}\"},\"query-input\":{\"@type\":\"PropertyValueSpecification\",\"valueRequired\":true,\"valueName\":\"search_term_string\"}}],\"inLanguage\":\"pt-PT\"},{\"@type\":\"Organization\",\"@id\":\"https:\/\/brasilnoticias.org\/site\/#organization\",\"name\":\"Brasil not\u00edcias\",\"url\":\"https:\/\/brasilnoticias.org\/site\/\",\"logo\":{\"@type\":\"ImageObject\",\"inLanguage\":\"pt-PT\",\"@id\":\"https:\/\/brasilnoticias.org\/site\/#\/schema\/logo\/image\/\",\"url\":\"https:\/\/brasilnoticias.org\/site\/wp-content\/uploads\/2022\/05\/cropped-brasilnoticias-mini.jpg\",\"contentUrl\":\"https:\/\/brasilnoticias.org\/site\/wp-content\/uploads\/2022\/05\/cropped-brasilnoticias-mini.jpg\",\"width\":314,\"height\":86,\"caption\":\"Brasil not\u00edcias\"},\"image\":{\"@id\":\"https:\/\/brasilnoticias.org\/site\/#\/schema\/logo\/image\/\"}},{\"@type\":\"Person\",\"@id\":\"https:\/\/brasilnoticias.org\/site\/#\/schema\/person\/03bbbfe6c7634ad18c26444ea39049fa\",\"name\":\"Reda\u00e7\u00e3o\",\"image\":{\"@type\":\"ImageObject\",\"inLanguage\":\"pt-PT\",\"@id\":\"https:\/\/brasilnoticias.org\/site\/#\/schema\/person\/image\/\",\"url\":\"https:\/\/secure.gravatar.com\/avatar\/9ecaf7327a696cb23ad926fedded5f1f04d7049de9e445375d55b48c001a6e42?s=96&d=mm&r=g\",\"contentUrl\":\"https:\/\/secure.gravatar.com\/avatar\/9ecaf7327a696cb23ad926fedded5f1f04d7049de9e445375d55b48c001a6e42?s=96&d=mm&r=g\",\"caption\":\"Reda\u00e7\u00e3o\"},\"url\":\"https:\/\/brasilnoticias.org\/site\/author\/henrique\/\"}]}<\/script>\n<!-- \/ Yoast SEO plugin. -->","yoast_head_json":{"title":"Vit\u00f3ria vence o Atl\u00e9tico-MG no Barrad\u00e3o pelo Caompeonato Brasileiro - Brasil not\u00edcias","robots":{"index":"index","follow":"follow","max-snippet":"max-snippet:-1","max-image-preview":"max-image-preview:large","max-video-preview":"max-video-preview:-1"},"canonical":"https:\/\/brasilnoticias.org\/site\/vitoria-vence-o-atletico-mg-no-barradao-pelo-caompeonato-brasileiro\/","og_locale":"pt_PT","og_type":"article","og_title":"Vit\u00f3ria vence o Atl\u00e9tico-MG no Barrad\u00e3o pelo Caompeonato Brasileiro - Brasil not\u00edcias","og_description":"Le\u00e3o bateu o Galo por 1 a 0, no Barrad\u00e3o, pela 22\u00aa rodada do Brasileiro O Vit\u00f3ria pode deixar a","og_url":"https:\/\/brasilnoticias.org\/site\/vitoria-vence-o-atletico-mg-no-barradao-pelo-caompeonato-brasileiro\/","og_site_name":"Brasil not\u00edcias","article_published_time":"2025-09-01T00:48:00+00:00","og_image":[{"width":1600,"height":752,"url":"https:\/\/brasilnoticias.org\/site\/wp-content\/uploads\/2025\/08\/169485vitoria-vence-o-atletico-mg-no-barradao-pelo-caompeonato-brasileiro-3.jpg","type":"image\/jpeg"}],"author":"Reda\u00e7\u00e3o","twitter_card":"summary_large_image","twitter_misc":{"Escrito por":"Reda\u00e7\u00e3o","Tempo estimado de leitura":"1 minuto"},"schema":{"@context":"https:\/\/schema.org","@graph":[{"@type":"Article","@id":"https:\/\/brasilnoticias.org\/site\/vitoria-vence-o-atletico-mg-no-barradao-pelo-caompeonato-brasileiro\/#article","isPartOf":{"@id":"https:\/\/brasilnoticias.org\/site\/vitoria-vence-o-atletico-mg-no-barradao-pelo-caompeonato-brasileiro\/"},"author":{"name":"Reda\u00e7\u00e3o","@id":"https:\/\/brasilnoticias.org\/site\/#\/schema\/person\/03bbbfe6c7634ad18c26444ea39049fa"},"headline":"Vit\u00f3ria vence o Atl\u00e9tico-MG no Barrad\u00e3o pelo Caompeonato Brasileiro","datePublished":"2025-09-01T00:48:00+00:00","mainEntityOfPage":{"@id":"https:\/\/brasilnoticias.org\/site\/vitoria-vence-o-atletico-mg-no-barradao-pelo-caompeonato-brasileiro\/"},"wordCount":672,"commentCount":0,"publisher":{"@id":"https:\/\/brasilnoticias.org\/site\/#organization"},"image":{"@id":"https:\/\/brasilnoticias.org\/site\/vitoria-vence-o-atletico-mg-no-barradao-pelo-caompeonato-brasileiro\/#primaryimage"},"thumbnailUrl":"https:\/\/brasilnoticias.org\/site\/wp-content\/uploads\/2025\/08\/169485vitoria-vence-o-atletico-mg-no-barradao-pelo-caompeonato-brasileiro-3.jpg","articleSection":["Esporte","\u00daltimas"],"inLanguage":"pt-PT","potentialAction":[{"@type":"CommentAction","name":"Comment","target":["https:\/\/brasilnoticias.org\/site\/vitoria-vence-o-atletico-mg-no-barradao-pelo-caompeonato-brasileiro\/#respond"]}]},{"@type":"WebPage","@id":"https:\/\/brasilnoticias.org\/site\/vitoria-vence-o-atletico-mg-no-barradao-pelo-caompeonato-brasileiro\/","url":"https:\/\/brasilnoticias.org\/site\/vitoria-vence-o-atletico-mg-no-barradao-pelo-caompeonato-brasileiro\/","name":"Vit\u00f3ria vence o Atl\u00e9tico-MG no Barrad\u00e3o pelo Caompeonato Brasileiro - Brasil not\u00edcias","isPartOf":{"@id":"https:\/\/brasilnoticias.org\/site\/#website"},"primaryImageOfPage":{"@id":"https:\/\/brasilnoticias.org\/site\/vitoria-vence-o-atletico-mg-no-barradao-pelo-caompeonato-brasileiro\/#primaryimage"},"image":{"@id":"https:\/\/brasilnoticias.org\/site\/vitoria-vence-o-atletico-mg-no-barradao-pelo-caompeonato-brasileiro\/#primaryimage"},"thumbnailUrl":"https:\/\/brasilnoticias.org\/site\/wp-content\/uploads\/2025\/08\/169485vitoria-vence-o-atletico-mg-no-barradao-pelo-caompeonato-brasileiro-3.jpg","datePublished":"2025-09-01T00:48:00+00:00","breadcrumb":{"@id":"https:\/\/brasilnoticias.org\/site\/vitoria-vence-o-atletico-mg-no-barradao-pelo-caompeonato-brasileiro\/#breadcrumb"},"inLanguage":"pt-PT","potentialAction":[{"@type":"ReadAction","target":["https:\/\/brasilnoticias.org\/site\/vitoria-vence-o-atletico-mg-no-barradao-pelo-caompeonato-brasileiro\/"]}]},{"@type":"ImageObject","inLanguage":"pt-PT","@id":"https:\/\/brasilnoticias.org\/site\/vitoria-vence-o-atletico-mg-no-barradao-pelo-caompeonato-brasileiro\/#primaryimage","url":"https:\/\/brasilnoticias.org\/site\/wp-content\/uploads\/2025\/08\/169485vitoria-vence-o-atletico-mg-no-barradao-pelo-caompeonato-brasileiro-3.jpg","contentUrl":"https:\/\/brasilnoticias.org\/site\/wp-content\/uploads\/2025\/08\/169485vitoria-vence-o-atletico-mg-no-barradao-pelo-caompeonato-brasileiro-3.jpg","width":1600,"height":752},{"@type":"BreadcrumbList","@id":"https:\/\/brasilnoticias.org\/site\/vitoria-vence-o-atletico-mg-no-barradao-pelo-caompeonato-brasileiro\/#breadcrumb","itemListElement":[{"@type":"ListItem","position":1,"name":"In\u00edcio","item":"https:\/\/brasilnoticias.org\/site\/"},{"@type":"ListItem","position":2,"name":"Vit\u00f3ria vence o Atl\u00e9tico-MG no Barrad\u00e3o pelo Caompeonato Brasileiro"}]},{"@type":"WebSite","@id":"https:\/\/brasilnoticias.org\/site\/#website","url":"https:\/\/brasilnoticias.org\/site\/","name":"Brasil not\u00edcias","description":"Brasil not\u00edcias","publisher":{"@id":"https:\/\/brasilnoticias.org\/site\/#organization"},"potentialAction":[{"@type":"SearchAction","target":{"@type":"EntryPoint","urlTemplate":"https:\/\/brasilnoticias.org\/site\/?s={search_term_string}"},"query-input":{"@type":"PropertyValueSpecification","valueRequired":true,"valueName":"search_term_string"}}],"inLanguage":"pt-PT"},{"@type":"Organization","@id":"https:\/\/brasilnoticias.org\/site\/#organization","name":"Brasil not\u00edcias","url":"https:\/\/brasilnoticias.org\/site\/","logo":{"@type":"ImageObject","inLanguage":"pt-PT","@id":"https:\/\/brasilnoticias.org\/site\/#\/schema\/logo\/image\/","url":"https:\/\/brasilnoticias.org\/site\/wp-content\/uploads\/2022\/05\/cropped-brasilnoticias-mini.jpg","contentUrl":"https:\/\/brasilnoticias.org\/site\/wp-content\/uploads\/2022\/05\/cropped-brasilnoticias-mini.jpg","width":314,"height":86,"caption":"Brasil not\u00edcias"},"image":{"@id":"https:\/\/brasilnoticias.org\/site\/#\/schema\/logo\/image\/"}},{"@type":"Person","@id":"https:\/\/brasilnoticias.org\/site\/#\/schema\/person\/03bbbfe6c7634ad18c26444ea39049fa","name":"Reda\u00e7\u00e3o","image":{"@type":"ImageObject","inLanguage":"pt-PT","@id":"https:\/\/brasilnoticias.org\/site\/#\/schema\/person\/image\/","url":"https:\/\/secure.gravatar.com\/avatar\/9ecaf7327a696cb23ad926fedded5f1f04d7049de9e445375d55b48c001a6e42?s=96&d=mm&r=g","contentUrl":"https:\/\/secure.gravatar.com\/avatar\/9ecaf7327a696cb23ad926fedded5f1f04d7049de9e445375d55b48c001a6e42?s=96&d=mm&r=g","caption":"Reda\u00e7\u00e3o"},"url":"https:\/\/brasilnoticias.org\/site\/author\/henrique\/"}]}},"_links":{"self":[{"href":"https:\/\/brasilnoticias.org\/site\/wp-json\/wp\/v2\/posts\/17906","targetHints":{"allow":["GET"]}}],"collection":[{"href":"https:\/\/brasilnoticias.org\/site\/wp-json\/wp\/v2\/posts"}],"about":[{"href":"https:\/\/brasilnoticias.org\/site\/wp-json\/wp\/v2\/types\/post"}],"author":[{"embeddable":true,"href":"https:\/\/brasilnoticias.org\/site\/wp-json\/wp\/v2\/users\/4"}],"replies":[{"embeddable":true,"href":"https:\/\/brasilnoticias.org\/site\/wp-json\/wp\/v2\/comments?post=17906"}],"version-history":[{"count":1,"href":"https:\/\/brasilnoticias.org\/site\/wp-json\/wp\/v2\/posts\/17906\/revisions"}],"predecessor-version":[{"id":17908,"href":"https:\/\/brasilnoticias.org\/site\/wp-json\/wp\/v2\/posts\/17906\/revisions\/17908"}],"wp:featuredmedia":[{"embeddable":true,"href":"https:\/\/brasilnoticias.org\/site\/wp-json\/wp\/v2\/media\/17907"}],"wp:attachment":[{"href":"https:\/\/brasilnoticias.org\/site\/wp-json\/wp\/v2\/media?parent=17906"}],"wp:term":[{"taxonomy":"category","embeddable":true,"href":"https:\/\/brasilnoticias.org\/site\/wp-json\/wp\/v2\/categories?post=17906"},{"taxonomy":"post_tag","embeddable":true,"href":"https:\/\/brasilnoticias.org\/site\/wp-json\/wp\/v2\/tags?post=17906"}],"curies":[{"name":"wp","href":"https:\/\/api.w.org\/{rel}","templated":true}]}}