{"id":17913,"date":"2025-09-01T14:29:59","date_gmt":"2025-09-01T17:29:59","guid":{"rendered":"https:\/\/brasilnoticias.org\/site\/?p=17913"},"modified":"2025-09-01T14:29:59","modified_gmt":"2025-09-01T17:29:59","slug":"aleluia-ironiza-declaracoes-de-jeronimo-sobre-a-seguranca-publica-na-bahia-so-quem-tem-paz-e-o-governador","status":"publish","type":"post","link":"https:\/\/brasilnoticias.org\/site\/aleluia-ironiza-declaracoes-de-jeronimo-sobre-a-seguranca-publica-na-bahia-so-quem-tem-paz-e-o-governador\/","title":{"rendered":"Aleluia ironiza declara\u00e7\u00f5es de Jer\u00f4nimo sobre a seguran\u00e7a p\u00fablica na Bahia: &#8220;S\u00f3 quem tem paz \u00e9 o governador&#8221;"},"content":{"rendered":"<p>O ex-deputado federal e pr\u00e9-candidato a governador pelo Partido NOVO, Jos\u00e9 Carlos Aleluia, criticou nesta segunda-feira (01\/09) a declara\u00e7\u00e3o do governador Jer\u00f4nimo Rodrigues de que a Bahia seria &#8220;um estado de paz&#8221;.<\/p>\n<p>&#8220;S\u00f3 existe paz no Pal\u00e1cio de Ondina. Manda Jer\u00f4nimo descer de l\u00e1 a p\u00e9 pelas ruas do Alto de Ondina. Ele n\u00e3o conhece a realidade da Bahia? S\u00f3 quem tem paz \u00e9 o governador. Ele \u00e9 um rapaz bem educado, mas est\u00e1 sonhando&#8221;, criticou Aleluia durante entrevista para a r\u00e1dio CBN Salvador.<\/p>\n<p>Aleluia defendeu uma pol\u00edtica de seguran\u00e7a p\u00fablica com alto investimento em intelig\u00eancia das pol\u00edcias, com for\u00e7a e firmeza no combate ao crime organizado.<\/p>\n<p>&#8220;O monop\u00f3lio da for\u00e7a precisa ser do Estado. N\u00e3o pode existir di\u00e1logo com o crime organizado. As organiza\u00e7\u00f5es criminosas precisam ser tratadas como terroristas porque est\u00e3o construindo um Estado paralelo&#8221;, defendeu.<\/p>\n<p>Aleluia afirmou ainda que o Brasil precisa seguir o modelo correto de seguran\u00e7a p\u00fablica para n\u00e3o se tornar um narco-Estado.<\/p>\n<p>&#8220;Qual era o pa\u00eds mais violento da Am\u00e9rica Latina h\u00e1 oito anos: El Salvador ou Brasil? E qual \u00e9 hoje o pa\u00eds mais violento? \u00c9 preciso que todo crime seja tratado com rigor&#8221;, concluiu.<\/p>\n<p>FOTO: Divulga\u00e7\u00e3o<\/p>\n","protected":false},"excerpt":{"rendered":"<p>O ex-deputado federal e pr\u00e9-candidato a governador pelo Partido NOVO, Jos\u00e9 Carlos Aleluia, criticou nesta segunda-feira (01\/09) a declara\u00e7\u00e3o do<\/p>\n","protected":false},"author":4,"featured_media":17914,"comment_status":"open","ping_status":"open","sticky":false,"template":"","format":"standard","meta":{"colormag_page_container_layout":"default_layout","colormag_page_sidebar_layout":"default_layout","_FSMCFIC_featured_image_caption":"","_FSMCFIC_featured_image_nocaption":"","_FSMCFIC_featured_image_hide":"","footnotes":""},"categories":[5,1],"tags":[],"class_list":["post-17913","post","type-post","status-publish","format-standard","has-post-thumbnail","hentry","category-politica","category-ultimas"],"yoast_head":"<!-- This site is optimized with the Yoast SEO plugin v27.1.1 - https:\/\/yoast.com\/product\/yoast-seo-wordpress\/ -->\n<title>Aleluia ironiza declara\u00e7\u00f5es de Jer\u00f4nimo sobre a seguran\u00e7a p\u00fablica na Bahia: &quot;S\u00f3 quem tem paz \u00e9 o governador&quot; - Brasil not\u00edcias<\/title>\n<meta name=\"robots\" content=\"index, follow, max-snippet:-1, max-image-preview:large, max-video-preview:-1\" \/>\n<link rel=\"canonical\" href=\"https:\/\/brasilnoticias.org\/site\/aleluia-ironiza-declaracoes-de-jeronimo-sobre-a-seguranca-publica-na-bahia-so-quem-tem-paz-e-o-governador\/\" \/>\n<meta property=\"og:locale\" content=\"pt_PT\" \/>\n<meta property=\"og:type\" content=\"article\" \/>\n<meta property=\"og:title\" content=\"Aleluia ironiza declara\u00e7\u00f5es de Jer\u00f4nimo sobre a seguran\u00e7a p\u00fablica na Bahia: &quot;S\u00f3 quem tem paz \u00e9 o governador&quot; - Brasil not\u00edcias\" \/>\n<meta property=\"og:description\" content=\"O ex-deputado federal e pr\u00e9-candidato a governador pelo Partido NOVO, Jos\u00e9 Carlos Aleluia, criticou nesta segunda-feira (01\/09) a declara\u00e7\u00e3o do\" \/>\n<meta property=\"og:url\" content=\"https:\/\/brasilnoticias.org\/site\/aleluia-ironiza-declaracoes-de-jeronimo-sobre-a-seguranca-publica-na-bahia-so-quem-tem-paz-e-o-governador\/\" \/>\n<meta property=\"og:site_name\" content=\"Brasil not\u00edcias\" \/>\n<meta property=\"article:published_time\" content=\"2025-09-01T17:29:59+00:00\" \/>\n<meta property=\"og:image\" content=\"https:\/\/brasilnoticias.org\/site\/wp-content\/uploads\/2025\/09\/29f2af09-8ae4-4b3d-8d57-97e47c190db7.jpeg\" \/>\n\t<meta property=\"og:image:width\" content=\"924\" \/>\n\t<meta property=\"og:image:height\" content=\"612\" \/>\n\t<meta property=\"og:image:type\" content=\"image\/jpeg\" \/>\n<meta name=\"author\" content=\"Reda\u00e7\u00e3o\" \/>\n<meta name=\"twitter:card\" content=\"summary_large_image\" \/>\n<meta name=\"twitter:label1\" content=\"Escrito por\" \/>\n\t<meta name=\"twitter:data1\" content=\"Reda\u00e7\u00e3o\" \/>\n\t<meta name=\"twitter:label2\" content=\"Tempo estimado de leitura\" \/>\n\t<meta name=\"twitter:data2\" content=\"1 minuto\" \/>\n<script type=\"application\/ld+json\" class=\"yoast-schema-graph\">{\"@context\":\"https:\/\/schema.org\",\"@graph\":[{\"@type\":\"Article\",\"@id\":\"https:\/\/brasilnoticias.org\/site\/aleluia-ironiza-declaracoes-de-jeronimo-sobre-a-seguranca-publica-na-bahia-so-quem-tem-paz-e-o-governador\/#article\",\"isPartOf\":{\"@id\":\"https:\/\/brasilnoticias.org\/site\/aleluia-ironiza-declaracoes-de-jeronimo-sobre-a-seguranca-publica-na-bahia-so-quem-tem-paz-e-o-governador\/\"},\"author\":{\"name\":\"Reda\u00e7\u00e3o\",\"@id\":\"https:\/\/brasilnoticias.org\/site\/#\/schema\/person\/03bbbfe6c7634ad18c26444ea39049fa\"},\"headline\":\"Aleluia ironiza declara\u00e7\u00f5es de Jer\u00f4nimo sobre a seguran\u00e7a p\u00fablica na Bahia: &#8220;S\u00f3 quem tem paz \u00e9 o governador&#8221;\",\"datePublished\":\"2025-09-01T17:29:59+00:00\",\"mainEntityOfPage\":{\"@id\":\"https:\/\/brasilnoticias.org\/site\/aleluia-ironiza-declaracoes-de-jeronimo-sobre-a-seguranca-publica-na-bahia-so-quem-tem-paz-e-o-governador\/\"},\"wordCount\":236,\"commentCount\":0,\"publisher\":{\"@id\":\"https:\/\/brasilnoticias.org\/site\/#organization\"},\"image\":{\"@id\":\"https:\/\/brasilnoticias.org\/site\/aleluia-ironiza-declaracoes-de-jeronimo-sobre-a-seguranca-publica-na-bahia-so-quem-tem-paz-e-o-governador\/#primaryimage\"},\"thumbnailUrl\":\"https:\/\/brasilnoticias.org\/site\/wp-content\/uploads\/2025\/09\/29f2af09-8ae4-4b3d-8d57-97e47c190db7.jpeg\",\"articleSection\":[\"Pol\u00edtica\",\"\u00daltimas\"],\"inLanguage\":\"pt-PT\",\"potentialAction\":[{\"@type\":\"CommentAction\",\"name\":\"Comment\",\"target\":[\"https:\/\/brasilnoticias.org\/site\/aleluia-ironiza-declaracoes-de-jeronimo-sobre-a-seguranca-publica-na-bahia-so-quem-tem-paz-e-o-governador\/#respond\"]}]},{\"@type\":\"WebPage\",\"@id\":\"https:\/\/brasilnoticias.org\/site\/aleluia-ironiza-declaracoes-de-jeronimo-sobre-a-seguranca-publica-na-bahia-so-quem-tem-paz-e-o-governador\/\",\"url\":\"https:\/\/brasilnoticias.org\/site\/aleluia-ironiza-declaracoes-de-jeronimo-sobre-a-seguranca-publica-na-bahia-so-quem-tem-paz-e-o-governador\/\",\"name\":\"Aleluia ironiza declara\u00e7\u00f5es de Jer\u00f4nimo sobre a seguran\u00e7a p\u00fablica na Bahia: \\\"S\u00f3 quem tem paz \u00e9 o governador\\\" - Brasil not\u00edcias\",\"isPartOf\":{\"@id\":\"https:\/\/brasilnoticias.org\/site\/#website\"},\"primaryImageOfPage\":{\"@id\":\"https:\/\/brasilnoticias.org\/site\/aleluia-ironiza-declaracoes-de-jeronimo-sobre-a-seguranca-publica-na-bahia-so-quem-tem-paz-e-o-governador\/#primaryimage\"},\"image\":{\"@id\":\"https:\/\/brasilnoticias.org\/site\/aleluia-ironiza-declaracoes-de-jeronimo-sobre-a-seguranca-publica-na-bahia-so-quem-tem-paz-e-o-governador\/#primaryimage\"},\"thumbnailUrl\":\"https:\/\/brasilnoticias.org\/site\/wp-content\/uploads\/2025\/09\/29f2af09-8ae4-4b3d-8d57-97e47c190db7.jpeg\",\"datePublished\":\"2025-09-01T17:29:59+00:00\",\"breadcrumb\":{\"@id\":\"https:\/\/brasilnoticias.org\/site\/aleluia-ironiza-declaracoes-de-jeronimo-sobre-a-seguranca-publica-na-bahia-so-quem-tem-paz-e-o-governador\/#breadcrumb\"},\"inLanguage\":\"pt-PT\",\"potentialAction\":[{\"@type\":\"ReadAction\",\"target\":[\"https:\/\/brasilnoticias.org\/site\/aleluia-ironiza-declaracoes-de-jeronimo-sobre-a-seguranca-publica-na-bahia-so-quem-tem-paz-e-o-governador\/\"]}]},{\"@type\":\"ImageObject\",\"inLanguage\":\"pt-PT\",\"@id\":\"https:\/\/brasilnoticias.org\/site\/aleluia-ironiza-declaracoes-de-jeronimo-sobre-a-seguranca-publica-na-bahia-so-quem-tem-paz-e-o-governador\/#primaryimage\",\"url\":\"https:\/\/brasilnoticias.org\/site\/wp-content\/uploads\/2025\/09\/29f2af09-8ae4-4b3d-8d57-97e47c190db7.jpeg\",\"contentUrl\":\"https:\/\/brasilnoticias.org\/site\/wp-content\/uploads\/2025\/09\/29f2af09-8ae4-4b3d-8d57-97e47c190db7.jpeg\",\"width\":924,\"height\":612},{\"@type\":\"BreadcrumbList\",\"@id\":\"https:\/\/brasilnoticias.org\/site\/aleluia-ironiza-declaracoes-de-jeronimo-sobre-a-seguranca-publica-na-bahia-so-quem-tem-paz-e-o-governador\/#breadcrumb\",\"itemListElement\":[{\"@type\":\"ListItem\",\"position\":1,\"name\":\"In\u00edcio\",\"item\":\"https:\/\/brasilnoticias.org\/site\/\"},{\"@type\":\"ListItem\",\"position\":2,\"name\":\"Aleluia ironiza declara\u00e7\u00f5es de Jer\u00f4nimo sobre a seguran\u00e7a p\u00fablica na Bahia: &#8220;S\u00f3 quem tem paz \u00e9 o governador&#8221;\"}]},{\"@type\":\"WebSite\",\"@id\":\"https:\/\/brasilnoticias.org\/site\/#website\",\"url\":\"https:\/\/brasilnoticias.org\/site\/\",\"name\":\"Brasil not\u00edcias\",\"description\":\"Brasil not\u00edcias\",\"publisher\":{\"@id\":\"https:\/\/brasilnoticias.org\/site\/#organization\"},\"potentialAction\":[{\"@type\":\"SearchAction\",\"target\":{\"@type\":\"EntryPoint\",\"urlTemplate\":\"https:\/\/brasilnoticias.org\/site\/?s={search_term_string}\"},\"query-input\":{\"@type\":\"PropertyValueSpecification\",\"valueRequired\":true,\"valueName\":\"search_term_string\"}}],\"inLanguage\":\"pt-PT\"},{\"@type\":\"Organization\",\"@id\":\"https:\/\/brasilnoticias.org\/site\/#organization\",\"name\":\"Brasil not\u00edcias\",\"url\":\"https:\/\/brasilnoticias.org\/site\/\",\"logo\":{\"@type\":\"ImageObject\",\"inLanguage\":\"pt-PT\",\"@id\":\"https:\/\/brasilnoticias.org\/site\/#\/schema\/logo\/image\/\",\"url\":\"https:\/\/brasilnoticias.org\/site\/wp-content\/uploads\/2022\/05\/cropped-brasilnoticias-mini.jpg\",\"contentUrl\":\"https:\/\/brasilnoticias.org\/site\/wp-content\/uploads\/2022\/05\/cropped-brasilnoticias-mini.jpg\",\"width\":314,\"height\":86,\"caption\":\"Brasil not\u00edcias\"},\"image\":{\"@id\":\"https:\/\/brasilnoticias.org\/site\/#\/schema\/logo\/image\/\"}},{\"@type\":\"Person\",\"@id\":\"https:\/\/brasilnoticias.org\/site\/#\/schema\/person\/03bbbfe6c7634ad18c26444ea39049fa\",\"name\":\"Reda\u00e7\u00e3o\",\"image\":{\"@type\":\"ImageObject\",\"inLanguage\":\"pt-PT\",\"@id\":\"https:\/\/brasilnoticias.org\/site\/#\/schema\/person\/image\/\",\"url\":\"https:\/\/secure.gravatar.com\/avatar\/9ecaf7327a696cb23ad926fedded5f1f04d7049de9e445375d55b48c001a6e42?s=96&d=mm&r=g\",\"contentUrl\":\"https:\/\/secure.gravatar.com\/avatar\/9ecaf7327a696cb23ad926fedded5f1f04d7049de9e445375d55b48c001a6e42?s=96&d=mm&r=g\",\"caption\":\"Reda\u00e7\u00e3o\"},\"url\":\"https:\/\/brasilnoticias.org\/site\/author\/henrique\/\"}]}<\/script>\n<!-- \/ Yoast SEO plugin. -->","yoast_head_json":{"title":"Aleluia ironiza declara\u00e7\u00f5es de Jer\u00f4nimo sobre a seguran\u00e7a p\u00fablica na Bahia: \"S\u00f3 quem tem paz \u00e9 o governador\" - Brasil not\u00edcias","robots":{"index":"index","follow":"follow","max-snippet":"max-snippet:-1","max-image-preview":"max-image-preview:large","max-video-preview":"max-video-preview:-1"},"canonical":"https:\/\/brasilnoticias.org\/site\/aleluia-ironiza-declaracoes-de-jeronimo-sobre-a-seguranca-publica-na-bahia-so-quem-tem-paz-e-o-governador\/","og_locale":"pt_PT","og_type":"article","og_title":"Aleluia ironiza declara\u00e7\u00f5es de Jer\u00f4nimo sobre a seguran\u00e7a p\u00fablica na Bahia: \"S\u00f3 quem tem paz \u00e9 o governador\" - Brasil not\u00edcias","og_description":"O ex-deputado federal e pr\u00e9-candidato a governador pelo Partido NOVO, Jos\u00e9 Carlos Aleluia, criticou nesta segunda-feira (01\/09) a declara\u00e7\u00e3o do","og_url":"https:\/\/brasilnoticias.org\/site\/aleluia-ironiza-declaracoes-de-jeronimo-sobre-a-seguranca-publica-na-bahia-so-quem-tem-paz-e-o-governador\/","og_site_name":"Brasil not\u00edcias","article_published_time":"2025-09-01T17:29:59+00:00","og_image":[{"width":924,"height":612,"url":"https:\/\/brasilnoticias.org\/site\/wp-content\/uploads\/2025\/09\/29f2af09-8ae4-4b3d-8d57-97e47c190db7.jpeg","type":"image\/jpeg"}],"author":"Reda\u00e7\u00e3o","twitter_card":"summary_large_image","twitter_misc":{"Escrito por":"Reda\u00e7\u00e3o","Tempo estimado de leitura":"1 minuto"},"schema":{"@context":"https:\/\/schema.org","@graph":[{"@type":"Article","@id":"https:\/\/brasilnoticias.org\/site\/aleluia-ironiza-declaracoes-de-jeronimo-sobre-a-seguranca-publica-na-bahia-so-quem-tem-paz-e-o-governador\/#article","isPartOf":{"@id":"https:\/\/brasilnoticias.org\/site\/aleluia-ironiza-declaracoes-de-jeronimo-sobre-a-seguranca-publica-na-bahia-so-quem-tem-paz-e-o-governador\/"},"author":{"name":"Reda\u00e7\u00e3o","@id":"https:\/\/brasilnoticias.org\/site\/#\/schema\/person\/03bbbfe6c7634ad18c26444ea39049fa"},"headline":"Aleluia ironiza declara\u00e7\u00f5es de Jer\u00f4nimo sobre a seguran\u00e7a p\u00fablica na Bahia: &#8220;S\u00f3 quem tem paz \u00e9 o governador&#8221;","datePublished":"2025-09-01T17:29:59+00:00","mainEntityOfPage":{"@id":"https:\/\/brasilnoticias.org\/site\/aleluia-ironiza-declaracoes-de-jeronimo-sobre-a-seguranca-publica-na-bahia-so-quem-tem-paz-e-o-governador\/"},"wordCount":236,"commentCount":0,"publisher":{"@id":"https:\/\/brasilnoticias.org\/site\/#organization"},"image":{"@id":"https:\/\/brasilnoticias.org\/site\/aleluia-ironiza-declaracoes-de-jeronimo-sobre-a-seguranca-publica-na-bahia-so-quem-tem-paz-e-o-governador\/#primaryimage"},"thumbnailUrl":"https:\/\/brasilnoticias.org\/site\/wp-content\/uploads\/2025\/09\/29f2af09-8ae4-4b3d-8d57-97e47c190db7.jpeg","articleSection":["Pol\u00edtica","\u00daltimas"],"inLanguage":"pt-PT","potentialAction":[{"@type":"CommentAction","name":"Comment","target":["https:\/\/brasilnoticias.org\/site\/aleluia-ironiza-declaracoes-de-jeronimo-sobre-a-seguranca-publica-na-bahia-so-quem-tem-paz-e-o-governador\/#respond"]}]},{"@type":"WebPage","@id":"https:\/\/brasilnoticias.org\/site\/aleluia-ironiza-declaracoes-de-jeronimo-sobre-a-seguranca-publica-na-bahia-so-quem-tem-paz-e-o-governador\/","url":"https:\/\/brasilnoticias.org\/site\/aleluia-ironiza-declaracoes-de-jeronimo-sobre-a-seguranca-publica-na-bahia-so-quem-tem-paz-e-o-governador\/","name":"Aleluia ironiza declara\u00e7\u00f5es de Jer\u00f4nimo sobre a seguran\u00e7a p\u00fablica na Bahia: \"S\u00f3 quem tem paz \u00e9 o governador\" - Brasil not\u00edcias","isPartOf":{"@id":"https:\/\/brasilnoticias.org\/site\/#website"},"primaryImageOfPage":{"@id":"https:\/\/brasilnoticias.org\/site\/aleluia-ironiza-declaracoes-de-jeronimo-sobre-a-seguranca-publica-na-bahia-so-quem-tem-paz-e-o-governador\/#primaryimage"},"image":{"@id":"https:\/\/brasilnoticias.org\/site\/aleluia-ironiza-declaracoes-de-jeronimo-sobre-a-seguranca-publica-na-bahia-so-quem-tem-paz-e-o-governador\/#primaryimage"},"thumbnailUrl":"https:\/\/brasilnoticias.org\/site\/wp-content\/uploads\/2025\/09\/29f2af09-8ae4-4b3d-8d57-97e47c190db7.jpeg","datePublished":"2025-09-01T17:29:59+00:00","breadcrumb":{"@id":"https:\/\/brasilnoticias.org\/site\/aleluia-ironiza-declaracoes-de-jeronimo-sobre-a-seguranca-publica-na-bahia-so-quem-tem-paz-e-o-governador\/#breadcrumb"},"inLanguage":"pt-PT","potentialAction":[{"@type":"ReadAction","target":["https:\/\/brasilnoticias.org\/site\/aleluia-ironiza-declaracoes-de-jeronimo-sobre-a-seguranca-publica-na-bahia-so-quem-tem-paz-e-o-governador\/"]}]},{"@type":"ImageObject","inLanguage":"pt-PT","@id":"https:\/\/brasilnoticias.org\/site\/aleluia-ironiza-declaracoes-de-jeronimo-sobre-a-seguranca-publica-na-bahia-so-quem-tem-paz-e-o-governador\/#primaryimage","url":"https:\/\/brasilnoticias.org\/site\/wp-content\/uploads\/2025\/09\/29f2af09-8ae4-4b3d-8d57-97e47c190db7.jpeg","contentUrl":"https:\/\/brasilnoticias.org\/site\/wp-content\/uploads\/2025\/09\/29f2af09-8ae4-4b3d-8d57-97e47c190db7.jpeg","width":924,"height":612},{"@type":"BreadcrumbList","@id":"https:\/\/brasilnoticias.org\/site\/aleluia-ironiza-declaracoes-de-jeronimo-sobre-a-seguranca-publica-na-bahia-so-quem-tem-paz-e-o-governador\/#breadcrumb","itemListElement":[{"@type":"ListItem","position":1,"name":"In\u00edcio","item":"https:\/\/brasilnoticias.org\/site\/"},{"@type":"ListItem","position":2,"name":"Aleluia ironiza declara\u00e7\u00f5es de Jer\u00f4nimo sobre a seguran\u00e7a p\u00fablica na Bahia: &#8220;S\u00f3 quem tem paz \u00e9 o governador&#8221;"}]},{"@type":"WebSite","@id":"https:\/\/brasilnoticias.org\/site\/#website","url":"https:\/\/brasilnoticias.org\/site\/","name":"Brasil not\u00edcias","description":"Brasil not\u00edcias","publisher":{"@id":"https:\/\/brasilnoticias.org\/site\/#organization"},"potentialAction":[{"@type":"SearchAction","target":{"@type":"EntryPoint","urlTemplate":"https:\/\/brasilnoticias.org\/site\/?s={search_term_string}"},"query-input":{"@type":"PropertyValueSpecification","valueRequired":true,"valueName":"search_term_string"}}],"inLanguage":"pt-PT"},{"@type":"Organization","@id":"https:\/\/brasilnoticias.org\/site\/#organization","name":"Brasil not\u00edcias","url":"https:\/\/brasilnoticias.org\/site\/","logo":{"@type":"ImageObject","inLanguage":"pt-PT","@id":"https:\/\/brasilnoticias.org\/site\/#\/schema\/logo\/image\/","url":"https:\/\/brasilnoticias.org\/site\/wp-content\/uploads\/2022\/05\/cropped-brasilnoticias-mini.jpg","contentUrl":"https:\/\/brasilnoticias.org\/site\/wp-content\/uploads\/2022\/05\/cropped-brasilnoticias-mini.jpg","width":314,"height":86,"caption":"Brasil not\u00edcias"},"image":{"@id":"https:\/\/brasilnoticias.org\/site\/#\/schema\/logo\/image\/"}},{"@type":"Person","@id":"https:\/\/brasilnoticias.org\/site\/#\/schema\/person\/03bbbfe6c7634ad18c26444ea39049fa","name":"Reda\u00e7\u00e3o","image":{"@type":"ImageObject","inLanguage":"pt-PT","@id":"https:\/\/brasilnoticias.org\/site\/#\/schema\/person\/image\/","url":"https:\/\/secure.gravatar.com\/avatar\/9ecaf7327a696cb23ad926fedded5f1f04d7049de9e445375d55b48c001a6e42?s=96&d=mm&r=g","contentUrl":"https:\/\/secure.gravatar.com\/avatar\/9ecaf7327a696cb23ad926fedded5f1f04d7049de9e445375d55b48c001a6e42?s=96&d=mm&r=g","caption":"Reda\u00e7\u00e3o"},"url":"https:\/\/brasilnoticias.org\/site\/author\/henrique\/"}]}},"_links":{"self":[{"href":"https:\/\/brasilnoticias.org\/site\/wp-json\/wp\/v2\/posts\/17913","targetHints":{"allow":["GET"]}}],"collection":[{"href":"https:\/\/brasilnoticias.org\/site\/wp-json\/wp\/v2\/posts"}],"about":[{"href":"https:\/\/brasilnoticias.org\/site\/wp-json\/wp\/v2\/types\/post"}],"author":[{"embeddable":true,"href":"https:\/\/brasilnoticias.org\/site\/wp-json\/wp\/v2\/users\/4"}],"replies":[{"embeddable":true,"href":"https:\/\/brasilnoticias.org\/site\/wp-json\/wp\/v2\/comments?post=17913"}],"version-history":[{"count":1,"href":"https:\/\/brasilnoticias.org\/site\/wp-json\/wp\/v2\/posts\/17913\/revisions"}],"predecessor-version":[{"id":17915,"href":"https:\/\/brasilnoticias.org\/site\/wp-json\/wp\/v2\/posts\/17913\/revisions\/17915"}],"wp:featuredmedia":[{"embeddable":true,"href":"https:\/\/brasilnoticias.org\/site\/wp-json\/wp\/v2\/media\/17914"}],"wp:attachment":[{"href":"https:\/\/brasilnoticias.org\/site\/wp-json\/wp\/v2\/media?parent=17913"}],"wp:term":[{"taxonomy":"category","embeddable":true,"href":"https:\/\/brasilnoticias.org\/site\/wp-json\/wp\/v2\/categories?post=17913"},{"taxonomy":"post_tag","embeddable":true,"href":"https:\/\/brasilnoticias.org\/site\/wp-json\/wp\/v2\/tags?post=17913"}],"curies":[{"name":"wp","href":"https:\/\/api.w.org\/{rel}","templated":true}]}}