{"id":17922,"date":"2025-09-07T18:43:56","date_gmt":"2025-09-07T21:43:56","guid":{"rendered":"https:\/\/brasilnoticias.org\/site\/?p=17922"},"modified":"2025-09-07T18:43:56","modified_gmt":"2025-09-07T21:43:56","slug":"senado-oficializa-afastamento-de-marcos-do-val","status":"publish","type":"post","link":"https:\/\/brasilnoticias.org\/site\/senado-oficializa-afastamento-de-marcos-do-val\/","title":{"rendered":"Senado oficializa afastamento de Marcos do Val"},"content":{"rendered":"<p>Senado afasta senador por 115 dias para tratamento de sa\u00fade em meio a investiga\u00e7\u00f5es sobre ataques institucionais e plano para anular elei\u00e7\u00f5es<\/p>\n<p>O Senado Federal oficializou o afastamento do senador Marcos do Val (Podemos-ES) de suas atividades legislativas por 115 dias para tratamento de sa\u00fade. O parlamentar \u00e9 investigado no Supremo Tribunal Federal (STF) por supostamente promover uma campanha para intimidar e constranger policiais federais respons\u00e1veis por investiga\u00e7\u00f5es em andamento na Corte.<\/p>\n<p>Ele tamb\u00e9m \u00e9 suspeito de ter arquitetado um plano para anular as elei\u00e7\u00f5es de 2022.<\/p>\n<p>\u201cOs fatos est\u00e3o ligados a uma campanha de ataques institucionais contra o STF e a Pol\u00edcia Federal, incluindo a divulga\u00e7\u00e3o de dados pessoais de delegados que atuam em investiga\u00e7\u00f5es na Corte\u201d, explicou o STF.<\/p>\n<p>Durval foi obrigado a usar tornozeleira eletr\u00f4nica e teve suas contas banc\u00e1rias bloqueadas ap\u00f3s descumprir decis\u00e3o do Supremo e viajar para os Estados Unidos. Ele estava proibido de deixar o pa\u00eds devido \u00e0s investiga\u00e7\u00f5es. No entanto, um acordo entre o Senado e o STF suspendeu parte das limita\u00e7\u00f5es impostas ao parlamentar.<\/p>\n<p>Foto: Marcelo Camargo\/Ag\u00eancia Brasil<br \/>\nPor: Metro1<\/p>\n","protected":false},"excerpt":{"rendered":"<p>Senado afasta senador por 115 dias para tratamento de sa\u00fade em meio a investiga\u00e7\u00f5es sobre ataques institucionais e plano para<\/p>\n","protected":false},"author":4,"featured_media":17923,"comment_status":"open","ping_status":"open","sticky":false,"template":"","format":"standard","meta":{"colormag_page_container_layout":"default_layout","colormag_page_sidebar_layout":"default_layout","_FSMCFIC_featured_image_caption":"","_FSMCFIC_featured_image_nocaption":"","_FSMCFIC_featured_image_hide":"","footnotes":""},"categories":[7,1],"tags":[],"class_list":["post-17922","post","type-post","status-publish","format-standard","has-post-thumbnail","hentry","category-justica","category-ultimas"],"yoast_head":"<!-- This site is optimized with the Yoast SEO plugin v27.1.1 - https:\/\/yoast.com\/product\/yoast-seo-wordpress\/ -->\n<title>Senado oficializa afastamento de Marcos do Val - Brasil not\u00edcias<\/title>\n<meta name=\"robots\" content=\"index, follow, max-snippet:-1, max-image-preview:large, max-video-preview:-1\" \/>\n<link rel=\"canonical\" href=\"https:\/\/brasilnoticias.org\/site\/senado-oficializa-afastamento-de-marcos-do-val\/\" \/>\n<meta property=\"og:locale\" content=\"pt_PT\" \/>\n<meta property=\"og:type\" content=\"article\" \/>\n<meta property=\"og:title\" content=\"Senado oficializa afastamento de Marcos do Val - Brasil not\u00edcias\" \/>\n<meta property=\"og:description\" content=\"Senado afasta senador por 115 dias para tratamento de sa\u00fade em meio a investiga\u00e7\u00f5es sobre ataques institucionais e plano para\" \/>\n<meta property=\"og:url\" content=\"https:\/\/brasilnoticias.org\/site\/senado-oficializa-afastamento-de-marcos-do-val\/\" \/>\n<meta property=\"og:site_name\" content=\"Brasil not\u00edcias\" \/>\n<meta property=\"article:published_time\" content=\"2025-09-07T21:43:56+00:00\" \/>\n<meta property=\"og:image\" content=\"https:\/\/brasilnoticias.org\/site\/wp-content\/uploads\/2025\/09\/169727senado-oficializa-afastamento-de-marcos-do-val-3.jpg\" \/>\n\t<meta property=\"og:image:width\" content=\"1600\" \/>\n\t<meta property=\"og:image:height\" content=\"752\" \/>\n\t<meta property=\"og:image:type\" content=\"image\/jpeg\" \/>\n<meta name=\"author\" content=\"Reda\u00e7\u00e3o\" \/>\n<meta name=\"twitter:card\" content=\"summary_large_image\" \/>\n<meta name=\"twitter:label1\" content=\"Escrito por\" \/>\n\t<meta name=\"twitter:data1\" content=\"Reda\u00e7\u00e3o\" \/>\n\t<meta name=\"twitter:label2\" content=\"Tempo estimado de leitura\" \/>\n\t<meta name=\"twitter:data2\" content=\"1 minuto\" \/>\n<script type=\"application\/ld+json\" class=\"yoast-schema-graph\">{\"@context\":\"https:\/\/schema.org\",\"@graph\":[{\"@type\":\"Article\",\"@id\":\"https:\/\/brasilnoticias.org\/site\/senado-oficializa-afastamento-de-marcos-do-val\/#article\",\"isPartOf\":{\"@id\":\"https:\/\/brasilnoticias.org\/site\/senado-oficializa-afastamento-de-marcos-do-val\/\"},\"author\":{\"name\":\"Reda\u00e7\u00e3o\",\"@id\":\"https:\/\/brasilnoticias.org\/site\/#\/schema\/person\/03bbbfe6c7634ad18c26444ea39049fa\"},\"headline\":\"Senado oficializa afastamento de Marcos do Val\",\"datePublished\":\"2025-09-07T21:43:56+00:00\",\"mainEntityOfPage\":{\"@id\":\"https:\/\/brasilnoticias.org\/site\/senado-oficializa-afastamento-de-marcos-do-val\/\"},\"wordCount\":201,\"commentCount\":0,\"publisher\":{\"@id\":\"https:\/\/brasilnoticias.org\/site\/#organization\"},\"image\":{\"@id\":\"https:\/\/brasilnoticias.org\/site\/senado-oficializa-afastamento-de-marcos-do-val\/#primaryimage\"},\"thumbnailUrl\":\"https:\/\/brasilnoticias.org\/site\/wp-content\/uploads\/2025\/09\/169727senado-oficializa-afastamento-de-marcos-do-val-3.jpg\",\"articleSection\":[\"Justi\u00e7a\",\"\u00daltimas\"],\"inLanguage\":\"pt-PT\",\"potentialAction\":[{\"@type\":\"CommentAction\",\"name\":\"Comment\",\"target\":[\"https:\/\/brasilnoticias.org\/site\/senado-oficializa-afastamento-de-marcos-do-val\/#respond\"]}]},{\"@type\":\"WebPage\",\"@id\":\"https:\/\/brasilnoticias.org\/site\/senado-oficializa-afastamento-de-marcos-do-val\/\",\"url\":\"https:\/\/brasilnoticias.org\/site\/senado-oficializa-afastamento-de-marcos-do-val\/\",\"name\":\"Senado oficializa afastamento de Marcos do Val - Brasil not\u00edcias\",\"isPartOf\":{\"@id\":\"https:\/\/brasilnoticias.org\/site\/#website\"},\"primaryImageOfPage\":{\"@id\":\"https:\/\/brasilnoticias.org\/site\/senado-oficializa-afastamento-de-marcos-do-val\/#primaryimage\"},\"image\":{\"@id\":\"https:\/\/brasilnoticias.org\/site\/senado-oficializa-afastamento-de-marcos-do-val\/#primaryimage\"},\"thumbnailUrl\":\"https:\/\/brasilnoticias.org\/site\/wp-content\/uploads\/2025\/09\/169727senado-oficializa-afastamento-de-marcos-do-val-3.jpg\",\"datePublished\":\"2025-09-07T21:43:56+00:00\",\"breadcrumb\":{\"@id\":\"https:\/\/brasilnoticias.org\/site\/senado-oficializa-afastamento-de-marcos-do-val\/#breadcrumb\"},\"inLanguage\":\"pt-PT\",\"potentialAction\":[{\"@type\":\"ReadAction\",\"target\":[\"https:\/\/brasilnoticias.org\/site\/senado-oficializa-afastamento-de-marcos-do-val\/\"]}]},{\"@type\":\"ImageObject\",\"inLanguage\":\"pt-PT\",\"@id\":\"https:\/\/brasilnoticias.org\/site\/senado-oficializa-afastamento-de-marcos-do-val\/#primaryimage\",\"url\":\"https:\/\/brasilnoticias.org\/site\/wp-content\/uploads\/2025\/09\/169727senado-oficializa-afastamento-de-marcos-do-val-3.jpg\",\"contentUrl\":\"https:\/\/brasilnoticias.org\/site\/wp-content\/uploads\/2025\/09\/169727senado-oficializa-afastamento-de-marcos-do-val-3.jpg\",\"width\":1600,\"height\":752},{\"@type\":\"BreadcrumbList\",\"@id\":\"https:\/\/brasilnoticias.org\/site\/senado-oficializa-afastamento-de-marcos-do-val\/#breadcrumb\",\"itemListElement\":[{\"@type\":\"ListItem\",\"position\":1,\"name\":\"In\u00edcio\",\"item\":\"https:\/\/brasilnoticias.org\/site\/\"},{\"@type\":\"ListItem\",\"position\":2,\"name\":\"Senado oficializa afastamento de Marcos do Val\"}]},{\"@type\":\"WebSite\",\"@id\":\"https:\/\/brasilnoticias.org\/site\/#website\",\"url\":\"https:\/\/brasilnoticias.org\/site\/\",\"name\":\"Brasil not\u00edcias\",\"description\":\"Brasil not\u00edcias\",\"publisher\":{\"@id\":\"https:\/\/brasilnoticias.org\/site\/#organization\"},\"potentialAction\":[{\"@type\":\"SearchAction\",\"target\":{\"@type\":\"EntryPoint\",\"urlTemplate\":\"https:\/\/brasilnoticias.org\/site\/?s={search_term_string}\"},\"query-input\":{\"@type\":\"PropertyValueSpecification\",\"valueRequired\":true,\"valueName\":\"search_term_string\"}}],\"inLanguage\":\"pt-PT\"},{\"@type\":\"Organization\",\"@id\":\"https:\/\/brasilnoticias.org\/site\/#organization\",\"name\":\"Brasil not\u00edcias\",\"url\":\"https:\/\/brasilnoticias.org\/site\/\",\"logo\":{\"@type\":\"ImageObject\",\"inLanguage\":\"pt-PT\",\"@id\":\"https:\/\/brasilnoticias.org\/site\/#\/schema\/logo\/image\/\",\"url\":\"https:\/\/brasilnoticias.org\/site\/wp-content\/uploads\/2022\/05\/cropped-brasilnoticias-mini.jpg\",\"contentUrl\":\"https:\/\/brasilnoticias.org\/site\/wp-content\/uploads\/2022\/05\/cropped-brasilnoticias-mini.jpg\",\"width\":314,\"height\":86,\"caption\":\"Brasil not\u00edcias\"},\"image\":{\"@id\":\"https:\/\/brasilnoticias.org\/site\/#\/schema\/logo\/image\/\"}},{\"@type\":\"Person\",\"@id\":\"https:\/\/brasilnoticias.org\/site\/#\/schema\/person\/03bbbfe6c7634ad18c26444ea39049fa\",\"name\":\"Reda\u00e7\u00e3o\",\"image\":{\"@type\":\"ImageObject\",\"inLanguage\":\"pt-PT\",\"@id\":\"https:\/\/brasilnoticias.org\/site\/#\/schema\/person\/image\/\",\"url\":\"https:\/\/secure.gravatar.com\/avatar\/9ecaf7327a696cb23ad926fedded5f1f04d7049de9e445375d55b48c001a6e42?s=96&d=mm&r=g\",\"contentUrl\":\"https:\/\/secure.gravatar.com\/avatar\/9ecaf7327a696cb23ad926fedded5f1f04d7049de9e445375d55b48c001a6e42?s=96&d=mm&r=g\",\"caption\":\"Reda\u00e7\u00e3o\"},\"url\":\"https:\/\/brasilnoticias.org\/site\/author\/henrique\/\"}]}<\/script>\n<!-- \/ Yoast SEO plugin. -->","yoast_head_json":{"title":"Senado oficializa afastamento de Marcos do Val - Brasil not\u00edcias","robots":{"index":"index","follow":"follow","max-snippet":"max-snippet:-1","max-image-preview":"max-image-preview:large","max-video-preview":"max-video-preview:-1"},"canonical":"https:\/\/brasilnoticias.org\/site\/senado-oficializa-afastamento-de-marcos-do-val\/","og_locale":"pt_PT","og_type":"article","og_title":"Senado oficializa afastamento de Marcos do Val - Brasil not\u00edcias","og_description":"Senado afasta senador por 115 dias para tratamento de sa\u00fade em meio a investiga\u00e7\u00f5es sobre ataques institucionais e plano para","og_url":"https:\/\/brasilnoticias.org\/site\/senado-oficializa-afastamento-de-marcos-do-val\/","og_site_name":"Brasil not\u00edcias","article_published_time":"2025-09-07T21:43:56+00:00","og_image":[{"width":1600,"height":752,"url":"https:\/\/brasilnoticias.org\/site\/wp-content\/uploads\/2025\/09\/169727senado-oficializa-afastamento-de-marcos-do-val-3.jpg","type":"image\/jpeg"}],"author":"Reda\u00e7\u00e3o","twitter_card":"summary_large_image","twitter_misc":{"Escrito por":"Reda\u00e7\u00e3o","Tempo estimado de leitura":"1 minuto"},"schema":{"@context":"https:\/\/schema.org","@graph":[{"@type":"Article","@id":"https:\/\/brasilnoticias.org\/site\/senado-oficializa-afastamento-de-marcos-do-val\/#article","isPartOf":{"@id":"https:\/\/brasilnoticias.org\/site\/senado-oficializa-afastamento-de-marcos-do-val\/"},"author":{"name":"Reda\u00e7\u00e3o","@id":"https:\/\/brasilnoticias.org\/site\/#\/schema\/person\/03bbbfe6c7634ad18c26444ea39049fa"},"headline":"Senado oficializa afastamento de Marcos do Val","datePublished":"2025-09-07T21:43:56+00:00","mainEntityOfPage":{"@id":"https:\/\/brasilnoticias.org\/site\/senado-oficializa-afastamento-de-marcos-do-val\/"},"wordCount":201,"commentCount":0,"publisher":{"@id":"https:\/\/brasilnoticias.org\/site\/#organization"},"image":{"@id":"https:\/\/brasilnoticias.org\/site\/senado-oficializa-afastamento-de-marcos-do-val\/#primaryimage"},"thumbnailUrl":"https:\/\/brasilnoticias.org\/site\/wp-content\/uploads\/2025\/09\/169727senado-oficializa-afastamento-de-marcos-do-val-3.jpg","articleSection":["Justi\u00e7a","\u00daltimas"],"inLanguage":"pt-PT","potentialAction":[{"@type":"CommentAction","name":"Comment","target":["https:\/\/brasilnoticias.org\/site\/senado-oficializa-afastamento-de-marcos-do-val\/#respond"]}]},{"@type":"WebPage","@id":"https:\/\/brasilnoticias.org\/site\/senado-oficializa-afastamento-de-marcos-do-val\/","url":"https:\/\/brasilnoticias.org\/site\/senado-oficializa-afastamento-de-marcos-do-val\/","name":"Senado oficializa afastamento de Marcos do Val - Brasil not\u00edcias","isPartOf":{"@id":"https:\/\/brasilnoticias.org\/site\/#website"},"primaryImageOfPage":{"@id":"https:\/\/brasilnoticias.org\/site\/senado-oficializa-afastamento-de-marcos-do-val\/#primaryimage"},"image":{"@id":"https:\/\/brasilnoticias.org\/site\/senado-oficializa-afastamento-de-marcos-do-val\/#primaryimage"},"thumbnailUrl":"https:\/\/brasilnoticias.org\/site\/wp-content\/uploads\/2025\/09\/169727senado-oficializa-afastamento-de-marcos-do-val-3.jpg","datePublished":"2025-09-07T21:43:56+00:00","breadcrumb":{"@id":"https:\/\/brasilnoticias.org\/site\/senado-oficializa-afastamento-de-marcos-do-val\/#breadcrumb"},"inLanguage":"pt-PT","potentialAction":[{"@type":"ReadAction","target":["https:\/\/brasilnoticias.org\/site\/senado-oficializa-afastamento-de-marcos-do-val\/"]}]},{"@type":"ImageObject","inLanguage":"pt-PT","@id":"https:\/\/brasilnoticias.org\/site\/senado-oficializa-afastamento-de-marcos-do-val\/#primaryimage","url":"https:\/\/brasilnoticias.org\/site\/wp-content\/uploads\/2025\/09\/169727senado-oficializa-afastamento-de-marcos-do-val-3.jpg","contentUrl":"https:\/\/brasilnoticias.org\/site\/wp-content\/uploads\/2025\/09\/169727senado-oficializa-afastamento-de-marcos-do-val-3.jpg","width":1600,"height":752},{"@type":"BreadcrumbList","@id":"https:\/\/brasilnoticias.org\/site\/senado-oficializa-afastamento-de-marcos-do-val\/#breadcrumb","itemListElement":[{"@type":"ListItem","position":1,"name":"In\u00edcio","item":"https:\/\/brasilnoticias.org\/site\/"},{"@type":"ListItem","position":2,"name":"Senado oficializa afastamento de Marcos do Val"}]},{"@type":"WebSite","@id":"https:\/\/brasilnoticias.org\/site\/#website","url":"https:\/\/brasilnoticias.org\/site\/","name":"Brasil not\u00edcias","description":"Brasil not\u00edcias","publisher":{"@id":"https:\/\/brasilnoticias.org\/site\/#organization"},"potentialAction":[{"@type":"SearchAction","target":{"@type":"EntryPoint","urlTemplate":"https:\/\/brasilnoticias.org\/site\/?s={search_term_string}"},"query-input":{"@type":"PropertyValueSpecification","valueRequired":true,"valueName":"search_term_string"}}],"inLanguage":"pt-PT"},{"@type":"Organization","@id":"https:\/\/brasilnoticias.org\/site\/#organization","name":"Brasil not\u00edcias","url":"https:\/\/brasilnoticias.org\/site\/","logo":{"@type":"ImageObject","inLanguage":"pt-PT","@id":"https:\/\/brasilnoticias.org\/site\/#\/schema\/logo\/image\/","url":"https:\/\/brasilnoticias.org\/site\/wp-content\/uploads\/2022\/05\/cropped-brasilnoticias-mini.jpg","contentUrl":"https:\/\/brasilnoticias.org\/site\/wp-content\/uploads\/2022\/05\/cropped-brasilnoticias-mini.jpg","width":314,"height":86,"caption":"Brasil not\u00edcias"},"image":{"@id":"https:\/\/brasilnoticias.org\/site\/#\/schema\/logo\/image\/"}},{"@type":"Person","@id":"https:\/\/brasilnoticias.org\/site\/#\/schema\/person\/03bbbfe6c7634ad18c26444ea39049fa","name":"Reda\u00e7\u00e3o","image":{"@type":"ImageObject","inLanguage":"pt-PT","@id":"https:\/\/brasilnoticias.org\/site\/#\/schema\/person\/image\/","url":"https:\/\/secure.gravatar.com\/avatar\/9ecaf7327a696cb23ad926fedded5f1f04d7049de9e445375d55b48c001a6e42?s=96&d=mm&r=g","contentUrl":"https:\/\/secure.gravatar.com\/avatar\/9ecaf7327a696cb23ad926fedded5f1f04d7049de9e445375d55b48c001a6e42?s=96&d=mm&r=g","caption":"Reda\u00e7\u00e3o"},"url":"https:\/\/brasilnoticias.org\/site\/author\/henrique\/"}]}},"_links":{"self":[{"href":"https:\/\/brasilnoticias.org\/site\/wp-json\/wp\/v2\/posts\/17922","targetHints":{"allow":["GET"]}}],"collection":[{"href":"https:\/\/brasilnoticias.org\/site\/wp-json\/wp\/v2\/posts"}],"about":[{"href":"https:\/\/brasilnoticias.org\/site\/wp-json\/wp\/v2\/types\/post"}],"author":[{"embeddable":true,"href":"https:\/\/brasilnoticias.org\/site\/wp-json\/wp\/v2\/users\/4"}],"replies":[{"embeddable":true,"href":"https:\/\/brasilnoticias.org\/site\/wp-json\/wp\/v2\/comments?post=17922"}],"version-history":[{"count":1,"href":"https:\/\/brasilnoticias.org\/site\/wp-json\/wp\/v2\/posts\/17922\/revisions"}],"predecessor-version":[{"id":17924,"href":"https:\/\/brasilnoticias.org\/site\/wp-json\/wp\/v2\/posts\/17922\/revisions\/17924"}],"wp:featuredmedia":[{"embeddable":true,"href":"https:\/\/brasilnoticias.org\/site\/wp-json\/wp\/v2\/media\/17923"}],"wp:attachment":[{"href":"https:\/\/brasilnoticias.org\/site\/wp-json\/wp\/v2\/media?parent=17922"}],"wp:term":[{"taxonomy":"category","embeddable":true,"href":"https:\/\/brasilnoticias.org\/site\/wp-json\/wp\/v2\/categories?post=17922"},{"taxonomy":"post_tag","embeddable":true,"href":"https:\/\/brasilnoticias.org\/site\/wp-json\/wp\/v2\/tags?post=17922"}],"curies":[{"name":"wp","href":"https:\/\/api.w.org\/{rel}","templated":true}]}}