{"id":18116,"date":"2025-10-02T21:57:53","date_gmt":"2025-10-03T00:57:53","guid":{"rendered":"https:\/\/brasilnoticias.org\/site\/?p=18116"},"modified":"2025-10-02T21:57:53","modified_gmt":"2025-10-03T00:57:53","slug":"laudo-preliminar-indica-motivo-da-morte-da-rainha-da-cavalgada-saiba-detalhes","status":"publish","type":"post","link":"https:\/\/brasilnoticias.org\/site\/laudo-preliminar-indica-motivo-da-morte-da-rainha-da-cavalgada-saiba-detalhes\/","title":{"rendered":"Laudo preliminar indica motivo da morte da Rainha da Cavalgada; saiba detalhes"},"content":{"rendered":"<div>\n<p>A estudante de 16 anos Gabrielly Moreira, considerada como \u201cRainha da Cavalgada\u201d, tinha alimento engasgado na traqueia e n\u00e3o sofreu agress\u00e3o ou abuso sexual<\/a> quando foi encontrada morta, na madrugada de sexta-feira (19), em uma casa em constru\u00e7\u00e3o, ap\u00f3s sair para bar com amigos, em Pedra Branca, no Cear\u00e1.<\/p>\n<p>Inscreva-se no canal do BNews no YouTube.<\/a><\/p>\n<p>De acordo com o g1, o laudo da sua morte \u00e9 preliminar e n\u00e3o \u00e9 poss\u00edvel confirmar ainda que a causa da morte de Gabrielly<\/a> foi por engasgo. A traqueia \u00e9 o canal que transporta o ar para os pulm\u00f5es e garante que o oxig\u00eanio passe pelo corpo. A jovem tinha cortes na m\u00e3o e no rosto, como: arranh\u00f5es, hematomas e um afundamento na cabe\u00e7a.<\/p>\n<p>Os familiares de Gabrielly relataram que outros tr\u00eas laudos ainda ser\u00e3o divulgados. A morte da modelo segue sendo investigada.<\/p>\n<p>Gabrielly teria sa\u00eddo de casa, na quinta-feira (18), para ir ao bar com amigos, uma mulher de 18 anos e outros dois adolescentes. Na madrugada, os familiares da jovem foram alertados sobre a estudante ter passado mal. Quando a fam\u00edlia chegou ao local, encontraram a garota sem vida, recebendo atendimentos do Servi\u00e7o de Atendimento M\u00f3vel de Urg\u00eancia (Samu)<\/a>.<\/p>\n<p>H\u00e9rcules Sales, padrasto de Gabrielly, relatou que \u201cquando eu cheguei ao local, tinha uns pallets, pra evitar a entrada de pessoas, e os pallets estavam derrubados e tinha uma fresta, que dava pra uma pessoa passar\u201d.<\/p>\n<p>A prefeitura de Pedra Branca e a Escola de Gabrielly prestaram solidariedades e lamentaram a morte da jovem relatando que \u201cficou marcada na hist\u00f3ria do nosso munic\u00edpio pela sua participa\u00e7\u00e3o e destaque nas cavalgadas. Sua presen\u00e7a sempre foi sin\u00f4nimo de alegria, carisma e dedica\u00e7\u00e3o, tornando-se um exemplo para a juventude e para toda a comunidade\u201d.<\/p>\n<\/p><\/div>\n","protected":false},"excerpt":{"rendered":"<p>A estudante de 16 anos Gabrielly Moreira, considerada como \u201cRainha da Cavalgada\u201d, tinha alimento engasgado na traqueia e n\u00e3o sofreu<\/p>\n","protected":false},"author":20,"featured_media":18117,"comment_status":"open","ping_status":"open","sticky":false,"template":"","format":"standard","meta":{"colormag_page_container_layout":"default_layout","colormag_page_sidebar_layout":"default_layout","_FSMCFIC_featured_image_caption":"","_FSMCFIC_featured_image_nocaption":"","_FSMCFIC_featured_image_hide":"","footnotes":""},"categories":[1],"tags":[],"class_list":["post-18116","post","type-post","status-publish","format-standard","has-post-thumbnail","hentry","category-ultimas"],"yoast_head":"<!-- This site is optimized with the Yoast SEO plugin v27.1.1 - https:\/\/yoast.com\/product\/yoast-seo-wordpress\/ -->\n<title>Laudo preliminar indica motivo da morte da Rainha da Cavalgada; saiba detalhes - Brasil not\u00edcias<\/title>\n<meta name=\"robots\" content=\"index, follow, max-snippet:-1, max-image-preview:large, max-video-preview:-1\" \/>\n<link rel=\"canonical\" href=\"https:\/\/brasilnoticias.org\/site\/laudo-preliminar-indica-motivo-da-morte-da-rainha-da-cavalgada-saiba-detalhes\/\" \/>\n<meta property=\"og:locale\" content=\"pt_PT\" \/>\n<meta property=\"og:type\" content=\"article\" \/>\n<meta property=\"og:title\" content=\"Laudo preliminar indica motivo da morte da Rainha da Cavalgada; saiba detalhes - Brasil not\u00edcias\" \/>\n<meta property=\"og:description\" content=\"A estudante de 16 anos Gabrielly Moreira, considerada como \u201cRainha da Cavalgada\u201d, tinha alimento engasgado na traqueia e n\u00e3o sofreu\" \/>\n<meta property=\"og:url\" content=\"https:\/\/brasilnoticias.org\/site\/laudo-preliminar-indica-motivo-da-morte-da-rainha-da-cavalgada-saiba-detalhes\/\" \/>\n<meta property=\"og:site_name\" content=\"Brasil not\u00edcias\" \/>\n<meta property=\"article:published_time\" content=\"2025-10-03T00:57:53+00:00\" \/>\n<meta property=\"og:image\" content=\"https:\/\/brasilnoticias.org\/site\/wp-content\/uploads\/2025\/10\/gabrielly_widelg.jpg\" \/>\n\t<meta property=\"og:image:width\" content=\"658\" \/>\n\t<meta property=\"og:image:height\" content=\"367\" \/>\n\t<meta property=\"og:image:type\" content=\"image\/jpeg\" \/>\n<meta name=\"author\" content=\"Gabriel Santana\" \/>\n<meta name=\"twitter:card\" content=\"summary_large_image\" \/>\n<meta name=\"twitter:label1\" content=\"Escrito por\" \/>\n\t<meta name=\"twitter:data1\" content=\"Gabriel Santana\" \/>\n\t<meta name=\"twitter:label2\" content=\"Tempo estimado de leitura\" \/>\n\t<meta name=\"twitter:data2\" content=\"2 minutos\" \/>\n<script type=\"application\/ld+json\" class=\"yoast-schema-graph\">{\"@context\":\"https:\/\/schema.org\",\"@graph\":[{\"@type\":\"Article\",\"@id\":\"https:\/\/brasilnoticias.org\/site\/laudo-preliminar-indica-motivo-da-morte-da-rainha-da-cavalgada-saiba-detalhes\/#article\",\"isPartOf\":{\"@id\":\"https:\/\/brasilnoticias.org\/site\/laudo-preliminar-indica-motivo-da-morte-da-rainha-da-cavalgada-saiba-detalhes\/\"},\"author\":{\"name\":\"Gabriel Santana\",\"@id\":\"https:\/\/brasilnoticias.org\/site\/#\/schema\/person\/c42dbe0d83f6dd5d232e76cd3093a5b2\"},\"headline\":\"Laudo preliminar indica motivo da morte da Rainha da Cavalgada; saiba detalhes\",\"datePublished\":\"2025-10-03T00:57:53+00:00\",\"mainEntityOfPage\":{\"@id\":\"https:\/\/brasilnoticias.org\/site\/laudo-preliminar-indica-motivo-da-morte-da-rainha-da-cavalgada-saiba-detalhes\/\"},\"wordCount\":319,\"commentCount\":0,\"publisher\":{\"@id\":\"https:\/\/brasilnoticias.org\/site\/#organization\"},\"image\":{\"@id\":\"https:\/\/brasilnoticias.org\/site\/laudo-preliminar-indica-motivo-da-morte-da-rainha-da-cavalgada-saiba-detalhes\/#primaryimage\"},\"thumbnailUrl\":\"https:\/\/brasilnoticias.org\/site\/wp-content\/uploads\/2025\/10\/gabrielly_widelg.jpg\",\"articleSection\":[\"\u00daltimas\"],\"inLanguage\":\"pt-PT\",\"potentialAction\":[{\"@type\":\"CommentAction\",\"name\":\"Comment\",\"target\":[\"https:\/\/brasilnoticias.org\/site\/laudo-preliminar-indica-motivo-da-morte-da-rainha-da-cavalgada-saiba-detalhes\/#respond\"]}]},{\"@type\":\"WebPage\",\"@id\":\"https:\/\/brasilnoticias.org\/site\/laudo-preliminar-indica-motivo-da-morte-da-rainha-da-cavalgada-saiba-detalhes\/\",\"url\":\"https:\/\/brasilnoticias.org\/site\/laudo-preliminar-indica-motivo-da-morte-da-rainha-da-cavalgada-saiba-detalhes\/\",\"name\":\"Laudo preliminar indica motivo da morte da Rainha da Cavalgada; saiba detalhes - Brasil not\u00edcias\",\"isPartOf\":{\"@id\":\"https:\/\/brasilnoticias.org\/site\/#website\"},\"primaryImageOfPage\":{\"@id\":\"https:\/\/brasilnoticias.org\/site\/laudo-preliminar-indica-motivo-da-morte-da-rainha-da-cavalgada-saiba-detalhes\/#primaryimage\"},\"image\":{\"@id\":\"https:\/\/brasilnoticias.org\/site\/laudo-preliminar-indica-motivo-da-morte-da-rainha-da-cavalgada-saiba-detalhes\/#primaryimage\"},\"thumbnailUrl\":\"https:\/\/brasilnoticias.org\/site\/wp-content\/uploads\/2025\/10\/gabrielly_widelg.jpg\",\"datePublished\":\"2025-10-03T00:57:53+00:00\",\"breadcrumb\":{\"@id\":\"https:\/\/brasilnoticias.org\/site\/laudo-preliminar-indica-motivo-da-morte-da-rainha-da-cavalgada-saiba-detalhes\/#breadcrumb\"},\"inLanguage\":\"pt-PT\",\"potentialAction\":[{\"@type\":\"ReadAction\",\"target\":[\"https:\/\/brasilnoticias.org\/site\/laudo-preliminar-indica-motivo-da-morte-da-rainha-da-cavalgada-saiba-detalhes\/\"]}]},{\"@type\":\"ImageObject\",\"inLanguage\":\"pt-PT\",\"@id\":\"https:\/\/brasilnoticias.org\/site\/laudo-preliminar-indica-motivo-da-morte-da-rainha-da-cavalgada-saiba-detalhes\/#primaryimage\",\"url\":\"https:\/\/brasilnoticias.org\/site\/wp-content\/uploads\/2025\/10\/gabrielly_widelg.jpg\",\"contentUrl\":\"https:\/\/brasilnoticias.org\/site\/wp-content\/uploads\/2025\/10\/gabrielly_widelg.jpg\",\"width\":658,\"height\":367,\"caption\":\"Laudo preliminar indica motivo da morte da Rainha da Cavalgada; saiba detalhes\"},{\"@type\":\"BreadcrumbList\",\"@id\":\"https:\/\/brasilnoticias.org\/site\/laudo-preliminar-indica-motivo-da-morte-da-rainha-da-cavalgada-saiba-detalhes\/#breadcrumb\",\"itemListElement\":[{\"@type\":\"ListItem\",\"position\":1,\"name\":\"In\u00edcio\",\"item\":\"https:\/\/brasilnoticias.org\/site\/\"},{\"@type\":\"ListItem\",\"position\":2,\"name\":\"Laudo preliminar indica motivo da morte da Rainha da Cavalgada; saiba detalhes\"}]},{\"@type\":\"WebSite\",\"@id\":\"https:\/\/brasilnoticias.org\/site\/#website\",\"url\":\"https:\/\/brasilnoticias.org\/site\/\",\"name\":\"Brasil not\u00edcias\",\"description\":\"Brasil not\u00edcias\",\"publisher\":{\"@id\":\"https:\/\/brasilnoticias.org\/site\/#organization\"},\"potentialAction\":[{\"@type\":\"SearchAction\",\"target\":{\"@type\":\"EntryPoint\",\"urlTemplate\":\"https:\/\/brasilnoticias.org\/site\/?s={search_term_string}\"},\"query-input\":{\"@type\":\"PropertyValueSpecification\",\"valueRequired\":true,\"valueName\":\"search_term_string\"}}],\"inLanguage\":\"pt-PT\"},{\"@type\":\"Organization\",\"@id\":\"https:\/\/brasilnoticias.org\/site\/#organization\",\"name\":\"Brasil not\u00edcias\",\"url\":\"https:\/\/brasilnoticias.org\/site\/\",\"logo\":{\"@type\":\"ImageObject\",\"inLanguage\":\"pt-PT\",\"@id\":\"https:\/\/brasilnoticias.org\/site\/#\/schema\/logo\/image\/\",\"url\":\"https:\/\/brasilnoticias.org\/site\/wp-content\/uploads\/2022\/05\/cropped-brasilnoticias-mini.jpg\",\"contentUrl\":\"https:\/\/brasilnoticias.org\/site\/wp-content\/uploads\/2022\/05\/cropped-brasilnoticias-mini.jpg\",\"width\":314,\"height\":86,\"caption\":\"Brasil not\u00edcias\"},\"image\":{\"@id\":\"https:\/\/brasilnoticias.org\/site\/#\/schema\/logo\/image\/\"}},{\"@type\":\"Person\",\"@id\":\"https:\/\/brasilnoticias.org\/site\/#\/schema\/person\/c42dbe0d83f6dd5d232e76cd3093a5b2\",\"name\":\"Gabriel Santana\",\"image\":{\"@type\":\"ImageObject\",\"inLanguage\":\"pt-PT\",\"@id\":\"https:\/\/brasilnoticias.org\/site\/#\/schema\/person\/image\/\",\"url\":\"https:\/\/secure.gravatar.com\/avatar\/?s=96&d=mm&r=g\",\"contentUrl\":\"https:\/\/secure.gravatar.com\/avatar\/?s=96&d=mm&r=g\",\"caption\":\"Gabriel Santana\"},\"url\":\"https:\/\/brasilnoticias.org\/site\/author\/gabriel_santana\/\"}]}<\/script>\n<!-- \/ Yoast SEO plugin. -->","yoast_head_json":{"title":"Laudo preliminar indica motivo da morte da Rainha da Cavalgada; saiba detalhes - Brasil not\u00edcias","robots":{"index":"index","follow":"follow","max-snippet":"max-snippet:-1","max-image-preview":"max-image-preview:large","max-video-preview":"max-video-preview:-1"},"canonical":"https:\/\/brasilnoticias.org\/site\/laudo-preliminar-indica-motivo-da-morte-da-rainha-da-cavalgada-saiba-detalhes\/","og_locale":"pt_PT","og_type":"article","og_title":"Laudo preliminar indica motivo da morte da Rainha da Cavalgada; saiba detalhes - Brasil not\u00edcias","og_description":"A estudante de 16 anos Gabrielly Moreira, considerada como \u201cRainha da Cavalgada\u201d, tinha alimento engasgado na traqueia e n\u00e3o sofreu","og_url":"https:\/\/brasilnoticias.org\/site\/laudo-preliminar-indica-motivo-da-morte-da-rainha-da-cavalgada-saiba-detalhes\/","og_site_name":"Brasil not\u00edcias","article_published_time":"2025-10-03T00:57:53+00:00","og_image":[{"width":658,"height":367,"url":"https:\/\/brasilnoticias.org\/site\/wp-content\/uploads\/2025\/10\/gabrielly_widelg.jpg","type":"image\/jpeg"}],"author":"Gabriel Santana","twitter_card":"summary_large_image","twitter_misc":{"Escrito por":"Gabriel Santana","Tempo estimado de leitura":"2 minutos"},"schema":{"@context":"https:\/\/schema.org","@graph":[{"@type":"Article","@id":"https:\/\/brasilnoticias.org\/site\/laudo-preliminar-indica-motivo-da-morte-da-rainha-da-cavalgada-saiba-detalhes\/#article","isPartOf":{"@id":"https:\/\/brasilnoticias.org\/site\/laudo-preliminar-indica-motivo-da-morte-da-rainha-da-cavalgada-saiba-detalhes\/"},"author":{"name":"Gabriel Santana","@id":"https:\/\/brasilnoticias.org\/site\/#\/schema\/person\/c42dbe0d83f6dd5d232e76cd3093a5b2"},"headline":"Laudo preliminar indica motivo da morte da Rainha da Cavalgada; saiba detalhes","datePublished":"2025-10-03T00:57:53+00:00","mainEntityOfPage":{"@id":"https:\/\/brasilnoticias.org\/site\/laudo-preliminar-indica-motivo-da-morte-da-rainha-da-cavalgada-saiba-detalhes\/"},"wordCount":319,"commentCount":0,"publisher":{"@id":"https:\/\/brasilnoticias.org\/site\/#organization"},"image":{"@id":"https:\/\/brasilnoticias.org\/site\/laudo-preliminar-indica-motivo-da-morte-da-rainha-da-cavalgada-saiba-detalhes\/#primaryimage"},"thumbnailUrl":"https:\/\/brasilnoticias.org\/site\/wp-content\/uploads\/2025\/10\/gabrielly_widelg.jpg","articleSection":["\u00daltimas"],"inLanguage":"pt-PT","potentialAction":[{"@type":"CommentAction","name":"Comment","target":["https:\/\/brasilnoticias.org\/site\/laudo-preliminar-indica-motivo-da-morte-da-rainha-da-cavalgada-saiba-detalhes\/#respond"]}]},{"@type":"WebPage","@id":"https:\/\/brasilnoticias.org\/site\/laudo-preliminar-indica-motivo-da-morte-da-rainha-da-cavalgada-saiba-detalhes\/","url":"https:\/\/brasilnoticias.org\/site\/laudo-preliminar-indica-motivo-da-morte-da-rainha-da-cavalgada-saiba-detalhes\/","name":"Laudo preliminar indica motivo da morte da Rainha da Cavalgada; saiba detalhes - Brasil not\u00edcias","isPartOf":{"@id":"https:\/\/brasilnoticias.org\/site\/#website"},"primaryImageOfPage":{"@id":"https:\/\/brasilnoticias.org\/site\/laudo-preliminar-indica-motivo-da-morte-da-rainha-da-cavalgada-saiba-detalhes\/#primaryimage"},"image":{"@id":"https:\/\/brasilnoticias.org\/site\/laudo-preliminar-indica-motivo-da-morte-da-rainha-da-cavalgada-saiba-detalhes\/#primaryimage"},"thumbnailUrl":"https:\/\/brasilnoticias.org\/site\/wp-content\/uploads\/2025\/10\/gabrielly_widelg.jpg","datePublished":"2025-10-03T00:57:53+00:00","breadcrumb":{"@id":"https:\/\/brasilnoticias.org\/site\/laudo-preliminar-indica-motivo-da-morte-da-rainha-da-cavalgada-saiba-detalhes\/#breadcrumb"},"inLanguage":"pt-PT","potentialAction":[{"@type":"ReadAction","target":["https:\/\/brasilnoticias.org\/site\/laudo-preliminar-indica-motivo-da-morte-da-rainha-da-cavalgada-saiba-detalhes\/"]}]},{"@type":"ImageObject","inLanguage":"pt-PT","@id":"https:\/\/brasilnoticias.org\/site\/laudo-preliminar-indica-motivo-da-morte-da-rainha-da-cavalgada-saiba-detalhes\/#primaryimage","url":"https:\/\/brasilnoticias.org\/site\/wp-content\/uploads\/2025\/10\/gabrielly_widelg.jpg","contentUrl":"https:\/\/brasilnoticias.org\/site\/wp-content\/uploads\/2025\/10\/gabrielly_widelg.jpg","width":658,"height":367,"caption":"Laudo preliminar indica motivo da morte da Rainha da Cavalgada; saiba detalhes"},{"@type":"BreadcrumbList","@id":"https:\/\/brasilnoticias.org\/site\/laudo-preliminar-indica-motivo-da-morte-da-rainha-da-cavalgada-saiba-detalhes\/#breadcrumb","itemListElement":[{"@type":"ListItem","position":1,"name":"In\u00edcio","item":"https:\/\/brasilnoticias.org\/site\/"},{"@type":"ListItem","position":2,"name":"Laudo preliminar indica motivo da morte da Rainha da Cavalgada; saiba detalhes"}]},{"@type":"WebSite","@id":"https:\/\/brasilnoticias.org\/site\/#website","url":"https:\/\/brasilnoticias.org\/site\/","name":"Brasil not\u00edcias","description":"Brasil not\u00edcias","publisher":{"@id":"https:\/\/brasilnoticias.org\/site\/#organization"},"potentialAction":[{"@type":"SearchAction","target":{"@type":"EntryPoint","urlTemplate":"https:\/\/brasilnoticias.org\/site\/?s={search_term_string}"},"query-input":{"@type":"PropertyValueSpecification","valueRequired":true,"valueName":"search_term_string"}}],"inLanguage":"pt-PT"},{"@type":"Organization","@id":"https:\/\/brasilnoticias.org\/site\/#organization","name":"Brasil not\u00edcias","url":"https:\/\/brasilnoticias.org\/site\/","logo":{"@type":"ImageObject","inLanguage":"pt-PT","@id":"https:\/\/brasilnoticias.org\/site\/#\/schema\/logo\/image\/","url":"https:\/\/brasilnoticias.org\/site\/wp-content\/uploads\/2022\/05\/cropped-brasilnoticias-mini.jpg","contentUrl":"https:\/\/brasilnoticias.org\/site\/wp-content\/uploads\/2022\/05\/cropped-brasilnoticias-mini.jpg","width":314,"height":86,"caption":"Brasil not\u00edcias"},"image":{"@id":"https:\/\/brasilnoticias.org\/site\/#\/schema\/logo\/image\/"}},{"@type":"Person","@id":"https:\/\/brasilnoticias.org\/site\/#\/schema\/person\/c42dbe0d83f6dd5d232e76cd3093a5b2","name":"Gabriel Santana","image":{"@type":"ImageObject","inLanguage":"pt-PT","@id":"https:\/\/brasilnoticias.org\/site\/#\/schema\/person\/image\/","url":"https:\/\/secure.gravatar.com\/avatar\/?s=96&d=mm&r=g","contentUrl":"https:\/\/secure.gravatar.com\/avatar\/?s=96&d=mm&r=g","caption":"Gabriel Santana"},"url":"https:\/\/brasilnoticias.org\/site\/author\/gabriel_santana\/"}]}},"_links":{"self":[{"href":"https:\/\/brasilnoticias.org\/site\/wp-json\/wp\/v2\/posts\/18116","targetHints":{"allow":["GET"]}}],"collection":[{"href":"https:\/\/brasilnoticias.org\/site\/wp-json\/wp\/v2\/posts"}],"about":[{"href":"https:\/\/brasilnoticias.org\/site\/wp-json\/wp\/v2\/types\/post"}],"author":[{"embeddable":true,"href":"https:\/\/brasilnoticias.org\/site\/wp-json\/wp\/v2\/users\/20"}],"replies":[{"embeddable":true,"href":"https:\/\/brasilnoticias.org\/site\/wp-json\/wp\/v2\/comments?post=18116"}],"version-history":[{"count":1,"href":"https:\/\/brasilnoticias.org\/site\/wp-json\/wp\/v2\/posts\/18116\/revisions"}],"predecessor-version":[{"id":18118,"href":"https:\/\/brasilnoticias.org\/site\/wp-json\/wp\/v2\/posts\/18116\/revisions\/18118"}],"wp:featuredmedia":[{"embeddable":true,"href":"https:\/\/brasilnoticias.org\/site\/wp-json\/wp\/v2\/media\/18117"}],"wp:attachment":[{"href":"https:\/\/brasilnoticias.org\/site\/wp-json\/wp\/v2\/media?parent=18116"}],"wp:term":[{"taxonomy":"category","embeddable":true,"href":"https:\/\/brasilnoticias.org\/site\/wp-json\/wp\/v2\/categories?post=18116"},{"taxonomy":"post_tag","embeddable":true,"href":"https:\/\/brasilnoticias.org\/site\/wp-json\/wp\/v2\/tags?post=18116"}],"curies":[{"name":"wp","href":"https:\/\/api.w.org\/{rel}","templated":true}]}}