{"id":18119,"date":"2025-10-03T09:57:43","date_gmt":"2025-10-03T12:57:43","guid":{"rendered":"https:\/\/brasilnoticias.org\/site\/?p=18119"},"modified":"2025-10-03T09:57:43","modified_gmt":"2025-10-03T12:57:43","slug":"policia-civil-realiza-acao-de-combate-ao-feminicidio-em-salvador","status":"publish","type":"post","link":"https:\/\/brasilnoticias.org\/site\/policia-civil-realiza-acao-de-combate-ao-feminicidio-em-salvador\/","title":{"rendered":"Pol\u00edcia Civil realiza a\u00e7\u00e3o de combate ao feminic\u00eddio em Salvador"},"content":{"rendered":"<div>\n<p>Nesta ter\u00e7a-feira (23), a Pol\u00edcia Civil vai promover uma a\u00e7\u00e3o integrada de enfrentamento ao feminic\u00eddio<\/a>, na Esta\u00e7\u00e3o da Lapa, em Salvador. Ser\u00e3o oferecidos atendimentos psicossocial, jur\u00eddico e informativo para mulheres em situa\u00e7\u00e3o de vulnerabilidade.<\/a><\/p>\n<p>Com atua\u00e7\u00e3o do Departamento de Prote\u00e7\u00e3o \u00e0 Mulher, Cidadania e Pessoas Vulner\u00e1veis (DPMCV) e das Delegacias Especializadas de Atendimento \u00e0 Mulher (Deams), os atendimentos ser\u00e3o realizados em uma unidade m\u00f3vel da Pol\u00edcia Civil, das 9h \u00e0s 16h30.<\/a><\/p>\n<p>As mulheres poder\u00e3o registrar ocorr\u00eancias e caso necess\u00e1rio ser\u00e3o encaminhadas para a rede de prote\u00e7\u00e3o. Al\u00e9m disso, haver\u00e1 distribui\u00e7\u00e3o de materiais informativos sobre os direitos das mulheres e os canais de den\u00fancia dispon\u00edveis.<\/p>\n<p>A atividade \u00e9 voltada para pessoas em situa\u00e7\u00e3o de vulnerabilidade ou risco de viol\u00eancia, assim como para a popula\u00e7\u00e3o que circula pela esta\u00e7\u00e3o. O objetivo da a\u00e7\u00e3o \u00e9 ampliar o acesso \u00e0 informa\u00e7\u00e3o, estimular a den\u00fancia, prevenir casos de feminic\u00eddio<\/a> e fortalecer a rede de enfrentamento \u00e0 viol\u00eancia contra a mulher.<\/p>\n<\/p><\/div>\n","protected":false},"excerpt":{"rendered":"<p>Nesta ter\u00e7a-feira (23), a Pol\u00edcia Civil vai promover uma a\u00e7\u00e3o integrada de enfrentamento ao feminic\u00eddio, na Esta\u00e7\u00e3o da Lapa, em<\/p>\n","protected":false},"author":13,"featured_media":18120,"comment_status":"open","ping_status":"open","sticky":false,"template":"","format":"standard","meta":{"colormag_page_container_layout":"default_layout","colormag_page_sidebar_layout":"default_layout","_FSMCFIC_featured_image_caption":"","_FSMCFIC_featured_image_nocaption":"","_FSMCFIC_featured_image_hide":"","footnotes":""},"categories":[1],"tags":[],"class_list":["post-18119","post","type-post","status-publish","format-standard","has-post-thumbnail","hentry","category-ultimas"],"yoast_head":"<!-- This site is optimized with the Yoast SEO plugin v27.1.1 - https:\/\/yoast.com\/product\/yoast-seo-wordpress\/ -->\n<title>Pol\u00edcia Civil realiza a\u00e7\u00e3o de combate ao feminic\u00eddio em Salvador - Brasil not\u00edcias<\/title>\n<meta name=\"robots\" content=\"index, follow, max-snippet:-1, max-image-preview:large, max-video-preview:-1\" \/>\n<link rel=\"canonical\" href=\"https:\/\/brasilnoticias.org\/site\/policia-civil-realiza-acao-de-combate-ao-feminicidio-em-salvador\/\" \/>\n<meta property=\"og:locale\" content=\"pt_PT\" \/>\n<meta property=\"og:type\" content=\"article\" \/>\n<meta property=\"og:title\" content=\"Pol\u00edcia Civil realiza a\u00e7\u00e3o de combate ao feminic\u00eddio em Salvador - Brasil not\u00edcias\" \/>\n<meta property=\"og:description\" content=\"Nesta ter\u00e7a-feira (23), a Pol\u00edcia Civil vai promover uma a\u00e7\u00e3o integrada de enfrentamento ao feminic\u00eddio, na Esta\u00e7\u00e3o da Lapa, em\" \/>\n<meta property=\"og:url\" content=\"https:\/\/brasilnoticias.org\/site\/policia-civil-realiza-acao-de-combate-ao-feminicidio-em-salvador\/\" \/>\n<meta property=\"og:site_name\" content=\"Brasil not\u00edcias\" \/>\n<meta property=\"article:published_time\" content=\"2025-10-03T12:57:43+00:00\" \/>\n<meta property=\"og:image\" content=\"https:\/\/brasilnoticias.org\/site\/wp-content\/uploads\/2025\/10\/whatsapp_image_2025-09-22_at_10.26.59_widelg.jpeg\" \/>\n\t<meta property=\"og:image:width\" content=\"800\" \/>\n\t<meta property=\"og:image:height\" content=\"450\" \/>\n\t<meta property=\"og:image:type\" content=\"image\/jpeg\" \/>\n<meta name=\"author\" content=\"Mariana Cedrim\" \/>\n<meta name=\"twitter:card\" content=\"summary_large_image\" \/>\n<meta name=\"twitter:label1\" content=\"Escrito por\" \/>\n\t<meta name=\"twitter:data1\" content=\"Mariana Cedrim\" \/>\n\t<meta name=\"twitter:label2\" content=\"Tempo estimado de leitura\" \/>\n\t<meta name=\"twitter:data2\" content=\"1 minuto\" \/>\n<script type=\"application\/ld+json\" class=\"yoast-schema-graph\">{\"@context\":\"https:\/\/schema.org\",\"@graph\":[{\"@type\":\"Article\",\"@id\":\"https:\/\/brasilnoticias.org\/site\/policia-civil-realiza-acao-de-combate-ao-feminicidio-em-salvador\/#article\",\"isPartOf\":{\"@id\":\"https:\/\/brasilnoticias.org\/site\/policia-civil-realiza-acao-de-combate-ao-feminicidio-em-salvador\/\"},\"author\":{\"name\":\"Mariana Cedrim\",\"@id\":\"https:\/\/brasilnoticias.org\/site\/#\/schema\/person\/06419894f0d1c76d40f683292927e563\"},\"headline\":\"Pol\u00edcia Civil realiza a\u00e7\u00e3o de combate ao feminic\u00eddio em Salvador\",\"datePublished\":\"2025-10-03T12:57:43+00:00\",\"mainEntityOfPage\":{\"@id\":\"https:\/\/brasilnoticias.org\/site\/policia-civil-realiza-acao-de-combate-ao-feminicidio-em-salvador\/\"},\"wordCount\":193,\"commentCount\":0,\"publisher\":{\"@id\":\"https:\/\/brasilnoticias.org\/site\/#organization\"},\"image\":{\"@id\":\"https:\/\/brasilnoticias.org\/site\/policia-civil-realiza-acao-de-combate-ao-feminicidio-em-salvador\/#primaryimage\"},\"thumbnailUrl\":\"https:\/\/brasilnoticias.org\/site\/wp-content\/uploads\/2025\/10\/whatsapp_image_2025-09-22_at_10.26.59_widelg.jpeg\",\"articleSection\":[\"\u00daltimas\"],\"inLanguage\":\"pt-PT\",\"potentialAction\":[{\"@type\":\"CommentAction\",\"name\":\"Comment\",\"target\":[\"https:\/\/brasilnoticias.org\/site\/policia-civil-realiza-acao-de-combate-ao-feminicidio-em-salvador\/#respond\"]}]},{\"@type\":\"WebPage\",\"@id\":\"https:\/\/brasilnoticias.org\/site\/policia-civil-realiza-acao-de-combate-ao-feminicidio-em-salvador\/\",\"url\":\"https:\/\/brasilnoticias.org\/site\/policia-civil-realiza-acao-de-combate-ao-feminicidio-em-salvador\/\",\"name\":\"Pol\u00edcia Civil realiza a\u00e7\u00e3o de combate ao feminic\u00eddio em Salvador - Brasil not\u00edcias\",\"isPartOf\":{\"@id\":\"https:\/\/brasilnoticias.org\/site\/#website\"},\"primaryImageOfPage\":{\"@id\":\"https:\/\/brasilnoticias.org\/site\/policia-civil-realiza-acao-de-combate-ao-feminicidio-em-salvador\/#primaryimage\"},\"image\":{\"@id\":\"https:\/\/brasilnoticias.org\/site\/policia-civil-realiza-acao-de-combate-ao-feminicidio-em-salvador\/#primaryimage\"},\"thumbnailUrl\":\"https:\/\/brasilnoticias.org\/site\/wp-content\/uploads\/2025\/10\/whatsapp_image_2025-09-22_at_10.26.59_widelg.jpeg\",\"datePublished\":\"2025-10-03T12:57:43+00:00\",\"breadcrumb\":{\"@id\":\"https:\/\/brasilnoticias.org\/site\/policia-civil-realiza-acao-de-combate-ao-feminicidio-em-salvador\/#breadcrumb\"},\"inLanguage\":\"pt-PT\",\"potentialAction\":[{\"@type\":\"ReadAction\",\"target\":[\"https:\/\/brasilnoticias.org\/site\/policia-civil-realiza-acao-de-combate-ao-feminicidio-em-salvador\/\"]}]},{\"@type\":\"ImageObject\",\"inLanguage\":\"pt-PT\",\"@id\":\"https:\/\/brasilnoticias.org\/site\/policia-civil-realiza-acao-de-combate-ao-feminicidio-em-salvador\/#primaryimage\",\"url\":\"https:\/\/brasilnoticias.org\/site\/wp-content\/uploads\/2025\/10\/whatsapp_image_2025-09-22_at_10.26.59_widelg.jpeg\",\"contentUrl\":\"https:\/\/brasilnoticias.org\/site\/wp-content\/uploads\/2025\/10\/whatsapp_image_2025-09-22_at_10.26.59_widelg.jpeg\",\"width\":800,\"height\":450,\"caption\":\"Pol\u00edcia Civil realiza a\u00e7\u00e3o de combate ao feminic\u00eddio em Salvador\"},{\"@type\":\"BreadcrumbList\",\"@id\":\"https:\/\/brasilnoticias.org\/site\/policia-civil-realiza-acao-de-combate-ao-feminicidio-em-salvador\/#breadcrumb\",\"itemListElement\":[{\"@type\":\"ListItem\",\"position\":1,\"name\":\"In\u00edcio\",\"item\":\"https:\/\/brasilnoticias.org\/site\/\"},{\"@type\":\"ListItem\",\"position\":2,\"name\":\"Pol\u00edcia Civil realiza a\u00e7\u00e3o de combate ao feminic\u00eddio em Salvador\"}]},{\"@type\":\"WebSite\",\"@id\":\"https:\/\/brasilnoticias.org\/site\/#website\",\"url\":\"https:\/\/brasilnoticias.org\/site\/\",\"name\":\"Brasil not\u00edcias\",\"description\":\"Brasil not\u00edcias\",\"publisher\":{\"@id\":\"https:\/\/brasilnoticias.org\/site\/#organization\"},\"potentialAction\":[{\"@type\":\"SearchAction\",\"target\":{\"@type\":\"EntryPoint\",\"urlTemplate\":\"https:\/\/brasilnoticias.org\/site\/?s={search_term_string}\"},\"query-input\":{\"@type\":\"PropertyValueSpecification\",\"valueRequired\":true,\"valueName\":\"search_term_string\"}}],\"inLanguage\":\"pt-PT\"},{\"@type\":\"Organization\",\"@id\":\"https:\/\/brasilnoticias.org\/site\/#organization\",\"name\":\"Brasil not\u00edcias\",\"url\":\"https:\/\/brasilnoticias.org\/site\/\",\"logo\":{\"@type\":\"ImageObject\",\"inLanguage\":\"pt-PT\",\"@id\":\"https:\/\/brasilnoticias.org\/site\/#\/schema\/logo\/image\/\",\"url\":\"https:\/\/brasilnoticias.org\/site\/wp-content\/uploads\/2022\/05\/cropped-brasilnoticias-mini.jpg\",\"contentUrl\":\"https:\/\/brasilnoticias.org\/site\/wp-content\/uploads\/2022\/05\/cropped-brasilnoticias-mini.jpg\",\"width\":314,\"height\":86,\"caption\":\"Brasil not\u00edcias\"},\"image\":{\"@id\":\"https:\/\/brasilnoticias.org\/site\/#\/schema\/logo\/image\/\"}},{\"@type\":\"Person\",\"@id\":\"https:\/\/brasilnoticias.org\/site\/#\/schema\/person\/06419894f0d1c76d40f683292927e563\",\"name\":\"Mariana Cedrim\",\"image\":{\"@type\":\"ImageObject\",\"inLanguage\":\"pt-PT\",\"@id\":\"https:\/\/brasilnoticias.org\/site\/#\/schema\/person\/image\/\",\"url\":\"https:\/\/secure.gravatar.com\/avatar\/?s=96&d=mm&r=g\",\"contentUrl\":\"https:\/\/secure.gravatar.com\/avatar\/?s=96&d=mm&r=g\",\"caption\":\"Mariana Cedrim\"},\"url\":\"https:\/\/brasilnoticias.org\/site\/author\/mariana_cedrim\/\"}]}<\/script>\n<!-- \/ Yoast SEO plugin. -->","yoast_head_json":{"title":"Pol\u00edcia Civil realiza a\u00e7\u00e3o de combate ao feminic\u00eddio em Salvador - Brasil not\u00edcias","robots":{"index":"index","follow":"follow","max-snippet":"max-snippet:-1","max-image-preview":"max-image-preview:large","max-video-preview":"max-video-preview:-1"},"canonical":"https:\/\/brasilnoticias.org\/site\/policia-civil-realiza-acao-de-combate-ao-feminicidio-em-salvador\/","og_locale":"pt_PT","og_type":"article","og_title":"Pol\u00edcia Civil realiza a\u00e7\u00e3o de combate ao feminic\u00eddio em Salvador - Brasil not\u00edcias","og_description":"Nesta ter\u00e7a-feira (23), a Pol\u00edcia Civil vai promover uma a\u00e7\u00e3o integrada de enfrentamento ao feminic\u00eddio, na Esta\u00e7\u00e3o da Lapa, em","og_url":"https:\/\/brasilnoticias.org\/site\/policia-civil-realiza-acao-de-combate-ao-feminicidio-em-salvador\/","og_site_name":"Brasil not\u00edcias","article_published_time":"2025-10-03T12:57:43+00:00","og_image":[{"width":800,"height":450,"url":"https:\/\/brasilnoticias.org\/site\/wp-content\/uploads\/2025\/10\/whatsapp_image_2025-09-22_at_10.26.59_widelg.jpeg","type":"image\/jpeg"}],"author":"Mariana Cedrim","twitter_card":"summary_large_image","twitter_misc":{"Escrito por":"Mariana Cedrim","Tempo estimado de leitura":"1 minuto"},"schema":{"@context":"https:\/\/schema.org","@graph":[{"@type":"Article","@id":"https:\/\/brasilnoticias.org\/site\/policia-civil-realiza-acao-de-combate-ao-feminicidio-em-salvador\/#article","isPartOf":{"@id":"https:\/\/brasilnoticias.org\/site\/policia-civil-realiza-acao-de-combate-ao-feminicidio-em-salvador\/"},"author":{"name":"Mariana Cedrim","@id":"https:\/\/brasilnoticias.org\/site\/#\/schema\/person\/06419894f0d1c76d40f683292927e563"},"headline":"Pol\u00edcia Civil realiza a\u00e7\u00e3o de combate ao feminic\u00eddio em Salvador","datePublished":"2025-10-03T12:57:43+00:00","mainEntityOfPage":{"@id":"https:\/\/brasilnoticias.org\/site\/policia-civil-realiza-acao-de-combate-ao-feminicidio-em-salvador\/"},"wordCount":193,"commentCount":0,"publisher":{"@id":"https:\/\/brasilnoticias.org\/site\/#organization"},"image":{"@id":"https:\/\/brasilnoticias.org\/site\/policia-civil-realiza-acao-de-combate-ao-feminicidio-em-salvador\/#primaryimage"},"thumbnailUrl":"https:\/\/brasilnoticias.org\/site\/wp-content\/uploads\/2025\/10\/whatsapp_image_2025-09-22_at_10.26.59_widelg.jpeg","articleSection":["\u00daltimas"],"inLanguage":"pt-PT","potentialAction":[{"@type":"CommentAction","name":"Comment","target":["https:\/\/brasilnoticias.org\/site\/policia-civil-realiza-acao-de-combate-ao-feminicidio-em-salvador\/#respond"]}]},{"@type":"WebPage","@id":"https:\/\/brasilnoticias.org\/site\/policia-civil-realiza-acao-de-combate-ao-feminicidio-em-salvador\/","url":"https:\/\/brasilnoticias.org\/site\/policia-civil-realiza-acao-de-combate-ao-feminicidio-em-salvador\/","name":"Pol\u00edcia Civil realiza a\u00e7\u00e3o de combate ao feminic\u00eddio em Salvador - Brasil not\u00edcias","isPartOf":{"@id":"https:\/\/brasilnoticias.org\/site\/#website"},"primaryImageOfPage":{"@id":"https:\/\/brasilnoticias.org\/site\/policia-civil-realiza-acao-de-combate-ao-feminicidio-em-salvador\/#primaryimage"},"image":{"@id":"https:\/\/brasilnoticias.org\/site\/policia-civil-realiza-acao-de-combate-ao-feminicidio-em-salvador\/#primaryimage"},"thumbnailUrl":"https:\/\/brasilnoticias.org\/site\/wp-content\/uploads\/2025\/10\/whatsapp_image_2025-09-22_at_10.26.59_widelg.jpeg","datePublished":"2025-10-03T12:57:43+00:00","breadcrumb":{"@id":"https:\/\/brasilnoticias.org\/site\/policia-civil-realiza-acao-de-combate-ao-feminicidio-em-salvador\/#breadcrumb"},"inLanguage":"pt-PT","potentialAction":[{"@type":"ReadAction","target":["https:\/\/brasilnoticias.org\/site\/policia-civil-realiza-acao-de-combate-ao-feminicidio-em-salvador\/"]}]},{"@type":"ImageObject","inLanguage":"pt-PT","@id":"https:\/\/brasilnoticias.org\/site\/policia-civil-realiza-acao-de-combate-ao-feminicidio-em-salvador\/#primaryimage","url":"https:\/\/brasilnoticias.org\/site\/wp-content\/uploads\/2025\/10\/whatsapp_image_2025-09-22_at_10.26.59_widelg.jpeg","contentUrl":"https:\/\/brasilnoticias.org\/site\/wp-content\/uploads\/2025\/10\/whatsapp_image_2025-09-22_at_10.26.59_widelg.jpeg","width":800,"height":450,"caption":"Pol\u00edcia Civil realiza a\u00e7\u00e3o de combate ao feminic\u00eddio em Salvador"},{"@type":"BreadcrumbList","@id":"https:\/\/brasilnoticias.org\/site\/policia-civil-realiza-acao-de-combate-ao-feminicidio-em-salvador\/#breadcrumb","itemListElement":[{"@type":"ListItem","position":1,"name":"In\u00edcio","item":"https:\/\/brasilnoticias.org\/site\/"},{"@type":"ListItem","position":2,"name":"Pol\u00edcia Civil realiza a\u00e7\u00e3o de combate ao feminic\u00eddio em Salvador"}]},{"@type":"WebSite","@id":"https:\/\/brasilnoticias.org\/site\/#website","url":"https:\/\/brasilnoticias.org\/site\/","name":"Brasil not\u00edcias","description":"Brasil not\u00edcias","publisher":{"@id":"https:\/\/brasilnoticias.org\/site\/#organization"},"potentialAction":[{"@type":"SearchAction","target":{"@type":"EntryPoint","urlTemplate":"https:\/\/brasilnoticias.org\/site\/?s={search_term_string}"},"query-input":{"@type":"PropertyValueSpecification","valueRequired":true,"valueName":"search_term_string"}}],"inLanguage":"pt-PT"},{"@type":"Organization","@id":"https:\/\/brasilnoticias.org\/site\/#organization","name":"Brasil not\u00edcias","url":"https:\/\/brasilnoticias.org\/site\/","logo":{"@type":"ImageObject","inLanguage":"pt-PT","@id":"https:\/\/brasilnoticias.org\/site\/#\/schema\/logo\/image\/","url":"https:\/\/brasilnoticias.org\/site\/wp-content\/uploads\/2022\/05\/cropped-brasilnoticias-mini.jpg","contentUrl":"https:\/\/brasilnoticias.org\/site\/wp-content\/uploads\/2022\/05\/cropped-brasilnoticias-mini.jpg","width":314,"height":86,"caption":"Brasil not\u00edcias"},"image":{"@id":"https:\/\/brasilnoticias.org\/site\/#\/schema\/logo\/image\/"}},{"@type":"Person","@id":"https:\/\/brasilnoticias.org\/site\/#\/schema\/person\/06419894f0d1c76d40f683292927e563","name":"Mariana Cedrim","image":{"@type":"ImageObject","inLanguage":"pt-PT","@id":"https:\/\/brasilnoticias.org\/site\/#\/schema\/person\/image\/","url":"https:\/\/secure.gravatar.com\/avatar\/?s=96&d=mm&r=g","contentUrl":"https:\/\/secure.gravatar.com\/avatar\/?s=96&d=mm&r=g","caption":"Mariana Cedrim"},"url":"https:\/\/brasilnoticias.org\/site\/author\/mariana_cedrim\/"}]}},"_links":{"self":[{"href":"https:\/\/brasilnoticias.org\/site\/wp-json\/wp\/v2\/posts\/18119","targetHints":{"allow":["GET"]}}],"collection":[{"href":"https:\/\/brasilnoticias.org\/site\/wp-json\/wp\/v2\/posts"}],"about":[{"href":"https:\/\/brasilnoticias.org\/site\/wp-json\/wp\/v2\/types\/post"}],"author":[{"embeddable":true,"href":"https:\/\/brasilnoticias.org\/site\/wp-json\/wp\/v2\/users\/13"}],"replies":[{"embeddable":true,"href":"https:\/\/brasilnoticias.org\/site\/wp-json\/wp\/v2\/comments?post=18119"}],"version-history":[{"count":1,"href":"https:\/\/brasilnoticias.org\/site\/wp-json\/wp\/v2\/posts\/18119\/revisions"}],"predecessor-version":[{"id":18121,"href":"https:\/\/brasilnoticias.org\/site\/wp-json\/wp\/v2\/posts\/18119\/revisions\/18121"}],"wp:featuredmedia":[{"embeddable":true,"href":"https:\/\/brasilnoticias.org\/site\/wp-json\/wp\/v2\/media\/18120"}],"wp:attachment":[{"href":"https:\/\/brasilnoticias.org\/site\/wp-json\/wp\/v2\/media?parent=18119"}],"wp:term":[{"taxonomy":"category","embeddable":true,"href":"https:\/\/brasilnoticias.org\/site\/wp-json\/wp\/v2\/categories?post=18119"},{"taxonomy":"post_tag","embeddable":true,"href":"https:\/\/brasilnoticias.org\/site\/wp-json\/wp\/v2\/tags?post=18119"}],"curies":[{"name":"wp","href":"https:\/\/api.w.org\/{rel}","templated":true}]}}