{"id":18122,"date":"2025-10-03T10:53:04","date_gmt":"2025-10-03T13:53:04","guid":{"rendered":"https:\/\/brasilnoticias.org\/site\/?p=18122"},"modified":"2025-10-03T10:53:04","modified_gmt":"2025-10-03T13:53:04","slug":"aliados-de-neto-apostam-em-tarcisio-mas-veem-psd-em-xeque-com-ratinho-55-da-bahia-vai-ficar-com-o-13","status":"publish","type":"post","link":"https:\/\/brasilnoticias.org\/site\/aliados-de-neto-apostam-em-tarcisio-mas-veem-psd-em-xeque-com-ratinho-55-da-bahia-vai-ficar-com-o-13\/","title":{"rendered":"Aliados de Neto apostam em Tarc\u00edsio, mas veem PSD em xeque com Ratinho: &#8217;55 da Bahia vai ficar com o 13?&#8217;"},"content":{"rendered":"<p>Enquanto Uni\u00e3o Brasil provoca Otto, governistas comemoram chance de racha e avaliam Jer\u00f4nimo e Lula como &#8220;favorita\u00e7os&#8221;; Careca de Saber da semana ainda repercute cen\u00e1rio do PSB como &#8220;barriga de aluguel&#8221; e outras movimenta\u00e7\u00f5es<\/p>\n<p>Apesar de as \u00faltimas declara\u00e7\u00f5es do governador de S\u00e3o Paulo, Tarc\u00edsio de Freitas, serem desanimadoras para os defensores do projeto nacional de uni\u00e3o da centro-direita, na tentativa de destronar o presidente Lula (PT), os aliados de ACM Neto (Uni\u00e3o) na Assembleia Legislativa da Bahia (Alba) ainda acreditam que o republicano poder\u00e1 aceitar o desafio. Para eles, a elei\u00e7\u00e3o presidencial n\u00e3o s\u00f3 ser\u00e1 refletida localmente, como decisiva para derrotar o governador e postulante \u00e0 reelei\u00e7\u00e3o Jer\u00f4nimo Rodrigues.<\/p>\n<p>No entanto, embora n\u00e3o tenha sentenciado a recusa \u00e0 disputa pelo Planalto, nos \u00faltimos dias o gestor paulista enfatizou ser candidato \u00e0 reelei\u00e7\u00e3o ao Pal\u00e1cio dos Bandeirantes. <\/p>\n<p>&#8220;Eu acho que a oposi\u00e7\u00e3o nacional ao PT est\u00e1 muito bem posicionada com excelentes pr\u00e9-candidatos e \u00e9 um consenso de que a candidatura mais forte \u00e9 a de Tarc\u00edsio de Freitas, por v\u00e1rias raz\u00f5es. N\u00e3o s\u00f3 a parte pessoal dele, do preparo, da compet\u00eancia, da seriedade, da honestidade, mas tamb\u00e9m, evidentemente, da ambi\u00eancia que ele tem com a fam\u00edlia Bolsonaro, que a gente n\u00e3o pode se iludir. A gente precisa ter uma unidade dos campos da oposi\u00e7\u00e3o, do PL, do Uni\u00e3o Progressistas, do PSD, do Republicanos, do PSDB, do Novo, e de quem mais se agregar nesse projeto. Eu acho que o Tarc\u00edsio est\u00e1 fazendo tudo certo e vai dar tudo certo&#8221;, apostou o deputado estadual Luciano Sim\u00f5es Filho, presidente do Uni\u00e3o Brasil em Salvador, e pr\u00e9-candidato \u00e0 reelei\u00e7\u00e3o, em entrevista ao Blog do Vila.<\/p>\n<p>Alan Sanches, que tentar\u00e1 chegar \u00e0 C\u00e2mara em 2026, defende que, independentemente de Tarc\u00edsio topar hastear a bandeira ou n\u00e3o, o grupo precisa estar coeso. &#8220;O que eu tenho certeza \u00e9 que Neto \u00e9 candidato e que teremos um candidato forte, competitivo e que podemos chegar \u00e0 vit\u00f3ria, no cen\u00e1rio nacional tamb\u00e9m, n\u00e3o s\u00f3 no estadual. O que a gente tem que pontuar primeiro \u00e9 que n\u00f3s, a direita e a centro-direita, precisamos estar unidos. Ent\u00e3o, est\u00e1 cedo. Ainda falta um ano, mas as coisas come\u00e7am a andar agora. At\u00e9 dezembro, eu acho que a gente avan\u00e7a mais ainda&#8221;, estimou. <\/p>\n<p>A conta da oposi\u00e7\u00e3o \u00e9 muito mais matem\u00e1tica do que ideol\u00f3gica: uma jun\u00e7\u00e3o entre Uni\u00e3o Progressista, PSD, MDB, PL, Republicanos, PSDB e Novo significa, em tese, prefeituras aliadas em 4.350 dos 5.569 munic\u00edpios do Brasil, 59 dos 81 senadores, 350 dos 513 deputados federais e maioria absoluta dos recursos do fundo eleitoral e do tempo de r\u00e1dio e TV.<\/p>\n<p>Se Tarc\u00edsio declinar, Ratinho p\u00f5e Otto e PSD em xeque<\/p>\n<p>Caso Tarc\u00edsio efetivamente decline da disputa \u00e0 Presid\u00eancia, apesar de defenderem ele como o melhor nome para promover a uni\u00e3o das oposi\u00e7\u00f5es, os aliados de Neto veem certa vantagem na substitui\u00e7\u00e3o do gestor paulista pelo governador do Paran\u00e1 Ratinho J\u00fanior (PSD). <\/p>\n<p>O motivo \u00e9 simples: o movimento colocaria o partido liderado na Bahia pelo senador Otto Alencar em xeque. &#8220;A\u00ed bagun\u00e7a demais, inclusive, altera tamb\u00e9m a composi\u00e7\u00e3o das for\u00e7as pol\u00edticas aqui na Bahia, que no m\u00ednimo iam ter que liberar o PSD. Ratinho tendo chances reais de vit\u00f3ria para presidente, voc\u00ea acha que o PSD ou ent\u00e3o alguns componentes do PSD n\u00e3o v\u00e3o pensar nisso?&#8221;, indagou Alan Sanches.<\/p>\n<p>J\u00e1 Luciano Sim\u00f5es Filho vai al\u00e9m: &#8220;Eu acho que o nome de Tarc\u00edsio agrega mais f\u00e1cil, mas o nome do Ratinho J\u00fanior \u00e9 uma fant\u00e1stica op\u00e7\u00e3o, o que vai deixar o PSD da Bahia de cal\u00e7a curta. Porque n\u00f3s faremos o palanque de Ratinho J\u00fanior, do 55, e o 55 da Bahia vai ficar com o 13 contra o projeto nacional do pr\u00f3prio partido? E j\u00e1 deixo um recado aqui para o senador Otto Alencar: estamos de portas abertas para dialogar sobre a possibilidade do palanque nacional, do partido dele, do Ratinho J\u00fanior aqui, porque n\u00f3s s\u00f3 temos um lugar na chapa, que \u00e9 o de ACM Neto, e os demais a gente faz a composi\u00e7\u00e3o que a gente achar melhor&#8221;.<\/p>\n<p>O sonho da oposi\u00e7\u00e3o sempre foi abrigar o senador Angelo Coronel para concorrer \u00e0 reelei\u00e7\u00e3o na chapa de Neto.<\/p>\n<p>Deputados do PSD jogam responsabilidade para Otto<\/p>\n<p>Diante da provoca\u00e7\u00e3o do Uni\u00e3o Brasil, os deputados estaduais do PSD ficaram receosos em cravar que a sigla se manter\u00e1 na alian\u00e7a com Jer\u00f4nimo, caso a candidatura de Ratinho seja efetivada.<\/p>\n<p>Irm\u00e3o de Otto, Eduardo Alencar se limitou a dizer que seguir\u00e1 o l\u00edder: &#8220;Fa\u00e7o parte de um grupo que \u00e9 liderado pelo senador Otto Alencar. Ent\u00e3o, o destino que o senador tomar \u00e9 o que n\u00f3s vamos seguir&#8221;.  <\/p>\n<p>Mesmo com o pai sendo o principal beneficiado na arruma\u00e7\u00e3o, Angelo Coronel Filho seguiu na mesma toada: &#8220;Vamos seguir a orienta\u00e7\u00e3o do nosso presidente Otto Alencar. O que ele decidir aqui para a Bahia, o partido vai caminhar junto&#8221;.<\/p>\n<p>S\u00f3 Alex da Piat\u00e3 adotou o discurso de alian\u00e7a com Jer\u00f4nimo e Lula, em detrimento \u00e0 candidatura pr\u00f3pria nacional. &#8220;Eu n\u00e3o posso responder pelo PSD, porque quem fala pelo PSD \u00e9 o nosso presidente estadual, o nosso l\u00edder, mas ele, em v\u00e1rias entrevistas, inclusive j\u00e1 deve ter dito a voc\u00ea, que o alinhamento dele aqui na Bahia se estende at\u00e9 o alinhamento nacional com o presidente Lula&#8221;, disse.<\/p>\n<p>O trio se candidatar\u00e1 \u00e0 reelei\u00e7\u00e3o no pr\u00f3ximo ano.<\/p>\n<p>Luciano Sim\u00f5es no PSD?<\/p>\n<p>Por falar no incentivo de Luciano Sim\u00f5es Filho para que o PSD adira ao projeto estadual de ACM Neto, sob o pretexto do clamor pela uni\u00e3o nacional, o nome do deputado esteve envolvido em uma pol\u00eamica especula\u00e7\u00e3o nos corredores da Assembleia esta semana.<\/p>\n<p>Integrantes das bancadas tanto de governo quanto de oposi\u00e7\u00e3o ventilaram a informa\u00e7\u00e3o de que o dirigente do Uni\u00e3o estaria de sa\u00edda justamente para o partido do senador Otto Alencar.<\/p>\n<p>Perguntado sobre a fofoca, o parlamentar se mostrou estupefato: &#8220;Esque\u00e7a, sem prop\u00f3sito. Eu sou do Uni\u00e3o Brasil, agora Uni\u00e3o Progressista na nossa federa\u00e7\u00e3o. Sou presidente do Uni\u00e3o Brasil, em Salvador, com o melhor prefeito do pa\u00eds, que \u00e9 Bruno Reis. Isso \u00e9 maluquice. Conversa sem p\u00e9 nem cabe\u00e7a&#8221;.<\/p>\n<p>Governistas avaliam Jer\u00f4nimo e Lula como &#8216;favorita\u00e7os&#8217; com &#8216;racha&#8217; na oposi\u00e7\u00e3o<\/p>\n<p>Se para os aliados de Neto o clima \u00e9 de otimismo e no PSD de cautela, entre os parlamentares de legendas de esquerda a possibilidade de racha no projeto de centro-direita \u00e9 vista com esperan\u00e7a.<\/p>\n<p>Para Z\u00e9 Raimundo Fontes (PT), Lula e Jer\u00f4nimo viram &#8220;favorita\u00e7os&#8221; caso o derretimento da uni\u00e3o das oposi\u00e7\u00f5es se concretize. &#8220;Sem d\u00favida, sem d\u00favida. Esse racha l\u00e1 no campo, principalmente na extrema-direita, e essa falta de uma refer\u00eancia mais vi\u00e1vel, eticamente, burocraticamente, administrativamente, vai ajudar muito a fortalecer o nosso campo, o campo democr\u00e1tico popular&#8221;.<\/p>\n<p>Bob\u00f4 (PCdoB), por sua vez, avalia que o cen\u00e1rio positivo para a reelei\u00e7\u00e3o de Lula est\u00e1 mais atrelada ao seu pr\u00f3prio crescimento nas pesquisas, mas admite que a indefini\u00e7\u00e3o dos contr\u00e1rios favorece \u00e0 manuten\u00e7\u00e3o do PT no poder do pa\u00eds e da Bahia. &#8220;Acho que n\u00e3o \u00e9 um problema t\u00e3o simples para eles resolverem. Ali tem uma guerra de egos e isso facilita, n\u00e3o tenho d\u00favida alguma, o processo natural at\u00e9 da reelei\u00e7\u00e3o do presidente Lula&#8221;, calculou.<\/p>\n<p>Ambos s\u00e3o postulantes \u00e0 recondu\u00e7\u00e3o na Assembleia.<\/p>\n<p>PSB corre risco de virar &#8216;barriga de aluguel&#8217; de deputados do PP<\/p>\n<p>Com dificuldade de montar a nominata para as disputas proporcionais do pr\u00f3ximo ano, o PSB pode ganhar simultaneamente refor\u00e7os e dor de cabe\u00e7a.<\/p>\n<p>Integrantes da sigla socialista temem que o partido vire uma esp\u00e9cie de &#8220;barriga de aluguel&#8221; para abrigar em bloco os deputados estaduais de sa\u00edda do PP, Niltinho, Hassan, Ant\u00f4nio Henrique J\u00fanior e Eduardo Salles, que diz manter conversas com outras cinco legendas e garante n\u00e3o ter defini\u00e7\u00e3o sobre o destino.<\/p>\n<p>Mesmo sem falar em vetos, os mandat\u00e1rios socialistas defendem que qualquer arruma\u00e7\u00e3o seja discutida &#8220;amplamente&#8221; entre os filiados.<\/p>\n<p>&#8220;Tenho muito respeito por todos os que pretendem estar avaliando entrar no PSB, mas claro que a gente tamb\u00e9m tem que avaliar a situa\u00e7\u00e3o individual e com o cen\u00e1rio do governo. A gente tem que tratar das possibilidades de crescimento do PSB na Bahia, com apoio do governo, cujo timoneiro principal \u00e9 Jer\u00f4nimo, e ver como o partido ficar\u00e1 e como ficar\u00e3o as placas tect\u00f4nicas de todos os outros partidos, para a gente acomodar todos os que precisam se reeleger e aqueles tamb\u00e9m que querem tentar a elei\u00e7\u00e3o. Ent\u00e3o eu acho importante que isso seja feito de forma estrat\u00e9gica, planejada e com muito cuidado&#8221;, ponderou a deputada Fab\u00edola Mansur, que faz parte dos diret\u00f3rios nacional e estadual do PSB, em entrevista ao Blog do Vila. Primeira suplente em exerc\u00edcio, a parlamentar tentar\u00e1 a renova\u00e7\u00e3o do mandato em 2026.<\/p>\n<p>Pr\u00e9-candidato a deputado federal, o vereador de Salvador Silvio Humberto clamou ainda por respeito \u00e0 &#8220;hist\u00f3ria&#8221; da institui\u00e7\u00e3o antes de qualquer defini\u00e7\u00e3o sobre novos integrantes.<\/p>\n<p>&#8220;N\u00f3s precisamos entender se quem est\u00e1 chegando tem afinidade com os princ\u00edpios que estruturam o nosso partido. Por isso que a gente \u00e9 um partido. N\u00e3o \u00e9 um momento onde voc\u00ea simplesmente, por n\u00e3o estar dando certo em tal lugar, diz &#8216;eu vou entrar aqui, passar uma chuva e depois ir embora'&#8221;, advertiu. <\/p>\n<p>Uma reuni\u00e3o foi requerida \u00e0 presidente da agremia\u00e7\u00e3o na Bahia, a deputada federal L\u00eddice da Mata, mas ainda n\u00e3o tem data para acontecer.<\/p>\n<p>&#8216;Rejeitados&#8217; ainda t\u00eam esperan\u00e7a<\/p>\n<p>Por falar em &#8220;barriga de aluguel&#8221;, o exemplo mais not\u00f3rio da movimenta\u00e7\u00e3o em 2022 foi o do PV, que elegeu quatro deputados estaduais no pleito passado \u2013 Ludmilla Fiscina, Marquinho Viana, Roberto Carlos e V\u00edtor Bonfim \u2013, nenhum deles vinculados \u00e0 ideologia verde. <\/p>\n<p>Nos bastidores, as informa\u00e7\u00f5es s\u00e3o de que o partido n\u00e3o permitir\u00e1 novamente a estrat\u00e9gia governista e os quatro parlamentares ter\u00e3o que buscar outra morada para tentar a reelei\u00e7\u00e3o.<\/p>\n<p>&#8220;Estou na federa\u00e7\u00e3o [Brasil da Esperan\u00e7a] e vou continuar nela, filiado no mesmo partido. A n\u00e3o ser que o PV saia da federa\u00e7\u00e3o, a\u00ed eu tenho que ver que lado eu vou me arrumar&#8221;, disse Marquinho \u00e0 coluna.<\/p>\n<p>Outro rejeitado, mas no PT, J\u00fanior Muniz aposta em sua perman\u00eancia: &#8220;Eu sou PT e estou no PT. Estou na federa\u00e7\u00e3o e n\u00e3o pretendo sair&#8221;.<\/p>\n<p>Enquanto a prioridade do PV para a Alba \u00e9 a elei\u00e7\u00e3o do atual vereador de Salvador Andr\u00e9 Fraga, os petistas defendem promover candidaturas &#8220;raiz&#8221;.<\/p>\n<p>Foto: Evil\u00e1sio J\u00fanior<br \/>\nBlog do Vila<\/p>\n","protected":false},"excerpt":{"rendered":"<p>Enquanto Uni\u00e3o Brasil provoca Otto, governistas comemoram chance de racha e avaliam Jer\u00f4nimo e Lula como &#8220;favorita\u00e7os&#8221;; Careca de Saber<\/p>\n","protected":false},"author":4,"featured_media":18123,"comment_status":"open","ping_status":"open","sticky":false,"template":"","format":"standard","meta":{"colormag_page_container_layout":"default_layout","colormag_page_sidebar_layout":"default_layout","_FSMCFIC_featured_image_caption":"","_FSMCFIC_featured_image_nocaption":"","_FSMCFIC_featured_image_hide":"","footnotes":""},"categories":[5,1],"tags":[],"class_list":["post-18122","post","type-post","status-publish","format-standard","has-post-thumbnail","hentry","category-politica","category-ultimas"],"yoast_head":"<!-- This site is optimized with the Yoast SEO plugin v27.1.1 - https:\/\/yoast.com\/product\/yoast-seo-wordpress\/ -->\n<title>Aliados de Neto apostam em Tarc\u00edsio, mas veem PSD em xeque com Ratinho: &#039;55 da Bahia vai ficar com o 13?&#039; - Brasil not\u00edcias<\/title>\n<meta name=\"robots\" content=\"index, follow, max-snippet:-1, max-image-preview:large, max-video-preview:-1\" \/>\n<link rel=\"canonical\" href=\"https:\/\/brasilnoticias.org\/site\/aliados-de-neto-apostam-em-tarcisio-mas-veem-psd-em-xeque-com-ratinho-55-da-bahia-vai-ficar-com-o-13\/\" \/>\n<meta property=\"og:locale\" content=\"pt_PT\" \/>\n<meta property=\"og:type\" content=\"article\" \/>\n<meta property=\"og:title\" content=\"Aliados de Neto apostam em Tarc\u00edsio, mas veem PSD em xeque com Ratinho: &#039;55 da Bahia vai ficar com o 13?&#039; - Brasil not\u00edcias\" \/>\n<meta property=\"og:description\" content=\"Enquanto Uni\u00e3o Brasil provoca Otto, governistas comemoram chance de racha e avaliam Jer\u00f4nimo e Lula como &#8220;favorita\u00e7os&#8221;; Careca de Saber\" \/>\n<meta property=\"og:url\" content=\"https:\/\/brasilnoticias.org\/site\/aliados-de-neto-apostam-em-tarcisio-mas-veem-psd-em-xeque-com-ratinho-55-da-bahia-vai-ficar-com-o-13\/\" \/>\n<meta property=\"og:site_name\" content=\"Brasil not\u00edcias\" \/>\n<meta property=\"article:published_time\" content=\"2025-10-03T13:53:04+00:00\" \/>\n<meta property=\"og:image\" content=\"https:\/\/brasilnoticias.org\/site\/wp-content\/uploads\/2025\/10\/WhatsApp-Image-2025-10-02-at-20.32.52.jpeg\" \/>\n\t<meta property=\"og:image:width\" content=\"1600\" \/>\n\t<meta property=\"og:image:height\" content=\"900\" \/>\n\t<meta property=\"og:image:type\" content=\"image\/jpeg\" \/>\n<meta name=\"author\" content=\"Reda\u00e7\u00e3o\" \/>\n<meta name=\"twitter:card\" content=\"summary_large_image\" \/>\n<meta name=\"twitter:label1\" content=\"Escrito por\" \/>\n\t<meta name=\"twitter:data1\" content=\"Reda\u00e7\u00e3o\" \/>\n\t<meta name=\"twitter:label2\" content=\"Tempo estimado de leitura\" \/>\n\t<meta name=\"twitter:data2\" content=\"1 minuto\" \/>\n<script type=\"application\/ld+json\" class=\"yoast-schema-graph\">{\"@context\":\"https:\/\/schema.org\",\"@graph\":[{\"@type\":\"Article\",\"@id\":\"https:\/\/brasilnoticias.org\/site\/aliados-de-neto-apostam-em-tarcisio-mas-veem-psd-em-xeque-com-ratinho-55-da-bahia-vai-ficar-com-o-13\/#article\",\"isPartOf\":{\"@id\":\"https:\/\/brasilnoticias.org\/site\/aliados-de-neto-apostam-em-tarcisio-mas-veem-psd-em-xeque-com-ratinho-55-da-bahia-vai-ficar-com-o-13\/\"},\"author\":{\"name\":\"Reda\u00e7\u00e3o\",\"@id\":\"https:\/\/brasilnoticias.org\/site\/#\/schema\/person\/03bbbfe6c7634ad18c26444ea39049fa\"},\"headline\":\"Aliados de Neto apostam em Tarc\u00edsio, mas veem PSD em xeque com Ratinho: &#8217;55 da Bahia vai ficar com o 13?&#8217;\",\"datePublished\":\"2025-10-03T13:53:04+00:00\",\"mainEntityOfPage\":{\"@id\":\"https:\/\/brasilnoticias.org\/site\/aliados-de-neto-apostam-em-tarcisio-mas-veem-psd-em-xeque-com-ratinho-55-da-bahia-vai-ficar-com-o-13\/\"},\"wordCount\":1879,\"commentCount\":0,\"publisher\":{\"@id\":\"https:\/\/brasilnoticias.org\/site\/#organization\"},\"image\":{\"@id\":\"https:\/\/brasilnoticias.org\/site\/aliados-de-neto-apostam-em-tarcisio-mas-veem-psd-em-xeque-com-ratinho-55-da-bahia-vai-ficar-com-o-13\/#primaryimage\"},\"thumbnailUrl\":\"https:\/\/brasilnoticias.org\/site\/wp-content\/uploads\/2025\/10\/WhatsApp-Image-2025-10-02-at-20.32.52.jpeg\",\"articleSection\":[\"Pol\u00edtica\",\"\u00daltimas\"],\"inLanguage\":\"pt-PT\",\"potentialAction\":[{\"@type\":\"CommentAction\",\"name\":\"Comment\",\"target\":[\"https:\/\/brasilnoticias.org\/site\/aliados-de-neto-apostam-em-tarcisio-mas-veem-psd-em-xeque-com-ratinho-55-da-bahia-vai-ficar-com-o-13\/#respond\"]}]},{\"@type\":\"WebPage\",\"@id\":\"https:\/\/brasilnoticias.org\/site\/aliados-de-neto-apostam-em-tarcisio-mas-veem-psd-em-xeque-com-ratinho-55-da-bahia-vai-ficar-com-o-13\/\",\"url\":\"https:\/\/brasilnoticias.org\/site\/aliados-de-neto-apostam-em-tarcisio-mas-veem-psd-em-xeque-com-ratinho-55-da-bahia-vai-ficar-com-o-13\/\",\"name\":\"Aliados de Neto apostam em Tarc\u00edsio, mas veem PSD em xeque com Ratinho: '55 da Bahia vai ficar com o 13?' - Brasil not\u00edcias\",\"isPartOf\":{\"@id\":\"https:\/\/brasilnoticias.org\/site\/#website\"},\"primaryImageOfPage\":{\"@id\":\"https:\/\/brasilnoticias.org\/site\/aliados-de-neto-apostam-em-tarcisio-mas-veem-psd-em-xeque-com-ratinho-55-da-bahia-vai-ficar-com-o-13\/#primaryimage\"},\"image\":{\"@id\":\"https:\/\/brasilnoticias.org\/site\/aliados-de-neto-apostam-em-tarcisio-mas-veem-psd-em-xeque-com-ratinho-55-da-bahia-vai-ficar-com-o-13\/#primaryimage\"},\"thumbnailUrl\":\"https:\/\/brasilnoticias.org\/site\/wp-content\/uploads\/2025\/10\/WhatsApp-Image-2025-10-02-at-20.32.52.jpeg\",\"datePublished\":\"2025-10-03T13:53:04+00:00\",\"breadcrumb\":{\"@id\":\"https:\/\/brasilnoticias.org\/site\/aliados-de-neto-apostam-em-tarcisio-mas-veem-psd-em-xeque-com-ratinho-55-da-bahia-vai-ficar-com-o-13\/#breadcrumb\"},\"inLanguage\":\"pt-PT\",\"potentialAction\":[{\"@type\":\"ReadAction\",\"target\":[\"https:\/\/brasilnoticias.org\/site\/aliados-de-neto-apostam-em-tarcisio-mas-veem-psd-em-xeque-com-ratinho-55-da-bahia-vai-ficar-com-o-13\/\"]}]},{\"@type\":\"ImageObject\",\"inLanguage\":\"pt-PT\",\"@id\":\"https:\/\/brasilnoticias.org\/site\/aliados-de-neto-apostam-em-tarcisio-mas-veem-psd-em-xeque-com-ratinho-55-da-bahia-vai-ficar-com-o-13\/#primaryimage\",\"url\":\"https:\/\/brasilnoticias.org\/site\/wp-content\/uploads\/2025\/10\/WhatsApp-Image-2025-10-02-at-20.32.52.jpeg\",\"contentUrl\":\"https:\/\/brasilnoticias.org\/site\/wp-content\/uploads\/2025\/10\/WhatsApp-Image-2025-10-02-at-20.32.52.jpeg\",\"width\":1600,\"height\":900},{\"@type\":\"BreadcrumbList\",\"@id\":\"https:\/\/brasilnoticias.org\/site\/aliados-de-neto-apostam-em-tarcisio-mas-veem-psd-em-xeque-com-ratinho-55-da-bahia-vai-ficar-com-o-13\/#breadcrumb\",\"itemListElement\":[{\"@type\":\"ListItem\",\"position\":1,\"name\":\"In\u00edcio\",\"item\":\"https:\/\/brasilnoticias.org\/site\/\"},{\"@type\":\"ListItem\",\"position\":2,\"name\":\"Aliados de Neto apostam em Tarc\u00edsio, mas veem PSD em xeque com Ratinho: &#8217;55 da Bahia vai ficar com o 13?&#8217;\"}]},{\"@type\":\"WebSite\",\"@id\":\"https:\/\/brasilnoticias.org\/site\/#website\",\"url\":\"https:\/\/brasilnoticias.org\/site\/\",\"name\":\"Brasil not\u00edcias\",\"description\":\"Brasil not\u00edcias\",\"publisher\":{\"@id\":\"https:\/\/brasilnoticias.org\/site\/#organization\"},\"potentialAction\":[{\"@type\":\"SearchAction\",\"target\":{\"@type\":\"EntryPoint\",\"urlTemplate\":\"https:\/\/brasilnoticias.org\/site\/?s={search_term_string}\"},\"query-input\":{\"@type\":\"PropertyValueSpecification\",\"valueRequired\":true,\"valueName\":\"search_term_string\"}}],\"inLanguage\":\"pt-PT\"},{\"@type\":\"Organization\",\"@id\":\"https:\/\/brasilnoticias.org\/site\/#organization\",\"name\":\"Brasil not\u00edcias\",\"url\":\"https:\/\/brasilnoticias.org\/site\/\",\"logo\":{\"@type\":\"ImageObject\",\"inLanguage\":\"pt-PT\",\"@id\":\"https:\/\/brasilnoticias.org\/site\/#\/schema\/logo\/image\/\",\"url\":\"https:\/\/brasilnoticias.org\/site\/wp-content\/uploads\/2022\/05\/cropped-brasilnoticias-mini.jpg\",\"contentUrl\":\"https:\/\/brasilnoticias.org\/site\/wp-content\/uploads\/2022\/05\/cropped-brasilnoticias-mini.jpg\",\"width\":314,\"height\":86,\"caption\":\"Brasil not\u00edcias\"},\"image\":{\"@id\":\"https:\/\/brasilnoticias.org\/site\/#\/schema\/logo\/image\/\"}},{\"@type\":\"Person\",\"@id\":\"https:\/\/brasilnoticias.org\/site\/#\/schema\/person\/03bbbfe6c7634ad18c26444ea39049fa\",\"name\":\"Reda\u00e7\u00e3o\",\"image\":{\"@type\":\"ImageObject\",\"inLanguage\":\"pt-PT\",\"@id\":\"https:\/\/brasilnoticias.org\/site\/#\/schema\/person\/image\/\",\"url\":\"https:\/\/secure.gravatar.com\/avatar\/9ecaf7327a696cb23ad926fedded5f1f04d7049de9e445375d55b48c001a6e42?s=96&d=mm&r=g\",\"contentUrl\":\"https:\/\/secure.gravatar.com\/avatar\/9ecaf7327a696cb23ad926fedded5f1f04d7049de9e445375d55b48c001a6e42?s=96&d=mm&r=g\",\"caption\":\"Reda\u00e7\u00e3o\"},\"url\":\"https:\/\/brasilnoticias.org\/site\/author\/henrique\/\"}]}<\/script>\n<!-- \/ Yoast SEO plugin. -->","yoast_head_json":{"title":"Aliados de Neto apostam em Tarc\u00edsio, mas veem PSD em xeque com Ratinho: '55 da Bahia vai ficar com o 13?' - Brasil not\u00edcias","robots":{"index":"index","follow":"follow","max-snippet":"max-snippet:-1","max-image-preview":"max-image-preview:large","max-video-preview":"max-video-preview:-1"},"canonical":"https:\/\/brasilnoticias.org\/site\/aliados-de-neto-apostam-em-tarcisio-mas-veem-psd-em-xeque-com-ratinho-55-da-bahia-vai-ficar-com-o-13\/","og_locale":"pt_PT","og_type":"article","og_title":"Aliados de Neto apostam em Tarc\u00edsio, mas veem PSD em xeque com Ratinho: '55 da Bahia vai ficar com o 13?' - Brasil not\u00edcias","og_description":"Enquanto Uni\u00e3o Brasil provoca Otto, governistas comemoram chance de racha e avaliam Jer\u00f4nimo e Lula como &#8220;favorita\u00e7os&#8221;; Careca de Saber","og_url":"https:\/\/brasilnoticias.org\/site\/aliados-de-neto-apostam-em-tarcisio-mas-veem-psd-em-xeque-com-ratinho-55-da-bahia-vai-ficar-com-o-13\/","og_site_name":"Brasil not\u00edcias","article_published_time":"2025-10-03T13:53:04+00:00","og_image":[{"width":1600,"height":900,"url":"https:\/\/brasilnoticias.org\/site\/wp-content\/uploads\/2025\/10\/WhatsApp-Image-2025-10-02-at-20.32.52.jpeg","type":"image\/jpeg"}],"author":"Reda\u00e7\u00e3o","twitter_card":"summary_large_image","twitter_misc":{"Escrito por":"Reda\u00e7\u00e3o","Tempo estimado de leitura":"1 minuto"},"schema":{"@context":"https:\/\/schema.org","@graph":[{"@type":"Article","@id":"https:\/\/brasilnoticias.org\/site\/aliados-de-neto-apostam-em-tarcisio-mas-veem-psd-em-xeque-com-ratinho-55-da-bahia-vai-ficar-com-o-13\/#article","isPartOf":{"@id":"https:\/\/brasilnoticias.org\/site\/aliados-de-neto-apostam-em-tarcisio-mas-veem-psd-em-xeque-com-ratinho-55-da-bahia-vai-ficar-com-o-13\/"},"author":{"name":"Reda\u00e7\u00e3o","@id":"https:\/\/brasilnoticias.org\/site\/#\/schema\/person\/03bbbfe6c7634ad18c26444ea39049fa"},"headline":"Aliados de Neto apostam em Tarc\u00edsio, mas veem PSD em xeque com Ratinho: &#8217;55 da Bahia vai ficar com o 13?&#8217;","datePublished":"2025-10-03T13:53:04+00:00","mainEntityOfPage":{"@id":"https:\/\/brasilnoticias.org\/site\/aliados-de-neto-apostam-em-tarcisio-mas-veem-psd-em-xeque-com-ratinho-55-da-bahia-vai-ficar-com-o-13\/"},"wordCount":1879,"commentCount":0,"publisher":{"@id":"https:\/\/brasilnoticias.org\/site\/#organization"},"image":{"@id":"https:\/\/brasilnoticias.org\/site\/aliados-de-neto-apostam-em-tarcisio-mas-veem-psd-em-xeque-com-ratinho-55-da-bahia-vai-ficar-com-o-13\/#primaryimage"},"thumbnailUrl":"https:\/\/brasilnoticias.org\/site\/wp-content\/uploads\/2025\/10\/WhatsApp-Image-2025-10-02-at-20.32.52.jpeg","articleSection":["Pol\u00edtica","\u00daltimas"],"inLanguage":"pt-PT","potentialAction":[{"@type":"CommentAction","name":"Comment","target":["https:\/\/brasilnoticias.org\/site\/aliados-de-neto-apostam-em-tarcisio-mas-veem-psd-em-xeque-com-ratinho-55-da-bahia-vai-ficar-com-o-13\/#respond"]}]},{"@type":"WebPage","@id":"https:\/\/brasilnoticias.org\/site\/aliados-de-neto-apostam-em-tarcisio-mas-veem-psd-em-xeque-com-ratinho-55-da-bahia-vai-ficar-com-o-13\/","url":"https:\/\/brasilnoticias.org\/site\/aliados-de-neto-apostam-em-tarcisio-mas-veem-psd-em-xeque-com-ratinho-55-da-bahia-vai-ficar-com-o-13\/","name":"Aliados de Neto apostam em Tarc\u00edsio, mas veem PSD em xeque com Ratinho: '55 da Bahia vai ficar com o 13?' - Brasil not\u00edcias","isPartOf":{"@id":"https:\/\/brasilnoticias.org\/site\/#website"},"primaryImageOfPage":{"@id":"https:\/\/brasilnoticias.org\/site\/aliados-de-neto-apostam-em-tarcisio-mas-veem-psd-em-xeque-com-ratinho-55-da-bahia-vai-ficar-com-o-13\/#primaryimage"},"image":{"@id":"https:\/\/brasilnoticias.org\/site\/aliados-de-neto-apostam-em-tarcisio-mas-veem-psd-em-xeque-com-ratinho-55-da-bahia-vai-ficar-com-o-13\/#primaryimage"},"thumbnailUrl":"https:\/\/brasilnoticias.org\/site\/wp-content\/uploads\/2025\/10\/WhatsApp-Image-2025-10-02-at-20.32.52.jpeg","datePublished":"2025-10-03T13:53:04+00:00","breadcrumb":{"@id":"https:\/\/brasilnoticias.org\/site\/aliados-de-neto-apostam-em-tarcisio-mas-veem-psd-em-xeque-com-ratinho-55-da-bahia-vai-ficar-com-o-13\/#breadcrumb"},"inLanguage":"pt-PT","potentialAction":[{"@type":"ReadAction","target":["https:\/\/brasilnoticias.org\/site\/aliados-de-neto-apostam-em-tarcisio-mas-veem-psd-em-xeque-com-ratinho-55-da-bahia-vai-ficar-com-o-13\/"]}]},{"@type":"ImageObject","inLanguage":"pt-PT","@id":"https:\/\/brasilnoticias.org\/site\/aliados-de-neto-apostam-em-tarcisio-mas-veem-psd-em-xeque-com-ratinho-55-da-bahia-vai-ficar-com-o-13\/#primaryimage","url":"https:\/\/brasilnoticias.org\/site\/wp-content\/uploads\/2025\/10\/WhatsApp-Image-2025-10-02-at-20.32.52.jpeg","contentUrl":"https:\/\/brasilnoticias.org\/site\/wp-content\/uploads\/2025\/10\/WhatsApp-Image-2025-10-02-at-20.32.52.jpeg","width":1600,"height":900},{"@type":"BreadcrumbList","@id":"https:\/\/brasilnoticias.org\/site\/aliados-de-neto-apostam-em-tarcisio-mas-veem-psd-em-xeque-com-ratinho-55-da-bahia-vai-ficar-com-o-13\/#breadcrumb","itemListElement":[{"@type":"ListItem","position":1,"name":"In\u00edcio","item":"https:\/\/brasilnoticias.org\/site\/"},{"@type":"ListItem","position":2,"name":"Aliados de Neto apostam em Tarc\u00edsio, mas veem PSD em xeque com Ratinho: &#8217;55 da Bahia vai ficar com o 13?&#8217;"}]},{"@type":"WebSite","@id":"https:\/\/brasilnoticias.org\/site\/#website","url":"https:\/\/brasilnoticias.org\/site\/","name":"Brasil not\u00edcias","description":"Brasil not\u00edcias","publisher":{"@id":"https:\/\/brasilnoticias.org\/site\/#organization"},"potentialAction":[{"@type":"SearchAction","target":{"@type":"EntryPoint","urlTemplate":"https:\/\/brasilnoticias.org\/site\/?s={search_term_string}"},"query-input":{"@type":"PropertyValueSpecification","valueRequired":true,"valueName":"search_term_string"}}],"inLanguage":"pt-PT"},{"@type":"Organization","@id":"https:\/\/brasilnoticias.org\/site\/#organization","name":"Brasil not\u00edcias","url":"https:\/\/brasilnoticias.org\/site\/","logo":{"@type":"ImageObject","inLanguage":"pt-PT","@id":"https:\/\/brasilnoticias.org\/site\/#\/schema\/logo\/image\/","url":"https:\/\/brasilnoticias.org\/site\/wp-content\/uploads\/2022\/05\/cropped-brasilnoticias-mini.jpg","contentUrl":"https:\/\/brasilnoticias.org\/site\/wp-content\/uploads\/2022\/05\/cropped-brasilnoticias-mini.jpg","width":314,"height":86,"caption":"Brasil not\u00edcias"},"image":{"@id":"https:\/\/brasilnoticias.org\/site\/#\/schema\/logo\/image\/"}},{"@type":"Person","@id":"https:\/\/brasilnoticias.org\/site\/#\/schema\/person\/03bbbfe6c7634ad18c26444ea39049fa","name":"Reda\u00e7\u00e3o","image":{"@type":"ImageObject","inLanguage":"pt-PT","@id":"https:\/\/brasilnoticias.org\/site\/#\/schema\/person\/image\/","url":"https:\/\/secure.gravatar.com\/avatar\/9ecaf7327a696cb23ad926fedded5f1f04d7049de9e445375d55b48c001a6e42?s=96&d=mm&r=g","contentUrl":"https:\/\/secure.gravatar.com\/avatar\/9ecaf7327a696cb23ad926fedded5f1f04d7049de9e445375d55b48c001a6e42?s=96&d=mm&r=g","caption":"Reda\u00e7\u00e3o"},"url":"https:\/\/brasilnoticias.org\/site\/author\/henrique\/"}]}},"_links":{"self":[{"href":"https:\/\/brasilnoticias.org\/site\/wp-json\/wp\/v2\/posts\/18122","targetHints":{"allow":["GET"]}}],"collection":[{"href":"https:\/\/brasilnoticias.org\/site\/wp-json\/wp\/v2\/posts"}],"about":[{"href":"https:\/\/brasilnoticias.org\/site\/wp-json\/wp\/v2\/types\/post"}],"author":[{"embeddable":true,"href":"https:\/\/brasilnoticias.org\/site\/wp-json\/wp\/v2\/users\/4"}],"replies":[{"embeddable":true,"href":"https:\/\/brasilnoticias.org\/site\/wp-json\/wp\/v2\/comments?post=18122"}],"version-history":[{"count":1,"href":"https:\/\/brasilnoticias.org\/site\/wp-json\/wp\/v2\/posts\/18122\/revisions"}],"predecessor-version":[{"id":18124,"href":"https:\/\/brasilnoticias.org\/site\/wp-json\/wp\/v2\/posts\/18122\/revisions\/18124"}],"wp:featuredmedia":[{"embeddable":true,"href":"https:\/\/brasilnoticias.org\/site\/wp-json\/wp\/v2\/media\/18123"}],"wp:attachment":[{"href":"https:\/\/brasilnoticias.org\/site\/wp-json\/wp\/v2\/media?parent=18122"}],"wp:term":[{"taxonomy":"category","embeddable":true,"href":"https:\/\/brasilnoticias.org\/site\/wp-json\/wp\/v2\/categories?post=18122"},{"taxonomy":"post_tag","embeddable":true,"href":"https:\/\/brasilnoticias.org\/site\/wp-json\/wp\/v2\/tags?post=18122"}],"curies":[{"name":"wp","href":"https:\/\/api.w.org\/{rel}","templated":true}]}}