{"id":18150,"date":"2025-10-07T19:51:48","date_gmt":"2025-10-07T22:51:48","guid":{"rendered":"https:\/\/brasilnoticias.org\/site\/?p=18150"},"modified":"2025-10-07T19:51:48","modified_gmt":"2025-10-07T22:51:48","slug":"binho-galinha-e-transferido-para-sala-especial-em-presidio-da-mata-escura-em-video-deputado-diz-que-se-fosse-culpado-nao-teria-tantos-votos","status":"publish","type":"post","link":"https:\/\/brasilnoticias.org\/site\/binho-galinha-e-transferido-para-sala-especial-em-presidio-da-mata-escura-em-video-deputado-diz-que-se-fosse-culpado-nao-teria-tantos-votos\/","title":{"rendered":"Binho Galinha \u00e9 transferido para sala especial em pres\u00eddio da Mata Escura; em v\u00eddeo, deputado diz que se fosse culpado &#8216;n\u00e3o teria tantos votos&#8217;"},"content":{"rendered":"<p>Parlamentar est\u00e1 custodiado ap\u00f3s se entregar ao MP-BA; STF entendeu que foro n\u00e3o se aplica aos crimes investigados<\/p>\n<p>O deputado estadual Kleber Cristian Escolano de Almeida, conhecido como Binho Galinha (PRD), est\u00e1 custodiado em uma Sala de Estado-Maior no Centro de Observa\u00e7\u00e3o Penal (COP), no Complexo Penitenci\u00e1rio da Mata Escura, em Salvador.<\/p>\n<p>O parlamentar foi preso na sexta-feira (3), ap\u00f3s se entregar ao Minist\u00e9rio P\u00fablico da Bahia (MP-BA), em Feira de Santana, sob suspeita de chefiar uma mil\u00edcia envolvida em lavagem de dinheiro h\u00e1 cerca de duas d\u00e9cadas.<\/p>\n<p>Antes da pris\u00e3o, Binho era considerado foragido havia dois dias, per\u00edodo em que sua esposa, filho e outras sete pessoas foram detidos na opera\u00e7\u00e3o. O COP, onde ele se encontra, disp\u00f5e de 48 celas, sendo duas especiais. O deputado est\u00e1 em uma delas, separada das celas comuns e com direito a banho de sol \u2014 benef\u00edcio garantido por lei a algumas categorias, como parlamentares.<\/p>\n<p>Segundo o MP-BA, o cumprimento do mandado foi acompanhado por 20 agentes e promotores do Gaeco, que o escoltaram at\u00e9 Salvador. Em nota, Binho Galinha afirmou colaborar com as investiga\u00e7\u00f5es e disse confiar na Justi\u00e7a, assegurando que \u201ctodos os fatos ser\u00e3o devidamente esclarecidos ao longo do processo\u201d.<\/p>\n<p>STF limitou alcance do foro privilegiado<\/p>\n<p>A pris\u00e3o preventiva do deputado decorre de um entendimento recente do Supremo Tribunal Federal (STF), que restringe o foro privilegiado apenas a crimes cometidos durante o exerc\u00edcio do mandato e relacionados \u00e0s fun\u00e7\u00f5es parlamentares.<\/p>\n<p>No caso de Binho Galinha, o STF apontou que a maioria dos il\u00edcitos investigados ocorreu antes do mandato ou sem rela\u00e7\u00e3o direta com a atividade legislativa, motivo pelo qual o processo tramita na primeira inst\u00e2ncia.<\/p>\n<p>O deputado j\u00e1 havia sido preso em 2011, antes de ocupar o cargo na Assembleia Legislativa, em uma opera\u00e7\u00e3o contra roubo de ve\u00edculos.<\/p>\n<p>Conselho de \u00c9tica acompanhar\u00e1 o caso<\/p>\n<p>O Conselho de \u00c9tica da Assembleia Legislativa da Bahia (AL-BA) informou que acompanha o caso e aguarda a comunica\u00e7\u00e3o oficial da Justi\u00e7a para dar in\u00edcio ao procedimento interno. Segundo o presidente do colegiado, Vitor Bonfim (PV), o processo seguir\u00e1 as normas da Constitui\u00e7\u00e3o Estadual, da legisla\u00e7\u00e3o vigente e do Regimento Interno da Casa.<\/p>\n<p>O Conselho assegurou que a an\u00e1lise ser\u00e1 conduzida com isen\u00e7\u00e3o, transpar\u00eancia e respeito ao devido processo legal, garantindo a ampla defesa e o contradit\u00f3rio.<\/p>\n<p>V\u00eddeo antes da pris\u00e3o<\/p>\n<p>Em v\u00eddeo divulgado em suas redes sociais, momentos antes de se entregar ao MP-BA, Binho Galinha negou as acusa\u00e7\u00f5es. Na sua avalia\u00e7\u00e3o, se ele fosse culpado n\u00e3o teria recebido os 49.834 votos que o elegeram pelo Patriota em 2022.<\/p>\n<p>Foto: Divulga\u00e7\u00e3o<br \/>\nBlog do Vila<\/p>\n","protected":false},"excerpt":{"rendered":"<p>Parlamentar est\u00e1 custodiado ap\u00f3s se entregar ao MP-BA; STF entendeu que foro n\u00e3o se aplica aos crimes investigados O deputado<\/p>\n","protected":false},"author":4,"featured_media":18151,"comment_status":"open","ping_status":"open","sticky":false,"template":"","format":"standard","meta":{"colormag_page_container_layout":"default_layout","colormag_page_sidebar_layout":"default_layout","_FSMCFIC_featured_image_caption":"","_FSMCFIC_featured_image_nocaption":"","_FSMCFIC_featured_image_hide":"","footnotes":""},"categories":[3,1],"tags":[],"class_list":["post-18150","post","type-post","status-publish","format-standard","has-post-thumbnail","hentry","category-policia","category-ultimas"],"yoast_head":"<!-- This site is optimized with the Yoast SEO plugin v27.1.1 - https:\/\/yoast.com\/product\/yoast-seo-wordpress\/ -->\n<title>Binho Galinha \u00e9 transferido para sala especial em pres\u00eddio da Mata Escura; em v\u00eddeo, deputado diz que se fosse culpado &#039;n\u00e3o teria tantos votos&#039; - Brasil not\u00edcias<\/title>\n<meta name=\"robots\" content=\"index, follow, max-snippet:-1, max-image-preview:large, max-video-preview:-1\" \/>\n<link rel=\"canonical\" href=\"https:\/\/brasilnoticias.org\/site\/binho-galinha-e-transferido-para-sala-especial-em-presidio-da-mata-escura-em-video-deputado-diz-que-se-fosse-culpado-nao-teria-tantos-votos\/\" \/>\n<meta property=\"og:locale\" content=\"pt_PT\" \/>\n<meta property=\"og:type\" content=\"article\" \/>\n<meta property=\"og:title\" content=\"Binho Galinha \u00e9 transferido para sala especial em pres\u00eddio da Mata Escura; em v\u00eddeo, deputado diz que se fosse culpado &#039;n\u00e3o teria tantos votos&#039; - Brasil not\u00edcias\" \/>\n<meta property=\"og:description\" content=\"Parlamentar est\u00e1 custodiado ap\u00f3s se entregar ao MP-BA; STF entendeu que foro n\u00e3o se aplica aos crimes investigados O deputado\" \/>\n<meta property=\"og:url\" content=\"https:\/\/brasilnoticias.org\/site\/binho-galinha-e-transferido-para-sala-especial-em-presidio-da-mata-escura-em-video-deputado-diz-que-se-fosse-culpado-nao-teria-tantos-votos\/\" \/>\n<meta property=\"og:site_name\" content=\"Brasil not\u00edcias\" \/>\n<meta property=\"article:published_time\" content=\"2025-10-07T22:51:48+00:00\" \/>\n<meta property=\"og:image\" content=\"https:\/\/brasilnoticias.org\/site\/wp-content\/uploads\/2025\/10\/galinha.jpg\" \/>\n\t<meta property=\"og:image:width\" content=\"1600\" \/>\n\t<meta property=\"og:image:height\" content=\"752\" \/>\n\t<meta property=\"og:image:type\" content=\"image\/jpeg\" \/>\n<meta name=\"author\" content=\"Reda\u00e7\u00e3o\" \/>\n<meta name=\"twitter:card\" content=\"summary_large_image\" \/>\n<meta name=\"twitter:label1\" content=\"Escrito por\" \/>\n\t<meta name=\"twitter:data1\" content=\"Reda\u00e7\u00e3o\" \/>\n<script type=\"application\/ld+json\" class=\"yoast-schema-graph\">{\"@context\":\"https:\/\/schema.org\",\"@graph\":[{\"@type\":\"Article\",\"@id\":\"https:\/\/brasilnoticias.org\/site\/binho-galinha-e-transferido-para-sala-especial-em-presidio-da-mata-escura-em-video-deputado-diz-que-se-fosse-culpado-nao-teria-tantos-votos\/#article\",\"isPartOf\":{\"@id\":\"https:\/\/brasilnoticias.org\/site\/binho-galinha-e-transferido-para-sala-especial-em-presidio-da-mata-escura-em-video-deputado-diz-que-se-fosse-culpado-nao-teria-tantos-votos\/\"},\"author\":{\"name\":\"Reda\u00e7\u00e3o\",\"@id\":\"https:\/\/brasilnoticias.org\/site\/#\/schema\/person\/03bbbfe6c7634ad18c26444ea39049fa\"},\"headline\":\"Binho Galinha \u00e9 transferido para sala especial em pres\u00eddio da Mata Escura; em v\u00eddeo, deputado diz que se fosse culpado &#8216;n\u00e3o teria tantos votos&#8217;\",\"datePublished\":\"2025-10-07T22:51:48+00:00\",\"mainEntityOfPage\":{\"@id\":\"https:\/\/brasilnoticias.org\/site\/binho-galinha-e-transferido-para-sala-especial-em-presidio-da-mata-escura-em-video-deputado-diz-que-se-fosse-culpado-nao-teria-tantos-votos\/\"},\"wordCount\":488,\"commentCount\":0,\"publisher\":{\"@id\":\"https:\/\/brasilnoticias.org\/site\/#organization\"},\"image\":{\"@id\":\"https:\/\/brasilnoticias.org\/site\/binho-galinha-e-transferido-para-sala-especial-em-presidio-da-mata-escura-em-video-deputado-diz-que-se-fosse-culpado-nao-teria-tantos-votos\/#primaryimage\"},\"thumbnailUrl\":\"https:\/\/brasilnoticias.org\/site\/wp-content\/uploads\/2025\/10\/galinha.jpg\",\"articleSection\":[\"Pol\u00edcia\",\"\u00daltimas\"],\"inLanguage\":\"pt-PT\",\"potentialAction\":[{\"@type\":\"CommentAction\",\"name\":\"Comment\",\"target\":[\"https:\/\/brasilnoticias.org\/site\/binho-galinha-e-transferido-para-sala-especial-em-presidio-da-mata-escura-em-video-deputado-diz-que-se-fosse-culpado-nao-teria-tantos-votos\/#respond\"]}]},{\"@type\":\"WebPage\",\"@id\":\"https:\/\/brasilnoticias.org\/site\/binho-galinha-e-transferido-para-sala-especial-em-presidio-da-mata-escura-em-video-deputado-diz-que-se-fosse-culpado-nao-teria-tantos-votos\/\",\"url\":\"https:\/\/brasilnoticias.org\/site\/binho-galinha-e-transferido-para-sala-especial-em-presidio-da-mata-escura-em-video-deputado-diz-que-se-fosse-culpado-nao-teria-tantos-votos\/\",\"name\":\"Binho Galinha \u00e9 transferido para sala especial em pres\u00eddio da Mata Escura; em v\u00eddeo, deputado diz que se fosse culpado 'n\u00e3o teria tantos votos' - Brasil not\u00edcias\",\"isPartOf\":{\"@id\":\"https:\/\/brasilnoticias.org\/site\/#website\"},\"primaryImageOfPage\":{\"@id\":\"https:\/\/brasilnoticias.org\/site\/binho-galinha-e-transferido-para-sala-especial-em-presidio-da-mata-escura-em-video-deputado-diz-que-se-fosse-culpado-nao-teria-tantos-votos\/#primaryimage\"},\"image\":{\"@id\":\"https:\/\/brasilnoticias.org\/site\/binho-galinha-e-transferido-para-sala-especial-em-presidio-da-mata-escura-em-video-deputado-diz-que-se-fosse-culpado-nao-teria-tantos-votos\/#primaryimage\"},\"thumbnailUrl\":\"https:\/\/brasilnoticias.org\/site\/wp-content\/uploads\/2025\/10\/galinha.jpg\",\"datePublished\":\"2025-10-07T22:51:48+00:00\",\"breadcrumb\":{\"@id\":\"https:\/\/brasilnoticias.org\/site\/binho-galinha-e-transferido-para-sala-especial-em-presidio-da-mata-escura-em-video-deputado-diz-que-se-fosse-culpado-nao-teria-tantos-votos\/#breadcrumb\"},\"inLanguage\":\"pt-PT\",\"potentialAction\":[{\"@type\":\"ReadAction\",\"target\":[\"https:\/\/brasilnoticias.org\/site\/binho-galinha-e-transferido-para-sala-especial-em-presidio-da-mata-escura-em-video-deputado-diz-que-se-fosse-culpado-nao-teria-tantos-votos\/\"]}]},{\"@type\":\"ImageObject\",\"inLanguage\":\"pt-PT\",\"@id\":\"https:\/\/brasilnoticias.org\/site\/binho-galinha-e-transferido-para-sala-especial-em-presidio-da-mata-escura-em-video-deputado-diz-que-se-fosse-culpado-nao-teria-tantos-votos\/#primaryimage\",\"url\":\"https:\/\/brasilnoticias.org\/site\/wp-content\/uploads\/2025\/10\/galinha.jpg\",\"contentUrl\":\"https:\/\/brasilnoticias.org\/site\/wp-content\/uploads\/2025\/10\/galinha.jpg\",\"width\":1600,\"height\":752},{\"@type\":\"BreadcrumbList\",\"@id\":\"https:\/\/brasilnoticias.org\/site\/binho-galinha-e-transferido-para-sala-especial-em-presidio-da-mata-escura-em-video-deputado-diz-que-se-fosse-culpado-nao-teria-tantos-votos\/#breadcrumb\",\"itemListElement\":[{\"@type\":\"ListItem\",\"position\":1,\"name\":\"In\u00edcio\",\"item\":\"https:\/\/brasilnoticias.org\/site\/\"},{\"@type\":\"ListItem\",\"position\":2,\"name\":\"Binho Galinha \u00e9 transferido para sala especial em pres\u00eddio da Mata Escura; em v\u00eddeo, deputado diz que se fosse culpado &#8216;n\u00e3o teria tantos votos&#8217;\"}]},{\"@type\":\"WebSite\",\"@id\":\"https:\/\/brasilnoticias.org\/site\/#website\",\"url\":\"https:\/\/brasilnoticias.org\/site\/\",\"name\":\"Brasil not\u00edcias\",\"description\":\"Brasil not\u00edcias\",\"publisher\":{\"@id\":\"https:\/\/brasilnoticias.org\/site\/#organization\"},\"potentialAction\":[{\"@type\":\"SearchAction\",\"target\":{\"@type\":\"EntryPoint\",\"urlTemplate\":\"https:\/\/brasilnoticias.org\/site\/?s={search_term_string}\"},\"query-input\":{\"@type\":\"PropertyValueSpecification\",\"valueRequired\":true,\"valueName\":\"search_term_string\"}}],\"inLanguage\":\"pt-PT\"},{\"@type\":\"Organization\",\"@id\":\"https:\/\/brasilnoticias.org\/site\/#organization\",\"name\":\"Brasil not\u00edcias\",\"url\":\"https:\/\/brasilnoticias.org\/site\/\",\"logo\":{\"@type\":\"ImageObject\",\"inLanguage\":\"pt-PT\",\"@id\":\"https:\/\/brasilnoticias.org\/site\/#\/schema\/logo\/image\/\",\"url\":\"https:\/\/brasilnoticias.org\/site\/wp-content\/uploads\/2022\/05\/cropped-brasilnoticias-mini.jpg\",\"contentUrl\":\"https:\/\/brasilnoticias.org\/site\/wp-content\/uploads\/2022\/05\/cropped-brasilnoticias-mini.jpg\",\"width\":314,\"height\":86,\"caption\":\"Brasil not\u00edcias\"},\"image\":{\"@id\":\"https:\/\/brasilnoticias.org\/site\/#\/schema\/logo\/image\/\"}},{\"@type\":\"Person\",\"@id\":\"https:\/\/brasilnoticias.org\/site\/#\/schema\/person\/03bbbfe6c7634ad18c26444ea39049fa\",\"name\":\"Reda\u00e7\u00e3o\",\"image\":{\"@type\":\"ImageObject\",\"inLanguage\":\"pt-PT\",\"@id\":\"https:\/\/brasilnoticias.org\/site\/#\/schema\/person\/image\/\",\"url\":\"https:\/\/secure.gravatar.com\/avatar\/9ecaf7327a696cb23ad926fedded5f1f04d7049de9e445375d55b48c001a6e42?s=96&d=mm&r=g\",\"contentUrl\":\"https:\/\/secure.gravatar.com\/avatar\/9ecaf7327a696cb23ad926fedded5f1f04d7049de9e445375d55b48c001a6e42?s=96&d=mm&r=g\",\"caption\":\"Reda\u00e7\u00e3o\"},\"url\":\"https:\/\/brasilnoticias.org\/site\/author\/henrique\/\"}]}<\/script>\n<!-- \/ Yoast SEO plugin. -->","yoast_head_json":{"title":"Binho Galinha \u00e9 transferido para sala especial em pres\u00eddio da Mata Escura; em v\u00eddeo, deputado diz que se fosse culpado 'n\u00e3o teria tantos votos' - Brasil not\u00edcias","robots":{"index":"index","follow":"follow","max-snippet":"max-snippet:-1","max-image-preview":"max-image-preview:large","max-video-preview":"max-video-preview:-1"},"canonical":"https:\/\/brasilnoticias.org\/site\/binho-galinha-e-transferido-para-sala-especial-em-presidio-da-mata-escura-em-video-deputado-diz-que-se-fosse-culpado-nao-teria-tantos-votos\/","og_locale":"pt_PT","og_type":"article","og_title":"Binho Galinha \u00e9 transferido para sala especial em pres\u00eddio da Mata Escura; em v\u00eddeo, deputado diz que se fosse culpado 'n\u00e3o teria tantos votos' - Brasil not\u00edcias","og_description":"Parlamentar est\u00e1 custodiado ap\u00f3s se entregar ao MP-BA; STF entendeu que foro n\u00e3o se aplica aos crimes investigados O deputado","og_url":"https:\/\/brasilnoticias.org\/site\/binho-galinha-e-transferido-para-sala-especial-em-presidio-da-mata-escura-em-video-deputado-diz-que-se-fosse-culpado-nao-teria-tantos-votos\/","og_site_name":"Brasil not\u00edcias","article_published_time":"2025-10-07T22:51:48+00:00","og_image":[{"width":1600,"height":752,"url":"https:\/\/brasilnoticias.org\/site\/wp-content\/uploads\/2025\/10\/galinha.jpg","type":"image\/jpeg"}],"author":"Reda\u00e7\u00e3o","twitter_card":"summary_large_image","twitter_misc":{"Escrito por":"Reda\u00e7\u00e3o"},"schema":{"@context":"https:\/\/schema.org","@graph":[{"@type":"Article","@id":"https:\/\/brasilnoticias.org\/site\/binho-galinha-e-transferido-para-sala-especial-em-presidio-da-mata-escura-em-video-deputado-diz-que-se-fosse-culpado-nao-teria-tantos-votos\/#article","isPartOf":{"@id":"https:\/\/brasilnoticias.org\/site\/binho-galinha-e-transferido-para-sala-especial-em-presidio-da-mata-escura-em-video-deputado-diz-que-se-fosse-culpado-nao-teria-tantos-votos\/"},"author":{"name":"Reda\u00e7\u00e3o","@id":"https:\/\/brasilnoticias.org\/site\/#\/schema\/person\/03bbbfe6c7634ad18c26444ea39049fa"},"headline":"Binho Galinha \u00e9 transferido para sala especial em pres\u00eddio da Mata Escura; em v\u00eddeo, deputado diz que se fosse culpado &#8216;n\u00e3o teria tantos votos&#8217;","datePublished":"2025-10-07T22:51:48+00:00","mainEntityOfPage":{"@id":"https:\/\/brasilnoticias.org\/site\/binho-galinha-e-transferido-para-sala-especial-em-presidio-da-mata-escura-em-video-deputado-diz-que-se-fosse-culpado-nao-teria-tantos-votos\/"},"wordCount":488,"commentCount":0,"publisher":{"@id":"https:\/\/brasilnoticias.org\/site\/#organization"},"image":{"@id":"https:\/\/brasilnoticias.org\/site\/binho-galinha-e-transferido-para-sala-especial-em-presidio-da-mata-escura-em-video-deputado-diz-que-se-fosse-culpado-nao-teria-tantos-votos\/#primaryimage"},"thumbnailUrl":"https:\/\/brasilnoticias.org\/site\/wp-content\/uploads\/2025\/10\/galinha.jpg","articleSection":["Pol\u00edcia","\u00daltimas"],"inLanguage":"pt-PT","potentialAction":[{"@type":"CommentAction","name":"Comment","target":["https:\/\/brasilnoticias.org\/site\/binho-galinha-e-transferido-para-sala-especial-em-presidio-da-mata-escura-em-video-deputado-diz-que-se-fosse-culpado-nao-teria-tantos-votos\/#respond"]}]},{"@type":"WebPage","@id":"https:\/\/brasilnoticias.org\/site\/binho-galinha-e-transferido-para-sala-especial-em-presidio-da-mata-escura-em-video-deputado-diz-que-se-fosse-culpado-nao-teria-tantos-votos\/","url":"https:\/\/brasilnoticias.org\/site\/binho-galinha-e-transferido-para-sala-especial-em-presidio-da-mata-escura-em-video-deputado-diz-que-se-fosse-culpado-nao-teria-tantos-votos\/","name":"Binho Galinha \u00e9 transferido para sala especial em pres\u00eddio da Mata Escura; em v\u00eddeo, deputado diz que se fosse culpado 'n\u00e3o teria tantos votos' - Brasil not\u00edcias","isPartOf":{"@id":"https:\/\/brasilnoticias.org\/site\/#website"},"primaryImageOfPage":{"@id":"https:\/\/brasilnoticias.org\/site\/binho-galinha-e-transferido-para-sala-especial-em-presidio-da-mata-escura-em-video-deputado-diz-que-se-fosse-culpado-nao-teria-tantos-votos\/#primaryimage"},"image":{"@id":"https:\/\/brasilnoticias.org\/site\/binho-galinha-e-transferido-para-sala-especial-em-presidio-da-mata-escura-em-video-deputado-diz-que-se-fosse-culpado-nao-teria-tantos-votos\/#primaryimage"},"thumbnailUrl":"https:\/\/brasilnoticias.org\/site\/wp-content\/uploads\/2025\/10\/galinha.jpg","datePublished":"2025-10-07T22:51:48+00:00","breadcrumb":{"@id":"https:\/\/brasilnoticias.org\/site\/binho-galinha-e-transferido-para-sala-especial-em-presidio-da-mata-escura-em-video-deputado-diz-que-se-fosse-culpado-nao-teria-tantos-votos\/#breadcrumb"},"inLanguage":"pt-PT","potentialAction":[{"@type":"ReadAction","target":["https:\/\/brasilnoticias.org\/site\/binho-galinha-e-transferido-para-sala-especial-em-presidio-da-mata-escura-em-video-deputado-diz-que-se-fosse-culpado-nao-teria-tantos-votos\/"]}]},{"@type":"ImageObject","inLanguage":"pt-PT","@id":"https:\/\/brasilnoticias.org\/site\/binho-galinha-e-transferido-para-sala-especial-em-presidio-da-mata-escura-em-video-deputado-diz-que-se-fosse-culpado-nao-teria-tantos-votos\/#primaryimage","url":"https:\/\/brasilnoticias.org\/site\/wp-content\/uploads\/2025\/10\/galinha.jpg","contentUrl":"https:\/\/brasilnoticias.org\/site\/wp-content\/uploads\/2025\/10\/galinha.jpg","width":1600,"height":752},{"@type":"BreadcrumbList","@id":"https:\/\/brasilnoticias.org\/site\/binho-galinha-e-transferido-para-sala-especial-em-presidio-da-mata-escura-em-video-deputado-diz-que-se-fosse-culpado-nao-teria-tantos-votos\/#breadcrumb","itemListElement":[{"@type":"ListItem","position":1,"name":"In\u00edcio","item":"https:\/\/brasilnoticias.org\/site\/"},{"@type":"ListItem","position":2,"name":"Binho Galinha \u00e9 transferido para sala especial em pres\u00eddio da Mata Escura; em v\u00eddeo, deputado diz que se fosse culpado &#8216;n\u00e3o teria tantos votos&#8217;"}]},{"@type":"WebSite","@id":"https:\/\/brasilnoticias.org\/site\/#website","url":"https:\/\/brasilnoticias.org\/site\/","name":"Brasil not\u00edcias","description":"Brasil not\u00edcias","publisher":{"@id":"https:\/\/brasilnoticias.org\/site\/#organization"},"potentialAction":[{"@type":"SearchAction","target":{"@type":"EntryPoint","urlTemplate":"https:\/\/brasilnoticias.org\/site\/?s={search_term_string}"},"query-input":{"@type":"PropertyValueSpecification","valueRequired":true,"valueName":"search_term_string"}}],"inLanguage":"pt-PT"},{"@type":"Organization","@id":"https:\/\/brasilnoticias.org\/site\/#organization","name":"Brasil not\u00edcias","url":"https:\/\/brasilnoticias.org\/site\/","logo":{"@type":"ImageObject","inLanguage":"pt-PT","@id":"https:\/\/brasilnoticias.org\/site\/#\/schema\/logo\/image\/","url":"https:\/\/brasilnoticias.org\/site\/wp-content\/uploads\/2022\/05\/cropped-brasilnoticias-mini.jpg","contentUrl":"https:\/\/brasilnoticias.org\/site\/wp-content\/uploads\/2022\/05\/cropped-brasilnoticias-mini.jpg","width":314,"height":86,"caption":"Brasil not\u00edcias"},"image":{"@id":"https:\/\/brasilnoticias.org\/site\/#\/schema\/logo\/image\/"}},{"@type":"Person","@id":"https:\/\/brasilnoticias.org\/site\/#\/schema\/person\/03bbbfe6c7634ad18c26444ea39049fa","name":"Reda\u00e7\u00e3o","image":{"@type":"ImageObject","inLanguage":"pt-PT","@id":"https:\/\/brasilnoticias.org\/site\/#\/schema\/person\/image\/","url":"https:\/\/secure.gravatar.com\/avatar\/9ecaf7327a696cb23ad926fedded5f1f04d7049de9e445375d55b48c001a6e42?s=96&d=mm&r=g","contentUrl":"https:\/\/secure.gravatar.com\/avatar\/9ecaf7327a696cb23ad926fedded5f1f04d7049de9e445375d55b48c001a6e42?s=96&d=mm&r=g","caption":"Reda\u00e7\u00e3o"},"url":"https:\/\/brasilnoticias.org\/site\/author\/henrique\/"}]}},"_links":{"self":[{"href":"https:\/\/brasilnoticias.org\/site\/wp-json\/wp\/v2\/posts\/18150","targetHints":{"allow":["GET"]}}],"collection":[{"href":"https:\/\/brasilnoticias.org\/site\/wp-json\/wp\/v2\/posts"}],"about":[{"href":"https:\/\/brasilnoticias.org\/site\/wp-json\/wp\/v2\/types\/post"}],"author":[{"embeddable":true,"href":"https:\/\/brasilnoticias.org\/site\/wp-json\/wp\/v2\/users\/4"}],"replies":[{"embeddable":true,"href":"https:\/\/brasilnoticias.org\/site\/wp-json\/wp\/v2\/comments?post=18150"}],"version-history":[{"count":1,"href":"https:\/\/brasilnoticias.org\/site\/wp-json\/wp\/v2\/posts\/18150\/revisions"}],"predecessor-version":[{"id":18152,"href":"https:\/\/brasilnoticias.org\/site\/wp-json\/wp\/v2\/posts\/18150\/revisions\/18152"}],"wp:featuredmedia":[{"embeddable":true,"href":"https:\/\/brasilnoticias.org\/site\/wp-json\/wp\/v2\/media\/18151"}],"wp:attachment":[{"href":"https:\/\/brasilnoticias.org\/site\/wp-json\/wp\/v2\/media?parent=18150"}],"wp:term":[{"taxonomy":"category","embeddable":true,"href":"https:\/\/brasilnoticias.org\/site\/wp-json\/wp\/v2\/categories?post=18150"},{"taxonomy":"post_tag","embeddable":true,"href":"https:\/\/brasilnoticias.org\/site\/wp-json\/wp\/v2\/tags?post=18150"}],"curies":[{"name":"wp","href":"https:\/\/api.w.org\/{rel}","templated":true}]}}