{"id":18153,"date":"2025-10-07T19:52:44","date_gmt":"2025-10-07T22:52:44","guid":{"rendered":"https:\/\/brasilnoticias.org\/site\/?p=18153"},"modified":"2025-10-07T19:52:44","modified_gmt":"2025-10-07T22:52:44","slug":"jeronimo-amplia-gastos-com-emendas-e-deve-destinar-r-572-milhoes-em-2025","status":"publish","type":"post","link":"https:\/\/brasilnoticias.org\/site\/jeronimo-amplia-gastos-com-emendas-e-deve-destinar-r-572-milhoes-em-2025\/","title":{"rendered":"Jer\u00f4nimo amplia gastos com emendas e deve destinar R$ 572 milh\u00f5es em 2025"},"content":{"rendered":"<p>Aumento de 84,5% refor\u00e7a base pol\u00edtica e reacende debate sobre prioridades or\u00e7ament\u00e1rias<\/p>\n<p>O governador Jer\u00f4nimo Rodrigues (PT) tem ampliado de forma significativa os recursos destinados a emendas parlamentares provenientes da Assembleia Legislativa da Bahia (AL-BA).<\/p>\n<p>Dados do Portal Transpar\u00eancia Bahia apontam que o governo estadual deve reservar R$ 572 milh\u00f5es para essas emendas em 2025 \u2014 um crescimento de 84,5% em rela\u00e7\u00e3o a 2024, quando foram executados R$ 310 milh\u00f5es.<\/p>\n<p>Desde que assumiu o governo, o petista tem multiplicado o volume de recursos liberados aos deputados estaduais. Em 2023, o primeiro ano de mandato, foram R$ 97 milh\u00f5es, mais que o dobro do valor destinado no \u00faltimo ano do antecessor Rui Costa (PT), que variou entre R$ 19 milh\u00f5es e R$ 42 milh\u00f5es por exerc\u00edcio, entre 2019 e 2022.<\/p>\n<p>O salto mais expressivo ocorreu em 2024, quando houve um aumento de 219,6% no montante executado \u2014 passando para R$ 310 milh\u00f5es. O ritmo de execu\u00e7\u00e3o tamb\u00e9m impressiona: at\u00e9 agora, R$ 269 milh\u00f5es j\u00e1 foram empenhados, o que representa 47% do total previsto para 2025.<\/p>\n<p>Se o mesmo \u00edndice de execu\u00e7\u00e3o de 80% do ano passado for mantido, o governo poder\u00e1 desembolsar at\u00e9 R$ 457,6 milh\u00f5es at\u00e9 o fim do pr\u00f3ximo ano.<\/p>\n<p>Base governista lidera destina\u00e7\u00f5es<\/p>\n<p>Embora as emendas beneficiem parlamentares de todos os partidos, os governistas concentram os maiores valores. O trio formado por F\u00e1tima Nunes (PT), Ivana Bastos (PSD) \u2014 atual presidente da Alba \u2014 e Alex da Piat\u00e3 (PSD) lidera a lista, com repasses individuais que variam entre R$ 15 milh\u00f5es e R$ 16 milh\u00f5es.<\/p>\n<p>Grande parte dos recursos tem sido direcionada \u00e0 sa\u00fade, com foco na renova\u00e7\u00e3o de frotas de ambul\u00e2ncias, compra de equipamentos e estrutura\u00e7\u00e3o de unidades em munic\u00edpios do interior.<\/p>\n<p>PEC pode elevar repasses em 2026<\/p>\n<p>A Secretaria Estadual de Planejamento (Seplan) informou que o porcentual atual de emendas corresponde a 1% da Receita Corrente L\u00edquida (RCL) do estado, que somou R$ 57 bilh\u00f5es em 2023. A pasta destacou que a Lei Or\u00e7ament\u00e1ria Anual (LOA) torna obrigat\u00f3ria a previs\u00e3o de reserva para execu\u00e7\u00e3o das emendas e que cada deputado deve destinar 50% dos recursos \u00e0 sa\u00fade, 15% \u00e0 educa\u00e7\u00e3o e o restante a \u00e1reas previstas no Plano Plurianual 2024\u20132027.<\/p>\n<p>Foto: Feij\u00e3o Almeida \/ GOVBR<br \/>\nBlog do Vila<\/p>\n","protected":false},"excerpt":{"rendered":"<p>Aumento de 84,5% refor\u00e7a base pol\u00edtica e reacende debate sobre prioridades or\u00e7ament\u00e1rias O governador Jer\u00f4nimo Rodrigues (PT) tem ampliado de<\/p>\n","protected":false},"author":4,"featured_media":18154,"comment_status":"open","ping_status":"open","sticky":false,"template":"","format":"standard","meta":{"colormag_page_container_layout":"default_layout","colormag_page_sidebar_layout":"default_layout","_FSMCFIC_featured_image_caption":"","_FSMCFIC_featured_image_nocaption":"","_FSMCFIC_featured_image_hide":"","footnotes":""},"categories":[5,1],"tags":[],"class_list":["post-18153","post","type-post","status-publish","format-standard","has-post-thumbnail","hentry","category-politica","category-ultimas"],"yoast_head":"<!-- This site is optimized with the Yoast SEO plugin v27.1.1 - https:\/\/yoast.com\/product\/yoast-seo-wordpress\/ -->\n<title>Jer\u00f4nimo amplia gastos com emendas e deve destinar R$ 572 milh\u00f5es em 2025 - Brasil not\u00edcias<\/title>\n<meta name=\"robots\" content=\"index, follow, max-snippet:-1, max-image-preview:large, max-video-preview:-1\" \/>\n<link rel=\"canonical\" href=\"https:\/\/brasilnoticias.org\/site\/jeronimo-amplia-gastos-com-emendas-e-deve-destinar-r-572-milhoes-em-2025\/\" \/>\n<meta property=\"og:locale\" content=\"pt_PT\" \/>\n<meta property=\"og:type\" content=\"article\" \/>\n<meta property=\"og:title\" content=\"Jer\u00f4nimo amplia gastos com emendas e deve destinar R$ 572 milh\u00f5es em 2025 - Brasil not\u00edcias\" \/>\n<meta property=\"og:description\" content=\"Aumento de 84,5% refor\u00e7a base pol\u00edtica e reacende debate sobre prioridades or\u00e7ament\u00e1rias O governador Jer\u00f4nimo Rodrigues (PT) tem ampliado de\" \/>\n<meta property=\"og:url\" content=\"https:\/\/brasilnoticias.org\/site\/jeronimo-amplia-gastos-com-emendas-e-deve-destinar-r-572-milhoes-em-2025\/\" \/>\n<meta property=\"og:site_name\" content=\"Brasil not\u00edcias\" \/>\n<meta property=\"article:published_time\" content=\"2025-10-07T22:52:44+00:00\" \/>\n<meta property=\"og:image\" content=\"https:\/\/brasilnoticias.org\/site\/wp-content\/uploads\/2025\/10\/WhatsApp-Image-2025-10-06-at-09.06.15.jpeg\" \/>\n\t<meta property=\"og:image:width\" content=\"1600\" \/>\n\t<meta property=\"og:image:height\" content=\"1066\" \/>\n\t<meta property=\"og:image:type\" content=\"image\/jpeg\" \/>\n<meta name=\"author\" content=\"Reda\u00e7\u00e3o\" \/>\n<meta name=\"twitter:card\" content=\"summary_large_image\" \/>\n<meta name=\"twitter:label1\" content=\"Escrito por\" \/>\n\t<meta name=\"twitter:data1\" content=\"Reda\u00e7\u00e3o\" \/>\n\t<meta name=\"twitter:label2\" content=\"Tempo estimado de leitura\" \/>\n\t<meta name=\"twitter:data2\" content=\"1 minuto\" \/>\n<script type=\"application\/ld+json\" class=\"yoast-schema-graph\">{\"@context\":\"https:\/\/schema.org\",\"@graph\":[{\"@type\":\"Article\",\"@id\":\"https:\/\/brasilnoticias.org\/site\/jeronimo-amplia-gastos-com-emendas-e-deve-destinar-r-572-milhoes-em-2025\/#article\",\"isPartOf\":{\"@id\":\"https:\/\/brasilnoticias.org\/site\/jeronimo-amplia-gastos-com-emendas-e-deve-destinar-r-572-milhoes-em-2025\/\"},\"author\":{\"name\":\"Reda\u00e7\u00e3o\",\"@id\":\"https:\/\/brasilnoticias.org\/site\/#\/schema\/person\/03bbbfe6c7634ad18c26444ea39049fa\"},\"headline\":\"Jer\u00f4nimo amplia gastos com emendas e deve destinar R$ 572 milh\u00f5es em 2025\",\"datePublished\":\"2025-10-07T22:52:44+00:00\",\"mainEntityOfPage\":{\"@id\":\"https:\/\/brasilnoticias.org\/site\/jeronimo-amplia-gastos-com-emendas-e-deve-destinar-r-572-milhoes-em-2025\/\"},\"wordCount\":387,\"commentCount\":0,\"publisher\":{\"@id\":\"https:\/\/brasilnoticias.org\/site\/#organization\"},\"image\":{\"@id\":\"https:\/\/brasilnoticias.org\/site\/jeronimo-amplia-gastos-com-emendas-e-deve-destinar-r-572-milhoes-em-2025\/#primaryimage\"},\"thumbnailUrl\":\"https:\/\/brasilnoticias.org\/site\/wp-content\/uploads\/2025\/10\/WhatsApp-Image-2025-10-06-at-09.06.15.jpeg\",\"articleSection\":[\"Pol\u00edtica\",\"\u00daltimas\"],\"inLanguage\":\"pt-PT\",\"potentialAction\":[{\"@type\":\"CommentAction\",\"name\":\"Comment\",\"target\":[\"https:\/\/brasilnoticias.org\/site\/jeronimo-amplia-gastos-com-emendas-e-deve-destinar-r-572-milhoes-em-2025\/#respond\"]}]},{\"@type\":\"WebPage\",\"@id\":\"https:\/\/brasilnoticias.org\/site\/jeronimo-amplia-gastos-com-emendas-e-deve-destinar-r-572-milhoes-em-2025\/\",\"url\":\"https:\/\/brasilnoticias.org\/site\/jeronimo-amplia-gastos-com-emendas-e-deve-destinar-r-572-milhoes-em-2025\/\",\"name\":\"Jer\u00f4nimo amplia gastos com emendas e deve destinar R$ 572 milh\u00f5es em 2025 - Brasil not\u00edcias\",\"isPartOf\":{\"@id\":\"https:\/\/brasilnoticias.org\/site\/#website\"},\"primaryImageOfPage\":{\"@id\":\"https:\/\/brasilnoticias.org\/site\/jeronimo-amplia-gastos-com-emendas-e-deve-destinar-r-572-milhoes-em-2025\/#primaryimage\"},\"image\":{\"@id\":\"https:\/\/brasilnoticias.org\/site\/jeronimo-amplia-gastos-com-emendas-e-deve-destinar-r-572-milhoes-em-2025\/#primaryimage\"},\"thumbnailUrl\":\"https:\/\/brasilnoticias.org\/site\/wp-content\/uploads\/2025\/10\/WhatsApp-Image-2025-10-06-at-09.06.15.jpeg\",\"datePublished\":\"2025-10-07T22:52:44+00:00\",\"breadcrumb\":{\"@id\":\"https:\/\/brasilnoticias.org\/site\/jeronimo-amplia-gastos-com-emendas-e-deve-destinar-r-572-milhoes-em-2025\/#breadcrumb\"},\"inLanguage\":\"pt-PT\",\"potentialAction\":[{\"@type\":\"ReadAction\",\"target\":[\"https:\/\/brasilnoticias.org\/site\/jeronimo-amplia-gastos-com-emendas-e-deve-destinar-r-572-milhoes-em-2025\/\"]}]},{\"@type\":\"ImageObject\",\"inLanguage\":\"pt-PT\",\"@id\":\"https:\/\/brasilnoticias.org\/site\/jeronimo-amplia-gastos-com-emendas-e-deve-destinar-r-572-milhoes-em-2025\/#primaryimage\",\"url\":\"https:\/\/brasilnoticias.org\/site\/wp-content\/uploads\/2025\/10\/WhatsApp-Image-2025-10-06-at-09.06.15.jpeg\",\"contentUrl\":\"https:\/\/brasilnoticias.org\/site\/wp-content\/uploads\/2025\/10\/WhatsApp-Image-2025-10-06-at-09.06.15.jpeg\",\"width\":1600,\"height\":1066},{\"@type\":\"BreadcrumbList\",\"@id\":\"https:\/\/brasilnoticias.org\/site\/jeronimo-amplia-gastos-com-emendas-e-deve-destinar-r-572-milhoes-em-2025\/#breadcrumb\",\"itemListElement\":[{\"@type\":\"ListItem\",\"position\":1,\"name\":\"In\u00edcio\",\"item\":\"https:\/\/brasilnoticias.org\/site\/\"},{\"@type\":\"ListItem\",\"position\":2,\"name\":\"Jer\u00f4nimo amplia gastos com emendas e deve destinar R$ 572 milh\u00f5es em 2025\"}]},{\"@type\":\"WebSite\",\"@id\":\"https:\/\/brasilnoticias.org\/site\/#website\",\"url\":\"https:\/\/brasilnoticias.org\/site\/\",\"name\":\"Brasil not\u00edcias\",\"description\":\"Brasil not\u00edcias\",\"publisher\":{\"@id\":\"https:\/\/brasilnoticias.org\/site\/#organization\"},\"potentialAction\":[{\"@type\":\"SearchAction\",\"target\":{\"@type\":\"EntryPoint\",\"urlTemplate\":\"https:\/\/brasilnoticias.org\/site\/?s={search_term_string}\"},\"query-input\":{\"@type\":\"PropertyValueSpecification\",\"valueRequired\":true,\"valueName\":\"search_term_string\"}}],\"inLanguage\":\"pt-PT\"},{\"@type\":\"Organization\",\"@id\":\"https:\/\/brasilnoticias.org\/site\/#organization\",\"name\":\"Brasil not\u00edcias\",\"url\":\"https:\/\/brasilnoticias.org\/site\/\",\"logo\":{\"@type\":\"ImageObject\",\"inLanguage\":\"pt-PT\",\"@id\":\"https:\/\/brasilnoticias.org\/site\/#\/schema\/logo\/image\/\",\"url\":\"https:\/\/brasilnoticias.org\/site\/wp-content\/uploads\/2022\/05\/cropped-brasilnoticias-mini.jpg\",\"contentUrl\":\"https:\/\/brasilnoticias.org\/site\/wp-content\/uploads\/2022\/05\/cropped-brasilnoticias-mini.jpg\",\"width\":314,\"height\":86,\"caption\":\"Brasil not\u00edcias\"},\"image\":{\"@id\":\"https:\/\/brasilnoticias.org\/site\/#\/schema\/logo\/image\/\"}},{\"@type\":\"Person\",\"@id\":\"https:\/\/brasilnoticias.org\/site\/#\/schema\/person\/03bbbfe6c7634ad18c26444ea39049fa\",\"name\":\"Reda\u00e7\u00e3o\",\"image\":{\"@type\":\"ImageObject\",\"inLanguage\":\"pt-PT\",\"@id\":\"https:\/\/brasilnoticias.org\/site\/#\/schema\/person\/image\/\",\"url\":\"https:\/\/secure.gravatar.com\/avatar\/9ecaf7327a696cb23ad926fedded5f1f04d7049de9e445375d55b48c001a6e42?s=96&d=mm&r=g\",\"contentUrl\":\"https:\/\/secure.gravatar.com\/avatar\/9ecaf7327a696cb23ad926fedded5f1f04d7049de9e445375d55b48c001a6e42?s=96&d=mm&r=g\",\"caption\":\"Reda\u00e7\u00e3o\"},\"url\":\"https:\/\/brasilnoticias.org\/site\/author\/henrique\/\"}]}<\/script>\n<!-- \/ Yoast SEO plugin. -->","yoast_head_json":{"title":"Jer\u00f4nimo amplia gastos com emendas e deve destinar R$ 572 milh\u00f5es em 2025 - Brasil not\u00edcias","robots":{"index":"index","follow":"follow","max-snippet":"max-snippet:-1","max-image-preview":"max-image-preview:large","max-video-preview":"max-video-preview:-1"},"canonical":"https:\/\/brasilnoticias.org\/site\/jeronimo-amplia-gastos-com-emendas-e-deve-destinar-r-572-milhoes-em-2025\/","og_locale":"pt_PT","og_type":"article","og_title":"Jer\u00f4nimo amplia gastos com emendas e deve destinar R$ 572 milh\u00f5es em 2025 - Brasil not\u00edcias","og_description":"Aumento de 84,5% refor\u00e7a base pol\u00edtica e reacende debate sobre prioridades or\u00e7ament\u00e1rias O governador Jer\u00f4nimo Rodrigues (PT) tem ampliado de","og_url":"https:\/\/brasilnoticias.org\/site\/jeronimo-amplia-gastos-com-emendas-e-deve-destinar-r-572-milhoes-em-2025\/","og_site_name":"Brasil not\u00edcias","article_published_time":"2025-10-07T22:52:44+00:00","og_image":[{"width":1600,"height":1066,"url":"https:\/\/brasilnoticias.org\/site\/wp-content\/uploads\/2025\/10\/WhatsApp-Image-2025-10-06-at-09.06.15.jpeg","type":"image\/jpeg"}],"author":"Reda\u00e7\u00e3o","twitter_card":"summary_large_image","twitter_misc":{"Escrito por":"Reda\u00e7\u00e3o","Tempo estimado de leitura":"1 minuto"},"schema":{"@context":"https:\/\/schema.org","@graph":[{"@type":"Article","@id":"https:\/\/brasilnoticias.org\/site\/jeronimo-amplia-gastos-com-emendas-e-deve-destinar-r-572-milhoes-em-2025\/#article","isPartOf":{"@id":"https:\/\/brasilnoticias.org\/site\/jeronimo-amplia-gastos-com-emendas-e-deve-destinar-r-572-milhoes-em-2025\/"},"author":{"name":"Reda\u00e7\u00e3o","@id":"https:\/\/brasilnoticias.org\/site\/#\/schema\/person\/03bbbfe6c7634ad18c26444ea39049fa"},"headline":"Jer\u00f4nimo amplia gastos com emendas e deve destinar R$ 572 milh\u00f5es em 2025","datePublished":"2025-10-07T22:52:44+00:00","mainEntityOfPage":{"@id":"https:\/\/brasilnoticias.org\/site\/jeronimo-amplia-gastos-com-emendas-e-deve-destinar-r-572-milhoes-em-2025\/"},"wordCount":387,"commentCount":0,"publisher":{"@id":"https:\/\/brasilnoticias.org\/site\/#organization"},"image":{"@id":"https:\/\/brasilnoticias.org\/site\/jeronimo-amplia-gastos-com-emendas-e-deve-destinar-r-572-milhoes-em-2025\/#primaryimage"},"thumbnailUrl":"https:\/\/brasilnoticias.org\/site\/wp-content\/uploads\/2025\/10\/WhatsApp-Image-2025-10-06-at-09.06.15.jpeg","articleSection":["Pol\u00edtica","\u00daltimas"],"inLanguage":"pt-PT","potentialAction":[{"@type":"CommentAction","name":"Comment","target":["https:\/\/brasilnoticias.org\/site\/jeronimo-amplia-gastos-com-emendas-e-deve-destinar-r-572-milhoes-em-2025\/#respond"]}]},{"@type":"WebPage","@id":"https:\/\/brasilnoticias.org\/site\/jeronimo-amplia-gastos-com-emendas-e-deve-destinar-r-572-milhoes-em-2025\/","url":"https:\/\/brasilnoticias.org\/site\/jeronimo-amplia-gastos-com-emendas-e-deve-destinar-r-572-milhoes-em-2025\/","name":"Jer\u00f4nimo amplia gastos com emendas e deve destinar R$ 572 milh\u00f5es em 2025 - Brasil not\u00edcias","isPartOf":{"@id":"https:\/\/brasilnoticias.org\/site\/#website"},"primaryImageOfPage":{"@id":"https:\/\/brasilnoticias.org\/site\/jeronimo-amplia-gastos-com-emendas-e-deve-destinar-r-572-milhoes-em-2025\/#primaryimage"},"image":{"@id":"https:\/\/brasilnoticias.org\/site\/jeronimo-amplia-gastos-com-emendas-e-deve-destinar-r-572-milhoes-em-2025\/#primaryimage"},"thumbnailUrl":"https:\/\/brasilnoticias.org\/site\/wp-content\/uploads\/2025\/10\/WhatsApp-Image-2025-10-06-at-09.06.15.jpeg","datePublished":"2025-10-07T22:52:44+00:00","breadcrumb":{"@id":"https:\/\/brasilnoticias.org\/site\/jeronimo-amplia-gastos-com-emendas-e-deve-destinar-r-572-milhoes-em-2025\/#breadcrumb"},"inLanguage":"pt-PT","potentialAction":[{"@type":"ReadAction","target":["https:\/\/brasilnoticias.org\/site\/jeronimo-amplia-gastos-com-emendas-e-deve-destinar-r-572-milhoes-em-2025\/"]}]},{"@type":"ImageObject","inLanguage":"pt-PT","@id":"https:\/\/brasilnoticias.org\/site\/jeronimo-amplia-gastos-com-emendas-e-deve-destinar-r-572-milhoes-em-2025\/#primaryimage","url":"https:\/\/brasilnoticias.org\/site\/wp-content\/uploads\/2025\/10\/WhatsApp-Image-2025-10-06-at-09.06.15.jpeg","contentUrl":"https:\/\/brasilnoticias.org\/site\/wp-content\/uploads\/2025\/10\/WhatsApp-Image-2025-10-06-at-09.06.15.jpeg","width":1600,"height":1066},{"@type":"BreadcrumbList","@id":"https:\/\/brasilnoticias.org\/site\/jeronimo-amplia-gastos-com-emendas-e-deve-destinar-r-572-milhoes-em-2025\/#breadcrumb","itemListElement":[{"@type":"ListItem","position":1,"name":"In\u00edcio","item":"https:\/\/brasilnoticias.org\/site\/"},{"@type":"ListItem","position":2,"name":"Jer\u00f4nimo amplia gastos com emendas e deve destinar R$ 572 milh\u00f5es em 2025"}]},{"@type":"WebSite","@id":"https:\/\/brasilnoticias.org\/site\/#website","url":"https:\/\/brasilnoticias.org\/site\/","name":"Brasil not\u00edcias","description":"Brasil not\u00edcias","publisher":{"@id":"https:\/\/brasilnoticias.org\/site\/#organization"},"potentialAction":[{"@type":"SearchAction","target":{"@type":"EntryPoint","urlTemplate":"https:\/\/brasilnoticias.org\/site\/?s={search_term_string}"},"query-input":{"@type":"PropertyValueSpecification","valueRequired":true,"valueName":"search_term_string"}}],"inLanguage":"pt-PT"},{"@type":"Organization","@id":"https:\/\/brasilnoticias.org\/site\/#organization","name":"Brasil not\u00edcias","url":"https:\/\/brasilnoticias.org\/site\/","logo":{"@type":"ImageObject","inLanguage":"pt-PT","@id":"https:\/\/brasilnoticias.org\/site\/#\/schema\/logo\/image\/","url":"https:\/\/brasilnoticias.org\/site\/wp-content\/uploads\/2022\/05\/cropped-brasilnoticias-mini.jpg","contentUrl":"https:\/\/brasilnoticias.org\/site\/wp-content\/uploads\/2022\/05\/cropped-brasilnoticias-mini.jpg","width":314,"height":86,"caption":"Brasil not\u00edcias"},"image":{"@id":"https:\/\/brasilnoticias.org\/site\/#\/schema\/logo\/image\/"}},{"@type":"Person","@id":"https:\/\/brasilnoticias.org\/site\/#\/schema\/person\/03bbbfe6c7634ad18c26444ea39049fa","name":"Reda\u00e7\u00e3o","image":{"@type":"ImageObject","inLanguage":"pt-PT","@id":"https:\/\/brasilnoticias.org\/site\/#\/schema\/person\/image\/","url":"https:\/\/secure.gravatar.com\/avatar\/9ecaf7327a696cb23ad926fedded5f1f04d7049de9e445375d55b48c001a6e42?s=96&d=mm&r=g","contentUrl":"https:\/\/secure.gravatar.com\/avatar\/9ecaf7327a696cb23ad926fedded5f1f04d7049de9e445375d55b48c001a6e42?s=96&d=mm&r=g","caption":"Reda\u00e7\u00e3o"},"url":"https:\/\/brasilnoticias.org\/site\/author\/henrique\/"}]}},"_links":{"self":[{"href":"https:\/\/brasilnoticias.org\/site\/wp-json\/wp\/v2\/posts\/18153","targetHints":{"allow":["GET"]}}],"collection":[{"href":"https:\/\/brasilnoticias.org\/site\/wp-json\/wp\/v2\/posts"}],"about":[{"href":"https:\/\/brasilnoticias.org\/site\/wp-json\/wp\/v2\/types\/post"}],"author":[{"embeddable":true,"href":"https:\/\/brasilnoticias.org\/site\/wp-json\/wp\/v2\/users\/4"}],"replies":[{"embeddable":true,"href":"https:\/\/brasilnoticias.org\/site\/wp-json\/wp\/v2\/comments?post=18153"}],"version-history":[{"count":1,"href":"https:\/\/brasilnoticias.org\/site\/wp-json\/wp\/v2\/posts\/18153\/revisions"}],"predecessor-version":[{"id":18155,"href":"https:\/\/brasilnoticias.org\/site\/wp-json\/wp\/v2\/posts\/18153\/revisions\/18155"}],"wp:featuredmedia":[{"embeddable":true,"href":"https:\/\/brasilnoticias.org\/site\/wp-json\/wp\/v2\/media\/18154"}],"wp:attachment":[{"href":"https:\/\/brasilnoticias.org\/site\/wp-json\/wp\/v2\/media?parent=18153"}],"wp:term":[{"taxonomy":"category","embeddable":true,"href":"https:\/\/brasilnoticias.org\/site\/wp-json\/wp\/v2\/categories?post=18153"},{"taxonomy":"post_tag","embeddable":true,"href":"https:\/\/brasilnoticias.org\/site\/wp-json\/wp\/v2\/tags?post=18153"}],"curies":[{"name":"wp","href":"https:\/\/api.w.org\/{rel}","templated":true}]}}