{"id":18156,"date":"2025-10-07T19:53:43","date_gmt":"2025-10-07T22:53:43","guid":{"rendered":"https:\/\/brasilnoticias.org\/site\/?p=18156"},"modified":"2025-10-07T19:53:43","modified_gmt":"2025-10-07T22:53:43","slug":"caso-binho-galinha-ccj-deve-adotar-caminho-tecnico-e-suspender-prisao","status":"publish","type":"post","link":"https:\/\/brasilnoticias.org\/site\/caso-binho-galinha-ccj-deve-adotar-caminho-tecnico-e-suspender-prisao\/","title":{"rendered":"Caso Binho Galinha: CCJ deve adotar &#8216;caminho t\u00e9cnico&#8217; e suspender pris\u00e3o"},"content":{"rendered":"<p>Sess\u00e3o desta ter\u00e7a foi suspensa; autos chegaram \u00e0 Alba e deputados devem agir de forma colegiada para evitar precedentes. Defesa aponta v\u00edcio de origem no processo<\/p>\n<p>O clima na Assembleia Legislativa da Bahia (Alba) em torno da pris\u00e3o do deputado estadual Binho Galinha (PRD) \u00e9 de cautela e apreens\u00e3o. O temor n\u00e3o se restringe \u00e0 figura do colega acusado de chefiar um grupo criminoso em Feira de Santana.<\/p>\n<p>O receio maior entre os parlamentares \u00e9 abrir um precedente perigoso que possa atingir a todos no futuro. Uma reuni\u00e3o convocada pela presidente Ivana Bastos (PSD) compartilhou com os demais parlamentares os autos do processo, recebidos na manh\u00e3 desta ter\u00e7a-feira (7).<\/p>\n<p>Nos corredores e gabinetes da Casa, o Blog do Vila ouviu pol\u00edticos, assessores e advogados \u2014 inclusive da defesa do deputado. <\/p>\n<p>Sess\u00e3o suspensa e CCJ em campo<\/p>\n<p>Com o plen\u00e1rio praticamente vazio \u2014 apenas Samuel J\u00fanior (Republicanos) na Mesa Diretora e um discurso isolado de Hilton Coelho (PSOL) na tribuna \u2014, a sess\u00e3o foi suspensa. Os trabalhos ser\u00e3o retomados nesta quarta-feira (8), \u00e0s 10h, com reuni\u00e3o da Comiss\u00e3o de Constitui\u00e7\u00e3o e Justi\u00e7a (CCJ), respons\u00e1vel por decidir se mant\u00e9m ou revoga a pris\u00e3o do deputado.<\/p>\n<p>Embora aberta, a sess\u00e3o n\u00e3o ser\u00e1 transmitida pela TV Alba, e a vota\u00e7\u00e3o ocorrer\u00e1 de forma secreta. O resultado se transformar\u00e1 em um projeto de resolu\u00e7\u00e3o, que dever\u00e1 ser homologado pelo plen\u00e1rio em sess\u00e3o extraordin\u00e1ria, possivelmente entre quarta e s\u00e1bado (11).<\/p>\n<p>Ap\u00f3s a delibera\u00e7\u00e3o, apenas Robinson Almeida (PT), presidente da CCJ, e Ivana Bastos devem falar \u00e0 imprensa. Internamente, h\u00e1 expectativa de que n\u00e3o haja novas sess\u00f5es at\u00e9 a pr\u00f3xima semana, para reduzir a exposi\u00e7\u00e3o pol\u00edtica.<\/p>\n<p>Comiss\u00e3o sob press\u00e3o, mas unida<\/p>\n<p>Al\u00e9m de Robinson, integram a CCJ os deputados Alan Sanches (Uni\u00e3o Brasil), Euclides Fernandes (PT), Fab\u00edola Mansur (PSB), Felipe Duarte (PP), Hassan (PP), Sandro R\u00e9gis (Uni\u00e3o) e Vitor Bonfim (PV). Os suplentes s\u00e3o Jurailton Santos (Republicanos), Matheus Ferreira (MDB), Tiago Correia (PSDB) e Vitor Azevedo (PL).<\/p>\n<p>Apesar da press\u00e3o popular e de parte da imprensa, o entendimento predominante entre os parlamentares \u00e9 de que a CCJ e o plen\u00e1rio devem adotar um \u201ccaminho t\u00e9cnico\u201d \u2014 decis\u00e3o consensual e juridicamente respaldada, sem ceder a press\u00f5es pol\u00edticas.<\/p>\n<p>Advogados consultados pelo blog sustentam que n\u00e3o cabe pris\u00e3o preventiva de parlamentar, apenas em flagrante. Assim, a tend\u00eancia \u00e9 de que a Assembleia suspenda a pris\u00e3o.<\/p>\n<p>\u201cQualquer decis\u00e3o ser\u00e1 colegiada. Haver\u00e1 unanimidade para evitar ca\u00e7a \u00e0s bruxas de quem votar diferente\u201d, resumiu uma fonte.<\/p>\n<p>Defesa fala em v\u00edcio de origem<\/p>\n<p>Entre os argumentos jur\u00eddicos, a defesa aponta v\u00edcio de origem no processo. \u201cA pris\u00e3o foi decretada em 19 de agosto, e houve duas audi\u00eancias de instru\u00e7\u00e3o desde ent\u00e3o. Se fosse flagrante, ele j\u00e1 estaria preso. N\u00e3o existe flagrante\u201d, afirmou um dos advogados ouvidos.<\/p>\n<p>Segundo especialistas, o caso deveria estar na 2\u00aa Vara Criminal de Feira de Santana, e n\u00e3o na 1\u00aa, o que, na avalia\u00e7\u00e3o deles, torna o processo nulo desde o in\u00edcio. Outro ponto destacado \u00e9 o fato de Binho estar em uma cela no Centro de Observa\u00e7\u00e3o Penal (COP), e n\u00e3o em sala de Estado-Maior, como prev\u00ea a legisla\u00e7\u00e3o para parlamentares.<\/p>\n<p>\u201cSe essa pris\u00e3o for mantida, abre-se o precedente para que um juiz de primeiro grau prenda toda a Assembleia, se quiser. Isso fere a Constitui\u00e7\u00e3o e a Lei de Organiza\u00e7\u00e3o Judici\u00e1ria\u201d, resumiu um advogado ouvido.<\/p>\n<p>Assembleia quer evitar \u201ccavalo de pau\u201d<\/p>\n<p>A maior parte dos deputados ouvidos defende que a Casa n\u00e3o entre no m\u00e9rito penal e se limite \u00e0 an\u00e1lise regimental do caso. \u201cA Assembleia n\u00e3o pode se posicionar conforme fuxico. Se a Justi\u00e7a condenar, a\u00ed sim cabe contin\u00eancia. Agora, pr\u00e9-condena\u00e7\u00e3o, n\u00e3o\u201d, afirmou um oposicionista.<\/p>\n<p>Um governista fez uma met\u00e1fora futebol\u00edstica: \u201cA CCJ n\u00e3o pode dar cavalo de pau. Votar de um jeito e o plen\u00e1rio de outro. A Casa tem que falar uma l\u00edngua s\u00f3. Nesse caso, a Assembleia tem que ser um time de oper\u00e1rios \u2014 ningu\u00e9m pode querer ser o camisa 10.\u201d<\/p>\n<p>Consequ\u00eancias pol\u00edticas e partid\u00e1rias<\/p>\n<p>Quanto \u00e0 possibilidade de cassa\u00e7\u00e3o do mandato, a tend\u00eancia \u00e9 de que o Conselho de \u00c9tica s\u00f3 julgue o caso em 2026. O regimento d\u00e1 60 dias para an\u00e1lise e cinco sess\u00f5es para a defesa se manifestar \u2014 prazos que, com feriados e recesso, devem empurrar a decis\u00e3o para o pr\u00f3ximo ano.<\/p>\n<p>O presidente do PRD na Bahia, deputado Marcinho Oliveira, afirmou que eventual pedido de expuls\u00e3o depender\u00e1 do desfecho judicial. Vereador pela sigla em Salvador, F\u00e1bio Souza confirmou que n\u00e3o h\u00e1 orienta\u00e7\u00e3o interna at\u00e9 o momento: \u201cAcho que \u00e9 preciso aguardar o processo na Justi\u00e7a para ver se realmente ele merece alguma puni\u00e7\u00e3o.\u201d<\/p>\n<p>O caso<\/p>\n<p>Preso desde sexta-feira (3), Binho Galinha \u00e9 acusado de chefiar um grupo criminoso com ramifica\u00e7\u00f5es em Feira de Santana, Salvador e S\u00e3o Gon\u00e7alo dos Campos. Segundo as investiga\u00e7\u00f5es das opera\u00e7\u00f5es El Patr\u00f3n e Estado An\u00f4mico, conduzidas pela Pol\u00edcia Federal e pelo Minist\u00e9rio P\u00fablico da Bahia, o grupo \u00e9 suspeito de lavagem de dinheiro, obstru\u00e7\u00e3o da Justi\u00e7a, jogo do bicho, agiotagem, recepta\u00e7\u00e3o qualificada, com\u00e9rcio ilegal de armas, forma\u00e7\u00e3o de mil\u00edcia, usurpa\u00e7\u00e3o de fun\u00e7\u00e3o p\u00fablica, extors\u00e3o e associa\u00e7\u00e3o ao tr\u00e1fico de drogas.<\/p>\n<p>Foto: Evil\u00e1sio J\u00fanior<br \/>\nBlog do Vila<\/p>\n","protected":false},"excerpt":{"rendered":"<p>Sess\u00e3o desta ter\u00e7a foi suspensa; autos chegaram \u00e0 Alba e deputados devem agir de forma colegiada para evitar precedentes. Defesa<\/p>\n","protected":false},"author":4,"featured_media":18157,"comment_status":"open","ping_status":"open","sticky":false,"template":"","format":"standard","meta":{"colormag_page_container_layout":"default_layout","colormag_page_sidebar_layout":"default_layout","_FSMCFIC_featured_image_caption":"","_FSMCFIC_featured_image_nocaption":"","_FSMCFIC_featured_image_hide":"","footnotes":""},"categories":[5,1],"tags":[],"class_list":["post-18156","post","type-post","status-publish","format-standard","has-post-thumbnail","hentry","category-politica","category-ultimas"],"yoast_head":"<!-- This site is optimized with the Yoast SEO plugin v27.1.1 - https:\/\/yoast.com\/product\/yoast-seo-wordpress\/ -->\n<title>Caso Binho Galinha: CCJ deve adotar &#039;caminho t\u00e9cnico&#039; e suspender pris\u00e3o - Brasil not\u00edcias<\/title>\n<meta name=\"robots\" content=\"index, follow, max-snippet:-1, max-image-preview:large, max-video-preview:-1\" \/>\n<link rel=\"canonical\" href=\"https:\/\/brasilnoticias.org\/site\/caso-binho-galinha-ccj-deve-adotar-caminho-tecnico-e-suspender-prisao\/\" \/>\n<meta property=\"og:locale\" content=\"pt_PT\" \/>\n<meta property=\"og:type\" content=\"article\" \/>\n<meta property=\"og:title\" content=\"Caso Binho Galinha: CCJ deve adotar &#039;caminho t\u00e9cnico&#039; e suspender pris\u00e3o - Brasil not\u00edcias\" \/>\n<meta property=\"og:description\" content=\"Sess\u00e3o desta ter\u00e7a foi suspensa; autos chegaram \u00e0 Alba e deputados devem agir de forma colegiada para evitar precedentes. Defesa\" \/>\n<meta property=\"og:url\" content=\"https:\/\/brasilnoticias.org\/site\/caso-binho-galinha-ccj-deve-adotar-caminho-tecnico-e-suspender-prisao\/\" \/>\n<meta property=\"og:site_name\" content=\"Brasil not\u00edcias\" \/>\n<meta property=\"article:published_time\" content=\"2025-10-07T22:53:43+00:00\" \/>\n<meta property=\"og:image\" content=\"https:\/\/brasilnoticias.org\/site\/wp-content\/uploads\/2025\/10\/WhatsApp-Image-2025-10-07-at-19.20.41.jpeg\" \/>\n\t<meta property=\"og:image:width\" content=\"1280\" \/>\n\t<meta property=\"og:image:height\" content=\"720\" \/>\n\t<meta property=\"og:image:type\" content=\"image\/jpeg\" \/>\n<meta name=\"author\" content=\"Reda\u00e7\u00e3o\" \/>\n<meta name=\"twitter:card\" content=\"summary_large_image\" \/>\n<meta name=\"twitter:label1\" content=\"Escrito por\" \/>\n\t<meta name=\"twitter:data1\" content=\"Reda\u00e7\u00e3o\" \/>\n<script type=\"application\/ld+json\" class=\"yoast-schema-graph\">{\"@context\":\"https:\/\/schema.org\",\"@graph\":[{\"@type\":\"Article\",\"@id\":\"https:\/\/brasilnoticias.org\/site\/caso-binho-galinha-ccj-deve-adotar-caminho-tecnico-e-suspender-prisao\/#article\",\"isPartOf\":{\"@id\":\"https:\/\/brasilnoticias.org\/site\/caso-binho-galinha-ccj-deve-adotar-caminho-tecnico-e-suspender-prisao\/\"},\"author\":{\"name\":\"Reda\u00e7\u00e3o\",\"@id\":\"https:\/\/brasilnoticias.org\/site\/#\/schema\/person\/03bbbfe6c7634ad18c26444ea39049fa\"},\"headline\":\"Caso Binho Galinha: CCJ deve adotar &#8216;caminho t\u00e9cnico&#8217; e suspender pris\u00e3o\",\"datePublished\":\"2025-10-07T22:53:43+00:00\",\"mainEntityOfPage\":{\"@id\":\"https:\/\/brasilnoticias.org\/site\/caso-binho-galinha-ccj-deve-adotar-caminho-tecnico-e-suspender-prisao\/\"},\"wordCount\":956,\"commentCount\":0,\"publisher\":{\"@id\":\"https:\/\/brasilnoticias.org\/site\/#organization\"},\"image\":{\"@id\":\"https:\/\/brasilnoticias.org\/site\/caso-binho-galinha-ccj-deve-adotar-caminho-tecnico-e-suspender-prisao\/#primaryimage\"},\"thumbnailUrl\":\"https:\/\/brasilnoticias.org\/site\/wp-content\/uploads\/2025\/10\/WhatsApp-Image-2025-10-07-at-19.20.41.jpeg\",\"articleSection\":[\"Pol\u00edtica\",\"\u00daltimas\"],\"inLanguage\":\"pt-PT\",\"potentialAction\":[{\"@type\":\"CommentAction\",\"name\":\"Comment\",\"target\":[\"https:\/\/brasilnoticias.org\/site\/caso-binho-galinha-ccj-deve-adotar-caminho-tecnico-e-suspender-prisao\/#respond\"]}]},{\"@type\":\"WebPage\",\"@id\":\"https:\/\/brasilnoticias.org\/site\/caso-binho-galinha-ccj-deve-adotar-caminho-tecnico-e-suspender-prisao\/\",\"url\":\"https:\/\/brasilnoticias.org\/site\/caso-binho-galinha-ccj-deve-adotar-caminho-tecnico-e-suspender-prisao\/\",\"name\":\"Caso Binho Galinha: CCJ deve adotar 'caminho t\u00e9cnico' e suspender pris\u00e3o - Brasil not\u00edcias\",\"isPartOf\":{\"@id\":\"https:\/\/brasilnoticias.org\/site\/#website\"},\"primaryImageOfPage\":{\"@id\":\"https:\/\/brasilnoticias.org\/site\/caso-binho-galinha-ccj-deve-adotar-caminho-tecnico-e-suspender-prisao\/#primaryimage\"},\"image\":{\"@id\":\"https:\/\/brasilnoticias.org\/site\/caso-binho-galinha-ccj-deve-adotar-caminho-tecnico-e-suspender-prisao\/#primaryimage\"},\"thumbnailUrl\":\"https:\/\/brasilnoticias.org\/site\/wp-content\/uploads\/2025\/10\/WhatsApp-Image-2025-10-07-at-19.20.41.jpeg\",\"datePublished\":\"2025-10-07T22:53:43+00:00\",\"breadcrumb\":{\"@id\":\"https:\/\/brasilnoticias.org\/site\/caso-binho-galinha-ccj-deve-adotar-caminho-tecnico-e-suspender-prisao\/#breadcrumb\"},\"inLanguage\":\"pt-PT\",\"potentialAction\":[{\"@type\":\"ReadAction\",\"target\":[\"https:\/\/brasilnoticias.org\/site\/caso-binho-galinha-ccj-deve-adotar-caminho-tecnico-e-suspender-prisao\/\"]}]},{\"@type\":\"ImageObject\",\"inLanguage\":\"pt-PT\",\"@id\":\"https:\/\/brasilnoticias.org\/site\/caso-binho-galinha-ccj-deve-adotar-caminho-tecnico-e-suspender-prisao\/#primaryimage\",\"url\":\"https:\/\/brasilnoticias.org\/site\/wp-content\/uploads\/2025\/10\/WhatsApp-Image-2025-10-07-at-19.20.41.jpeg\",\"contentUrl\":\"https:\/\/brasilnoticias.org\/site\/wp-content\/uploads\/2025\/10\/WhatsApp-Image-2025-10-07-at-19.20.41.jpeg\",\"width\":1280,\"height\":720},{\"@type\":\"BreadcrumbList\",\"@id\":\"https:\/\/brasilnoticias.org\/site\/caso-binho-galinha-ccj-deve-adotar-caminho-tecnico-e-suspender-prisao\/#breadcrumb\",\"itemListElement\":[{\"@type\":\"ListItem\",\"position\":1,\"name\":\"In\u00edcio\",\"item\":\"https:\/\/brasilnoticias.org\/site\/\"},{\"@type\":\"ListItem\",\"position\":2,\"name\":\"Caso Binho Galinha: CCJ deve adotar &#8216;caminho t\u00e9cnico&#8217; e suspender pris\u00e3o\"}]},{\"@type\":\"WebSite\",\"@id\":\"https:\/\/brasilnoticias.org\/site\/#website\",\"url\":\"https:\/\/brasilnoticias.org\/site\/\",\"name\":\"Brasil not\u00edcias\",\"description\":\"Brasil not\u00edcias\",\"publisher\":{\"@id\":\"https:\/\/brasilnoticias.org\/site\/#organization\"},\"potentialAction\":[{\"@type\":\"SearchAction\",\"target\":{\"@type\":\"EntryPoint\",\"urlTemplate\":\"https:\/\/brasilnoticias.org\/site\/?s={search_term_string}\"},\"query-input\":{\"@type\":\"PropertyValueSpecification\",\"valueRequired\":true,\"valueName\":\"search_term_string\"}}],\"inLanguage\":\"pt-PT\"},{\"@type\":\"Organization\",\"@id\":\"https:\/\/brasilnoticias.org\/site\/#organization\",\"name\":\"Brasil not\u00edcias\",\"url\":\"https:\/\/brasilnoticias.org\/site\/\",\"logo\":{\"@type\":\"ImageObject\",\"inLanguage\":\"pt-PT\",\"@id\":\"https:\/\/brasilnoticias.org\/site\/#\/schema\/logo\/image\/\",\"url\":\"https:\/\/brasilnoticias.org\/site\/wp-content\/uploads\/2022\/05\/cropped-brasilnoticias-mini.jpg\",\"contentUrl\":\"https:\/\/brasilnoticias.org\/site\/wp-content\/uploads\/2022\/05\/cropped-brasilnoticias-mini.jpg\",\"width\":314,\"height\":86,\"caption\":\"Brasil not\u00edcias\"},\"image\":{\"@id\":\"https:\/\/brasilnoticias.org\/site\/#\/schema\/logo\/image\/\"}},{\"@type\":\"Person\",\"@id\":\"https:\/\/brasilnoticias.org\/site\/#\/schema\/person\/03bbbfe6c7634ad18c26444ea39049fa\",\"name\":\"Reda\u00e7\u00e3o\",\"image\":{\"@type\":\"ImageObject\",\"inLanguage\":\"pt-PT\",\"@id\":\"https:\/\/brasilnoticias.org\/site\/#\/schema\/person\/image\/\",\"url\":\"https:\/\/secure.gravatar.com\/avatar\/9ecaf7327a696cb23ad926fedded5f1f04d7049de9e445375d55b48c001a6e42?s=96&d=mm&r=g\",\"contentUrl\":\"https:\/\/secure.gravatar.com\/avatar\/9ecaf7327a696cb23ad926fedded5f1f04d7049de9e445375d55b48c001a6e42?s=96&d=mm&r=g\",\"caption\":\"Reda\u00e7\u00e3o\"},\"url\":\"https:\/\/brasilnoticias.org\/site\/author\/henrique\/\"}]}<\/script>\n<!-- \/ Yoast SEO plugin. -->","yoast_head_json":{"title":"Caso Binho Galinha: CCJ deve adotar 'caminho t\u00e9cnico' e suspender pris\u00e3o - Brasil not\u00edcias","robots":{"index":"index","follow":"follow","max-snippet":"max-snippet:-1","max-image-preview":"max-image-preview:large","max-video-preview":"max-video-preview:-1"},"canonical":"https:\/\/brasilnoticias.org\/site\/caso-binho-galinha-ccj-deve-adotar-caminho-tecnico-e-suspender-prisao\/","og_locale":"pt_PT","og_type":"article","og_title":"Caso Binho Galinha: CCJ deve adotar 'caminho t\u00e9cnico' e suspender pris\u00e3o - Brasil not\u00edcias","og_description":"Sess\u00e3o desta ter\u00e7a foi suspensa; autos chegaram \u00e0 Alba e deputados devem agir de forma colegiada para evitar precedentes. Defesa","og_url":"https:\/\/brasilnoticias.org\/site\/caso-binho-galinha-ccj-deve-adotar-caminho-tecnico-e-suspender-prisao\/","og_site_name":"Brasil not\u00edcias","article_published_time":"2025-10-07T22:53:43+00:00","og_image":[{"width":1280,"height":720,"url":"https:\/\/brasilnoticias.org\/site\/wp-content\/uploads\/2025\/10\/WhatsApp-Image-2025-10-07-at-19.20.41.jpeg","type":"image\/jpeg"}],"author":"Reda\u00e7\u00e3o","twitter_card":"summary_large_image","twitter_misc":{"Escrito por":"Reda\u00e7\u00e3o"},"schema":{"@context":"https:\/\/schema.org","@graph":[{"@type":"Article","@id":"https:\/\/brasilnoticias.org\/site\/caso-binho-galinha-ccj-deve-adotar-caminho-tecnico-e-suspender-prisao\/#article","isPartOf":{"@id":"https:\/\/brasilnoticias.org\/site\/caso-binho-galinha-ccj-deve-adotar-caminho-tecnico-e-suspender-prisao\/"},"author":{"name":"Reda\u00e7\u00e3o","@id":"https:\/\/brasilnoticias.org\/site\/#\/schema\/person\/03bbbfe6c7634ad18c26444ea39049fa"},"headline":"Caso Binho Galinha: CCJ deve adotar &#8216;caminho t\u00e9cnico&#8217; e suspender pris\u00e3o","datePublished":"2025-10-07T22:53:43+00:00","mainEntityOfPage":{"@id":"https:\/\/brasilnoticias.org\/site\/caso-binho-galinha-ccj-deve-adotar-caminho-tecnico-e-suspender-prisao\/"},"wordCount":956,"commentCount":0,"publisher":{"@id":"https:\/\/brasilnoticias.org\/site\/#organization"},"image":{"@id":"https:\/\/brasilnoticias.org\/site\/caso-binho-galinha-ccj-deve-adotar-caminho-tecnico-e-suspender-prisao\/#primaryimage"},"thumbnailUrl":"https:\/\/brasilnoticias.org\/site\/wp-content\/uploads\/2025\/10\/WhatsApp-Image-2025-10-07-at-19.20.41.jpeg","articleSection":["Pol\u00edtica","\u00daltimas"],"inLanguage":"pt-PT","potentialAction":[{"@type":"CommentAction","name":"Comment","target":["https:\/\/brasilnoticias.org\/site\/caso-binho-galinha-ccj-deve-adotar-caminho-tecnico-e-suspender-prisao\/#respond"]}]},{"@type":"WebPage","@id":"https:\/\/brasilnoticias.org\/site\/caso-binho-galinha-ccj-deve-adotar-caminho-tecnico-e-suspender-prisao\/","url":"https:\/\/brasilnoticias.org\/site\/caso-binho-galinha-ccj-deve-adotar-caminho-tecnico-e-suspender-prisao\/","name":"Caso Binho Galinha: CCJ deve adotar 'caminho t\u00e9cnico' e suspender pris\u00e3o - Brasil not\u00edcias","isPartOf":{"@id":"https:\/\/brasilnoticias.org\/site\/#website"},"primaryImageOfPage":{"@id":"https:\/\/brasilnoticias.org\/site\/caso-binho-galinha-ccj-deve-adotar-caminho-tecnico-e-suspender-prisao\/#primaryimage"},"image":{"@id":"https:\/\/brasilnoticias.org\/site\/caso-binho-galinha-ccj-deve-adotar-caminho-tecnico-e-suspender-prisao\/#primaryimage"},"thumbnailUrl":"https:\/\/brasilnoticias.org\/site\/wp-content\/uploads\/2025\/10\/WhatsApp-Image-2025-10-07-at-19.20.41.jpeg","datePublished":"2025-10-07T22:53:43+00:00","breadcrumb":{"@id":"https:\/\/brasilnoticias.org\/site\/caso-binho-galinha-ccj-deve-adotar-caminho-tecnico-e-suspender-prisao\/#breadcrumb"},"inLanguage":"pt-PT","potentialAction":[{"@type":"ReadAction","target":["https:\/\/brasilnoticias.org\/site\/caso-binho-galinha-ccj-deve-adotar-caminho-tecnico-e-suspender-prisao\/"]}]},{"@type":"ImageObject","inLanguage":"pt-PT","@id":"https:\/\/brasilnoticias.org\/site\/caso-binho-galinha-ccj-deve-adotar-caminho-tecnico-e-suspender-prisao\/#primaryimage","url":"https:\/\/brasilnoticias.org\/site\/wp-content\/uploads\/2025\/10\/WhatsApp-Image-2025-10-07-at-19.20.41.jpeg","contentUrl":"https:\/\/brasilnoticias.org\/site\/wp-content\/uploads\/2025\/10\/WhatsApp-Image-2025-10-07-at-19.20.41.jpeg","width":1280,"height":720},{"@type":"BreadcrumbList","@id":"https:\/\/brasilnoticias.org\/site\/caso-binho-galinha-ccj-deve-adotar-caminho-tecnico-e-suspender-prisao\/#breadcrumb","itemListElement":[{"@type":"ListItem","position":1,"name":"In\u00edcio","item":"https:\/\/brasilnoticias.org\/site\/"},{"@type":"ListItem","position":2,"name":"Caso Binho Galinha: CCJ deve adotar &#8216;caminho t\u00e9cnico&#8217; e suspender pris\u00e3o"}]},{"@type":"WebSite","@id":"https:\/\/brasilnoticias.org\/site\/#website","url":"https:\/\/brasilnoticias.org\/site\/","name":"Brasil not\u00edcias","description":"Brasil not\u00edcias","publisher":{"@id":"https:\/\/brasilnoticias.org\/site\/#organization"},"potentialAction":[{"@type":"SearchAction","target":{"@type":"EntryPoint","urlTemplate":"https:\/\/brasilnoticias.org\/site\/?s={search_term_string}"},"query-input":{"@type":"PropertyValueSpecification","valueRequired":true,"valueName":"search_term_string"}}],"inLanguage":"pt-PT"},{"@type":"Organization","@id":"https:\/\/brasilnoticias.org\/site\/#organization","name":"Brasil not\u00edcias","url":"https:\/\/brasilnoticias.org\/site\/","logo":{"@type":"ImageObject","inLanguage":"pt-PT","@id":"https:\/\/brasilnoticias.org\/site\/#\/schema\/logo\/image\/","url":"https:\/\/brasilnoticias.org\/site\/wp-content\/uploads\/2022\/05\/cropped-brasilnoticias-mini.jpg","contentUrl":"https:\/\/brasilnoticias.org\/site\/wp-content\/uploads\/2022\/05\/cropped-brasilnoticias-mini.jpg","width":314,"height":86,"caption":"Brasil not\u00edcias"},"image":{"@id":"https:\/\/brasilnoticias.org\/site\/#\/schema\/logo\/image\/"}},{"@type":"Person","@id":"https:\/\/brasilnoticias.org\/site\/#\/schema\/person\/03bbbfe6c7634ad18c26444ea39049fa","name":"Reda\u00e7\u00e3o","image":{"@type":"ImageObject","inLanguage":"pt-PT","@id":"https:\/\/brasilnoticias.org\/site\/#\/schema\/person\/image\/","url":"https:\/\/secure.gravatar.com\/avatar\/9ecaf7327a696cb23ad926fedded5f1f04d7049de9e445375d55b48c001a6e42?s=96&d=mm&r=g","contentUrl":"https:\/\/secure.gravatar.com\/avatar\/9ecaf7327a696cb23ad926fedded5f1f04d7049de9e445375d55b48c001a6e42?s=96&d=mm&r=g","caption":"Reda\u00e7\u00e3o"},"url":"https:\/\/brasilnoticias.org\/site\/author\/henrique\/"}]}},"_links":{"self":[{"href":"https:\/\/brasilnoticias.org\/site\/wp-json\/wp\/v2\/posts\/18156","targetHints":{"allow":["GET"]}}],"collection":[{"href":"https:\/\/brasilnoticias.org\/site\/wp-json\/wp\/v2\/posts"}],"about":[{"href":"https:\/\/brasilnoticias.org\/site\/wp-json\/wp\/v2\/types\/post"}],"author":[{"embeddable":true,"href":"https:\/\/brasilnoticias.org\/site\/wp-json\/wp\/v2\/users\/4"}],"replies":[{"embeddable":true,"href":"https:\/\/brasilnoticias.org\/site\/wp-json\/wp\/v2\/comments?post=18156"}],"version-history":[{"count":1,"href":"https:\/\/brasilnoticias.org\/site\/wp-json\/wp\/v2\/posts\/18156\/revisions"}],"predecessor-version":[{"id":18158,"href":"https:\/\/brasilnoticias.org\/site\/wp-json\/wp\/v2\/posts\/18156\/revisions\/18158"}],"wp:featuredmedia":[{"embeddable":true,"href":"https:\/\/brasilnoticias.org\/site\/wp-json\/wp\/v2\/media\/18157"}],"wp:attachment":[{"href":"https:\/\/brasilnoticias.org\/site\/wp-json\/wp\/v2\/media?parent=18156"}],"wp:term":[{"taxonomy":"category","embeddable":true,"href":"https:\/\/brasilnoticias.org\/site\/wp-json\/wp\/v2\/categories?post=18156"},{"taxonomy":"post_tag","embeddable":true,"href":"https:\/\/brasilnoticias.org\/site\/wp-json\/wp\/v2\/tags?post=18156"}],"curies":[{"name":"wp","href":"https:\/\/api.w.org\/{rel}","templated":true}]}}