{"id":18165,"date":"2025-10-08T21:57:08","date_gmt":"2025-10-09T00:57:08","guid":{"rendered":"https:\/\/brasilnoticias.org\/site\/?p=18165"},"modified":"2025-10-08T21:57:08","modified_gmt":"2025-10-09T00:57:08","slug":"video-jogador-se-revolta-e-dispara-apos-derrota-para-o-bragantino-o-gremio-esta-sendo-roubado","status":"publish","type":"post","link":"https:\/\/brasilnoticias.org\/site\/video-jogador-se-revolta-e-dispara-apos-derrota-para-o-bragantino-o-gremio-esta-sendo-roubado\/","title":{"rendered":"V\u00cdDEO: Jogador se revolta e dispara ap\u00f3s derrota para o Bragantino: &#8220;O Gr\u00eamio est\u00e1 sendo roubado&#8221;"},"content":{"rendered":"<div>\n<p>O lateral-esquerdo<\/a> Marlon, do Gr\u00eamio,<\/a> fez um forte desabafo ap\u00f3s a derrota do time para o Bragantino por 1 a 0 neste s\u00e1bado (5), no est\u00e1dio Nabi Abi Chedid, em Bragan\u00e7a Paulista, pela 27\u00aa rodada do Campeonato Brasileiro. O jogador se mostrou indignado com a atua\u00e7\u00e3o da arbitragem e acusou a Confedera\u00e7\u00e3o Brasileira de Futebol (CBF) de falta de profissionalismo com os \u00e1rbitros. As informa\u00e7\u00f5es s\u00e3o do portal Ge.<\/p>\n<p>\u201cO Gr\u00eamio Futebol Porto-Alegrense est\u00e1 sendo categoricamente roubado desde que come\u00e7ou o campeonato. A gente vive numa liga onde voc\u00ea quer melhorar o calend\u00e1rio, mas a gente n\u00e3o tem nem profissionaliza\u00e7\u00e3o dos \u00e1rbitros\u201d, disparou o atleta na sa\u00edda de campo.<\/p>\n<p>O gol da vit\u00f3ria do Bragantino saiu de um p\u00eanalti marcado contra o Gr\u00eamio ap\u00f3s revis\u00e3o no VAR. No lance, Marlon tentou bloquear um chute e a bola bateu em seu bra\u00e7o. O jogador, no entanto, se defendeu afirmando que o bra\u00e7o estava colado ao corpo.<\/p>\n<p>\u201cEsse p\u00eanalti que foi marcado hoje aqui, que aconteceu com o Gr\u00eamio, foi uma baixaria sem tamanho, porque n\u00e3o tem crit\u00e9rio nenhum. Eu estou com o bra\u00e7o colado. Se eu fa\u00e7o amplitude de espa\u00e7o a bola bate e volta pra frente. A bola desvia do meu peito e vai pra fora\u201d, afirmou o lateral.<\/p>\n<p>Marlon tamb\u00e9m criticou a expuls\u00e3o do zagueiro Kannemann, que recebeu cart\u00e3o vermelho direto aos 42 minutos do primeiro tempo ap\u00f3s disputa de bola com o zagueiro Pedro Henrique. Segundo o jogador, a decis\u00e3o foi injusta e influenciada por situa\u00e7\u00f5es de jogos anteriores.<\/p>\n<p>\u201cA expuls\u00e3o do Kannemann, ele marca uma jogada onde n\u00e3o existe e expulsa o Kahneman, porque ele j\u00e1 est\u00e1 bravo com ele do jogo passado. N\u00f3s tivemos dois p\u00eanaltis marcados no cl\u00e1ssico Gre-Nal onde n\u00e3o existe p\u00eanalti. (\u2026) A gente foi prejudicado contra S\u00e3o Paulo, contra Santos e novamente hoje. Tu pode tirar por baixo uns 16, 17 pontos do Gr\u00eamio na competi\u00e7\u00e3o\u201d, reclamou.<\/p>\n<p>O jogador ainda fez um apelo \u00e0 CBF para que os \u00e1rbitros sejam profissionalizados e recebam mais suporte.<\/p>\n<p>\u201cCBF, profissionalizem os \u00e1rbitros. Melhora a qualidade do teu produto, porque n\u00e3o tem condi\u00e7\u00e3o de jogar mais assim\u201d, concluiu Marlon, visivelmente irritado.<\/p>\n<\/p><\/div>\n","protected":false},"excerpt":{"rendered":"<p>O lateral-esquerdo Marlon, do Gr\u00eamio, fez um forte desabafo ap\u00f3s a derrota do time para o Bragantino por 1 a<\/p>\n","protected":false},"author":21,"featured_media":18166,"comment_status":"open","ping_status":"open","sticky":false,"template":"","format":"standard","meta":{"colormag_page_container_layout":"default_layout","colormag_page_sidebar_layout":"default_layout","_FSMCFIC_featured_image_caption":"","_FSMCFIC_featured_image_nocaption":"","_FSMCFIC_featured_image_hide":"","footnotes":""},"categories":[1],"tags":[],"class_list":["post-18165","post","type-post","status-publish","format-standard","has-post-thumbnail","hentry","category-ultimas"],"yoast_head":"<!-- This site is optimized with the Yoast SEO plugin v27.1.1 - https:\/\/yoast.com\/product\/yoast-seo-wordpress\/ -->\n<title>V\u00cdDEO: Jogador se revolta e dispara ap\u00f3s derrota para o Bragantino: &quot;O Gr\u00eamio est\u00e1 sendo roubado&quot; - Brasil not\u00edcias<\/title>\n<meta name=\"robots\" content=\"index, follow, max-snippet:-1, max-image-preview:large, max-video-preview:-1\" \/>\n<link rel=\"canonical\" href=\"https:\/\/brasilnoticias.org\/site\/video-jogador-se-revolta-e-dispara-apos-derrota-para-o-bragantino-o-gremio-esta-sendo-roubado\/\" \/>\n<meta property=\"og:locale\" content=\"pt_PT\" \/>\n<meta property=\"og:type\" content=\"article\" \/>\n<meta property=\"og:title\" content=\"V\u00cdDEO: Jogador se revolta e dispara ap\u00f3s derrota para o Bragantino: &quot;O Gr\u00eamio est\u00e1 sendo roubado&quot; - Brasil not\u00edcias\" \/>\n<meta property=\"og:description\" content=\"O lateral-esquerdo Marlon, do Gr\u00eamio, fez um forte desabafo ap\u00f3s a derrota do time para o Bragantino por 1 a\" \/>\n<meta property=\"og:url\" content=\"https:\/\/brasilnoticias.org\/site\/video-jogador-se-revolta-e-dispara-apos-derrota-para-o-bragantino-o-gremio-esta-sendo-roubado\/\" \/>\n<meta property=\"og:site_name\" content=\"Brasil not\u00edcias\" \/>\n<meta property=\"article:published_time\" content=\"2025-10-09T00:57:08+00:00\" \/>\n<meta property=\"og:image\" content=\"https:\/\/brasilnoticias.org\/site\/wp-content\/uploads\/2025\/10\/whatsapp_image_2025-10-05_at_08.06.23_widelg.jpeg\" \/>\n\t<meta property=\"og:image:width\" content=\"328\" \/>\n\t<meta property=\"og:image:height\" content=\"184\" \/>\n\t<meta property=\"og:image:type\" content=\"image\/jpeg\" \/>\n<meta name=\"author\" content=\"Juliana Barbosa\" \/>\n<meta name=\"twitter:card\" content=\"summary_large_image\" \/>\n<meta name=\"twitter:label1\" content=\"Escrito por\" \/>\n\t<meta name=\"twitter:data1\" content=\"Juliana Barbosa\" \/>\n\t<meta name=\"twitter:label2\" content=\"Tempo estimado de leitura\" \/>\n\t<meta name=\"twitter:data2\" content=\"2 minutos\" \/>\n<script type=\"application\/ld+json\" class=\"yoast-schema-graph\">{\"@context\":\"https:\/\/schema.org\",\"@graph\":[{\"@type\":\"Article\",\"@id\":\"https:\/\/brasilnoticias.org\/site\/video-jogador-se-revolta-e-dispara-apos-derrota-para-o-bragantino-o-gremio-esta-sendo-roubado\/#article\",\"isPartOf\":{\"@id\":\"https:\/\/brasilnoticias.org\/site\/video-jogador-se-revolta-e-dispara-apos-derrota-para-o-bragantino-o-gremio-esta-sendo-roubado\/\"},\"author\":{\"name\":\"Juliana Barbosa\",\"@id\":\"https:\/\/brasilnoticias.org\/site\/#\/schema\/person\/7414574b43d3996cdebad2817fddcdcd\"},\"headline\":\"V\u00cdDEO: Jogador se revolta e dispara ap\u00f3s derrota para o Bragantino: &#8220;O Gr\u00eamio est\u00e1 sendo roubado&#8221;\",\"datePublished\":\"2025-10-09T00:57:08+00:00\",\"mainEntityOfPage\":{\"@id\":\"https:\/\/brasilnoticias.org\/site\/video-jogador-se-revolta-e-dispara-apos-derrota-para-o-bragantino-o-gremio-esta-sendo-roubado\/\"},\"wordCount\":412,\"commentCount\":0,\"publisher\":{\"@id\":\"https:\/\/brasilnoticias.org\/site\/#organization\"},\"image\":{\"@id\":\"https:\/\/brasilnoticias.org\/site\/video-jogador-se-revolta-e-dispara-apos-derrota-para-o-bragantino-o-gremio-esta-sendo-roubado\/#primaryimage\"},\"thumbnailUrl\":\"https:\/\/brasilnoticias.org\/site\/wp-content\/uploads\/2025\/10\/whatsapp_image_2025-10-05_at_08.06.23_widelg.jpeg\",\"articleSection\":[\"\u00daltimas\"],\"inLanguage\":\"pt-PT\",\"potentialAction\":[{\"@type\":\"CommentAction\",\"name\":\"Comment\",\"target\":[\"https:\/\/brasilnoticias.org\/site\/video-jogador-se-revolta-e-dispara-apos-derrota-para-o-bragantino-o-gremio-esta-sendo-roubado\/#respond\"]}]},{\"@type\":\"WebPage\",\"@id\":\"https:\/\/brasilnoticias.org\/site\/video-jogador-se-revolta-e-dispara-apos-derrota-para-o-bragantino-o-gremio-esta-sendo-roubado\/\",\"url\":\"https:\/\/brasilnoticias.org\/site\/video-jogador-se-revolta-e-dispara-apos-derrota-para-o-bragantino-o-gremio-esta-sendo-roubado\/\",\"name\":\"V\u00cdDEO: Jogador se revolta e dispara ap\u00f3s derrota para o Bragantino: \\\"O Gr\u00eamio est\u00e1 sendo roubado\\\" - Brasil not\u00edcias\",\"isPartOf\":{\"@id\":\"https:\/\/brasilnoticias.org\/site\/#website\"},\"primaryImageOfPage\":{\"@id\":\"https:\/\/brasilnoticias.org\/site\/video-jogador-se-revolta-e-dispara-apos-derrota-para-o-bragantino-o-gremio-esta-sendo-roubado\/#primaryimage\"},\"image\":{\"@id\":\"https:\/\/brasilnoticias.org\/site\/video-jogador-se-revolta-e-dispara-apos-derrota-para-o-bragantino-o-gremio-esta-sendo-roubado\/#primaryimage\"},\"thumbnailUrl\":\"https:\/\/brasilnoticias.org\/site\/wp-content\/uploads\/2025\/10\/whatsapp_image_2025-10-05_at_08.06.23_widelg.jpeg\",\"datePublished\":\"2025-10-09T00:57:08+00:00\",\"breadcrumb\":{\"@id\":\"https:\/\/brasilnoticias.org\/site\/video-jogador-se-revolta-e-dispara-apos-derrota-para-o-bragantino-o-gremio-esta-sendo-roubado\/#breadcrumb\"},\"inLanguage\":\"pt-PT\",\"potentialAction\":[{\"@type\":\"ReadAction\",\"target\":[\"https:\/\/brasilnoticias.org\/site\/video-jogador-se-revolta-e-dispara-apos-derrota-para-o-bragantino-o-gremio-esta-sendo-roubado\/\"]}]},{\"@type\":\"ImageObject\",\"inLanguage\":\"pt-PT\",\"@id\":\"https:\/\/brasilnoticias.org\/site\/video-jogador-se-revolta-e-dispara-apos-derrota-para-o-bragantino-o-gremio-esta-sendo-roubado\/#primaryimage\",\"url\":\"https:\/\/brasilnoticias.org\/site\/wp-content\/uploads\/2025\/10\/whatsapp_image_2025-10-05_at_08.06.23_widelg.jpeg\",\"contentUrl\":\"https:\/\/brasilnoticias.org\/site\/wp-content\/uploads\/2025\/10\/whatsapp_image_2025-10-05_at_08.06.23_widelg.jpeg\",\"width\":328,\"height\":184,\"caption\":\"V\u00cdDEO: Jogador se revolta e dispara ap\u00f3s derrota para o Bragantino: \\\"O Gr\u00eamio est\u00e1 sendo roubado\\\"\"},{\"@type\":\"BreadcrumbList\",\"@id\":\"https:\/\/brasilnoticias.org\/site\/video-jogador-se-revolta-e-dispara-apos-derrota-para-o-bragantino-o-gremio-esta-sendo-roubado\/#breadcrumb\",\"itemListElement\":[{\"@type\":\"ListItem\",\"position\":1,\"name\":\"In\u00edcio\",\"item\":\"https:\/\/brasilnoticias.org\/site\/\"},{\"@type\":\"ListItem\",\"position\":2,\"name\":\"V\u00cdDEO: Jogador se revolta e dispara ap\u00f3s derrota para o Bragantino: &#8220;O Gr\u00eamio est\u00e1 sendo roubado&#8221;\"}]},{\"@type\":\"WebSite\",\"@id\":\"https:\/\/brasilnoticias.org\/site\/#website\",\"url\":\"https:\/\/brasilnoticias.org\/site\/\",\"name\":\"Brasil not\u00edcias\",\"description\":\"Brasil not\u00edcias\",\"publisher\":{\"@id\":\"https:\/\/brasilnoticias.org\/site\/#organization\"},\"potentialAction\":[{\"@type\":\"SearchAction\",\"target\":{\"@type\":\"EntryPoint\",\"urlTemplate\":\"https:\/\/brasilnoticias.org\/site\/?s={search_term_string}\"},\"query-input\":{\"@type\":\"PropertyValueSpecification\",\"valueRequired\":true,\"valueName\":\"search_term_string\"}}],\"inLanguage\":\"pt-PT\"},{\"@type\":\"Organization\",\"@id\":\"https:\/\/brasilnoticias.org\/site\/#organization\",\"name\":\"Brasil not\u00edcias\",\"url\":\"https:\/\/brasilnoticias.org\/site\/\",\"logo\":{\"@type\":\"ImageObject\",\"inLanguage\":\"pt-PT\",\"@id\":\"https:\/\/brasilnoticias.org\/site\/#\/schema\/logo\/image\/\",\"url\":\"https:\/\/brasilnoticias.org\/site\/wp-content\/uploads\/2022\/05\/cropped-brasilnoticias-mini.jpg\",\"contentUrl\":\"https:\/\/brasilnoticias.org\/site\/wp-content\/uploads\/2022\/05\/cropped-brasilnoticias-mini.jpg\",\"width\":314,\"height\":86,\"caption\":\"Brasil not\u00edcias\"},\"image\":{\"@id\":\"https:\/\/brasilnoticias.org\/site\/#\/schema\/logo\/image\/\"}},{\"@type\":\"Person\",\"@id\":\"https:\/\/brasilnoticias.org\/site\/#\/schema\/person\/7414574b43d3996cdebad2817fddcdcd\",\"name\":\"Juliana Barbosa\",\"image\":{\"@type\":\"ImageObject\",\"inLanguage\":\"pt-PT\",\"@id\":\"https:\/\/brasilnoticias.org\/site\/#\/schema\/person\/image\/\",\"url\":\"https:\/\/secure.gravatar.com\/avatar\/?s=96&d=mm&r=g\",\"contentUrl\":\"https:\/\/secure.gravatar.com\/avatar\/?s=96&d=mm&r=g\",\"caption\":\"Juliana Barbosa\"},\"url\":\"https:\/\/brasilnoticias.org\/site\/author\/juliana_barbosa\/\"}]}<\/script>\n<!-- \/ Yoast SEO plugin. -->","yoast_head_json":{"title":"V\u00cdDEO: Jogador se revolta e dispara ap\u00f3s derrota para o Bragantino: \"O Gr\u00eamio est\u00e1 sendo roubado\" - Brasil not\u00edcias","robots":{"index":"index","follow":"follow","max-snippet":"max-snippet:-1","max-image-preview":"max-image-preview:large","max-video-preview":"max-video-preview:-1"},"canonical":"https:\/\/brasilnoticias.org\/site\/video-jogador-se-revolta-e-dispara-apos-derrota-para-o-bragantino-o-gremio-esta-sendo-roubado\/","og_locale":"pt_PT","og_type":"article","og_title":"V\u00cdDEO: Jogador se revolta e dispara ap\u00f3s derrota para o Bragantino: \"O Gr\u00eamio est\u00e1 sendo roubado\" - Brasil not\u00edcias","og_description":"O lateral-esquerdo Marlon, do Gr\u00eamio, fez um forte desabafo ap\u00f3s a derrota do time para o Bragantino por 1 a","og_url":"https:\/\/brasilnoticias.org\/site\/video-jogador-se-revolta-e-dispara-apos-derrota-para-o-bragantino-o-gremio-esta-sendo-roubado\/","og_site_name":"Brasil not\u00edcias","article_published_time":"2025-10-09T00:57:08+00:00","og_image":[{"width":328,"height":184,"url":"https:\/\/brasilnoticias.org\/site\/wp-content\/uploads\/2025\/10\/whatsapp_image_2025-10-05_at_08.06.23_widelg.jpeg","type":"image\/jpeg"}],"author":"Juliana Barbosa","twitter_card":"summary_large_image","twitter_misc":{"Escrito por":"Juliana Barbosa","Tempo estimado de leitura":"2 minutos"},"schema":{"@context":"https:\/\/schema.org","@graph":[{"@type":"Article","@id":"https:\/\/brasilnoticias.org\/site\/video-jogador-se-revolta-e-dispara-apos-derrota-para-o-bragantino-o-gremio-esta-sendo-roubado\/#article","isPartOf":{"@id":"https:\/\/brasilnoticias.org\/site\/video-jogador-se-revolta-e-dispara-apos-derrota-para-o-bragantino-o-gremio-esta-sendo-roubado\/"},"author":{"name":"Juliana Barbosa","@id":"https:\/\/brasilnoticias.org\/site\/#\/schema\/person\/7414574b43d3996cdebad2817fddcdcd"},"headline":"V\u00cdDEO: Jogador se revolta e dispara ap\u00f3s derrota para o Bragantino: &#8220;O Gr\u00eamio est\u00e1 sendo roubado&#8221;","datePublished":"2025-10-09T00:57:08+00:00","mainEntityOfPage":{"@id":"https:\/\/brasilnoticias.org\/site\/video-jogador-se-revolta-e-dispara-apos-derrota-para-o-bragantino-o-gremio-esta-sendo-roubado\/"},"wordCount":412,"commentCount":0,"publisher":{"@id":"https:\/\/brasilnoticias.org\/site\/#organization"},"image":{"@id":"https:\/\/brasilnoticias.org\/site\/video-jogador-se-revolta-e-dispara-apos-derrota-para-o-bragantino-o-gremio-esta-sendo-roubado\/#primaryimage"},"thumbnailUrl":"https:\/\/brasilnoticias.org\/site\/wp-content\/uploads\/2025\/10\/whatsapp_image_2025-10-05_at_08.06.23_widelg.jpeg","articleSection":["\u00daltimas"],"inLanguage":"pt-PT","potentialAction":[{"@type":"CommentAction","name":"Comment","target":["https:\/\/brasilnoticias.org\/site\/video-jogador-se-revolta-e-dispara-apos-derrota-para-o-bragantino-o-gremio-esta-sendo-roubado\/#respond"]}]},{"@type":"WebPage","@id":"https:\/\/brasilnoticias.org\/site\/video-jogador-se-revolta-e-dispara-apos-derrota-para-o-bragantino-o-gremio-esta-sendo-roubado\/","url":"https:\/\/brasilnoticias.org\/site\/video-jogador-se-revolta-e-dispara-apos-derrota-para-o-bragantino-o-gremio-esta-sendo-roubado\/","name":"V\u00cdDEO: Jogador se revolta e dispara ap\u00f3s derrota para o Bragantino: \"O Gr\u00eamio est\u00e1 sendo roubado\" - Brasil not\u00edcias","isPartOf":{"@id":"https:\/\/brasilnoticias.org\/site\/#website"},"primaryImageOfPage":{"@id":"https:\/\/brasilnoticias.org\/site\/video-jogador-se-revolta-e-dispara-apos-derrota-para-o-bragantino-o-gremio-esta-sendo-roubado\/#primaryimage"},"image":{"@id":"https:\/\/brasilnoticias.org\/site\/video-jogador-se-revolta-e-dispara-apos-derrota-para-o-bragantino-o-gremio-esta-sendo-roubado\/#primaryimage"},"thumbnailUrl":"https:\/\/brasilnoticias.org\/site\/wp-content\/uploads\/2025\/10\/whatsapp_image_2025-10-05_at_08.06.23_widelg.jpeg","datePublished":"2025-10-09T00:57:08+00:00","breadcrumb":{"@id":"https:\/\/brasilnoticias.org\/site\/video-jogador-se-revolta-e-dispara-apos-derrota-para-o-bragantino-o-gremio-esta-sendo-roubado\/#breadcrumb"},"inLanguage":"pt-PT","potentialAction":[{"@type":"ReadAction","target":["https:\/\/brasilnoticias.org\/site\/video-jogador-se-revolta-e-dispara-apos-derrota-para-o-bragantino-o-gremio-esta-sendo-roubado\/"]}]},{"@type":"ImageObject","inLanguage":"pt-PT","@id":"https:\/\/brasilnoticias.org\/site\/video-jogador-se-revolta-e-dispara-apos-derrota-para-o-bragantino-o-gremio-esta-sendo-roubado\/#primaryimage","url":"https:\/\/brasilnoticias.org\/site\/wp-content\/uploads\/2025\/10\/whatsapp_image_2025-10-05_at_08.06.23_widelg.jpeg","contentUrl":"https:\/\/brasilnoticias.org\/site\/wp-content\/uploads\/2025\/10\/whatsapp_image_2025-10-05_at_08.06.23_widelg.jpeg","width":328,"height":184,"caption":"V\u00cdDEO: Jogador se revolta e dispara ap\u00f3s derrota para o Bragantino: \"O Gr\u00eamio est\u00e1 sendo roubado\""},{"@type":"BreadcrumbList","@id":"https:\/\/brasilnoticias.org\/site\/video-jogador-se-revolta-e-dispara-apos-derrota-para-o-bragantino-o-gremio-esta-sendo-roubado\/#breadcrumb","itemListElement":[{"@type":"ListItem","position":1,"name":"In\u00edcio","item":"https:\/\/brasilnoticias.org\/site\/"},{"@type":"ListItem","position":2,"name":"V\u00cdDEO: Jogador se revolta e dispara ap\u00f3s derrota para o Bragantino: &#8220;O Gr\u00eamio est\u00e1 sendo roubado&#8221;"}]},{"@type":"WebSite","@id":"https:\/\/brasilnoticias.org\/site\/#website","url":"https:\/\/brasilnoticias.org\/site\/","name":"Brasil not\u00edcias","description":"Brasil not\u00edcias","publisher":{"@id":"https:\/\/brasilnoticias.org\/site\/#organization"},"potentialAction":[{"@type":"SearchAction","target":{"@type":"EntryPoint","urlTemplate":"https:\/\/brasilnoticias.org\/site\/?s={search_term_string}"},"query-input":{"@type":"PropertyValueSpecification","valueRequired":true,"valueName":"search_term_string"}}],"inLanguage":"pt-PT"},{"@type":"Organization","@id":"https:\/\/brasilnoticias.org\/site\/#organization","name":"Brasil not\u00edcias","url":"https:\/\/brasilnoticias.org\/site\/","logo":{"@type":"ImageObject","inLanguage":"pt-PT","@id":"https:\/\/brasilnoticias.org\/site\/#\/schema\/logo\/image\/","url":"https:\/\/brasilnoticias.org\/site\/wp-content\/uploads\/2022\/05\/cropped-brasilnoticias-mini.jpg","contentUrl":"https:\/\/brasilnoticias.org\/site\/wp-content\/uploads\/2022\/05\/cropped-brasilnoticias-mini.jpg","width":314,"height":86,"caption":"Brasil not\u00edcias"},"image":{"@id":"https:\/\/brasilnoticias.org\/site\/#\/schema\/logo\/image\/"}},{"@type":"Person","@id":"https:\/\/brasilnoticias.org\/site\/#\/schema\/person\/7414574b43d3996cdebad2817fddcdcd","name":"Juliana Barbosa","image":{"@type":"ImageObject","inLanguage":"pt-PT","@id":"https:\/\/brasilnoticias.org\/site\/#\/schema\/person\/image\/","url":"https:\/\/secure.gravatar.com\/avatar\/?s=96&d=mm&r=g","contentUrl":"https:\/\/secure.gravatar.com\/avatar\/?s=96&d=mm&r=g","caption":"Juliana Barbosa"},"url":"https:\/\/brasilnoticias.org\/site\/author\/juliana_barbosa\/"}]}},"_links":{"self":[{"href":"https:\/\/brasilnoticias.org\/site\/wp-json\/wp\/v2\/posts\/18165","targetHints":{"allow":["GET"]}}],"collection":[{"href":"https:\/\/brasilnoticias.org\/site\/wp-json\/wp\/v2\/posts"}],"about":[{"href":"https:\/\/brasilnoticias.org\/site\/wp-json\/wp\/v2\/types\/post"}],"author":[{"embeddable":true,"href":"https:\/\/brasilnoticias.org\/site\/wp-json\/wp\/v2\/users\/21"}],"replies":[{"embeddable":true,"href":"https:\/\/brasilnoticias.org\/site\/wp-json\/wp\/v2\/comments?post=18165"}],"version-history":[{"count":1,"href":"https:\/\/brasilnoticias.org\/site\/wp-json\/wp\/v2\/posts\/18165\/revisions"}],"predecessor-version":[{"id":18167,"href":"https:\/\/brasilnoticias.org\/site\/wp-json\/wp\/v2\/posts\/18165\/revisions\/18167"}],"wp:featuredmedia":[{"embeddable":true,"href":"https:\/\/brasilnoticias.org\/site\/wp-json\/wp\/v2\/media\/18166"}],"wp:attachment":[{"href":"https:\/\/brasilnoticias.org\/site\/wp-json\/wp\/v2\/media?parent=18165"}],"wp:term":[{"taxonomy":"category","embeddable":true,"href":"https:\/\/brasilnoticias.org\/site\/wp-json\/wp\/v2\/categories?post=18165"},{"taxonomy":"post_tag","embeddable":true,"href":"https:\/\/brasilnoticias.org\/site\/wp-json\/wp\/v2\/tags?post=18165"}],"curies":[{"name":"wp","href":"https:\/\/api.w.org\/{rel}","templated":true}]}}