{"id":18196,"date":"2025-10-09T20:44:13","date_gmt":"2025-10-09T23:44:13","guid":{"rendered":"https:\/\/brasilnoticias.org\/site\/?p=18196"},"modified":"2025-10-09T20:44:13","modified_gmt":"2025-10-09T23:44:13","slug":"polemica-de-ocupacao-da-areia-na-barra-volta-as-redes-e-semop-promete-reforco-na-fiscalizacao","status":"publish","type":"post","link":"https:\/\/brasilnoticias.org\/site\/polemica-de-ocupacao-da-areia-na-barra-volta-as-redes-e-semop-promete-reforco-na-fiscalizacao\/","title":{"rendered":"Pol\u00eamica de ocupa\u00e7\u00e3o da areia na Barra volta \u00e0s redes, e Semop promete refor\u00e7o na fiscaliza\u00e7\u00e3o"},"content":{"rendered":"<p>Reclama\u00e7\u00e3o de turista sobre excesso de sombreiros reacende debate antigo; prefeitura mant\u00e9m regras para uso da faixa de areia<\/p>\n<p>A pol\u00eamica da ocupa\u00e7\u00e3o da faixa de areia da Barra voltou a tomar as redes sociais neste final de semana, ap\u00f3s a postagem de uma turista de Sergipe. Em v\u00eddeo publicado nas redes sociais, a mulher reclamou da falta de espa\u00e7o para os banhistas que ocupavam a areia tomada por cadeiras e sombreiros, e comparou a praia de Aracaju. <\/p>\n<p>&#8220;O pessoal fala tanto de Aracaju, que o mar \u00e9 longe da areia, pior \u00e9 aqui, n\u00e3o tem nem onde ficar. &#8220;\u00c9 um trepado em cima do outro, porque n\u00e3o tem espa\u00e7o. Ali j\u00e1 \u00e9 o muro da praia. N\u00e3o d\u00e1. A\u00ed, voc\u00eas querem falar de Aracaju. [Em] Aracaju, ningu\u00e9m briga com ningu\u00e9m para ficar na areia. Tem lugar para todo mundo&#8221;, disse.<\/p>\n<p>Em janeiro, o assunto tamb\u00e9m repercutiu entre os moradores da cidade ap\u00f3s a reclama\u00e7\u00e3o de turistas sobre a quantidade de cadeiras e sombreiros no Porto da Barra. Diante das queixas, a Secretaria Municipal de Ordem P\u00fablica (Semop) realizou uma reuni\u00e3o com os permission\u00e1rios e, segundo a pasta, refor\u00e7ou uma regra que j\u00e1 existia: cada comerciante pode distribuir at\u00e9 10 kits ( com um sombreiro, uma mesa e tr\u00eas cadeiras) e deixar recolhido at\u00e9 o uso do cliente.<\/p>\n<p>Insatisfeitos, os comerciantes chegaram a realizar uma greve alegando que 10 kits eram insuficientes para arcar com os custos do servi\u00e7o. O tema chegou a ser mat\u00e9ria de capa do Jornal Metropole. Relembre aqui.<\/p>\n<p>Procurada, a Semop afirmou que, com a chegada do ver\u00e3o, vai intensificar a fiscaliza\u00e7\u00e3o j\u00e1 realizada na orla de Salvador para garantir o ordenamento e acesso \u00e0 praia &#8211; em especial, nas \u00e1reas de grande movimento, como a Barra. \u201cO local, mant\u00e9m as mesmas adequa\u00e7\u00f5es definidas para a alta esta\u00e7\u00e3o de 2025, em que cada permission\u00e1rio pode utilizar at\u00e9 10 kits de mesas e cadeiras, devendo realizar a montagem dos equipamentos ap\u00f3s as 8h, conforme a demanda dos clientes\u201d, detalhou a pasta.<\/p>\n<p>Foto: Secom\/Jefferson Peixoto<br \/>\nPor: Metro1<\/p>\n","protected":false},"excerpt":{"rendered":"<p>Reclama\u00e7\u00e3o de turista sobre excesso de sombreiros reacende debate antigo; prefeitura mant\u00e9m regras para uso da faixa de areia A<\/p>\n","protected":false},"author":4,"featured_media":18197,"comment_status":"open","ping_status":"open","sticky":false,"template":"","format":"standard","meta":{"colormag_page_container_layout":"default_layout","colormag_page_sidebar_layout":"default_layout","_FSMCFIC_featured_image_caption":"","_FSMCFIC_featured_image_nocaption":"","_FSMCFIC_featured_image_hide":"","footnotes":""},"categories":[2,1],"tags":[],"class_list":["post-18196","post","type-post","status-publish","format-standard","has-post-thumbnail","hentry","category-noticias","category-ultimas"],"yoast_head":"<!-- This site is optimized with the Yoast SEO plugin v27.1.1 - https:\/\/yoast.com\/product\/yoast-seo-wordpress\/ -->\n<title>Pol\u00eamica de ocupa\u00e7\u00e3o da areia na Barra volta \u00e0s redes, e Semop promete refor\u00e7o na fiscaliza\u00e7\u00e3o - Brasil not\u00edcias<\/title>\n<meta name=\"robots\" content=\"index, follow, max-snippet:-1, max-image-preview:large, max-video-preview:-1\" \/>\n<link rel=\"canonical\" href=\"https:\/\/brasilnoticias.org\/site\/polemica-de-ocupacao-da-areia-na-barra-volta-as-redes-e-semop-promete-reforco-na-fiscalizacao\/\" \/>\n<meta property=\"og:locale\" content=\"pt_PT\" \/>\n<meta property=\"og:type\" content=\"article\" \/>\n<meta property=\"og:title\" content=\"Pol\u00eamica de ocupa\u00e7\u00e3o da areia na Barra volta \u00e0s redes, e Semop promete refor\u00e7o na fiscaliza\u00e7\u00e3o - Brasil not\u00edcias\" \/>\n<meta property=\"og:description\" content=\"Reclama\u00e7\u00e3o de turista sobre excesso de sombreiros reacende debate antigo; prefeitura mant\u00e9m regras para uso da faixa de areia A\" \/>\n<meta property=\"og:url\" content=\"https:\/\/brasilnoticias.org\/site\/polemica-de-ocupacao-da-areia-na-barra-volta-as-redes-e-semop-promete-reforco-na-fiscalizacao\/\" \/>\n<meta property=\"og:site_name\" content=\"Brasil not\u00edcias\" \/>\n<meta property=\"article:published_time\" content=\"2025-10-09T23:44:13+00:00\" \/>\n<meta property=\"og:image\" content=\"https:\/\/brasilnoticias.org\/site\/wp-content\/uploads\/2025\/10\/171406polemica-de-ocupacao-da-areia-na-barra-volta-as-redes-e-semop-promete-reforco-na-fiscalizacao-3.jpg\" \/>\n\t<meta property=\"og:image:width\" content=\"1600\" \/>\n\t<meta property=\"og:image:height\" content=\"752\" \/>\n\t<meta property=\"og:image:type\" content=\"image\/jpeg\" \/>\n<meta name=\"author\" content=\"Reda\u00e7\u00e3o\" \/>\n<meta name=\"twitter:card\" content=\"summary_large_image\" \/>\n<meta name=\"twitter:label1\" content=\"Escrito por\" \/>\n\t<meta name=\"twitter:data1\" content=\"Reda\u00e7\u00e3o\" \/>\n\t<meta name=\"twitter:label2\" content=\"Tempo estimado de leitura\" \/>\n\t<meta name=\"twitter:data2\" content=\"1 minuto\" \/>\n<script type=\"application\/ld+json\" class=\"yoast-schema-graph\">{\"@context\":\"https:\/\/schema.org\",\"@graph\":[{\"@type\":\"Article\",\"@id\":\"https:\/\/brasilnoticias.org\/site\/polemica-de-ocupacao-da-areia-na-barra-volta-as-redes-e-semop-promete-reforco-na-fiscalizacao\/#article\",\"isPartOf\":{\"@id\":\"https:\/\/brasilnoticias.org\/site\/polemica-de-ocupacao-da-areia-na-barra-volta-as-redes-e-semop-promete-reforco-na-fiscalizacao\/\"},\"author\":{\"name\":\"Reda\u00e7\u00e3o\",\"@id\":\"https:\/\/brasilnoticias.org\/site\/#\/schema\/person\/03bbbfe6c7634ad18c26444ea39049fa\"},\"headline\":\"Pol\u00eamica de ocupa\u00e7\u00e3o da areia na Barra volta \u00e0s redes, e Semop promete refor\u00e7o na fiscaliza\u00e7\u00e3o\",\"datePublished\":\"2025-10-09T23:44:13+00:00\",\"mainEntityOfPage\":{\"@id\":\"https:\/\/brasilnoticias.org\/site\/polemica-de-ocupacao-da-areia-na-barra-volta-as-redes-e-semop-promete-reforco-na-fiscalizacao\/\"},\"wordCount\":381,\"commentCount\":0,\"publisher\":{\"@id\":\"https:\/\/brasilnoticias.org\/site\/#organization\"},\"image\":{\"@id\":\"https:\/\/brasilnoticias.org\/site\/polemica-de-ocupacao-da-areia-na-barra-volta-as-redes-e-semop-promete-reforco-na-fiscalizacao\/#primaryimage\"},\"thumbnailUrl\":\"https:\/\/brasilnoticias.org\/site\/wp-content\/uploads\/2025\/10\/171406polemica-de-ocupacao-da-areia-na-barra-volta-as-redes-e-semop-promete-reforco-na-fiscalizacao-3.jpg\",\"articleSection\":[\"Not\u00edcias\",\"\u00daltimas\"],\"inLanguage\":\"pt-PT\",\"potentialAction\":[{\"@type\":\"CommentAction\",\"name\":\"Comment\",\"target\":[\"https:\/\/brasilnoticias.org\/site\/polemica-de-ocupacao-da-areia-na-barra-volta-as-redes-e-semop-promete-reforco-na-fiscalizacao\/#respond\"]}]},{\"@type\":\"WebPage\",\"@id\":\"https:\/\/brasilnoticias.org\/site\/polemica-de-ocupacao-da-areia-na-barra-volta-as-redes-e-semop-promete-reforco-na-fiscalizacao\/\",\"url\":\"https:\/\/brasilnoticias.org\/site\/polemica-de-ocupacao-da-areia-na-barra-volta-as-redes-e-semop-promete-reforco-na-fiscalizacao\/\",\"name\":\"Pol\u00eamica de ocupa\u00e7\u00e3o da areia na Barra volta \u00e0s redes, e Semop promete refor\u00e7o na fiscaliza\u00e7\u00e3o - Brasil not\u00edcias\",\"isPartOf\":{\"@id\":\"https:\/\/brasilnoticias.org\/site\/#website\"},\"primaryImageOfPage\":{\"@id\":\"https:\/\/brasilnoticias.org\/site\/polemica-de-ocupacao-da-areia-na-barra-volta-as-redes-e-semop-promete-reforco-na-fiscalizacao\/#primaryimage\"},\"image\":{\"@id\":\"https:\/\/brasilnoticias.org\/site\/polemica-de-ocupacao-da-areia-na-barra-volta-as-redes-e-semop-promete-reforco-na-fiscalizacao\/#primaryimage\"},\"thumbnailUrl\":\"https:\/\/brasilnoticias.org\/site\/wp-content\/uploads\/2025\/10\/171406polemica-de-ocupacao-da-areia-na-barra-volta-as-redes-e-semop-promete-reforco-na-fiscalizacao-3.jpg\",\"datePublished\":\"2025-10-09T23:44:13+00:00\",\"breadcrumb\":{\"@id\":\"https:\/\/brasilnoticias.org\/site\/polemica-de-ocupacao-da-areia-na-barra-volta-as-redes-e-semop-promete-reforco-na-fiscalizacao\/#breadcrumb\"},\"inLanguage\":\"pt-PT\",\"potentialAction\":[{\"@type\":\"ReadAction\",\"target\":[\"https:\/\/brasilnoticias.org\/site\/polemica-de-ocupacao-da-areia-na-barra-volta-as-redes-e-semop-promete-reforco-na-fiscalizacao\/\"]}]},{\"@type\":\"ImageObject\",\"inLanguage\":\"pt-PT\",\"@id\":\"https:\/\/brasilnoticias.org\/site\/polemica-de-ocupacao-da-areia-na-barra-volta-as-redes-e-semop-promete-reforco-na-fiscalizacao\/#primaryimage\",\"url\":\"https:\/\/brasilnoticias.org\/site\/wp-content\/uploads\/2025\/10\/171406polemica-de-ocupacao-da-areia-na-barra-volta-as-redes-e-semop-promete-reforco-na-fiscalizacao-3.jpg\",\"contentUrl\":\"https:\/\/brasilnoticias.org\/site\/wp-content\/uploads\/2025\/10\/171406polemica-de-ocupacao-da-areia-na-barra-volta-as-redes-e-semop-promete-reforco-na-fiscalizacao-3.jpg\",\"width\":1600,\"height\":752},{\"@type\":\"BreadcrumbList\",\"@id\":\"https:\/\/brasilnoticias.org\/site\/polemica-de-ocupacao-da-areia-na-barra-volta-as-redes-e-semop-promete-reforco-na-fiscalizacao\/#breadcrumb\",\"itemListElement\":[{\"@type\":\"ListItem\",\"position\":1,\"name\":\"In\u00edcio\",\"item\":\"https:\/\/brasilnoticias.org\/site\/\"},{\"@type\":\"ListItem\",\"position\":2,\"name\":\"Pol\u00eamica de ocupa\u00e7\u00e3o da areia na Barra volta \u00e0s redes, e Semop promete refor\u00e7o na fiscaliza\u00e7\u00e3o\"}]},{\"@type\":\"WebSite\",\"@id\":\"https:\/\/brasilnoticias.org\/site\/#website\",\"url\":\"https:\/\/brasilnoticias.org\/site\/\",\"name\":\"Brasil not\u00edcias\",\"description\":\"Brasil not\u00edcias\",\"publisher\":{\"@id\":\"https:\/\/brasilnoticias.org\/site\/#organization\"},\"potentialAction\":[{\"@type\":\"SearchAction\",\"target\":{\"@type\":\"EntryPoint\",\"urlTemplate\":\"https:\/\/brasilnoticias.org\/site\/?s={search_term_string}\"},\"query-input\":{\"@type\":\"PropertyValueSpecification\",\"valueRequired\":true,\"valueName\":\"search_term_string\"}}],\"inLanguage\":\"pt-PT\"},{\"@type\":\"Organization\",\"@id\":\"https:\/\/brasilnoticias.org\/site\/#organization\",\"name\":\"Brasil not\u00edcias\",\"url\":\"https:\/\/brasilnoticias.org\/site\/\",\"logo\":{\"@type\":\"ImageObject\",\"inLanguage\":\"pt-PT\",\"@id\":\"https:\/\/brasilnoticias.org\/site\/#\/schema\/logo\/image\/\",\"url\":\"https:\/\/brasilnoticias.org\/site\/wp-content\/uploads\/2022\/05\/cropped-brasilnoticias-mini.jpg\",\"contentUrl\":\"https:\/\/brasilnoticias.org\/site\/wp-content\/uploads\/2022\/05\/cropped-brasilnoticias-mini.jpg\",\"width\":314,\"height\":86,\"caption\":\"Brasil not\u00edcias\"},\"image\":{\"@id\":\"https:\/\/brasilnoticias.org\/site\/#\/schema\/logo\/image\/\"}},{\"@type\":\"Person\",\"@id\":\"https:\/\/brasilnoticias.org\/site\/#\/schema\/person\/03bbbfe6c7634ad18c26444ea39049fa\",\"name\":\"Reda\u00e7\u00e3o\",\"image\":{\"@type\":\"ImageObject\",\"inLanguage\":\"pt-PT\",\"@id\":\"https:\/\/brasilnoticias.org\/site\/#\/schema\/person\/image\/\",\"url\":\"https:\/\/secure.gravatar.com\/avatar\/9ecaf7327a696cb23ad926fedded5f1f04d7049de9e445375d55b48c001a6e42?s=96&d=mm&r=g\",\"contentUrl\":\"https:\/\/secure.gravatar.com\/avatar\/9ecaf7327a696cb23ad926fedded5f1f04d7049de9e445375d55b48c001a6e42?s=96&d=mm&r=g\",\"caption\":\"Reda\u00e7\u00e3o\"},\"url\":\"https:\/\/brasilnoticias.org\/site\/author\/henrique\/\"}]}<\/script>\n<!-- \/ Yoast SEO plugin. -->","yoast_head_json":{"title":"Pol\u00eamica de ocupa\u00e7\u00e3o da areia na Barra volta \u00e0s redes, e Semop promete refor\u00e7o na fiscaliza\u00e7\u00e3o - Brasil not\u00edcias","robots":{"index":"index","follow":"follow","max-snippet":"max-snippet:-1","max-image-preview":"max-image-preview:large","max-video-preview":"max-video-preview:-1"},"canonical":"https:\/\/brasilnoticias.org\/site\/polemica-de-ocupacao-da-areia-na-barra-volta-as-redes-e-semop-promete-reforco-na-fiscalizacao\/","og_locale":"pt_PT","og_type":"article","og_title":"Pol\u00eamica de ocupa\u00e7\u00e3o da areia na Barra volta \u00e0s redes, e Semop promete refor\u00e7o na fiscaliza\u00e7\u00e3o - Brasil not\u00edcias","og_description":"Reclama\u00e7\u00e3o de turista sobre excesso de sombreiros reacende debate antigo; prefeitura mant\u00e9m regras para uso da faixa de areia A","og_url":"https:\/\/brasilnoticias.org\/site\/polemica-de-ocupacao-da-areia-na-barra-volta-as-redes-e-semop-promete-reforco-na-fiscalizacao\/","og_site_name":"Brasil not\u00edcias","article_published_time":"2025-10-09T23:44:13+00:00","og_image":[{"width":1600,"height":752,"url":"https:\/\/brasilnoticias.org\/site\/wp-content\/uploads\/2025\/10\/171406polemica-de-ocupacao-da-areia-na-barra-volta-as-redes-e-semop-promete-reforco-na-fiscalizacao-3.jpg","type":"image\/jpeg"}],"author":"Reda\u00e7\u00e3o","twitter_card":"summary_large_image","twitter_misc":{"Escrito por":"Reda\u00e7\u00e3o","Tempo estimado de leitura":"1 minuto"},"schema":{"@context":"https:\/\/schema.org","@graph":[{"@type":"Article","@id":"https:\/\/brasilnoticias.org\/site\/polemica-de-ocupacao-da-areia-na-barra-volta-as-redes-e-semop-promete-reforco-na-fiscalizacao\/#article","isPartOf":{"@id":"https:\/\/brasilnoticias.org\/site\/polemica-de-ocupacao-da-areia-na-barra-volta-as-redes-e-semop-promete-reforco-na-fiscalizacao\/"},"author":{"name":"Reda\u00e7\u00e3o","@id":"https:\/\/brasilnoticias.org\/site\/#\/schema\/person\/03bbbfe6c7634ad18c26444ea39049fa"},"headline":"Pol\u00eamica de ocupa\u00e7\u00e3o da areia na Barra volta \u00e0s redes, e Semop promete refor\u00e7o na fiscaliza\u00e7\u00e3o","datePublished":"2025-10-09T23:44:13+00:00","mainEntityOfPage":{"@id":"https:\/\/brasilnoticias.org\/site\/polemica-de-ocupacao-da-areia-na-barra-volta-as-redes-e-semop-promete-reforco-na-fiscalizacao\/"},"wordCount":381,"commentCount":0,"publisher":{"@id":"https:\/\/brasilnoticias.org\/site\/#organization"},"image":{"@id":"https:\/\/brasilnoticias.org\/site\/polemica-de-ocupacao-da-areia-na-barra-volta-as-redes-e-semop-promete-reforco-na-fiscalizacao\/#primaryimage"},"thumbnailUrl":"https:\/\/brasilnoticias.org\/site\/wp-content\/uploads\/2025\/10\/171406polemica-de-ocupacao-da-areia-na-barra-volta-as-redes-e-semop-promete-reforco-na-fiscalizacao-3.jpg","articleSection":["Not\u00edcias","\u00daltimas"],"inLanguage":"pt-PT","potentialAction":[{"@type":"CommentAction","name":"Comment","target":["https:\/\/brasilnoticias.org\/site\/polemica-de-ocupacao-da-areia-na-barra-volta-as-redes-e-semop-promete-reforco-na-fiscalizacao\/#respond"]}]},{"@type":"WebPage","@id":"https:\/\/brasilnoticias.org\/site\/polemica-de-ocupacao-da-areia-na-barra-volta-as-redes-e-semop-promete-reforco-na-fiscalizacao\/","url":"https:\/\/brasilnoticias.org\/site\/polemica-de-ocupacao-da-areia-na-barra-volta-as-redes-e-semop-promete-reforco-na-fiscalizacao\/","name":"Pol\u00eamica de ocupa\u00e7\u00e3o da areia na Barra volta \u00e0s redes, e Semop promete refor\u00e7o na fiscaliza\u00e7\u00e3o - Brasil not\u00edcias","isPartOf":{"@id":"https:\/\/brasilnoticias.org\/site\/#website"},"primaryImageOfPage":{"@id":"https:\/\/brasilnoticias.org\/site\/polemica-de-ocupacao-da-areia-na-barra-volta-as-redes-e-semop-promete-reforco-na-fiscalizacao\/#primaryimage"},"image":{"@id":"https:\/\/brasilnoticias.org\/site\/polemica-de-ocupacao-da-areia-na-barra-volta-as-redes-e-semop-promete-reforco-na-fiscalizacao\/#primaryimage"},"thumbnailUrl":"https:\/\/brasilnoticias.org\/site\/wp-content\/uploads\/2025\/10\/171406polemica-de-ocupacao-da-areia-na-barra-volta-as-redes-e-semop-promete-reforco-na-fiscalizacao-3.jpg","datePublished":"2025-10-09T23:44:13+00:00","breadcrumb":{"@id":"https:\/\/brasilnoticias.org\/site\/polemica-de-ocupacao-da-areia-na-barra-volta-as-redes-e-semop-promete-reforco-na-fiscalizacao\/#breadcrumb"},"inLanguage":"pt-PT","potentialAction":[{"@type":"ReadAction","target":["https:\/\/brasilnoticias.org\/site\/polemica-de-ocupacao-da-areia-na-barra-volta-as-redes-e-semop-promete-reforco-na-fiscalizacao\/"]}]},{"@type":"ImageObject","inLanguage":"pt-PT","@id":"https:\/\/brasilnoticias.org\/site\/polemica-de-ocupacao-da-areia-na-barra-volta-as-redes-e-semop-promete-reforco-na-fiscalizacao\/#primaryimage","url":"https:\/\/brasilnoticias.org\/site\/wp-content\/uploads\/2025\/10\/171406polemica-de-ocupacao-da-areia-na-barra-volta-as-redes-e-semop-promete-reforco-na-fiscalizacao-3.jpg","contentUrl":"https:\/\/brasilnoticias.org\/site\/wp-content\/uploads\/2025\/10\/171406polemica-de-ocupacao-da-areia-na-barra-volta-as-redes-e-semop-promete-reforco-na-fiscalizacao-3.jpg","width":1600,"height":752},{"@type":"BreadcrumbList","@id":"https:\/\/brasilnoticias.org\/site\/polemica-de-ocupacao-da-areia-na-barra-volta-as-redes-e-semop-promete-reforco-na-fiscalizacao\/#breadcrumb","itemListElement":[{"@type":"ListItem","position":1,"name":"In\u00edcio","item":"https:\/\/brasilnoticias.org\/site\/"},{"@type":"ListItem","position":2,"name":"Pol\u00eamica de ocupa\u00e7\u00e3o da areia na Barra volta \u00e0s redes, e Semop promete refor\u00e7o na fiscaliza\u00e7\u00e3o"}]},{"@type":"WebSite","@id":"https:\/\/brasilnoticias.org\/site\/#website","url":"https:\/\/brasilnoticias.org\/site\/","name":"Brasil not\u00edcias","description":"Brasil not\u00edcias","publisher":{"@id":"https:\/\/brasilnoticias.org\/site\/#organization"},"potentialAction":[{"@type":"SearchAction","target":{"@type":"EntryPoint","urlTemplate":"https:\/\/brasilnoticias.org\/site\/?s={search_term_string}"},"query-input":{"@type":"PropertyValueSpecification","valueRequired":true,"valueName":"search_term_string"}}],"inLanguage":"pt-PT"},{"@type":"Organization","@id":"https:\/\/brasilnoticias.org\/site\/#organization","name":"Brasil not\u00edcias","url":"https:\/\/brasilnoticias.org\/site\/","logo":{"@type":"ImageObject","inLanguage":"pt-PT","@id":"https:\/\/brasilnoticias.org\/site\/#\/schema\/logo\/image\/","url":"https:\/\/brasilnoticias.org\/site\/wp-content\/uploads\/2022\/05\/cropped-brasilnoticias-mini.jpg","contentUrl":"https:\/\/brasilnoticias.org\/site\/wp-content\/uploads\/2022\/05\/cropped-brasilnoticias-mini.jpg","width":314,"height":86,"caption":"Brasil not\u00edcias"},"image":{"@id":"https:\/\/brasilnoticias.org\/site\/#\/schema\/logo\/image\/"}},{"@type":"Person","@id":"https:\/\/brasilnoticias.org\/site\/#\/schema\/person\/03bbbfe6c7634ad18c26444ea39049fa","name":"Reda\u00e7\u00e3o","image":{"@type":"ImageObject","inLanguage":"pt-PT","@id":"https:\/\/brasilnoticias.org\/site\/#\/schema\/person\/image\/","url":"https:\/\/secure.gravatar.com\/avatar\/9ecaf7327a696cb23ad926fedded5f1f04d7049de9e445375d55b48c001a6e42?s=96&d=mm&r=g","contentUrl":"https:\/\/secure.gravatar.com\/avatar\/9ecaf7327a696cb23ad926fedded5f1f04d7049de9e445375d55b48c001a6e42?s=96&d=mm&r=g","caption":"Reda\u00e7\u00e3o"},"url":"https:\/\/brasilnoticias.org\/site\/author\/henrique\/"}]}},"_links":{"self":[{"href":"https:\/\/brasilnoticias.org\/site\/wp-json\/wp\/v2\/posts\/18196","targetHints":{"allow":["GET"]}}],"collection":[{"href":"https:\/\/brasilnoticias.org\/site\/wp-json\/wp\/v2\/posts"}],"about":[{"href":"https:\/\/brasilnoticias.org\/site\/wp-json\/wp\/v2\/types\/post"}],"author":[{"embeddable":true,"href":"https:\/\/brasilnoticias.org\/site\/wp-json\/wp\/v2\/users\/4"}],"replies":[{"embeddable":true,"href":"https:\/\/brasilnoticias.org\/site\/wp-json\/wp\/v2\/comments?post=18196"}],"version-history":[{"count":1,"href":"https:\/\/brasilnoticias.org\/site\/wp-json\/wp\/v2\/posts\/18196\/revisions"}],"predecessor-version":[{"id":18198,"href":"https:\/\/brasilnoticias.org\/site\/wp-json\/wp\/v2\/posts\/18196\/revisions\/18198"}],"wp:featuredmedia":[{"embeddable":true,"href":"https:\/\/brasilnoticias.org\/site\/wp-json\/wp\/v2\/media\/18197"}],"wp:attachment":[{"href":"https:\/\/brasilnoticias.org\/site\/wp-json\/wp\/v2\/media?parent=18196"}],"wp:term":[{"taxonomy":"category","embeddable":true,"href":"https:\/\/brasilnoticias.org\/site\/wp-json\/wp\/v2\/categories?post=18196"},{"taxonomy":"post_tag","embeddable":true,"href":"https:\/\/brasilnoticias.org\/site\/wp-json\/wp\/v2\/tags?post=18196"}],"curies":[{"name":"wp","href":"https:\/\/api.w.org\/{rel}","templated":true}]}}