{"id":18199,"date":"2025-10-09T20:45:41","date_gmt":"2025-10-09T23:45:41","guid":{"rendered":"https:\/\/brasilnoticias.org\/site\/?p=18199"},"modified":"2025-10-09T20:45:41","modified_gmt":"2025-10-09T23:45:41","slug":"prefeitura-de-salvador-vence-premio-nacional-de-inovacao-com-o-masterplan-do-carnaval","status":"publish","type":"post","link":"https:\/\/brasilnoticias.org\/site\/prefeitura-de-salvador-vence-premio-nacional-de-inovacao-com-o-masterplan-do-carnaval\/","title":{"rendered":"Prefeitura de Salvador vence pr\u00eamio nacional de inova\u00e7\u00e3o com o Masterplan do Carnaval"},"content":{"rendered":"<p>Organizar o Carnaval de Salvador n\u00e3o \u00e9 uma tarefa f\u00e1cil, mas a Prefeitura adotou uma plataforma de planejamento que deu t\u00e3o certo que foi premiada nacionalmente. Salvador venceu a Categoria P\u00fablica do Pr\u00eamio Eu Esri Brasil 2025, o maior evento de geotecnologia do pa\u00eds. Os vencedores foram anunciados essa semana.<\/p>\n<p>Desenvolvido em 2023 pela Empresa Salvador Turismo (Saltur) em parceria com a Secretaria de Inova\u00e7\u00e3o e Tecnologia (Semit), o Masterplan \u00e9 uma ferramenta in\u00e9dita que integra informa\u00e7\u00f5es de diferentes \u00f3rg\u00e3os municipais e estaduais em uma \u00fanica plataforma digital. O sistema permite o planejamento, licenciamento e opera\u00e7\u00e3o do Carnaval de forma interativa e em tempo real, garantindo decis\u00f5es mais r\u00e1pidas, precisas e seguras.<\/p>\n<p>Na pr\u00e1tica, a plataforma permite acompanhar desde as rotas de trios e ambul\u00e2ncias at\u00e9 o fluxo de pedestres, o que otimiza a opera\u00e7\u00e3o e amplia a seguran\u00e7a. S\u00e3o 28 mapas georreferenciados, mais de 3,5 mil estruturas mapeadas com fotos, v\u00eddeos e QR Codes, al\u00e9m de monitoramento digital e pain\u00e9is em tempo real para a maior festa de rua do planeta.<\/p>\n<p>A iniciativa consolidou um novo modelo de governan\u00e7a p\u00fablica inteligente, reconhecido agora nacionalmente como refer\u00eancia na gest\u00e3o de grandes eventos. O presidente da Saltur, Isaac Edington, destacou o trabalho em equipe.<\/p>\n<p>\u201cO Carnaval continua sendo do povo, com gest\u00e3o estrat\u00e9gica, integrada e inteligente, garantindo organiza\u00e7\u00e3o, seguran\u00e7a e, acima de tudo, felicidade. Esse reconhecimento \u00e9 fruto da sinergia entre todos os \u00f3rg\u00e3os operacionais envolvidos no Carnaval, que fazem dessa festa um exemplo de planejamento e efici\u00eancia&#8221;, afirmou.<\/p>\n<p>A participa\u00e7\u00e3o da Prefeitura de Salvador no Eu Esri representa uma oportunidade estrat\u00e9gica para consolidar sua posi\u00e7\u00e3o como refer\u00eancia nacional em inova\u00e7\u00e3o e gest\u00e3o p\u00fablica digital baseada em geotecnologias, al\u00e9m de refor\u00e7ar o compromisso com a transpar\u00eancia, a intelig\u00eancia territorial e a efici\u00eancia administrativa. O secret\u00e1rio municipal de Inova\u00e7\u00e3o e Tecnologia, Alberto Braga, comemorou a conquista.<\/p>\n<p>&#8220;Esse reconhecimento confirma que estamos no caminho certo ao utilizar intelig\u00eancia geogr\u00e1fica para planejar melhor a cidade, integrar \u00f3rg\u00e3os e qualificar os servi\u00e7os oferecidos \u00e0 popula\u00e7\u00e3o. O Masterplan \u00e9 um marco na forma como Salvador planeja, executa e monitora o Carnaval. Mais do que uma solu\u00e7\u00e3o tecnol\u00f3gica, o Masterplan representa um novo modelo de governan\u00e7a digital para grandes eventos, refor\u00e7ando Salvador como refer\u00eancia nacional em inova\u00e7\u00e3o e gest\u00e3o p\u00fablica inteligente&#8221;, explicou o secret\u00e1rio.<\/p>\n<p>Premia\u00e7\u00e3o &#8211; O reconhecimento, concedido pela Environmental Systems Research Institute (Esri), refer\u00eancia mundial em intelig\u00eancia geogr\u00e1fica, destacou Salvador entre mais de 45 projetos de todo o pa\u00eds com solu\u00e7\u00f5es inovadoras em gest\u00e3o p\u00fablica, mobilidade, meio ambiente, seguran\u00e7a e inclus\u00e3o social.<\/p>\n<p>O Eu Esri \u00e9 o maior evento de geotecnologia do Brasil, realizado anualmente pela Imagem Geosistemas, representante da empresa norte-americana no pa\u00eds. O encontro re\u00fane gestores p\u00fablicos, especialistas, acad\u00eamicos e profissionais de tecnologia para compartilhar experi\u00eancias, inova\u00e7\u00f5es e boas pr\u00e1ticas. O evento \u00e9 tamb\u00e9m uma vitrine para lan\u00e7amentos de novas funcionalidades e tend\u00eancias globais no setor.<\/p>\n<p>Este ano, Salvador recebeu o t\u00edtulo do Guinness World Records, que consagrou a capital baiana como a cidade com o Maior Carnaval de Trios El\u00e9tricos do Mundo. Para a folia de 2026, quando a cidade celebra 110 anos de samba, o Masterplan ser\u00e1 novamente a base de atua\u00e7\u00e3o de 30 \u00f3rg\u00e3os municipais e estaduais, articulados em seis grandes eixos: Coordena\u00e7\u00e3o e Governan\u00e7a; Seguran\u00e7a e Ordem P\u00fablica; Mobilidade e Tr\u00e2nsito; Sa\u00fade e Vigil\u00e2ncia Sanit\u00e1ria; Limpeza e Infraestrutura; e Prote\u00e7\u00e3o Social.<\/p>\n<p>Foto: Ascom Saltur<\/p>\n","protected":false},"excerpt":{"rendered":"<p>Organizar o Carnaval de Salvador n\u00e3o \u00e9 uma tarefa f\u00e1cil, mas a Prefeitura adotou uma plataforma de planejamento que deu<\/p>\n","protected":false},"author":4,"featured_media":18200,"comment_status":"open","ping_status":"open","sticky":false,"template":"","format":"standard","meta":{"colormag_page_container_layout":"default_layout","colormag_page_sidebar_layout":"default_layout","_FSMCFIC_featured_image_caption":"","_FSMCFIC_featured_image_nocaption":"","_FSMCFIC_featured_image_hide":"","footnotes":""},"categories":[5,1],"tags":[],"class_list":["post-18199","post","type-post","status-publish","format-standard","has-post-thumbnail","hentry","category-politica","category-ultimas"],"yoast_head":"<!-- This site is optimized with the Yoast SEO plugin v27.1.1 - https:\/\/yoast.com\/product\/yoast-seo-wordpress\/ -->\n<title>Prefeitura de Salvador vence pr\u00eamio nacional de inova\u00e7\u00e3o com o Masterplan do Carnaval - Brasil not\u00edcias<\/title>\n<meta name=\"robots\" content=\"index, follow, max-snippet:-1, max-image-preview:large, max-video-preview:-1\" \/>\n<link rel=\"canonical\" href=\"https:\/\/brasilnoticias.org\/site\/prefeitura-de-salvador-vence-premio-nacional-de-inovacao-com-o-masterplan-do-carnaval\/\" \/>\n<meta property=\"og:locale\" content=\"pt_PT\" \/>\n<meta property=\"og:type\" content=\"article\" \/>\n<meta property=\"og:title\" content=\"Prefeitura de Salvador vence pr\u00eamio nacional de inova\u00e7\u00e3o com o Masterplan do Carnaval - Brasil not\u00edcias\" \/>\n<meta property=\"og:description\" content=\"Organizar o Carnaval de Salvador n\u00e3o \u00e9 uma tarefa f\u00e1cil, mas a Prefeitura adotou uma plataforma de planejamento que deu\" \/>\n<meta property=\"og:url\" content=\"https:\/\/brasilnoticias.org\/site\/prefeitura-de-salvador-vence-premio-nacional-de-inovacao-com-o-masterplan-do-carnaval\/\" \/>\n<meta property=\"og:site_name\" content=\"Brasil not\u00edcias\" \/>\n<meta property=\"article:published_time\" content=\"2025-10-09T23:45:41+00:00\" \/>\n<meta property=\"og:image\" content=\"https:\/\/brasilnoticias.org\/site\/wp-content\/uploads\/2025\/10\/WhatsApp-Image-2025-10-09-at-15.13.16.jpeg\" \/>\n\t<meta property=\"og:image:width\" content=\"1280\" \/>\n\t<meta property=\"og:image:height\" content=\"720\" \/>\n\t<meta property=\"og:image:type\" content=\"image\/jpeg\" \/>\n<meta name=\"author\" content=\"Reda\u00e7\u00e3o\" \/>\n<meta name=\"twitter:card\" content=\"summary_large_image\" \/>\n<meta name=\"twitter:label1\" content=\"Escrito por\" \/>\n\t<meta name=\"twitter:data1\" content=\"Reda\u00e7\u00e3o\" \/>\n\t<meta name=\"twitter:label2\" content=\"Tempo estimado de leitura\" \/>\n\t<meta name=\"twitter:data2\" content=\"1 minuto\" \/>\n<script type=\"application\/ld+json\" class=\"yoast-schema-graph\">{\"@context\":\"https:\/\/schema.org\",\"@graph\":[{\"@type\":\"Article\",\"@id\":\"https:\/\/brasilnoticias.org\/site\/prefeitura-de-salvador-vence-premio-nacional-de-inovacao-com-o-masterplan-do-carnaval\/#article\",\"isPartOf\":{\"@id\":\"https:\/\/brasilnoticias.org\/site\/prefeitura-de-salvador-vence-premio-nacional-de-inovacao-com-o-masterplan-do-carnaval\/\"},\"author\":{\"name\":\"Reda\u00e7\u00e3o\",\"@id\":\"https:\/\/brasilnoticias.org\/site\/#\/schema\/person\/03bbbfe6c7634ad18c26444ea39049fa\"},\"headline\":\"Prefeitura de Salvador vence pr\u00eamio nacional de inova\u00e7\u00e3o com o Masterplan do Carnaval\",\"datePublished\":\"2025-10-09T23:45:41+00:00\",\"mainEntityOfPage\":{\"@id\":\"https:\/\/brasilnoticias.org\/site\/prefeitura-de-salvador-vence-premio-nacional-de-inovacao-com-o-masterplan-do-carnaval\/\"},\"wordCount\":647,\"commentCount\":0,\"publisher\":{\"@id\":\"https:\/\/brasilnoticias.org\/site\/#organization\"},\"image\":{\"@id\":\"https:\/\/brasilnoticias.org\/site\/prefeitura-de-salvador-vence-premio-nacional-de-inovacao-com-o-masterplan-do-carnaval\/#primaryimage\"},\"thumbnailUrl\":\"https:\/\/brasilnoticias.org\/site\/wp-content\/uploads\/2025\/10\/WhatsApp-Image-2025-10-09-at-15.13.16.jpeg\",\"articleSection\":[\"Pol\u00edtica\",\"\u00daltimas\"],\"inLanguage\":\"pt-PT\",\"potentialAction\":[{\"@type\":\"CommentAction\",\"name\":\"Comment\",\"target\":[\"https:\/\/brasilnoticias.org\/site\/prefeitura-de-salvador-vence-premio-nacional-de-inovacao-com-o-masterplan-do-carnaval\/#respond\"]}]},{\"@type\":\"WebPage\",\"@id\":\"https:\/\/brasilnoticias.org\/site\/prefeitura-de-salvador-vence-premio-nacional-de-inovacao-com-o-masterplan-do-carnaval\/\",\"url\":\"https:\/\/brasilnoticias.org\/site\/prefeitura-de-salvador-vence-premio-nacional-de-inovacao-com-o-masterplan-do-carnaval\/\",\"name\":\"Prefeitura de Salvador vence pr\u00eamio nacional de inova\u00e7\u00e3o com o Masterplan do Carnaval - Brasil not\u00edcias\",\"isPartOf\":{\"@id\":\"https:\/\/brasilnoticias.org\/site\/#website\"},\"primaryImageOfPage\":{\"@id\":\"https:\/\/brasilnoticias.org\/site\/prefeitura-de-salvador-vence-premio-nacional-de-inovacao-com-o-masterplan-do-carnaval\/#primaryimage\"},\"image\":{\"@id\":\"https:\/\/brasilnoticias.org\/site\/prefeitura-de-salvador-vence-premio-nacional-de-inovacao-com-o-masterplan-do-carnaval\/#primaryimage\"},\"thumbnailUrl\":\"https:\/\/brasilnoticias.org\/site\/wp-content\/uploads\/2025\/10\/WhatsApp-Image-2025-10-09-at-15.13.16.jpeg\",\"datePublished\":\"2025-10-09T23:45:41+00:00\",\"breadcrumb\":{\"@id\":\"https:\/\/brasilnoticias.org\/site\/prefeitura-de-salvador-vence-premio-nacional-de-inovacao-com-o-masterplan-do-carnaval\/#breadcrumb\"},\"inLanguage\":\"pt-PT\",\"potentialAction\":[{\"@type\":\"ReadAction\",\"target\":[\"https:\/\/brasilnoticias.org\/site\/prefeitura-de-salvador-vence-premio-nacional-de-inovacao-com-o-masterplan-do-carnaval\/\"]}]},{\"@type\":\"ImageObject\",\"inLanguage\":\"pt-PT\",\"@id\":\"https:\/\/brasilnoticias.org\/site\/prefeitura-de-salvador-vence-premio-nacional-de-inovacao-com-o-masterplan-do-carnaval\/#primaryimage\",\"url\":\"https:\/\/brasilnoticias.org\/site\/wp-content\/uploads\/2025\/10\/WhatsApp-Image-2025-10-09-at-15.13.16.jpeg\",\"contentUrl\":\"https:\/\/brasilnoticias.org\/site\/wp-content\/uploads\/2025\/10\/WhatsApp-Image-2025-10-09-at-15.13.16.jpeg\",\"width\":1280,\"height\":720},{\"@type\":\"BreadcrumbList\",\"@id\":\"https:\/\/brasilnoticias.org\/site\/prefeitura-de-salvador-vence-premio-nacional-de-inovacao-com-o-masterplan-do-carnaval\/#breadcrumb\",\"itemListElement\":[{\"@type\":\"ListItem\",\"position\":1,\"name\":\"In\u00edcio\",\"item\":\"https:\/\/brasilnoticias.org\/site\/\"},{\"@type\":\"ListItem\",\"position\":2,\"name\":\"Prefeitura de Salvador vence pr\u00eamio nacional de inova\u00e7\u00e3o com o Masterplan do Carnaval\"}]},{\"@type\":\"WebSite\",\"@id\":\"https:\/\/brasilnoticias.org\/site\/#website\",\"url\":\"https:\/\/brasilnoticias.org\/site\/\",\"name\":\"Brasil not\u00edcias\",\"description\":\"Brasil not\u00edcias\",\"publisher\":{\"@id\":\"https:\/\/brasilnoticias.org\/site\/#organization\"},\"potentialAction\":[{\"@type\":\"SearchAction\",\"target\":{\"@type\":\"EntryPoint\",\"urlTemplate\":\"https:\/\/brasilnoticias.org\/site\/?s={search_term_string}\"},\"query-input\":{\"@type\":\"PropertyValueSpecification\",\"valueRequired\":true,\"valueName\":\"search_term_string\"}}],\"inLanguage\":\"pt-PT\"},{\"@type\":\"Organization\",\"@id\":\"https:\/\/brasilnoticias.org\/site\/#organization\",\"name\":\"Brasil not\u00edcias\",\"url\":\"https:\/\/brasilnoticias.org\/site\/\",\"logo\":{\"@type\":\"ImageObject\",\"inLanguage\":\"pt-PT\",\"@id\":\"https:\/\/brasilnoticias.org\/site\/#\/schema\/logo\/image\/\",\"url\":\"https:\/\/brasilnoticias.org\/site\/wp-content\/uploads\/2022\/05\/cropped-brasilnoticias-mini.jpg\",\"contentUrl\":\"https:\/\/brasilnoticias.org\/site\/wp-content\/uploads\/2022\/05\/cropped-brasilnoticias-mini.jpg\",\"width\":314,\"height\":86,\"caption\":\"Brasil not\u00edcias\"},\"image\":{\"@id\":\"https:\/\/brasilnoticias.org\/site\/#\/schema\/logo\/image\/\"}},{\"@type\":\"Person\",\"@id\":\"https:\/\/brasilnoticias.org\/site\/#\/schema\/person\/03bbbfe6c7634ad18c26444ea39049fa\",\"name\":\"Reda\u00e7\u00e3o\",\"image\":{\"@type\":\"ImageObject\",\"inLanguage\":\"pt-PT\",\"@id\":\"https:\/\/brasilnoticias.org\/site\/#\/schema\/person\/image\/\",\"url\":\"https:\/\/secure.gravatar.com\/avatar\/9ecaf7327a696cb23ad926fedded5f1f04d7049de9e445375d55b48c001a6e42?s=96&d=mm&r=g\",\"contentUrl\":\"https:\/\/secure.gravatar.com\/avatar\/9ecaf7327a696cb23ad926fedded5f1f04d7049de9e445375d55b48c001a6e42?s=96&d=mm&r=g\",\"caption\":\"Reda\u00e7\u00e3o\"},\"url\":\"https:\/\/brasilnoticias.org\/site\/author\/henrique\/\"}]}<\/script>\n<!-- \/ Yoast SEO plugin. -->","yoast_head_json":{"title":"Prefeitura de Salvador vence pr\u00eamio nacional de inova\u00e7\u00e3o com o Masterplan do Carnaval - Brasil not\u00edcias","robots":{"index":"index","follow":"follow","max-snippet":"max-snippet:-1","max-image-preview":"max-image-preview:large","max-video-preview":"max-video-preview:-1"},"canonical":"https:\/\/brasilnoticias.org\/site\/prefeitura-de-salvador-vence-premio-nacional-de-inovacao-com-o-masterplan-do-carnaval\/","og_locale":"pt_PT","og_type":"article","og_title":"Prefeitura de Salvador vence pr\u00eamio nacional de inova\u00e7\u00e3o com o Masterplan do Carnaval - Brasil not\u00edcias","og_description":"Organizar o Carnaval de Salvador n\u00e3o \u00e9 uma tarefa f\u00e1cil, mas a Prefeitura adotou uma plataforma de planejamento que deu","og_url":"https:\/\/brasilnoticias.org\/site\/prefeitura-de-salvador-vence-premio-nacional-de-inovacao-com-o-masterplan-do-carnaval\/","og_site_name":"Brasil not\u00edcias","article_published_time":"2025-10-09T23:45:41+00:00","og_image":[{"width":1280,"height":720,"url":"https:\/\/brasilnoticias.org\/site\/wp-content\/uploads\/2025\/10\/WhatsApp-Image-2025-10-09-at-15.13.16.jpeg","type":"image\/jpeg"}],"author":"Reda\u00e7\u00e3o","twitter_card":"summary_large_image","twitter_misc":{"Escrito por":"Reda\u00e7\u00e3o","Tempo estimado de leitura":"1 minuto"},"schema":{"@context":"https:\/\/schema.org","@graph":[{"@type":"Article","@id":"https:\/\/brasilnoticias.org\/site\/prefeitura-de-salvador-vence-premio-nacional-de-inovacao-com-o-masterplan-do-carnaval\/#article","isPartOf":{"@id":"https:\/\/brasilnoticias.org\/site\/prefeitura-de-salvador-vence-premio-nacional-de-inovacao-com-o-masterplan-do-carnaval\/"},"author":{"name":"Reda\u00e7\u00e3o","@id":"https:\/\/brasilnoticias.org\/site\/#\/schema\/person\/03bbbfe6c7634ad18c26444ea39049fa"},"headline":"Prefeitura de Salvador vence pr\u00eamio nacional de inova\u00e7\u00e3o com o Masterplan do Carnaval","datePublished":"2025-10-09T23:45:41+00:00","mainEntityOfPage":{"@id":"https:\/\/brasilnoticias.org\/site\/prefeitura-de-salvador-vence-premio-nacional-de-inovacao-com-o-masterplan-do-carnaval\/"},"wordCount":647,"commentCount":0,"publisher":{"@id":"https:\/\/brasilnoticias.org\/site\/#organization"},"image":{"@id":"https:\/\/brasilnoticias.org\/site\/prefeitura-de-salvador-vence-premio-nacional-de-inovacao-com-o-masterplan-do-carnaval\/#primaryimage"},"thumbnailUrl":"https:\/\/brasilnoticias.org\/site\/wp-content\/uploads\/2025\/10\/WhatsApp-Image-2025-10-09-at-15.13.16.jpeg","articleSection":["Pol\u00edtica","\u00daltimas"],"inLanguage":"pt-PT","potentialAction":[{"@type":"CommentAction","name":"Comment","target":["https:\/\/brasilnoticias.org\/site\/prefeitura-de-salvador-vence-premio-nacional-de-inovacao-com-o-masterplan-do-carnaval\/#respond"]}]},{"@type":"WebPage","@id":"https:\/\/brasilnoticias.org\/site\/prefeitura-de-salvador-vence-premio-nacional-de-inovacao-com-o-masterplan-do-carnaval\/","url":"https:\/\/brasilnoticias.org\/site\/prefeitura-de-salvador-vence-premio-nacional-de-inovacao-com-o-masterplan-do-carnaval\/","name":"Prefeitura de Salvador vence pr\u00eamio nacional de inova\u00e7\u00e3o com o Masterplan do Carnaval - Brasil not\u00edcias","isPartOf":{"@id":"https:\/\/brasilnoticias.org\/site\/#website"},"primaryImageOfPage":{"@id":"https:\/\/brasilnoticias.org\/site\/prefeitura-de-salvador-vence-premio-nacional-de-inovacao-com-o-masterplan-do-carnaval\/#primaryimage"},"image":{"@id":"https:\/\/brasilnoticias.org\/site\/prefeitura-de-salvador-vence-premio-nacional-de-inovacao-com-o-masterplan-do-carnaval\/#primaryimage"},"thumbnailUrl":"https:\/\/brasilnoticias.org\/site\/wp-content\/uploads\/2025\/10\/WhatsApp-Image-2025-10-09-at-15.13.16.jpeg","datePublished":"2025-10-09T23:45:41+00:00","breadcrumb":{"@id":"https:\/\/brasilnoticias.org\/site\/prefeitura-de-salvador-vence-premio-nacional-de-inovacao-com-o-masterplan-do-carnaval\/#breadcrumb"},"inLanguage":"pt-PT","potentialAction":[{"@type":"ReadAction","target":["https:\/\/brasilnoticias.org\/site\/prefeitura-de-salvador-vence-premio-nacional-de-inovacao-com-o-masterplan-do-carnaval\/"]}]},{"@type":"ImageObject","inLanguage":"pt-PT","@id":"https:\/\/brasilnoticias.org\/site\/prefeitura-de-salvador-vence-premio-nacional-de-inovacao-com-o-masterplan-do-carnaval\/#primaryimage","url":"https:\/\/brasilnoticias.org\/site\/wp-content\/uploads\/2025\/10\/WhatsApp-Image-2025-10-09-at-15.13.16.jpeg","contentUrl":"https:\/\/brasilnoticias.org\/site\/wp-content\/uploads\/2025\/10\/WhatsApp-Image-2025-10-09-at-15.13.16.jpeg","width":1280,"height":720},{"@type":"BreadcrumbList","@id":"https:\/\/brasilnoticias.org\/site\/prefeitura-de-salvador-vence-premio-nacional-de-inovacao-com-o-masterplan-do-carnaval\/#breadcrumb","itemListElement":[{"@type":"ListItem","position":1,"name":"In\u00edcio","item":"https:\/\/brasilnoticias.org\/site\/"},{"@type":"ListItem","position":2,"name":"Prefeitura de Salvador vence pr\u00eamio nacional de inova\u00e7\u00e3o com o Masterplan do Carnaval"}]},{"@type":"WebSite","@id":"https:\/\/brasilnoticias.org\/site\/#website","url":"https:\/\/brasilnoticias.org\/site\/","name":"Brasil not\u00edcias","description":"Brasil not\u00edcias","publisher":{"@id":"https:\/\/brasilnoticias.org\/site\/#organization"},"potentialAction":[{"@type":"SearchAction","target":{"@type":"EntryPoint","urlTemplate":"https:\/\/brasilnoticias.org\/site\/?s={search_term_string}"},"query-input":{"@type":"PropertyValueSpecification","valueRequired":true,"valueName":"search_term_string"}}],"inLanguage":"pt-PT"},{"@type":"Organization","@id":"https:\/\/brasilnoticias.org\/site\/#organization","name":"Brasil not\u00edcias","url":"https:\/\/brasilnoticias.org\/site\/","logo":{"@type":"ImageObject","inLanguage":"pt-PT","@id":"https:\/\/brasilnoticias.org\/site\/#\/schema\/logo\/image\/","url":"https:\/\/brasilnoticias.org\/site\/wp-content\/uploads\/2022\/05\/cropped-brasilnoticias-mini.jpg","contentUrl":"https:\/\/brasilnoticias.org\/site\/wp-content\/uploads\/2022\/05\/cropped-brasilnoticias-mini.jpg","width":314,"height":86,"caption":"Brasil not\u00edcias"},"image":{"@id":"https:\/\/brasilnoticias.org\/site\/#\/schema\/logo\/image\/"}},{"@type":"Person","@id":"https:\/\/brasilnoticias.org\/site\/#\/schema\/person\/03bbbfe6c7634ad18c26444ea39049fa","name":"Reda\u00e7\u00e3o","image":{"@type":"ImageObject","inLanguage":"pt-PT","@id":"https:\/\/brasilnoticias.org\/site\/#\/schema\/person\/image\/","url":"https:\/\/secure.gravatar.com\/avatar\/9ecaf7327a696cb23ad926fedded5f1f04d7049de9e445375d55b48c001a6e42?s=96&d=mm&r=g","contentUrl":"https:\/\/secure.gravatar.com\/avatar\/9ecaf7327a696cb23ad926fedded5f1f04d7049de9e445375d55b48c001a6e42?s=96&d=mm&r=g","caption":"Reda\u00e7\u00e3o"},"url":"https:\/\/brasilnoticias.org\/site\/author\/henrique\/"}]}},"_links":{"self":[{"href":"https:\/\/brasilnoticias.org\/site\/wp-json\/wp\/v2\/posts\/18199","targetHints":{"allow":["GET"]}}],"collection":[{"href":"https:\/\/brasilnoticias.org\/site\/wp-json\/wp\/v2\/posts"}],"about":[{"href":"https:\/\/brasilnoticias.org\/site\/wp-json\/wp\/v2\/types\/post"}],"author":[{"embeddable":true,"href":"https:\/\/brasilnoticias.org\/site\/wp-json\/wp\/v2\/users\/4"}],"replies":[{"embeddable":true,"href":"https:\/\/brasilnoticias.org\/site\/wp-json\/wp\/v2\/comments?post=18199"}],"version-history":[{"count":1,"href":"https:\/\/brasilnoticias.org\/site\/wp-json\/wp\/v2\/posts\/18199\/revisions"}],"predecessor-version":[{"id":18201,"href":"https:\/\/brasilnoticias.org\/site\/wp-json\/wp\/v2\/posts\/18199\/revisions\/18201"}],"wp:featuredmedia":[{"embeddable":true,"href":"https:\/\/brasilnoticias.org\/site\/wp-json\/wp\/v2\/media\/18200"}],"wp:attachment":[{"href":"https:\/\/brasilnoticias.org\/site\/wp-json\/wp\/v2\/media?parent=18199"}],"wp:term":[{"taxonomy":"category","embeddable":true,"href":"https:\/\/brasilnoticias.org\/site\/wp-json\/wp\/v2\/categories?post=18199"},{"taxonomy":"post_tag","embeddable":true,"href":"https:\/\/brasilnoticias.org\/site\/wp-json\/wp\/v2\/tags?post=18199"}],"curies":[{"name":"wp","href":"https:\/\/api.w.org\/{rel}","templated":true}]}}