{"id":18221,"date":"2025-10-10T23:16:03","date_gmt":"2025-10-11T02:16:03","guid":{"rendered":"https:\/\/brasilnoticias.org\/site\/?p=18221"},"modified":"2025-10-10T23:16:03","modified_gmt":"2025-10-11T02:16:03","slug":"brasileiros-enfrentarao-novo-controle-digital-de-fronteiras-na-europa-a-partir-de-domingo","status":"publish","type":"post","link":"https:\/\/brasilnoticias.org\/site\/brasileiros-enfrentarao-novo-controle-digital-de-fronteiras-na-europa-a-partir-de-domingo\/","title":{"rendered":"Brasileiros enfrentar\u00e3o novo controle digital de fronteiras na Europa a partir de domingo"},"content":{"rendered":"<p>Sistema substituir\u00e1 o carimbo no passaporte por reconhecimento facial e impress\u00f5es digitais<\/p>\n<p>Os brasileiros que viajarem para a Europa a partir deste domingo (12) passar\u00e3o a enfrentar novas regras de entrada. O tradicional carimbo no passaporte deixar\u00e1 de existir e ser\u00e1 substitu\u00eddo por um sistema digital que utiliza reconhecimento facial e coleta de impress\u00f5es digitais.<\/p>\n<p>A mudan\u00e7a faz parte da implementa\u00e7\u00e3o do Sistema de Entrada\/Sa\u00edda (EES), que ser\u00e1 obrigat\u00f3rio para todos os viajantes de fora da Uni\u00e3o Europeia, incluindo brasileiros, que entrarem no espa\u00e7o Schengen \u2014 formado por 25 pa\u00edses do bloco, al\u00e9m de Isl\u00e2ndia, Noruega, Su\u00ed\u00e7a e Liechtenstein. O objetivo \u00e9 modernizar o controle de fronteiras e registrar eletronicamente o tempo de perman\u00eancia de cada visitante, limitado a 90 dias.<\/p>\n<p>O sistema come\u00e7ar\u00e1 a operar de forma gradual at\u00e9 abril de 2026, quando deve estar em funcionamento pleno em aeroportos, portos e fronteiras terrestres.<\/p>\n<p>Na primeira entrada na Europa, o viajante precisar\u00e1 apresentar o passaporte, registrar as impress\u00f5es digitais e passar por escaneamento facial. Esses dados ficar\u00e3o armazenados digitalmente, e o sistema verificar\u00e1 na sa\u00edda se o prazo de estadia foi cumprido. Em viagens seguintes, a identifica\u00e7\u00e3o ser\u00e1 autom\u00e1tica por meio de reconhecimento facial. Crian\u00e7as de at\u00e9 12 anos s\u00f3 precisar\u00e3o tirar uma fotografia.<\/p>\n<p>O EES n\u00e3o ter\u00e1 custo, mas pode aumentar o tempo de espera nos aeroportos, principalmente nos primeiros meses. As autoridades europeias alertam para poss\u00edveis filas e atrasos durante per\u00edodos de grande movimento, como f\u00e9rias e feriados.<\/p>\n<p>Al\u00e9m disso, a partir do fim de 2026, entrar\u00e1 em vigor o Sistema Europeu de Informa\u00e7\u00e3o e Autoriza\u00e7\u00e3o de Viagem (ETIAS). Nesse caso, os brasileiros dever\u00e3o preencher um cadastro online e pagar uma taxa de 20 euros, equivalente a cerca de R$ 125. A autoriza\u00e7\u00e3o ter\u00e1 validade de tr\u00eas anos ou at\u00e9 o vencimento do passaporte.<\/p>\n<p>Segundo a Comiss\u00e3o Europeia, o novo modelo foi criado para reduzir fraudes, refor\u00e7ar a seguran\u00e7a e combater a imigra\u00e7\u00e3o irregular. Fran\u00e7a, It\u00e1lia, Espanha, Portugal, Alemanha, Holanda, Su\u00ed\u00e7a e Gr\u00e9cia est\u00e3o entre os pa\u00edses que adotar\u00e3o o sistema.<\/p>\n<p>Foto: Marcelo Camargo\/Ag\u00eancia Brasil<br \/>\nPor: Metro1<\/p>\n","protected":false},"excerpt":{"rendered":"<p>Sistema substituir\u00e1 o carimbo no passaporte por reconhecimento facial e impress\u00f5es digitais Os brasileiros que viajarem para a Europa a<\/p>\n","protected":false},"author":4,"featured_media":18222,"comment_status":"open","ping_status":"open","sticky":false,"template":"","format":"standard","meta":{"colormag_page_container_layout":"default_layout","colormag_page_sidebar_layout":"default_layout","_FSMCFIC_featured_image_caption":"","_FSMCFIC_featured_image_nocaption":"","_FSMCFIC_featured_image_hide":"","footnotes":""},"categories":[2,1],"tags":[],"class_list":["post-18221","post","type-post","status-publish","format-standard","has-post-thumbnail","hentry","category-noticias","category-ultimas"],"yoast_head":"<!-- This site is optimized with the Yoast SEO plugin v27.1.1 - https:\/\/yoast.com\/product\/yoast-seo-wordpress\/ -->\n<title>Brasileiros enfrentar\u00e3o novo controle digital de fronteiras na Europa a partir de domingo - Brasil not\u00edcias<\/title>\n<meta name=\"robots\" content=\"index, follow, max-snippet:-1, max-image-preview:large, max-video-preview:-1\" \/>\n<link rel=\"canonical\" href=\"https:\/\/brasilnoticias.org\/site\/brasileiros-enfrentarao-novo-controle-digital-de-fronteiras-na-europa-a-partir-de-domingo\/\" \/>\n<meta property=\"og:locale\" content=\"pt_PT\" \/>\n<meta property=\"og:type\" content=\"article\" \/>\n<meta property=\"og:title\" content=\"Brasileiros enfrentar\u00e3o novo controle digital de fronteiras na Europa a partir de domingo - Brasil not\u00edcias\" \/>\n<meta property=\"og:description\" content=\"Sistema substituir\u00e1 o carimbo no passaporte por reconhecimento facial e impress\u00f5es digitais Os brasileiros que viajarem para a Europa a\" \/>\n<meta property=\"og:url\" content=\"https:\/\/brasilnoticias.org\/site\/brasileiros-enfrentarao-novo-controle-digital-de-fronteiras-na-europa-a-partir-de-domingo\/\" \/>\n<meta property=\"og:site_name\" content=\"Brasil not\u00edcias\" \/>\n<meta property=\"article:published_time\" content=\"2025-10-11T02:16:03+00:00\" \/>\n<meta property=\"og:image\" content=\"https:\/\/brasilnoticias.org\/site\/wp-content\/uploads\/2025\/10\/171451brasileiros-enfrentarao-novo-controle-digital-de-fronteiras-na-europa-a-partir-de-domingo-3.jpg\" \/>\n\t<meta property=\"og:image:width\" content=\"1600\" \/>\n\t<meta property=\"og:image:height\" content=\"752\" \/>\n\t<meta property=\"og:image:type\" content=\"image\/jpeg\" \/>\n<meta name=\"author\" content=\"Reda\u00e7\u00e3o\" \/>\n<meta name=\"twitter:card\" content=\"summary_large_image\" \/>\n<meta name=\"twitter:label1\" content=\"Escrito por\" \/>\n\t<meta name=\"twitter:data1\" content=\"Reda\u00e7\u00e3o\" \/>\n<script type=\"application\/ld+json\" class=\"yoast-schema-graph\">{\"@context\":\"https:\/\/schema.org\",\"@graph\":[{\"@type\":\"Article\",\"@id\":\"https:\/\/brasilnoticias.org\/site\/brasileiros-enfrentarao-novo-controle-digital-de-fronteiras-na-europa-a-partir-de-domingo\/#article\",\"isPartOf\":{\"@id\":\"https:\/\/brasilnoticias.org\/site\/brasileiros-enfrentarao-novo-controle-digital-de-fronteiras-na-europa-a-partir-de-domingo\/\"},\"author\":{\"name\":\"Reda\u00e7\u00e3o\",\"@id\":\"https:\/\/brasilnoticias.org\/site\/#\/schema\/person\/03bbbfe6c7634ad18c26444ea39049fa\"},\"headline\":\"Brasileiros enfrentar\u00e3o novo controle digital de fronteiras na Europa a partir de domingo\",\"datePublished\":\"2025-10-11T02:16:03+00:00\",\"mainEntityOfPage\":{\"@id\":\"https:\/\/brasilnoticias.org\/site\/brasileiros-enfrentarao-novo-controle-digital-de-fronteiras-na-europa-a-partir-de-domingo\/\"},\"wordCount\":391,\"commentCount\":0,\"publisher\":{\"@id\":\"https:\/\/brasilnoticias.org\/site\/#organization\"},\"image\":{\"@id\":\"https:\/\/brasilnoticias.org\/site\/brasileiros-enfrentarao-novo-controle-digital-de-fronteiras-na-europa-a-partir-de-domingo\/#primaryimage\"},\"thumbnailUrl\":\"https:\/\/brasilnoticias.org\/site\/wp-content\/uploads\/2025\/10\/171451brasileiros-enfrentarao-novo-controle-digital-de-fronteiras-na-europa-a-partir-de-domingo-3.jpg\",\"articleSection\":[\"Not\u00edcias\",\"\u00daltimas\"],\"inLanguage\":\"pt-PT\",\"potentialAction\":[{\"@type\":\"CommentAction\",\"name\":\"Comment\",\"target\":[\"https:\/\/brasilnoticias.org\/site\/brasileiros-enfrentarao-novo-controle-digital-de-fronteiras-na-europa-a-partir-de-domingo\/#respond\"]}]},{\"@type\":\"WebPage\",\"@id\":\"https:\/\/brasilnoticias.org\/site\/brasileiros-enfrentarao-novo-controle-digital-de-fronteiras-na-europa-a-partir-de-domingo\/\",\"url\":\"https:\/\/brasilnoticias.org\/site\/brasileiros-enfrentarao-novo-controle-digital-de-fronteiras-na-europa-a-partir-de-domingo\/\",\"name\":\"Brasileiros enfrentar\u00e3o novo controle digital de fronteiras na Europa a partir de domingo - Brasil not\u00edcias\",\"isPartOf\":{\"@id\":\"https:\/\/brasilnoticias.org\/site\/#website\"},\"primaryImageOfPage\":{\"@id\":\"https:\/\/brasilnoticias.org\/site\/brasileiros-enfrentarao-novo-controle-digital-de-fronteiras-na-europa-a-partir-de-domingo\/#primaryimage\"},\"image\":{\"@id\":\"https:\/\/brasilnoticias.org\/site\/brasileiros-enfrentarao-novo-controle-digital-de-fronteiras-na-europa-a-partir-de-domingo\/#primaryimage\"},\"thumbnailUrl\":\"https:\/\/brasilnoticias.org\/site\/wp-content\/uploads\/2025\/10\/171451brasileiros-enfrentarao-novo-controle-digital-de-fronteiras-na-europa-a-partir-de-domingo-3.jpg\",\"datePublished\":\"2025-10-11T02:16:03+00:00\",\"breadcrumb\":{\"@id\":\"https:\/\/brasilnoticias.org\/site\/brasileiros-enfrentarao-novo-controle-digital-de-fronteiras-na-europa-a-partir-de-domingo\/#breadcrumb\"},\"inLanguage\":\"pt-PT\",\"potentialAction\":[{\"@type\":\"ReadAction\",\"target\":[\"https:\/\/brasilnoticias.org\/site\/brasileiros-enfrentarao-novo-controle-digital-de-fronteiras-na-europa-a-partir-de-domingo\/\"]}]},{\"@type\":\"ImageObject\",\"inLanguage\":\"pt-PT\",\"@id\":\"https:\/\/brasilnoticias.org\/site\/brasileiros-enfrentarao-novo-controle-digital-de-fronteiras-na-europa-a-partir-de-domingo\/#primaryimage\",\"url\":\"https:\/\/brasilnoticias.org\/site\/wp-content\/uploads\/2025\/10\/171451brasileiros-enfrentarao-novo-controle-digital-de-fronteiras-na-europa-a-partir-de-domingo-3.jpg\",\"contentUrl\":\"https:\/\/brasilnoticias.org\/site\/wp-content\/uploads\/2025\/10\/171451brasileiros-enfrentarao-novo-controle-digital-de-fronteiras-na-europa-a-partir-de-domingo-3.jpg\",\"width\":1600,\"height\":752},{\"@type\":\"BreadcrumbList\",\"@id\":\"https:\/\/brasilnoticias.org\/site\/brasileiros-enfrentarao-novo-controle-digital-de-fronteiras-na-europa-a-partir-de-domingo\/#breadcrumb\",\"itemListElement\":[{\"@type\":\"ListItem\",\"position\":1,\"name\":\"In\u00edcio\",\"item\":\"https:\/\/brasilnoticias.org\/site\/\"},{\"@type\":\"ListItem\",\"position\":2,\"name\":\"Brasileiros enfrentar\u00e3o novo controle digital de fronteiras na Europa a partir de domingo\"}]},{\"@type\":\"WebSite\",\"@id\":\"https:\/\/brasilnoticias.org\/site\/#website\",\"url\":\"https:\/\/brasilnoticias.org\/site\/\",\"name\":\"Brasil not\u00edcias\",\"description\":\"Brasil not\u00edcias\",\"publisher\":{\"@id\":\"https:\/\/brasilnoticias.org\/site\/#organization\"},\"potentialAction\":[{\"@type\":\"SearchAction\",\"target\":{\"@type\":\"EntryPoint\",\"urlTemplate\":\"https:\/\/brasilnoticias.org\/site\/?s={search_term_string}\"},\"query-input\":{\"@type\":\"PropertyValueSpecification\",\"valueRequired\":true,\"valueName\":\"search_term_string\"}}],\"inLanguage\":\"pt-PT\"},{\"@type\":\"Organization\",\"@id\":\"https:\/\/brasilnoticias.org\/site\/#organization\",\"name\":\"Brasil not\u00edcias\",\"url\":\"https:\/\/brasilnoticias.org\/site\/\",\"logo\":{\"@type\":\"ImageObject\",\"inLanguage\":\"pt-PT\",\"@id\":\"https:\/\/brasilnoticias.org\/site\/#\/schema\/logo\/image\/\",\"url\":\"https:\/\/brasilnoticias.org\/site\/wp-content\/uploads\/2022\/05\/cropped-brasilnoticias-mini.jpg\",\"contentUrl\":\"https:\/\/brasilnoticias.org\/site\/wp-content\/uploads\/2022\/05\/cropped-brasilnoticias-mini.jpg\",\"width\":314,\"height\":86,\"caption\":\"Brasil not\u00edcias\"},\"image\":{\"@id\":\"https:\/\/brasilnoticias.org\/site\/#\/schema\/logo\/image\/\"}},{\"@type\":\"Person\",\"@id\":\"https:\/\/brasilnoticias.org\/site\/#\/schema\/person\/03bbbfe6c7634ad18c26444ea39049fa\",\"name\":\"Reda\u00e7\u00e3o\",\"image\":{\"@type\":\"ImageObject\",\"inLanguage\":\"pt-PT\",\"@id\":\"https:\/\/brasilnoticias.org\/site\/#\/schema\/person\/image\/\",\"url\":\"https:\/\/secure.gravatar.com\/avatar\/9ecaf7327a696cb23ad926fedded5f1f04d7049de9e445375d55b48c001a6e42?s=96&d=mm&r=g\",\"contentUrl\":\"https:\/\/secure.gravatar.com\/avatar\/9ecaf7327a696cb23ad926fedded5f1f04d7049de9e445375d55b48c001a6e42?s=96&d=mm&r=g\",\"caption\":\"Reda\u00e7\u00e3o\"},\"url\":\"https:\/\/brasilnoticias.org\/site\/author\/henrique\/\"}]}<\/script>\n<!-- \/ Yoast SEO plugin. -->","yoast_head_json":{"title":"Brasileiros enfrentar\u00e3o novo controle digital de fronteiras na Europa a partir de domingo - Brasil not\u00edcias","robots":{"index":"index","follow":"follow","max-snippet":"max-snippet:-1","max-image-preview":"max-image-preview:large","max-video-preview":"max-video-preview:-1"},"canonical":"https:\/\/brasilnoticias.org\/site\/brasileiros-enfrentarao-novo-controle-digital-de-fronteiras-na-europa-a-partir-de-domingo\/","og_locale":"pt_PT","og_type":"article","og_title":"Brasileiros enfrentar\u00e3o novo controle digital de fronteiras na Europa a partir de domingo - Brasil not\u00edcias","og_description":"Sistema substituir\u00e1 o carimbo no passaporte por reconhecimento facial e impress\u00f5es digitais Os brasileiros que viajarem para a Europa a","og_url":"https:\/\/brasilnoticias.org\/site\/brasileiros-enfrentarao-novo-controle-digital-de-fronteiras-na-europa-a-partir-de-domingo\/","og_site_name":"Brasil not\u00edcias","article_published_time":"2025-10-11T02:16:03+00:00","og_image":[{"width":1600,"height":752,"url":"https:\/\/brasilnoticias.org\/site\/wp-content\/uploads\/2025\/10\/171451brasileiros-enfrentarao-novo-controle-digital-de-fronteiras-na-europa-a-partir-de-domingo-3.jpg","type":"image\/jpeg"}],"author":"Reda\u00e7\u00e3o","twitter_card":"summary_large_image","twitter_misc":{"Escrito por":"Reda\u00e7\u00e3o"},"schema":{"@context":"https:\/\/schema.org","@graph":[{"@type":"Article","@id":"https:\/\/brasilnoticias.org\/site\/brasileiros-enfrentarao-novo-controle-digital-de-fronteiras-na-europa-a-partir-de-domingo\/#article","isPartOf":{"@id":"https:\/\/brasilnoticias.org\/site\/brasileiros-enfrentarao-novo-controle-digital-de-fronteiras-na-europa-a-partir-de-domingo\/"},"author":{"name":"Reda\u00e7\u00e3o","@id":"https:\/\/brasilnoticias.org\/site\/#\/schema\/person\/03bbbfe6c7634ad18c26444ea39049fa"},"headline":"Brasileiros enfrentar\u00e3o novo controle digital de fronteiras na Europa a partir de domingo","datePublished":"2025-10-11T02:16:03+00:00","mainEntityOfPage":{"@id":"https:\/\/brasilnoticias.org\/site\/brasileiros-enfrentarao-novo-controle-digital-de-fronteiras-na-europa-a-partir-de-domingo\/"},"wordCount":391,"commentCount":0,"publisher":{"@id":"https:\/\/brasilnoticias.org\/site\/#organization"},"image":{"@id":"https:\/\/brasilnoticias.org\/site\/brasileiros-enfrentarao-novo-controle-digital-de-fronteiras-na-europa-a-partir-de-domingo\/#primaryimage"},"thumbnailUrl":"https:\/\/brasilnoticias.org\/site\/wp-content\/uploads\/2025\/10\/171451brasileiros-enfrentarao-novo-controle-digital-de-fronteiras-na-europa-a-partir-de-domingo-3.jpg","articleSection":["Not\u00edcias","\u00daltimas"],"inLanguage":"pt-PT","potentialAction":[{"@type":"CommentAction","name":"Comment","target":["https:\/\/brasilnoticias.org\/site\/brasileiros-enfrentarao-novo-controle-digital-de-fronteiras-na-europa-a-partir-de-domingo\/#respond"]}]},{"@type":"WebPage","@id":"https:\/\/brasilnoticias.org\/site\/brasileiros-enfrentarao-novo-controle-digital-de-fronteiras-na-europa-a-partir-de-domingo\/","url":"https:\/\/brasilnoticias.org\/site\/brasileiros-enfrentarao-novo-controle-digital-de-fronteiras-na-europa-a-partir-de-domingo\/","name":"Brasileiros enfrentar\u00e3o novo controle digital de fronteiras na Europa a partir de domingo - Brasil not\u00edcias","isPartOf":{"@id":"https:\/\/brasilnoticias.org\/site\/#website"},"primaryImageOfPage":{"@id":"https:\/\/brasilnoticias.org\/site\/brasileiros-enfrentarao-novo-controle-digital-de-fronteiras-na-europa-a-partir-de-domingo\/#primaryimage"},"image":{"@id":"https:\/\/brasilnoticias.org\/site\/brasileiros-enfrentarao-novo-controle-digital-de-fronteiras-na-europa-a-partir-de-domingo\/#primaryimage"},"thumbnailUrl":"https:\/\/brasilnoticias.org\/site\/wp-content\/uploads\/2025\/10\/171451brasileiros-enfrentarao-novo-controle-digital-de-fronteiras-na-europa-a-partir-de-domingo-3.jpg","datePublished":"2025-10-11T02:16:03+00:00","breadcrumb":{"@id":"https:\/\/brasilnoticias.org\/site\/brasileiros-enfrentarao-novo-controle-digital-de-fronteiras-na-europa-a-partir-de-domingo\/#breadcrumb"},"inLanguage":"pt-PT","potentialAction":[{"@type":"ReadAction","target":["https:\/\/brasilnoticias.org\/site\/brasileiros-enfrentarao-novo-controle-digital-de-fronteiras-na-europa-a-partir-de-domingo\/"]}]},{"@type":"ImageObject","inLanguage":"pt-PT","@id":"https:\/\/brasilnoticias.org\/site\/brasileiros-enfrentarao-novo-controle-digital-de-fronteiras-na-europa-a-partir-de-domingo\/#primaryimage","url":"https:\/\/brasilnoticias.org\/site\/wp-content\/uploads\/2025\/10\/171451brasileiros-enfrentarao-novo-controle-digital-de-fronteiras-na-europa-a-partir-de-domingo-3.jpg","contentUrl":"https:\/\/brasilnoticias.org\/site\/wp-content\/uploads\/2025\/10\/171451brasileiros-enfrentarao-novo-controle-digital-de-fronteiras-na-europa-a-partir-de-domingo-3.jpg","width":1600,"height":752},{"@type":"BreadcrumbList","@id":"https:\/\/brasilnoticias.org\/site\/brasileiros-enfrentarao-novo-controle-digital-de-fronteiras-na-europa-a-partir-de-domingo\/#breadcrumb","itemListElement":[{"@type":"ListItem","position":1,"name":"In\u00edcio","item":"https:\/\/brasilnoticias.org\/site\/"},{"@type":"ListItem","position":2,"name":"Brasileiros enfrentar\u00e3o novo controle digital de fronteiras na Europa a partir de domingo"}]},{"@type":"WebSite","@id":"https:\/\/brasilnoticias.org\/site\/#website","url":"https:\/\/brasilnoticias.org\/site\/","name":"Brasil not\u00edcias","description":"Brasil not\u00edcias","publisher":{"@id":"https:\/\/brasilnoticias.org\/site\/#organization"},"potentialAction":[{"@type":"SearchAction","target":{"@type":"EntryPoint","urlTemplate":"https:\/\/brasilnoticias.org\/site\/?s={search_term_string}"},"query-input":{"@type":"PropertyValueSpecification","valueRequired":true,"valueName":"search_term_string"}}],"inLanguage":"pt-PT"},{"@type":"Organization","@id":"https:\/\/brasilnoticias.org\/site\/#organization","name":"Brasil not\u00edcias","url":"https:\/\/brasilnoticias.org\/site\/","logo":{"@type":"ImageObject","inLanguage":"pt-PT","@id":"https:\/\/brasilnoticias.org\/site\/#\/schema\/logo\/image\/","url":"https:\/\/brasilnoticias.org\/site\/wp-content\/uploads\/2022\/05\/cropped-brasilnoticias-mini.jpg","contentUrl":"https:\/\/brasilnoticias.org\/site\/wp-content\/uploads\/2022\/05\/cropped-brasilnoticias-mini.jpg","width":314,"height":86,"caption":"Brasil not\u00edcias"},"image":{"@id":"https:\/\/brasilnoticias.org\/site\/#\/schema\/logo\/image\/"}},{"@type":"Person","@id":"https:\/\/brasilnoticias.org\/site\/#\/schema\/person\/03bbbfe6c7634ad18c26444ea39049fa","name":"Reda\u00e7\u00e3o","image":{"@type":"ImageObject","inLanguage":"pt-PT","@id":"https:\/\/brasilnoticias.org\/site\/#\/schema\/person\/image\/","url":"https:\/\/secure.gravatar.com\/avatar\/9ecaf7327a696cb23ad926fedded5f1f04d7049de9e445375d55b48c001a6e42?s=96&d=mm&r=g","contentUrl":"https:\/\/secure.gravatar.com\/avatar\/9ecaf7327a696cb23ad926fedded5f1f04d7049de9e445375d55b48c001a6e42?s=96&d=mm&r=g","caption":"Reda\u00e7\u00e3o"},"url":"https:\/\/brasilnoticias.org\/site\/author\/henrique\/"}]}},"_links":{"self":[{"href":"https:\/\/brasilnoticias.org\/site\/wp-json\/wp\/v2\/posts\/18221","targetHints":{"allow":["GET"]}}],"collection":[{"href":"https:\/\/brasilnoticias.org\/site\/wp-json\/wp\/v2\/posts"}],"about":[{"href":"https:\/\/brasilnoticias.org\/site\/wp-json\/wp\/v2\/types\/post"}],"author":[{"embeddable":true,"href":"https:\/\/brasilnoticias.org\/site\/wp-json\/wp\/v2\/users\/4"}],"replies":[{"embeddable":true,"href":"https:\/\/brasilnoticias.org\/site\/wp-json\/wp\/v2\/comments?post=18221"}],"version-history":[{"count":1,"href":"https:\/\/brasilnoticias.org\/site\/wp-json\/wp\/v2\/posts\/18221\/revisions"}],"predecessor-version":[{"id":18223,"href":"https:\/\/brasilnoticias.org\/site\/wp-json\/wp\/v2\/posts\/18221\/revisions\/18223"}],"wp:featuredmedia":[{"embeddable":true,"href":"https:\/\/brasilnoticias.org\/site\/wp-json\/wp\/v2\/media\/18222"}],"wp:attachment":[{"href":"https:\/\/brasilnoticias.org\/site\/wp-json\/wp\/v2\/media?parent=18221"}],"wp:term":[{"taxonomy":"category","embeddable":true,"href":"https:\/\/brasilnoticias.org\/site\/wp-json\/wp\/v2\/categories?post=18221"},{"taxonomy":"post_tag","embeddable":true,"href":"https:\/\/brasilnoticias.org\/site\/wp-json\/wp\/v2\/tags?post=18221"}],"curies":[{"name":"wp","href":"https:\/\/api.w.org\/{rel}","templated":true}]}}