{"id":18224,"date":"2025-10-10T23:16:52","date_gmt":"2025-10-11T02:16:52","guid":{"rendered":"https:\/\/brasilnoticias.org\/site\/?p=18224"},"modified":"2025-10-10T23:16:52","modified_gmt":"2025-10-11T02:16:52","slug":"bahia-se-destaca-na-24a-edicao-do-premio-central-de-outdoor","status":"publish","type":"post","link":"https:\/\/brasilnoticias.org\/site\/bahia-se-destaca-na-24a-edicao-do-premio-central-de-outdoor\/","title":{"rendered":"Bahia se destaca na 24\u00aa edi\u00e7\u00e3o do Pr\u00eamio Central de Outdoor"},"content":{"rendered":"<p>A for\u00e7a criativa e o talento da Bahia foram destaques na 24\u00aa edi\u00e7\u00e3o do Pr\u00eamio Central de Outdoor, realizada nesta quarta-feira (8), em S\u00e3o Paulo. A maior premia\u00e7\u00e3o de m\u00eddia exterior no Brasil reuniu ag\u00eancias, exibidoras, anunciantes e jovens talentos de todo o pa\u00eds, e teve participa\u00e7\u00e3o marcante de profissionais e empresas baianas, refor\u00e7ando o protagonismo do estado no cen\u00e1rio nacional do OOH.<\/p>\n<p>Entre os grandes destaques, a campanha &#8220;Cheetos&#8221;, planejada pela CHICOOH+ e criada pela Ampfy, com exibi\u00e7\u00e3o da A Linhares em Salvador, conquistou o ouro na categoria Impacto Real, reconhecendo a\u00e7\u00f5es que geraram engajamento e repercuss\u00e3o direta junto ao p\u00fablico. A A Linhares, exibidora centen\u00e1ria baiana, tamb\u00e9m conquistou a prata na categoria Cl\u00e1ssico, e foi finalista em Grandes Formatos, consolidando sua relev\u00e2ncia no mercado nacional.<\/p>\n<p>Outras empresas da Bahia tamb\u00e9m receberam pr\u00eamios. A Ponto Outdoor, na Categoria Cl\u00e1ssico, alcan\u00e7ou o bronze. A Ei M\u00eddia, empresa do Grupo Aratu, tamb\u00e9m foi bronze, desta vez na Categoria Grandes Formatos. J\u00e1 no campo acad\u00eamico, os estudantes Geovane Souza e Hannah Rios, do Centro Universit\u00e1rio An\u00edsio Teixeira (UNIFAT) de Feira de Santana, foram bronze na Categoria Jovens Talentos. Vale lembrar, que a dupla est\u00e1 participando tamb\u00e9m do projeto Outdoor Universit\u00e1rio, organizado pela Central de Outdoor da Bahia que busca revelar novos talentos da Bahia para o mercado publicit\u00e1rio e de OOH.<\/p>\n<p>Para Vin\u00edcius Linhares, presidente da Central de Outdoor Seccional Bahia, o resultado reflete a for\u00e7a da m\u00eddia, profissionais e mercado baiano. &#8220;A presen\u00e7a expressiva da Bahia no Pr\u00eamio Central \u00e9 motivo de orgulho. Estamos mostrando que nosso mercado segue mais forte e criativo do que nunca. Isso \u00e9 fruto de um trabalho coletivo, de pessoas comprometidas e de empresas que acreditam no poder do OOH&#8221;, destaca.<\/p>\n<p>Com um n\u00famero recorde de mais de 350 pe\u00e7as inscritas, o Pr\u00eamio Central de Outdoor 2025 refor\u00e7ou o papel estrat\u00e9gico da m\u00eddia OOH como canal de inova\u00e7\u00e3o, sustentabilidade e impacto urbano. A Bahia, mais uma vez, confirmou sua relev\u00e2ncia como um dos principais polos de criatividade do pa\u00eds e foi o estado do Norte e Nordeste com os resultados mais expressivos.<\/p>\n<p>&#8220;S\u00f3 nos resta celebrar. Alegria imensa ver tantas empresas made in Bahia sendo premiadas. \u00c9 o impulso para seguirmos em frente buscando sempre fazer muito mais. Foi uma noite hist\u00f3rica para a m\u00eddia baiana&#8221;. Comemora o vice-presidente da Central de Outdoor da Bahia, Rafael Linhares.<\/p>\n<p>Foto: Fabio Volpe<\/p>\n","protected":false},"excerpt":{"rendered":"<p>A for\u00e7a criativa e o talento da Bahia foram destaques na 24\u00aa edi\u00e7\u00e3o do Pr\u00eamio Central de Outdoor, realizada nesta<\/p>\n","protected":false},"author":4,"featured_media":18225,"comment_status":"open","ping_status":"open","sticky":false,"template":"","format":"standard","meta":{"colormag_page_container_layout":"default_layout","colormag_page_sidebar_layout":"default_layout","_FSMCFIC_featured_image_caption":"","_FSMCFIC_featured_image_nocaption":"","_FSMCFIC_featured_image_hide":"","footnotes":""},"categories":[2,1],"tags":[],"class_list":["post-18224","post","type-post","status-publish","format-standard","has-post-thumbnail","hentry","category-noticias","category-ultimas"],"yoast_head":"<!-- This site is optimized with the Yoast SEO plugin v27.1.1 - https:\/\/yoast.com\/product\/yoast-seo-wordpress\/ -->\n<title>Bahia se destaca na 24\u00aa edi\u00e7\u00e3o do Pr\u00eamio Central de Outdoor - Brasil not\u00edcias<\/title>\n<meta name=\"robots\" content=\"index, follow, max-snippet:-1, max-image-preview:large, max-video-preview:-1\" \/>\n<link rel=\"canonical\" href=\"https:\/\/brasilnoticias.org\/site\/bahia-se-destaca-na-24a-edicao-do-premio-central-de-outdoor\/\" \/>\n<meta property=\"og:locale\" content=\"pt_PT\" \/>\n<meta property=\"og:type\" content=\"article\" \/>\n<meta property=\"og:title\" content=\"Bahia se destaca na 24\u00aa edi\u00e7\u00e3o do Pr\u00eamio Central de Outdoor - Brasil not\u00edcias\" \/>\n<meta property=\"og:description\" content=\"A for\u00e7a criativa e o talento da Bahia foram destaques na 24\u00aa edi\u00e7\u00e3o do Pr\u00eamio Central de Outdoor, realizada nesta\" \/>\n<meta property=\"og:url\" content=\"https:\/\/brasilnoticias.org\/site\/bahia-se-destaca-na-24a-edicao-do-premio-central-de-outdoor\/\" \/>\n<meta property=\"og:site_name\" content=\"Brasil not\u00edcias\" \/>\n<meta property=\"article:published_time\" content=\"2025-10-11T02:16:52+00:00\" \/>\n<meta property=\"og:image\" content=\"https:\/\/brasilnoticias.org\/site\/wp-content\/uploads\/2025\/10\/Credito-Fabio-Volpe.jpeg\" \/>\n\t<meta property=\"og:image:width\" content=\"1600\" \/>\n\t<meta property=\"og:image:height\" content=\"1066\" \/>\n\t<meta property=\"og:image:type\" content=\"image\/jpeg\" \/>\n<meta name=\"author\" content=\"Reda\u00e7\u00e3o\" \/>\n<meta name=\"twitter:card\" content=\"summary_large_image\" \/>\n<meta name=\"twitter:label1\" content=\"Escrito por\" \/>\n\t<meta name=\"twitter:data1\" content=\"Reda\u00e7\u00e3o\" \/>\n<script type=\"application\/ld+json\" class=\"yoast-schema-graph\">{\"@context\":\"https:\/\/schema.org\",\"@graph\":[{\"@type\":\"Article\",\"@id\":\"https:\/\/brasilnoticias.org\/site\/bahia-se-destaca-na-24a-edicao-do-premio-central-de-outdoor\/#article\",\"isPartOf\":{\"@id\":\"https:\/\/brasilnoticias.org\/site\/bahia-se-destaca-na-24a-edicao-do-premio-central-de-outdoor\/\"},\"author\":{\"name\":\"Reda\u00e7\u00e3o\",\"@id\":\"https:\/\/brasilnoticias.org\/site\/#\/schema\/person\/03bbbfe6c7634ad18c26444ea39049fa\"},\"headline\":\"Bahia se destaca na 24\u00aa edi\u00e7\u00e3o do Pr\u00eamio Central de Outdoor\",\"datePublished\":\"2025-10-11T02:16:52+00:00\",\"mainEntityOfPage\":{\"@id\":\"https:\/\/brasilnoticias.org\/site\/bahia-se-destaca-na-24a-edicao-do-premio-central-de-outdoor\/\"},\"wordCount\":446,\"commentCount\":0,\"publisher\":{\"@id\":\"https:\/\/brasilnoticias.org\/site\/#organization\"},\"image\":{\"@id\":\"https:\/\/brasilnoticias.org\/site\/bahia-se-destaca-na-24a-edicao-do-premio-central-de-outdoor\/#primaryimage\"},\"thumbnailUrl\":\"https:\/\/brasilnoticias.org\/site\/wp-content\/uploads\/2025\/10\/Credito-Fabio-Volpe.jpeg\",\"articleSection\":[\"Not\u00edcias\",\"\u00daltimas\"],\"inLanguage\":\"pt-PT\",\"potentialAction\":[{\"@type\":\"CommentAction\",\"name\":\"Comment\",\"target\":[\"https:\/\/brasilnoticias.org\/site\/bahia-se-destaca-na-24a-edicao-do-premio-central-de-outdoor\/#respond\"]}]},{\"@type\":\"WebPage\",\"@id\":\"https:\/\/brasilnoticias.org\/site\/bahia-se-destaca-na-24a-edicao-do-premio-central-de-outdoor\/\",\"url\":\"https:\/\/brasilnoticias.org\/site\/bahia-se-destaca-na-24a-edicao-do-premio-central-de-outdoor\/\",\"name\":\"Bahia se destaca na 24\u00aa edi\u00e7\u00e3o do Pr\u00eamio Central de Outdoor - Brasil not\u00edcias\",\"isPartOf\":{\"@id\":\"https:\/\/brasilnoticias.org\/site\/#website\"},\"primaryImageOfPage\":{\"@id\":\"https:\/\/brasilnoticias.org\/site\/bahia-se-destaca-na-24a-edicao-do-premio-central-de-outdoor\/#primaryimage\"},\"image\":{\"@id\":\"https:\/\/brasilnoticias.org\/site\/bahia-se-destaca-na-24a-edicao-do-premio-central-de-outdoor\/#primaryimage\"},\"thumbnailUrl\":\"https:\/\/brasilnoticias.org\/site\/wp-content\/uploads\/2025\/10\/Credito-Fabio-Volpe.jpeg\",\"datePublished\":\"2025-10-11T02:16:52+00:00\",\"breadcrumb\":{\"@id\":\"https:\/\/brasilnoticias.org\/site\/bahia-se-destaca-na-24a-edicao-do-premio-central-de-outdoor\/#breadcrumb\"},\"inLanguage\":\"pt-PT\",\"potentialAction\":[{\"@type\":\"ReadAction\",\"target\":[\"https:\/\/brasilnoticias.org\/site\/bahia-se-destaca-na-24a-edicao-do-premio-central-de-outdoor\/\"]}]},{\"@type\":\"ImageObject\",\"inLanguage\":\"pt-PT\",\"@id\":\"https:\/\/brasilnoticias.org\/site\/bahia-se-destaca-na-24a-edicao-do-premio-central-de-outdoor\/#primaryimage\",\"url\":\"https:\/\/brasilnoticias.org\/site\/wp-content\/uploads\/2025\/10\/Credito-Fabio-Volpe.jpeg\",\"contentUrl\":\"https:\/\/brasilnoticias.org\/site\/wp-content\/uploads\/2025\/10\/Credito-Fabio-Volpe.jpeg\",\"width\":1600,\"height\":1066},{\"@type\":\"BreadcrumbList\",\"@id\":\"https:\/\/brasilnoticias.org\/site\/bahia-se-destaca-na-24a-edicao-do-premio-central-de-outdoor\/#breadcrumb\",\"itemListElement\":[{\"@type\":\"ListItem\",\"position\":1,\"name\":\"In\u00edcio\",\"item\":\"https:\/\/brasilnoticias.org\/site\/\"},{\"@type\":\"ListItem\",\"position\":2,\"name\":\"Bahia se destaca na 24\u00aa edi\u00e7\u00e3o do Pr\u00eamio Central de Outdoor\"}]},{\"@type\":\"WebSite\",\"@id\":\"https:\/\/brasilnoticias.org\/site\/#website\",\"url\":\"https:\/\/brasilnoticias.org\/site\/\",\"name\":\"Brasil not\u00edcias\",\"description\":\"Brasil not\u00edcias\",\"publisher\":{\"@id\":\"https:\/\/brasilnoticias.org\/site\/#organization\"},\"potentialAction\":[{\"@type\":\"SearchAction\",\"target\":{\"@type\":\"EntryPoint\",\"urlTemplate\":\"https:\/\/brasilnoticias.org\/site\/?s={search_term_string}\"},\"query-input\":{\"@type\":\"PropertyValueSpecification\",\"valueRequired\":true,\"valueName\":\"search_term_string\"}}],\"inLanguage\":\"pt-PT\"},{\"@type\":\"Organization\",\"@id\":\"https:\/\/brasilnoticias.org\/site\/#organization\",\"name\":\"Brasil not\u00edcias\",\"url\":\"https:\/\/brasilnoticias.org\/site\/\",\"logo\":{\"@type\":\"ImageObject\",\"inLanguage\":\"pt-PT\",\"@id\":\"https:\/\/brasilnoticias.org\/site\/#\/schema\/logo\/image\/\",\"url\":\"https:\/\/brasilnoticias.org\/site\/wp-content\/uploads\/2022\/05\/cropped-brasilnoticias-mini.jpg\",\"contentUrl\":\"https:\/\/brasilnoticias.org\/site\/wp-content\/uploads\/2022\/05\/cropped-brasilnoticias-mini.jpg\",\"width\":314,\"height\":86,\"caption\":\"Brasil not\u00edcias\"},\"image\":{\"@id\":\"https:\/\/brasilnoticias.org\/site\/#\/schema\/logo\/image\/\"}},{\"@type\":\"Person\",\"@id\":\"https:\/\/brasilnoticias.org\/site\/#\/schema\/person\/03bbbfe6c7634ad18c26444ea39049fa\",\"name\":\"Reda\u00e7\u00e3o\",\"image\":{\"@type\":\"ImageObject\",\"inLanguage\":\"pt-PT\",\"@id\":\"https:\/\/brasilnoticias.org\/site\/#\/schema\/person\/image\/\",\"url\":\"https:\/\/secure.gravatar.com\/avatar\/9ecaf7327a696cb23ad926fedded5f1f04d7049de9e445375d55b48c001a6e42?s=96&d=mm&r=g\",\"contentUrl\":\"https:\/\/secure.gravatar.com\/avatar\/9ecaf7327a696cb23ad926fedded5f1f04d7049de9e445375d55b48c001a6e42?s=96&d=mm&r=g\",\"caption\":\"Reda\u00e7\u00e3o\"},\"url\":\"https:\/\/brasilnoticias.org\/site\/author\/henrique\/\"}]}<\/script>\n<!-- \/ Yoast SEO plugin. -->","yoast_head_json":{"title":"Bahia se destaca na 24\u00aa edi\u00e7\u00e3o do Pr\u00eamio Central de Outdoor - Brasil not\u00edcias","robots":{"index":"index","follow":"follow","max-snippet":"max-snippet:-1","max-image-preview":"max-image-preview:large","max-video-preview":"max-video-preview:-1"},"canonical":"https:\/\/brasilnoticias.org\/site\/bahia-se-destaca-na-24a-edicao-do-premio-central-de-outdoor\/","og_locale":"pt_PT","og_type":"article","og_title":"Bahia se destaca na 24\u00aa edi\u00e7\u00e3o do Pr\u00eamio Central de Outdoor - Brasil not\u00edcias","og_description":"A for\u00e7a criativa e o talento da Bahia foram destaques na 24\u00aa edi\u00e7\u00e3o do Pr\u00eamio Central de Outdoor, realizada nesta","og_url":"https:\/\/brasilnoticias.org\/site\/bahia-se-destaca-na-24a-edicao-do-premio-central-de-outdoor\/","og_site_name":"Brasil not\u00edcias","article_published_time":"2025-10-11T02:16:52+00:00","og_image":[{"width":1600,"height":1066,"url":"https:\/\/brasilnoticias.org\/site\/wp-content\/uploads\/2025\/10\/Credito-Fabio-Volpe.jpeg","type":"image\/jpeg"}],"author":"Reda\u00e7\u00e3o","twitter_card":"summary_large_image","twitter_misc":{"Escrito por":"Reda\u00e7\u00e3o"},"schema":{"@context":"https:\/\/schema.org","@graph":[{"@type":"Article","@id":"https:\/\/brasilnoticias.org\/site\/bahia-se-destaca-na-24a-edicao-do-premio-central-de-outdoor\/#article","isPartOf":{"@id":"https:\/\/brasilnoticias.org\/site\/bahia-se-destaca-na-24a-edicao-do-premio-central-de-outdoor\/"},"author":{"name":"Reda\u00e7\u00e3o","@id":"https:\/\/brasilnoticias.org\/site\/#\/schema\/person\/03bbbfe6c7634ad18c26444ea39049fa"},"headline":"Bahia se destaca na 24\u00aa edi\u00e7\u00e3o do Pr\u00eamio Central de Outdoor","datePublished":"2025-10-11T02:16:52+00:00","mainEntityOfPage":{"@id":"https:\/\/brasilnoticias.org\/site\/bahia-se-destaca-na-24a-edicao-do-premio-central-de-outdoor\/"},"wordCount":446,"commentCount":0,"publisher":{"@id":"https:\/\/brasilnoticias.org\/site\/#organization"},"image":{"@id":"https:\/\/brasilnoticias.org\/site\/bahia-se-destaca-na-24a-edicao-do-premio-central-de-outdoor\/#primaryimage"},"thumbnailUrl":"https:\/\/brasilnoticias.org\/site\/wp-content\/uploads\/2025\/10\/Credito-Fabio-Volpe.jpeg","articleSection":["Not\u00edcias","\u00daltimas"],"inLanguage":"pt-PT","potentialAction":[{"@type":"CommentAction","name":"Comment","target":["https:\/\/brasilnoticias.org\/site\/bahia-se-destaca-na-24a-edicao-do-premio-central-de-outdoor\/#respond"]}]},{"@type":"WebPage","@id":"https:\/\/brasilnoticias.org\/site\/bahia-se-destaca-na-24a-edicao-do-premio-central-de-outdoor\/","url":"https:\/\/brasilnoticias.org\/site\/bahia-se-destaca-na-24a-edicao-do-premio-central-de-outdoor\/","name":"Bahia se destaca na 24\u00aa edi\u00e7\u00e3o do Pr\u00eamio Central de Outdoor - Brasil not\u00edcias","isPartOf":{"@id":"https:\/\/brasilnoticias.org\/site\/#website"},"primaryImageOfPage":{"@id":"https:\/\/brasilnoticias.org\/site\/bahia-se-destaca-na-24a-edicao-do-premio-central-de-outdoor\/#primaryimage"},"image":{"@id":"https:\/\/brasilnoticias.org\/site\/bahia-se-destaca-na-24a-edicao-do-premio-central-de-outdoor\/#primaryimage"},"thumbnailUrl":"https:\/\/brasilnoticias.org\/site\/wp-content\/uploads\/2025\/10\/Credito-Fabio-Volpe.jpeg","datePublished":"2025-10-11T02:16:52+00:00","breadcrumb":{"@id":"https:\/\/brasilnoticias.org\/site\/bahia-se-destaca-na-24a-edicao-do-premio-central-de-outdoor\/#breadcrumb"},"inLanguage":"pt-PT","potentialAction":[{"@type":"ReadAction","target":["https:\/\/brasilnoticias.org\/site\/bahia-se-destaca-na-24a-edicao-do-premio-central-de-outdoor\/"]}]},{"@type":"ImageObject","inLanguage":"pt-PT","@id":"https:\/\/brasilnoticias.org\/site\/bahia-se-destaca-na-24a-edicao-do-premio-central-de-outdoor\/#primaryimage","url":"https:\/\/brasilnoticias.org\/site\/wp-content\/uploads\/2025\/10\/Credito-Fabio-Volpe.jpeg","contentUrl":"https:\/\/brasilnoticias.org\/site\/wp-content\/uploads\/2025\/10\/Credito-Fabio-Volpe.jpeg","width":1600,"height":1066},{"@type":"BreadcrumbList","@id":"https:\/\/brasilnoticias.org\/site\/bahia-se-destaca-na-24a-edicao-do-premio-central-de-outdoor\/#breadcrumb","itemListElement":[{"@type":"ListItem","position":1,"name":"In\u00edcio","item":"https:\/\/brasilnoticias.org\/site\/"},{"@type":"ListItem","position":2,"name":"Bahia se destaca na 24\u00aa edi\u00e7\u00e3o do Pr\u00eamio Central de Outdoor"}]},{"@type":"WebSite","@id":"https:\/\/brasilnoticias.org\/site\/#website","url":"https:\/\/brasilnoticias.org\/site\/","name":"Brasil not\u00edcias","description":"Brasil not\u00edcias","publisher":{"@id":"https:\/\/brasilnoticias.org\/site\/#organization"},"potentialAction":[{"@type":"SearchAction","target":{"@type":"EntryPoint","urlTemplate":"https:\/\/brasilnoticias.org\/site\/?s={search_term_string}"},"query-input":{"@type":"PropertyValueSpecification","valueRequired":true,"valueName":"search_term_string"}}],"inLanguage":"pt-PT"},{"@type":"Organization","@id":"https:\/\/brasilnoticias.org\/site\/#organization","name":"Brasil not\u00edcias","url":"https:\/\/brasilnoticias.org\/site\/","logo":{"@type":"ImageObject","inLanguage":"pt-PT","@id":"https:\/\/brasilnoticias.org\/site\/#\/schema\/logo\/image\/","url":"https:\/\/brasilnoticias.org\/site\/wp-content\/uploads\/2022\/05\/cropped-brasilnoticias-mini.jpg","contentUrl":"https:\/\/brasilnoticias.org\/site\/wp-content\/uploads\/2022\/05\/cropped-brasilnoticias-mini.jpg","width":314,"height":86,"caption":"Brasil not\u00edcias"},"image":{"@id":"https:\/\/brasilnoticias.org\/site\/#\/schema\/logo\/image\/"}},{"@type":"Person","@id":"https:\/\/brasilnoticias.org\/site\/#\/schema\/person\/03bbbfe6c7634ad18c26444ea39049fa","name":"Reda\u00e7\u00e3o","image":{"@type":"ImageObject","inLanguage":"pt-PT","@id":"https:\/\/brasilnoticias.org\/site\/#\/schema\/person\/image\/","url":"https:\/\/secure.gravatar.com\/avatar\/9ecaf7327a696cb23ad926fedded5f1f04d7049de9e445375d55b48c001a6e42?s=96&d=mm&r=g","contentUrl":"https:\/\/secure.gravatar.com\/avatar\/9ecaf7327a696cb23ad926fedded5f1f04d7049de9e445375d55b48c001a6e42?s=96&d=mm&r=g","caption":"Reda\u00e7\u00e3o"},"url":"https:\/\/brasilnoticias.org\/site\/author\/henrique\/"}]}},"_links":{"self":[{"href":"https:\/\/brasilnoticias.org\/site\/wp-json\/wp\/v2\/posts\/18224","targetHints":{"allow":["GET"]}}],"collection":[{"href":"https:\/\/brasilnoticias.org\/site\/wp-json\/wp\/v2\/posts"}],"about":[{"href":"https:\/\/brasilnoticias.org\/site\/wp-json\/wp\/v2\/types\/post"}],"author":[{"embeddable":true,"href":"https:\/\/brasilnoticias.org\/site\/wp-json\/wp\/v2\/users\/4"}],"replies":[{"embeddable":true,"href":"https:\/\/brasilnoticias.org\/site\/wp-json\/wp\/v2\/comments?post=18224"}],"version-history":[{"count":1,"href":"https:\/\/brasilnoticias.org\/site\/wp-json\/wp\/v2\/posts\/18224\/revisions"}],"predecessor-version":[{"id":18226,"href":"https:\/\/brasilnoticias.org\/site\/wp-json\/wp\/v2\/posts\/18224\/revisions\/18226"}],"wp:featuredmedia":[{"embeddable":true,"href":"https:\/\/brasilnoticias.org\/site\/wp-json\/wp\/v2\/media\/18225"}],"wp:attachment":[{"href":"https:\/\/brasilnoticias.org\/site\/wp-json\/wp\/v2\/media?parent=18224"}],"wp:term":[{"taxonomy":"category","embeddable":true,"href":"https:\/\/brasilnoticias.org\/site\/wp-json\/wp\/v2\/categories?post=18224"},{"taxonomy":"post_tag","embeddable":true,"href":"https:\/\/brasilnoticias.org\/site\/wp-json\/wp\/v2\/tags?post=18224"}],"curies":[{"name":"wp","href":"https:\/\/api.w.org\/{rel}","templated":true}]}}