{"id":18242,"date":"2025-10-12T21:57:06","date_gmt":"2025-10-13T00:57:06","guid":{"rendered":"https:\/\/brasilnoticias.org\/site\/?p=18242"},"modified":"2025-10-12T21:57:06","modified_gmt":"2025-10-13T00:57:06","slug":"apos-lesao-gracyanne-barbosa-desabafa-sobre-recuperacao-uma-dor-absurdo","status":"publish","type":"post","link":"https:\/\/brasilnoticias.org\/site\/apos-lesao-gracyanne-barbosa-desabafa-sobre-recuperacao-uma-dor-absurdo\/","title":{"rendered":"Ap\u00f3s les\u00e3o, Gracyanne Barbosa desabafa sobre recupera\u00e7\u00e3o: &#8220;Uma dor absurdo&#8221;"},"content":{"rendered":"<div>\n<p>Ap\u00f3s sofrer uma les\u00e3o enquanto se apresentava no &#8220;Dan\u00e7a dos Famosos&#8221;, do Doming\u00e3o com Huck, Gracyanne Barbosa<\/a> compartilhou um relato sobre a sua dif\u00edcil recupera\u00e7\u00e3o, neste s\u00e1bado (4), nas redes sociais.<\/p>\n<p>A musa fitness<\/a> est\u00e1 afastada dos treinos enquanto foca na sua recupera\u00e7\u00e3o e desabafou sobre o processo de cura. &#8220;Pra quem queria saber como aconteceu, nesse primeiro EP mostrei um pouco sobre o dia do acontecido, o resultado e a cirurgia. Confesso que no primeiro momento quando olhei pro joelho, imaginei a gravidade, mas s\u00f3 conseguia pensar: eu quero continuar na dan\u00e7a. O cuidado e acolhimento do Luciano, da fam\u00edlia doming\u00e3o e de todos ali, fizeram a diferen\u00e7a nesse momento, sempre irei agradecer. Prontamente fui atendida, encaminhada pro hospital e o resultado: Rompimento completo do tend\u00e3o quadricipital e \u00fanica op\u00e7\u00e3o \u00e9 a cirurgia&#8221;, explicou.<\/p>\n<blockquote class=\"citacao\"><p>&#8220;Uma dor, que n\u00e3o consigo descrever! Eu n\u00e3o lembro de ter chorado de dor f\u00edsica alguma vez na vida e desde de domingo choro todos os dias, realmente \u00e9 uma dor absurda, por\u00e9m sei que logo ir\u00e1 passar. E sei tbm que sou privilegiada por ter todo o suporte que preciso&#8221;, acrescentou.<\/p><\/blockquote>\n<p>Gracyannes destacou<\/a> que a sua prioridade \u00e9 ficar melhor antes de voltar para a academia. &#8220;Agora o foco \u00e9 RECUPERA\u00c7\u00c3O! Vou continuar compartilhando com voc\u00eas, a fisio, incha\u00e7o e tudo o que gostam de ver&#8221;, declarou na legenda da publica\u00e7\u00e3o.<\/p>\n<\/p><\/div>\n","protected":false},"excerpt":{"rendered":"<p>Ap\u00f3s sofrer uma les\u00e3o enquanto se apresentava no &#8220;Dan\u00e7a dos Famosos&#8221;, do Doming\u00e3o com Huck, Gracyanne Barbosa compartilhou um relato<\/p>\n","protected":false},"author":7,"featured_media":18243,"comment_status":"open","ping_status":"open","sticky":false,"template":"","format":"standard","meta":{"colormag_page_container_layout":"default_layout","colormag_page_sidebar_layout":"default_layout","_FSMCFIC_featured_image_caption":"","_FSMCFIC_featured_image_nocaption":"","_FSMCFIC_featured_image_hide":"","footnotes":""},"categories":[1],"tags":[],"class_list":["post-18242","post","type-post","status-publish","format-standard","has-post-thumbnail","hentry","category-ultimas"],"yoast_head":"<!-- This site is optimized with the Yoast SEO plugin v27.1.1 - https:\/\/yoast.com\/product\/yoast-seo-wordpress\/ -->\n<title>Ap\u00f3s les\u00e3o, Gracyanne Barbosa desabafa sobre recupera\u00e7\u00e3o: &quot;Uma dor absurdo&quot; - Brasil not\u00edcias<\/title>\n<meta name=\"robots\" content=\"index, follow, max-snippet:-1, max-image-preview:large, max-video-preview:-1\" \/>\n<link rel=\"canonical\" href=\"https:\/\/brasilnoticias.org\/site\/apos-lesao-gracyanne-barbosa-desabafa-sobre-recuperacao-uma-dor-absurdo\/\" \/>\n<meta property=\"og:locale\" content=\"pt_PT\" \/>\n<meta property=\"og:type\" content=\"article\" \/>\n<meta property=\"og:title\" content=\"Ap\u00f3s les\u00e3o, Gracyanne Barbosa desabafa sobre recupera\u00e7\u00e3o: &quot;Uma dor absurdo&quot; - Brasil not\u00edcias\" \/>\n<meta property=\"og:description\" content=\"Ap\u00f3s sofrer uma les\u00e3o enquanto se apresentava no &#8220;Dan\u00e7a dos Famosos&#8221;, do Doming\u00e3o com Huck, Gracyanne Barbosa compartilhou um relato\" \/>\n<meta property=\"og:url\" content=\"https:\/\/brasilnoticias.org\/site\/apos-lesao-gracyanne-barbosa-desabafa-sobre-recuperacao-uma-dor-absurdo\/\" \/>\n<meta property=\"og:site_name\" content=\"Brasil not\u00edcias\" \/>\n<meta property=\"article:published_time\" content=\"2025-10-13T00:57:06+00:00\" \/>\n<meta property=\"og:image\" content=\"https:\/\/brasilnoticias.org\/site\/wp-content\/uploads\/2025\/10\/copia_de_capa_posts_7_m3QpQFn_widelg.jpg\" \/>\n\t<meta property=\"og:image:width\" content=\"800\" \/>\n\t<meta property=\"og:image:height\" content=\"450\" \/>\n\t<meta property=\"og:image:type\" content=\"image\/jpeg\" \/>\n<meta name=\"author\" content=\"Natane Ramos\" \/>\n<meta name=\"twitter:card\" content=\"summary_large_image\" \/>\n<meta name=\"twitter:label1\" content=\"Escrito por\" \/>\n\t<meta name=\"twitter:data1\" content=\"Natane Ramos\" \/>\n\t<meta name=\"twitter:label2\" content=\"Tempo estimado de leitura\" \/>\n\t<meta name=\"twitter:data2\" content=\"1 minuto\" \/>\n<script type=\"application\/ld+json\" class=\"yoast-schema-graph\">{\"@context\":\"https:\/\/schema.org\",\"@graph\":[{\"@type\":\"Article\",\"@id\":\"https:\/\/brasilnoticias.org\/site\/apos-lesao-gracyanne-barbosa-desabafa-sobre-recuperacao-uma-dor-absurdo\/#article\",\"isPartOf\":{\"@id\":\"https:\/\/brasilnoticias.org\/site\/apos-lesao-gracyanne-barbosa-desabafa-sobre-recuperacao-uma-dor-absurdo\/\"},\"author\":{\"name\":\"Natane Ramos\",\"@id\":\"https:\/\/brasilnoticias.org\/site\/#\/schema\/person\/fcb783e56cf2d4837ff34fab5319a5e2\"},\"headline\":\"Ap\u00f3s les\u00e3o, Gracyanne Barbosa desabafa sobre recupera\u00e7\u00e3o: &#8220;Uma dor absurdo&#8221;\",\"datePublished\":\"2025-10-13T00:57:06+00:00\",\"mainEntityOfPage\":{\"@id\":\"https:\/\/brasilnoticias.org\/site\/apos-lesao-gracyanne-barbosa-desabafa-sobre-recuperacao-uma-dor-absurdo\/\"},\"wordCount\":257,\"commentCount\":0,\"publisher\":{\"@id\":\"https:\/\/brasilnoticias.org\/site\/#organization\"},\"image\":{\"@id\":\"https:\/\/brasilnoticias.org\/site\/apos-lesao-gracyanne-barbosa-desabafa-sobre-recuperacao-uma-dor-absurdo\/#primaryimage\"},\"thumbnailUrl\":\"https:\/\/brasilnoticias.org\/site\/wp-content\/uploads\/2025\/10\/copia_de_capa_posts_7_m3QpQFn_widelg.jpg\",\"articleSection\":[\"\u00daltimas\"],\"inLanguage\":\"pt-PT\",\"potentialAction\":[{\"@type\":\"CommentAction\",\"name\":\"Comment\",\"target\":[\"https:\/\/brasilnoticias.org\/site\/apos-lesao-gracyanne-barbosa-desabafa-sobre-recuperacao-uma-dor-absurdo\/#respond\"]}]},{\"@type\":\"WebPage\",\"@id\":\"https:\/\/brasilnoticias.org\/site\/apos-lesao-gracyanne-barbosa-desabafa-sobre-recuperacao-uma-dor-absurdo\/\",\"url\":\"https:\/\/brasilnoticias.org\/site\/apos-lesao-gracyanne-barbosa-desabafa-sobre-recuperacao-uma-dor-absurdo\/\",\"name\":\"Ap\u00f3s les\u00e3o, Gracyanne Barbosa desabafa sobre recupera\u00e7\u00e3o: \\\"Uma dor absurdo\\\" - Brasil not\u00edcias\",\"isPartOf\":{\"@id\":\"https:\/\/brasilnoticias.org\/site\/#website\"},\"primaryImageOfPage\":{\"@id\":\"https:\/\/brasilnoticias.org\/site\/apos-lesao-gracyanne-barbosa-desabafa-sobre-recuperacao-uma-dor-absurdo\/#primaryimage\"},\"image\":{\"@id\":\"https:\/\/brasilnoticias.org\/site\/apos-lesao-gracyanne-barbosa-desabafa-sobre-recuperacao-uma-dor-absurdo\/#primaryimage\"},\"thumbnailUrl\":\"https:\/\/brasilnoticias.org\/site\/wp-content\/uploads\/2025\/10\/copia_de_capa_posts_7_m3QpQFn_widelg.jpg\",\"datePublished\":\"2025-10-13T00:57:06+00:00\",\"breadcrumb\":{\"@id\":\"https:\/\/brasilnoticias.org\/site\/apos-lesao-gracyanne-barbosa-desabafa-sobre-recuperacao-uma-dor-absurdo\/#breadcrumb\"},\"inLanguage\":\"pt-PT\",\"potentialAction\":[{\"@type\":\"ReadAction\",\"target\":[\"https:\/\/brasilnoticias.org\/site\/apos-lesao-gracyanne-barbosa-desabafa-sobre-recuperacao-uma-dor-absurdo\/\"]}]},{\"@type\":\"ImageObject\",\"inLanguage\":\"pt-PT\",\"@id\":\"https:\/\/brasilnoticias.org\/site\/apos-lesao-gracyanne-barbosa-desabafa-sobre-recuperacao-uma-dor-absurdo\/#primaryimage\",\"url\":\"https:\/\/brasilnoticias.org\/site\/wp-content\/uploads\/2025\/10\/copia_de_capa_posts_7_m3QpQFn_widelg.jpg\",\"contentUrl\":\"https:\/\/brasilnoticias.org\/site\/wp-content\/uploads\/2025\/10\/copia_de_capa_posts_7_m3QpQFn_widelg.jpg\",\"width\":800,\"height\":450,\"caption\":\"Ap\u00f3s les\u00e3o, Gracyanne Barbosa desabafa sobre recupera\u00e7\u00e3o: \\\"Uma dor absurdo\\\"\"},{\"@type\":\"BreadcrumbList\",\"@id\":\"https:\/\/brasilnoticias.org\/site\/apos-lesao-gracyanne-barbosa-desabafa-sobre-recuperacao-uma-dor-absurdo\/#breadcrumb\",\"itemListElement\":[{\"@type\":\"ListItem\",\"position\":1,\"name\":\"In\u00edcio\",\"item\":\"https:\/\/brasilnoticias.org\/site\/\"},{\"@type\":\"ListItem\",\"position\":2,\"name\":\"Ap\u00f3s les\u00e3o, Gracyanne Barbosa desabafa sobre recupera\u00e7\u00e3o: &#8220;Uma dor absurdo&#8221;\"}]},{\"@type\":\"WebSite\",\"@id\":\"https:\/\/brasilnoticias.org\/site\/#website\",\"url\":\"https:\/\/brasilnoticias.org\/site\/\",\"name\":\"Brasil not\u00edcias\",\"description\":\"Brasil not\u00edcias\",\"publisher\":{\"@id\":\"https:\/\/brasilnoticias.org\/site\/#organization\"},\"potentialAction\":[{\"@type\":\"SearchAction\",\"target\":{\"@type\":\"EntryPoint\",\"urlTemplate\":\"https:\/\/brasilnoticias.org\/site\/?s={search_term_string}\"},\"query-input\":{\"@type\":\"PropertyValueSpecification\",\"valueRequired\":true,\"valueName\":\"search_term_string\"}}],\"inLanguage\":\"pt-PT\"},{\"@type\":\"Organization\",\"@id\":\"https:\/\/brasilnoticias.org\/site\/#organization\",\"name\":\"Brasil not\u00edcias\",\"url\":\"https:\/\/brasilnoticias.org\/site\/\",\"logo\":{\"@type\":\"ImageObject\",\"inLanguage\":\"pt-PT\",\"@id\":\"https:\/\/brasilnoticias.org\/site\/#\/schema\/logo\/image\/\",\"url\":\"https:\/\/brasilnoticias.org\/site\/wp-content\/uploads\/2022\/05\/cropped-brasilnoticias-mini.jpg\",\"contentUrl\":\"https:\/\/brasilnoticias.org\/site\/wp-content\/uploads\/2022\/05\/cropped-brasilnoticias-mini.jpg\",\"width\":314,\"height\":86,\"caption\":\"Brasil not\u00edcias\"},\"image\":{\"@id\":\"https:\/\/brasilnoticias.org\/site\/#\/schema\/logo\/image\/\"}},{\"@type\":\"Person\",\"@id\":\"https:\/\/brasilnoticias.org\/site\/#\/schema\/person\/fcb783e56cf2d4837ff34fab5319a5e2\",\"name\":\"Natane Ramos\",\"image\":{\"@type\":\"ImageObject\",\"inLanguage\":\"pt-PT\",\"@id\":\"https:\/\/brasilnoticias.org\/site\/#\/schema\/person\/image\/\",\"url\":\"https:\/\/secure.gravatar.com\/avatar\/?s=96&d=mm&r=g\",\"contentUrl\":\"https:\/\/secure.gravatar.com\/avatar\/?s=96&d=mm&r=g\",\"caption\":\"Natane Ramos\"},\"url\":\"https:\/\/brasilnoticias.org\/site\/author\/natane_ramos\/\"}]}<\/script>\n<!-- \/ Yoast SEO plugin. -->","yoast_head_json":{"title":"Ap\u00f3s les\u00e3o, Gracyanne Barbosa desabafa sobre recupera\u00e7\u00e3o: \"Uma dor absurdo\" - Brasil not\u00edcias","robots":{"index":"index","follow":"follow","max-snippet":"max-snippet:-1","max-image-preview":"max-image-preview:large","max-video-preview":"max-video-preview:-1"},"canonical":"https:\/\/brasilnoticias.org\/site\/apos-lesao-gracyanne-barbosa-desabafa-sobre-recuperacao-uma-dor-absurdo\/","og_locale":"pt_PT","og_type":"article","og_title":"Ap\u00f3s les\u00e3o, Gracyanne Barbosa desabafa sobre recupera\u00e7\u00e3o: \"Uma dor absurdo\" - Brasil not\u00edcias","og_description":"Ap\u00f3s sofrer uma les\u00e3o enquanto se apresentava no &#8220;Dan\u00e7a dos Famosos&#8221;, do Doming\u00e3o com Huck, Gracyanne Barbosa compartilhou um relato","og_url":"https:\/\/brasilnoticias.org\/site\/apos-lesao-gracyanne-barbosa-desabafa-sobre-recuperacao-uma-dor-absurdo\/","og_site_name":"Brasil not\u00edcias","article_published_time":"2025-10-13T00:57:06+00:00","og_image":[{"width":800,"height":450,"url":"https:\/\/brasilnoticias.org\/site\/wp-content\/uploads\/2025\/10\/copia_de_capa_posts_7_m3QpQFn_widelg.jpg","type":"image\/jpeg"}],"author":"Natane Ramos","twitter_card":"summary_large_image","twitter_misc":{"Escrito por":"Natane Ramos","Tempo estimado de leitura":"1 minuto"},"schema":{"@context":"https:\/\/schema.org","@graph":[{"@type":"Article","@id":"https:\/\/brasilnoticias.org\/site\/apos-lesao-gracyanne-barbosa-desabafa-sobre-recuperacao-uma-dor-absurdo\/#article","isPartOf":{"@id":"https:\/\/brasilnoticias.org\/site\/apos-lesao-gracyanne-barbosa-desabafa-sobre-recuperacao-uma-dor-absurdo\/"},"author":{"name":"Natane Ramos","@id":"https:\/\/brasilnoticias.org\/site\/#\/schema\/person\/fcb783e56cf2d4837ff34fab5319a5e2"},"headline":"Ap\u00f3s les\u00e3o, Gracyanne Barbosa desabafa sobre recupera\u00e7\u00e3o: &#8220;Uma dor absurdo&#8221;","datePublished":"2025-10-13T00:57:06+00:00","mainEntityOfPage":{"@id":"https:\/\/brasilnoticias.org\/site\/apos-lesao-gracyanne-barbosa-desabafa-sobre-recuperacao-uma-dor-absurdo\/"},"wordCount":257,"commentCount":0,"publisher":{"@id":"https:\/\/brasilnoticias.org\/site\/#organization"},"image":{"@id":"https:\/\/brasilnoticias.org\/site\/apos-lesao-gracyanne-barbosa-desabafa-sobre-recuperacao-uma-dor-absurdo\/#primaryimage"},"thumbnailUrl":"https:\/\/brasilnoticias.org\/site\/wp-content\/uploads\/2025\/10\/copia_de_capa_posts_7_m3QpQFn_widelg.jpg","articleSection":["\u00daltimas"],"inLanguage":"pt-PT","potentialAction":[{"@type":"CommentAction","name":"Comment","target":["https:\/\/brasilnoticias.org\/site\/apos-lesao-gracyanne-barbosa-desabafa-sobre-recuperacao-uma-dor-absurdo\/#respond"]}]},{"@type":"WebPage","@id":"https:\/\/brasilnoticias.org\/site\/apos-lesao-gracyanne-barbosa-desabafa-sobre-recuperacao-uma-dor-absurdo\/","url":"https:\/\/brasilnoticias.org\/site\/apos-lesao-gracyanne-barbosa-desabafa-sobre-recuperacao-uma-dor-absurdo\/","name":"Ap\u00f3s les\u00e3o, Gracyanne Barbosa desabafa sobre recupera\u00e7\u00e3o: \"Uma dor absurdo\" - Brasil not\u00edcias","isPartOf":{"@id":"https:\/\/brasilnoticias.org\/site\/#website"},"primaryImageOfPage":{"@id":"https:\/\/brasilnoticias.org\/site\/apos-lesao-gracyanne-barbosa-desabafa-sobre-recuperacao-uma-dor-absurdo\/#primaryimage"},"image":{"@id":"https:\/\/brasilnoticias.org\/site\/apos-lesao-gracyanne-barbosa-desabafa-sobre-recuperacao-uma-dor-absurdo\/#primaryimage"},"thumbnailUrl":"https:\/\/brasilnoticias.org\/site\/wp-content\/uploads\/2025\/10\/copia_de_capa_posts_7_m3QpQFn_widelg.jpg","datePublished":"2025-10-13T00:57:06+00:00","breadcrumb":{"@id":"https:\/\/brasilnoticias.org\/site\/apos-lesao-gracyanne-barbosa-desabafa-sobre-recuperacao-uma-dor-absurdo\/#breadcrumb"},"inLanguage":"pt-PT","potentialAction":[{"@type":"ReadAction","target":["https:\/\/brasilnoticias.org\/site\/apos-lesao-gracyanne-barbosa-desabafa-sobre-recuperacao-uma-dor-absurdo\/"]}]},{"@type":"ImageObject","inLanguage":"pt-PT","@id":"https:\/\/brasilnoticias.org\/site\/apos-lesao-gracyanne-barbosa-desabafa-sobre-recuperacao-uma-dor-absurdo\/#primaryimage","url":"https:\/\/brasilnoticias.org\/site\/wp-content\/uploads\/2025\/10\/copia_de_capa_posts_7_m3QpQFn_widelg.jpg","contentUrl":"https:\/\/brasilnoticias.org\/site\/wp-content\/uploads\/2025\/10\/copia_de_capa_posts_7_m3QpQFn_widelg.jpg","width":800,"height":450,"caption":"Ap\u00f3s les\u00e3o, Gracyanne Barbosa desabafa sobre recupera\u00e7\u00e3o: \"Uma dor absurdo\""},{"@type":"BreadcrumbList","@id":"https:\/\/brasilnoticias.org\/site\/apos-lesao-gracyanne-barbosa-desabafa-sobre-recuperacao-uma-dor-absurdo\/#breadcrumb","itemListElement":[{"@type":"ListItem","position":1,"name":"In\u00edcio","item":"https:\/\/brasilnoticias.org\/site\/"},{"@type":"ListItem","position":2,"name":"Ap\u00f3s les\u00e3o, Gracyanne Barbosa desabafa sobre recupera\u00e7\u00e3o: &#8220;Uma dor absurdo&#8221;"}]},{"@type":"WebSite","@id":"https:\/\/brasilnoticias.org\/site\/#website","url":"https:\/\/brasilnoticias.org\/site\/","name":"Brasil not\u00edcias","description":"Brasil not\u00edcias","publisher":{"@id":"https:\/\/brasilnoticias.org\/site\/#organization"},"potentialAction":[{"@type":"SearchAction","target":{"@type":"EntryPoint","urlTemplate":"https:\/\/brasilnoticias.org\/site\/?s={search_term_string}"},"query-input":{"@type":"PropertyValueSpecification","valueRequired":true,"valueName":"search_term_string"}}],"inLanguage":"pt-PT"},{"@type":"Organization","@id":"https:\/\/brasilnoticias.org\/site\/#organization","name":"Brasil not\u00edcias","url":"https:\/\/brasilnoticias.org\/site\/","logo":{"@type":"ImageObject","inLanguage":"pt-PT","@id":"https:\/\/brasilnoticias.org\/site\/#\/schema\/logo\/image\/","url":"https:\/\/brasilnoticias.org\/site\/wp-content\/uploads\/2022\/05\/cropped-brasilnoticias-mini.jpg","contentUrl":"https:\/\/brasilnoticias.org\/site\/wp-content\/uploads\/2022\/05\/cropped-brasilnoticias-mini.jpg","width":314,"height":86,"caption":"Brasil not\u00edcias"},"image":{"@id":"https:\/\/brasilnoticias.org\/site\/#\/schema\/logo\/image\/"}},{"@type":"Person","@id":"https:\/\/brasilnoticias.org\/site\/#\/schema\/person\/fcb783e56cf2d4837ff34fab5319a5e2","name":"Natane Ramos","image":{"@type":"ImageObject","inLanguage":"pt-PT","@id":"https:\/\/brasilnoticias.org\/site\/#\/schema\/person\/image\/","url":"https:\/\/secure.gravatar.com\/avatar\/?s=96&d=mm&r=g","contentUrl":"https:\/\/secure.gravatar.com\/avatar\/?s=96&d=mm&r=g","caption":"Natane Ramos"},"url":"https:\/\/brasilnoticias.org\/site\/author\/natane_ramos\/"}]}},"_links":{"self":[{"href":"https:\/\/brasilnoticias.org\/site\/wp-json\/wp\/v2\/posts\/18242","targetHints":{"allow":["GET"]}}],"collection":[{"href":"https:\/\/brasilnoticias.org\/site\/wp-json\/wp\/v2\/posts"}],"about":[{"href":"https:\/\/brasilnoticias.org\/site\/wp-json\/wp\/v2\/types\/post"}],"author":[{"embeddable":true,"href":"https:\/\/brasilnoticias.org\/site\/wp-json\/wp\/v2\/users\/7"}],"replies":[{"embeddable":true,"href":"https:\/\/brasilnoticias.org\/site\/wp-json\/wp\/v2\/comments?post=18242"}],"version-history":[{"count":1,"href":"https:\/\/brasilnoticias.org\/site\/wp-json\/wp\/v2\/posts\/18242\/revisions"}],"predecessor-version":[{"id":18244,"href":"https:\/\/brasilnoticias.org\/site\/wp-json\/wp\/v2\/posts\/18242\/revisions\/18244"}],"wp:featuredmedia":[{"embeddable":true,"href":"https:\/\/brasilnoticias.org\/site\/wp-json\/wp\/v2\/media\/18243"}],"wp:attachment":[{"href":"https:\/\/brasilnoticias.org\/site\/wp-json\/wp\/v2\/media?parent=18242"}],"wp:term":[{"taxonomy":"category","embeddable":true,"href":"https:\/\/brasilnoticias.org\/site\/wp-json\/wp\/v2\/categories?post=18242"},{"taxonomy":"post_tag","embeddable":true,"href":"https:\/\/brasilnoticias.org\/site\/wp-json\/wp\/v2\/tags?post=18242"}],"curies":[{"name":"wp","href":"https:\/\/api.w.org\/{rel}","templated":true}]}}