{"id":18251,"date":"2025-10-13T11:56:38","date_gmt":"2025-10-13T14:56:38","guid":{"rendered":"https:\/\/brasilnoticias.org\/site\/?p=18251"},"modified":"2025-10-13T11:56:38","modified_gmt":"2025-10-13T14:56:38","slug":"stf-inicia-julgamento-do-nucleo-de-desinformacao-da-trama-golpista","status":"publish","type":"post","link":"https:\/\/brasilnoticias.org\/site\/stf-inicia-julgamento-do-nucleo-de-desinformacao-da-trama-golpista\/","title":{"rendered":"STF inicia julgamento do n\u00facleo de desinforma\u00e7\u00e3o da trama golpista"},"content":{"rendered":"<p>Sete r\u00e9us enfrentam acusa\u00e7\u00f5es de desinforma\u00e7\u00e3o e ataque \u00e0s institui\u00e7\u00f5es<\/p>\n<p>O Supremo Tribunal Federal inicia nesta semana o julgamento do n\u00facleo 4, composto por sete acusados de atuar em uma tentativa de golpe de Estado ap\u00f3s as elei\u00e7\u00f5es de 2022. As sess\u00f5es ocorrem nos dias 14, 15, 21 e 22 de outubro, com a Primeira Turma respons\u00e1vel pelo caso, agora sob a presid\u00eancia do ministro Fl\u00e1vio Dino.<\/p>\n<p>Segundo a Procuradoria-Geral da Rep\u00fablica, o grupo espalhou informa\u00e7\u00f5es falsas com o objetivo de desacreditar o processo eleitoral e as urnas eletr\u00f4nicas, em articula\u00e7\u00e3o com o n\u00facleo central da organiza\u00e7\u00e3o, supostamente liderado pelo ex-presidente Jair Bolsonaro. A acusa\u00e7\u00e3o tamb\u00e9m aponta o uso da estrutura da Abin para disseminar desinforma\u00e7\u00e3o.<\/p>\n<p>A PGR j\u00e1 apresentou as alega\u00e7\u00f5es finais e solicitou a condena\u00e7\u00e3o de todos os r\u00e9us, que, por sua vez, negam envolvimento. Este \u00e9 o segundo n\u00facleo do suposto plano golpista a ser julgado; o primeiro resultou em condena\u00e7\u00f5es em setembro. A nova etapa come\u00e7a com a leitura do relat\u00f3rio, seguida pelas manifesta\u00e7\u00f5es da PGR e das defesas.<\/p>\n<p>Os r\u00e9us s\u00e3o militares da reserva, um policial federal e representantes de entidades civis. O julgamento seguir\u00e1 com a apresenta\u00e7\u00e3o dos votos dos ministros, conforme calend\u00e1rio definido pelo STF, sob responsabilidade de Dino, que coordena os trabalhos da sess\u00e3o.<\/p>\n<p>Confira os dias e hor\u00e1rios das sess\u00f5es:<\/p>\n<p>14 de outubro de 2025 \u2014 das 9h00 \u00e0s 12h00<br \/>\n14 de outubro de 2025 \u2014 das 14h00 \u00e0s 19h00<br \/>\n15 de outubro de 2025 \u2014 das 9h00 \u00e0s 12h00<br \/>\n21 de outubro de 2025 \u2014 das 9h00 \u00e0s 12h00<br \/>\n21 de outubro de 2025 \u2014 das 14h00 \u00e0s 19h00<br \/>\n22 de outubro de 2025 \u2014 das 9h00 \u00e0s 12h00<br \/>\nSaiba quem s\u00e3o os r\u00e9us do n\u00facleo 4:<\/p>\n<p>Ailton Gon\u00e7alves Moraes Barros, major da reserva;<br \/>\n\u00c2ngelo Martins Denicoli, major da reserva;<br \/>\nCarlos Cesar Moretzsohn Rocha, presidente do IVL (Instituto Voto Legal);<br \/>\nGiancarlo Gomes Rodrigues, subtenente;<br \/>\nGuilherme Marques de Almeida, tenente-coronel;<br \/>\nMarcelo Ara\u00fajo Bormevet, policial federal; e<br \/>\nReginaldo Vieira de Abreu, coronel. <\/p>\n<p>Foto: Rosinei Coutinho\/STF<br \/>\nPor: Metro1<\/p>\n","protected":false},"excerpt":{"rendered":"<p>Sete r\u00e9us enfrentam acusa\u00e7\u00f5es de desinforma\u00e7\u00e3o e ataque \u00e0s institui\u00e7\u00f5es O Supremo Tribunal Federal inicia nesta semana o julgamento do<\/p>\n","protected":false},"author":4,"featured_media":18252,"comment_status":"open","ping_status":"open","sticky":false,"template":"","format":"standard","meta":{"colormag_page_container_layout":"default_layout","colormag_page_sidebar_layout":"default_layout","_FSMCFIC_featured_image_caption":"","_FSMCFIC_featured_image_nocaption":"","_FSMCFIC_featured_image_hide":"","footnotes":""},"categories":[7,1],"tags":[],"class_list":["post-18251","post","type-post","status-publish","format-standard","has-post-thumbnail","hentry","category-justica","category-ultimas"],"yoast_head":"<!-- This site is optimized with the Yoast SEO plugin v27.1.1 - https:\/\/yoast.com\/product\/yoast-seo-wordpress\/ -->\n<title>STF inicia julgamento do n\u00facleo de desinforma\u00e7\u00e3o da trama golpista - Brasil not\u00edcias<\/title>\n<meta name=\"robots\" content=\"index, follow, max-snippet:-1, max-image-preview:large, max-video-preview:-1\" \/>\n<link rel=\"canonical\" href=\"https:\/\/brasilnoticias.org\/site\/stf-inicia-julgamento-do-nucleo-de-desinformacao-da-trama-golpista\/\" \/>\n<meta property=\"og:locale\" content=\"pt_PT\" \/>\n<meta property=\"og:type\" content=\"article\" \/>\n<meta property=\"og:title\" content=\"STF inicia julgamento do n\u00facleo de desinforma\u00e7\u00e3o da trama golpista - Brasil not\u00edcias\" \/>\n<meta property=\"og:description\" content=\"Sete r\u00e9us enfrentam acusa\u00e7\u00f5es de desinforma\u00e7\u00e3o e ataque \u00e0s institui\u00e7\u00f5es O Supremo Tribunal Federal inicia nesta semana o julgamento do\" \/>\n<meta property=\"og:url\" content=\"https:\/\/brasilnoticias.org\/site\/stf-inicia-julgamento-do-nucleo-de-desinformacao-da-trama-golpista\/\" \/>\n<meta property=\"og:site_name\" content=\"Brasil not\u00edcias\" \/>\n<meta property=\"article:published_time\" content=\"2025-10-13T14:56:38+00:00\" \/>\n<meta property=\"og:image\" content=\"https:\/\/brasilnoticias.org\/site\/wp-content\/uploads\/2025\/10\/171528stf-inicia-julgamento-do-nucleo-de-desinformacao-da-trama-golpista-3.jpg\" \/>\n\t<meta property=\"og:image:width\" content=\"1600\" \/>\n\t<meta property=\"og:image:height\" content=\"752\" \/>\n\t<meta property=\"og:image:type\" content=\"image\/jpeg\" \/>\n<meta name=\"author\" content=\"Reda\u00e7\u00e3o\" \/>\n<meta name=\"twitter:card\" content=\"summary_large_image\" \/>\n<meta name=\"twitter:label1\" content=\"Escrito por\" \/>\n\t<meta name=\"twitter:data1\" content=\"Reda\u00e7\u00e3o\" \/>\n\t<meta name=\"twitter:label2\" content=\"Tempo estimado de leitura\" \/>\n\t<meta name=\"twitter:data2\" content=\"1 minuto\" \/>\n<script type=\"application\/ld+json\" class=\"yoast-schema-graph\">{\"@context\":\"https:\/\/schema.org\",\"@graph\":[{\"@type\":\"Article\",\"@id\":\"https:\/\/brasilnoticias.org\/site\/stf-inicia-julgamento-do-nucleo-de-desinformacao-da-trama-golpista\/#article\",\"isPartOf\":{\"@id\":\"https:\/\/brasilnoticias.org\/site\/stf-inicia-julgamento-do-nucleo-de-desinformacao-da-trama-golpista\/\"},\"author\":{\"name\":\"Reda\u00e7\u00e3o\",\"@id\":\"https:\/\/brasilnoticias.org\/site\/#\/schema\/person\/03bbbfe6c7634ad18c26444ea39049fa\"},\"headline\":\"STF inicia julgamento do n\u00facleo de desinforma\u00e7\u00e3o da trama golpista\",\"datePublished\":\"2025-10-13T14:56:38+00:00\",\"mainEntityOfPage\":{\"@id\":\"https:\/\/brasilnoticias.org\/site\/stf-inicia-julgamento-do-nucleo-de-desinformacao-da-trama-golpista\/\"},\"wordCount\":362,\"commentCount\":0,\"publisher\":{\"@id\":\"https:\/\/brasilnoticias.org\/site\/#organization\"},\"image\":{\"@id\":\"https:\/\/brasilnoticias.org\/site\/stf-inicia-julgamento-do-nucleo-de-desinformacao-da-trama-golpista\/#primaryimage\"},\"thumbnailUrl\":\"https:\/\/brasilnoticias.org\/site\/wp-content\/uploads\/2025\/10\/171528stf-inicia-julgamento-do-nucleo-de-desinformacao-da-trama-golpista-3.jpg\",\"articleSection\":[\"Justi\u00e7a\",\"\u00daltimas\"],\"inLanguage\":\"pt-PT\",\"potentialAction\":[{\"@type\":\"CommentAction\",\"name\":\"Comment\",\"target\":[\"https:\/\/brasilnoticias.org\/site\/stf-inicia-julgamento-do-nucleo-de-desinformacao-da-trama-golpista\/#respond\"]}]},{\"@type\":\"WebPage\",\"@id\":\"https:\/\/brasilnoticias.org\/site\/stf-inicia-julgamento-do-nucleo-de-desinformacao-da-trama-golpista\/\",\"url\":\"https:\/\/brasilnoticias.org\/site\/stf-inicia-julgamento-do-nucleo-de-desinformacao-da-trama-golpista\/\",\"name\":\"STF inicia julgamento do n\u00facleo de desinforma\u00e7\u00e3o da trama golpista - Brasil not\u00edcias\",\"isPartOf\":{\"@id\":\"https:\/\/brasilnoticias.org\/site\/#website\"},\"primaryImageOfPage\":{\"@id\":\"https:\/\/brasilnoticias.org\/site\/stf-inicia-julgamento-do-nucleo-de-desinformacao-da-trama-golpista\/#primaryimage\"},\"image\":{\"@id\":\"https:\/\/brasilnoticias.org\/site\/stf-inicia-julgamento-do-nucleo-de-desinformacao-da-trama-golpista\/#primaryimage\"},\"thumbnailUrl\":\"https:\/\/brasilnoticias.org\/site\/wp-content\/uploads\/2025\/10\/171528stf-inicia-julgamento-do-nucleo-de-desinformacao-da-trama-golpista-3.jpg\",\"datePublished\":\"2025-10-13T14:56:38+00:00\",\"breadcrumb\":{\"@id\":\"https:\/\/brasilnoticias.org\/site\/stf-inicia-julgamento-do-nucleo-de-desinformacao-da-trama-golpista\/#breadcrumb\"},\"inLanguage\":\"pt-PT\",\"potentialAction\":[{\"@type\":\"ReadAction\",\"target\":[\"https:\/\/brasilnoticias.org\/site\/stf-inicia-julgamento-do-nucleo-de-desinformacao-da-trama-golpista\/\"]}]},{\"@type\":\"ImageObject\",\"inLanguage\":\"pt-PT\",\"@id\":\"https:\/\/brasilnoticias.org\/site\/stf-inicia-julgamento-do-nucleo-de-desinformacao-da-trama-golpista\/#primaryimage\",\"url\":\"https:\/\/brasilnoticias.org\/site\/wp-content\/uploads\/2025\/10\/171528stf-inicia-julgamento-do-nucleo-de-desinformacao-da-trama-golpista-3.jpg\",\"contentUrl\":\"https:\/\/brasilnoticias.org\/site\/wp-content\/uploads\/2025\/10\/171528stf-inicia-julgamento-do-nucleo-de-desinformacao-da-trama-golpista-3.jpg\",\"width\":1600,\"height\":752},{\"@type\":\"BreadcrumbList\",\"@id\":\"https:\/\/brasilnoticias.org\/site\/stf-inicia-julgamento-do-nucleo-de-desinformacao-da-trama-golpista\/#breadcrumb\",\"itemListElement\":[{\"@type\":\"ListItem\",\"position\":1,\"name\":\"In\u00edcio\",\"item\":\"https:\/\/brasilnoticias.org\/site\/\"},{\"@type\":\"ListItem\",\"position\":2,\"name\":\"STF inicia julgamento do n\u00facleo de desinforma\u00e7\u00e3o da trama golpista\"}]},{\"@type\":\"WebSite\",\"@id\":\"https:\/\/brasilnoticias.org\/site\/#website\",\"url\":\"https:\/\/brasilnoticias.org\/site\/\",\"name\":\"Brasil not\u00edcias\",\"description\":\"Brasil not\u00edcias\",\"publisher\":{\"@id\":\"https:\/\/brasilnoticias.org\/site\/#organization\"},\"potentialAction\":[{\"@type\":\"SearchAction\",\"target\":{\"@type\":\"EntryPoint\",\"urlTemplate\":\"https:\/\/brasilnoticias.org\/site\/?s={search_term_string}\"},\"query-input\":{\"@type\":\"PropertyValueSpecification\",\"valueRequired\":true,\"valueName\":\"search_term_string\"}}],\"inLanguage\":\"pt-PT\"},{\"@type\":\"Organization\",\"@id\":\"https:\/\/brasilnoticias.org\/site\/#organization\",\"name\":\"Brasil not\u00edcias\",\"url\":\"https:\/\/brasilnoticias.org\/site\/\",\"logo\":{\"@type\":\"ImageObject\",\"inLanguage\":\"pt-PT\",\"@id\":\"https:\/\/brasilnoticias.org\/site\/#\/schema\/logo\/image\/\",\"url\":\"https:\/\/brasilnoticias.org\/site\/wp-content\/uploads\/2022\/05\/cropped-brasilnoticias-mini.jpg\",\"contentUrl\":\"https:\/\/brasilnoticias.org\/site\/wp-content\/uploads\/2022\/05\/cropped-brasilnoticias-mini.jpg\",\"width\":314,\"height\":86,\"caption\":\"Brasil not\u00edcias\"},\"image\":{\"@id\":\"https:\/\/brasilnoticias.org\/site\/#\/schema\/logo\/image\/\"}},{\"@type\":\"Person\",\"@id\":\"https:\/\/brasilnoticias.org\/site\/#\/schema\/person\/03bbbfe6c7634ad18c26444ea39049fa\",\"name\":\"Reda\u00e7\u00e3o\",\"image\":{\"@type\":\"ImageObject\",\"inLanguage\":\"pt-PT\",\"@id\":\"https:\/\/brasilnoticias.org\/site\/#\/schema\/person\/image\/\",\"url\":\"https:\/\/secure.gravatar.com\/avatar\/9ecaf7327a696cb23ad926fedded5f1f04d7049de9e445375d55b48c001a6e42?s=96&d=mm&r=g\",\"contentUrl\":\"https:\/\/secure.gravatar.com\/avatar\/9ecaf7327a696cb23ad926fedded5f1f04d7049de9e445375d55b48c001a6e42?s=96&d=mm&r=g\",\"caption\":\"Reda\u00e7\u00e3o\"},\"url\":\"https:\/\/brasilnoticias.org\/site\/author\/henrique\/\"}]}<\/script>\n<!-- \/ Yoast SEO plugin. -->","yoast_head_json":{"title":"STF inicia julgamento do n\u00facleo de desinforma\u00e7\u00e3o da trama golpista - Brasil not\u00edcias","robots":{"index":"index","follow":"follow","max-snippet":"max-snippet:-1","max-image-preview":"max-image-preview:large","max-video-preview":"max-video-preview:-1"},"canonical":"https:\/\/brasilnoticias.org\/site\/stf-inicia-julgamento-do-nucleo-de-desinformacao-da-trama-golpista\/","og_locale":"pt_PT","og_type":"article","og_title":"STF inicia julgamento do n\u00facleo de desinforma\u00e7\u00e3o da trama golpista - Brasil not\u00edcias","og_description":"Sete r\u00e9us enfrentam acusa\u00e7\u00f5es de desinforma\u00e7\u00e3o e ataque \u00e0s institui\u00e7\u00f5es O Supremo Tribunal Federal inicia nesta semana o julgamento do","og_url":"https:\/\/brasilnoticias.org\/site\/stf-inicia-julgamento-do-nucleo-de-desinformacao-da-trama-golpista\/","og_site_name":"Brasil not\u00edcias","article_published_time":"2025-10-13T14:56:38+00:00","og_image":[{"width":1600,"height":752,"url":"https:\/\/brasilnoticias.org\/site\/wp-content\/uploads\/2025\/10\/171528stf-inicia-julgamento-do-nucleo-de-desinformacao-da-trama-golpista-3.jpg","type":"image\/jpeg"}],"author":"Reda\u00e7\u00e3o","twitter_card":"summary_large_image","twitter_misc":{"Escrito por":"Reda\u00e7\u00e3o","Tempo estimado de leitura":"1 minuto"},"schema":{"@context":"https:\/\/schema.org","@graph":[{"@type":"Article","@id":"https:\/\/brasilnoticias.org\/site\/stf-inicia-julgamento-do-nucleo-de-desinformacao-da-trama-golpista\/#article","isPartOf":{"@id":"https:\/\/brasilnoticias.org\/site\/stf-inicia-julgamento-do-nucleo-de-desinformacao-da-trama-golpista\/"},"author":{"name":"Reda\u00e7\u00e3o","@id":"https:\/\/brasilnoticias.org\/site\/#\/schema\/person\/03bbbfe6c7634ad18c26444ea39049fa"},"headline":"STF inicia julgamento do n\u00facleo de desinforma\u00e7\u00e3o da trama golpista","datePublished":"2025-10-13T14:56:38+00:00","mainEntityOfPage":{"@id":"https:\/\/brasilnoticias.org\/site\/stf-inicia-julgamento-do-nucleo-de-desinformacao-da-trama-golpista\/"},"wordCount":362,"commentCount":0,"publisher":{"@id":"https:\/\/brasilnoticias.org\/site\/#organization"},"image":{"@id":"https:\/\/brasilnoticias.org\/site\/stf-inicia-julgamento-do-nucleo-de-desinformacao-da-trama-golpista\/#primaryimage"},"thumbnailUrl":"https:\/\/brasilnoticias.org\/site\/wp-content\/uploads\/2025\/10\/171528stf-inicia-julgamento-do-nucleo-de-desinformacao-da-trama-golpista-3.jpg","articleSection":["Justi\u00e7a","\u00daltimas"],"inLanguage":"pt-PT","potentialAction":[{"@type":"CommentAction","name":"Comment","target":["https:\/\/brasilnoticias.org\/site\/stf-inicia-julgamento-do-nucleo-de-desinformacao-da-trama-golpista\/#respond"]}]},{"@type":"WebPage","@id":"https:\/\/brasilnoticias.org\/site\/stf-inicia-julgamento-do-nucleo-de-desinformacao-da-trama-golpista\/","url":"https:\/\/brasilnoticias.org\/site\/stf-inicia-julgamento-do-nucleo-de-desinformacao-da-trama-golpista\/","name":"STF inicia julgamento do n\u00facleo de desinforma\u00e7\u00e3o da trama golpista - Brasil not\u00edcias","isPartOf":{"@id":"https:\/\/brasilnoticias.org\/site\/#website"},"primaryImageOfPage":{"@id":"https:\/\/brasilnoticias.org\/site\/stf-inicia-julgamento-do-nucleo-de-desinformacao-da-trama-golpista\/#primaryimage"},"image":{"@id":"https:\/\/brasilnoticias.org\/site\/stf-inicia-julgamento-do-nucleo-de-desinformacao-da-trama-golpista\/#primaryimage"},"thumbnailUrl":"https:\/\/brasilnoticias.org\/site\/wp-content\/uploads\/2025\/10\/171528stf-inicia-julgamento-do-nucleo-de-desinformacao-da-trama-golpista-3.jpg","datePublished":"2025-10-13T14:56:38+00:00","breadcrumb":{"@id":"https:\/\/brasilnoticias.org\/site\/stf-inicia-julgamento-do-nucleo-de-desinformacao-da-trama-golpista\/#breadcrumb"},"inLanguage":"pt-PT","potentialAction":[{"@type":"ReadAction","target":["https:\/\/brasilnoticias.org\/site\/stf-inicia-julgamento-do-nucleo-de-desinformacao-da-trama-golpista\/"]}]},{"@type":"ImageObject","inLanguage":"pt-PT","@id":"https:\/\/brasilnoticias.org\/site\/stf-inicia-julgamento-do-nucleo-de-desinformacao-da-trama-golpista\/#primaryimage","url":"https:\/\/brasilnoticias.org\/site\/wp-content\/uploads\/2025\/10\/171528stf-inicia-julgamento-do-nucleo-de-desinformacao-da-trama-golpista-3.jpg","contentUrl":"https:\/\/brasilnoticias.org\/site\/wp-content\/uploads\/2025\/10\/171528stf-inicia-julgamento-do-nucleo-de-desinformacao-da-trama-golpista-3.jpg","width":1600,"height":752},{"@type":"BreadcrumbList","@id":"https:\/\/brasilnoticias.org\/site\/stf-inicia-julgamento-do-nucleo-de-desinformacao-da-trama-golpista\/#breadcrumb","itemListElement":[{"@type":"ListItem","position":1,"name":"In\u00edcio","item":"https:\/\/brasilnoticias.org\/site\/"},{"@type":"ListItem","position":2,"name":"STF inicia julgamento do n\u00facleo de desinforma\u00e7\u00e3o da trama golpista"}]},{"@type":"WebSite","@id":"https:\/\/brasilnoticias.org\/site\/#website","url":"https:\/\/brasilnoticias.org\/site\/","name":"Brasil not\u00edcias","description":"Brasil not\u00edcias","publisher":{"@id":"https:\/\/brasilnoticias.org\/site\/#organization"},"potentialAction":[{"@type":"SearchAction","target":{"@type":"EntryPoint","urlTemplate":"https:\/\/brasilnoticias.org\/site\/?s={search_term_string}"},"query-input":{"@type":"PropertyValueSpecification","valueRequired":true,"valueName":"search_term_string"}}],"inLanguage":"pt-PT"},{"@type":"Organization","@id":"https:\/\/brasilnoticias.org\/site\/#organization","name":"Brasil not\u00edcias","url":"https:\/\/brasilnoticias.org\/site\/","logo":{"@type":"ImageObject","inLanguage":"pt-PT","@id":"https:\/\/brasilnoticias.org\/site\/#\/schema\/logo\/image\/","url":"https:\/\/brasilnoticias.org\/site\/wp-content\/uploads\/2022\/05\/cropped-brasilnoticias-mini.jpg","contentUrl":"https:\/\/brasilnoticias.org\/site\/wp-content\/uploads\/2022\/05\/cropped-brasilnoticias-mini.jpg","width":314,"height":86,"caption":"Brasil not\u00edcias"},"image":{"@id":"https:\/\/brasilnoticias.org\/site\/#\/schema\/logo\/image\/"}},{"@type":"Person","@id":"https:\/\/brasilnoticias.org\/site\/#\/schema\/person\/03bbbfe6c7634ad18c26444ea39049fa","name":"Reda\u00e7\u00e3o","image":{"@type":"ImageObject","inLanguage":"pt-PT","@id":"https:\/\/brasilnoticias.org\/site\/#\/schema\/person\/image\/","url":"https:\/\/secure.gravatar.com\/avatar\/9ecaf7327a696cb23ad926fedded5f1f04d7049de9e445375d55b48c001a6e42?s=96&d=mm&r=g","contentUrl":"https:\/\/secure.gravatar.com\/avatar\/9ecaf7327a696cb23ad926fedded5f1f04d7049de9e445375d55b48c001a6e42?s=96&d=mm&r=g","caption":"Reda\u00e7\u00e3o"},"url":"https:\/\/brasilnoticias.org\/site\/author\/henrique\/"}]}},"_links":{"self":[{"href":"https:\/\/brasilnoticias.org\/site\/wp-json\/wp\/v2\/posts\/18251","targetHints":{"allow":["GET"]}}],"collection":[{"href":"https:\/\/brasilnoticias.org\/site\/wp-json\/wp\/v2\/posts"}],"about":[{"href":"https:\/\/brasilnoticias.org\/site\/wp-json\/wp\/v2\/types\/post"}],"author":[{"embeddable":true,"href":"https:\/\/brasilnoticias.org\/site\/wp-json\/wp\/v2\/users\/4"}],"replies":[{"embeddable":true,"href":"https:\/\/brasilnoticias.org\/site\/wp-json\/wp\/v2\/comments?post=18251"}],"version-history":[{"count":1,"href":"https:\/\/brasilnoticias.org\/site\/wp-json\/wp\/v2\/posts\/18251\/revisions"}],"predecessor-version":[{"id":18253,"href":"https:\/\/brasilnoticias.org\/site\/wp-json\/wp\/v2\/posts\/18251\/revisions\/18253"}],"wp:featuredmedia":[{"embeddable":true,"href":"https:\/\/brasilnoticias.org\/site\/wp-json\/wp\/v2\/media\/18252"}],"wp:attachment":[{"href":"https:\/\/brasilnoticias.org\/site\/wp-json\/wp\/v2\/media?parent=18251"}],"wp:term":[{"taxonomy":"category","embeddable":true,"href":"https:\/\/brasilnoticias.org\/site\/wp-json\/wp\/v2\/categories?post=18251"},{"taxonomy":"post_tag","embeddable":true,"href":"https:\/\/brasilnoticias.org\/site\/wp-json\/wp\/v2\/tags?post=18251"}],"curies":[{"name":"wp","href":"https:\/\/api.w.org\/{rel}","templated":true}]}}