{"id":18260,"date":"2025-10-13T12:01:32","date_gmt":"2025-10-13T15:01:32","guid":{"rendered":"https:\/\/brasilnoticias.org\/site\/?p=18260"},"modified":"2025-10-13T12:01:32","modified_gmt":"2025-10-13T15:01:32","slug":"no-brasil-gasolina-esta-8-acima-do-preco-internacional","status":"publish","type":"post","link":"https:\/\/brasilnoticias.org\/site\/no-brasil-gasolina-esta-8-acima-do-preco-internacional\/","title":{"rendered":"No Brasil, gasolina est\u00e1 8% acima do pre\u00e7o internacional"},"content":{"rendered":"<p>A gasolina vendida no Brasil est\u00e1, em m\u00e9dia, 8% mais cara do que o pre\u00e7o de paridade de importa\u00e7\u00e3o (PPI), conforme levantamento divulgado nesta sexta-feira (10) pela Associa\u00e7\u00e3o Brasileira dos Importadores de Combust\u00edveis (Abicom).<\/p>\n<p>A diferen\u00e7a havia chegado a 10% na semana anterior e recuou com a queda nas cota\u00e7\u00f5es internacionais e a estabilidade do c\u00e2mbio, que fechou cotado a R$ 5,35 por d\u00f3lar.<\/p>\n<p>De acordo com a entidade, o pre\u00e7o interno da gasolina est\u00e1 R$ 0,23 por litro acima da paridade, com varia\u00e7\u00f5es entre R$ 0,17 e R$ 0,31, dependendo do polo de entrega. Apesar da defasagem, Petrobras e Acelen \u2014principal refinadora privada do pa\u00eds\u2014 mant\u00eam os pre\u00e7os congelados desde junho, quando a estatal reduziu o valor em 5,6%.<\/p>\n<p>A Abicom alegou ainda que as \u201cjanelas de importa\u00e7\u00e3o\u201d permanecem abertas h\u00e1 39 dias, o que significa que o mercado continua com condi\u00e7\u00f5es para importar o produto de forma vantajosa em rela\u00e7\u00e3o aos pre\u00e7os dom\u00e9sticos.<\/p>\n<p>Por outro lado, o diesel est\u00e1 4% abaixo do pre\u00e7o internacional, com defasagem m\u00e9dia de R$ 0,14 por litro. O \u00faltimo reajuste da Petrobras para o combust\u00edvel ocorreu em maio.<\/p>\n<p>Segundo a associa\u00e7\u00e3o, o cen\u00e1rio atual \u00e9 resultado do c\u00e2mbio elevado e da desvaloriza\u00e7\u00e3o do petr\u00f3leo no mercado externo, com o barril do Brent sendo negociado acima de US$ 66.<\/p>\n<p>A Petrobras, sob a presid\u00eancia de Magda Chambriard desde maio de 2024, mant\u00e9m a pol\u00edtica de pre\u00e7os adotada em 2023, que abandonou o alinhamento autom\u00e1tico aos pre\u00e7os internacionais. A manobra, apoiada pelo governo Lula, busca considerar custos internos de produ\u00e7\u00e3o e log\u00edstica, numa tentativa de \u201cabrasileirar\u201d os pre\u00e7os e reduzir a volatilidade nas bombas.<\/p>\n<p>Desde que foi adotado, o modelo tem sido motivo de cr\u00edticas por parte do setor e importadores, que falam desest\u00edmulo \u00e0 concorr\u00eancia e inseguran\u00e7a para investimentos privados no mercado nacional de combust\u00edveis.<\/p>\n<p>Foto: Ag\u00eancia Brasil<br \/>\nInforma\u00e7\u00f5es do Conex\u00e3o Pol\u00edtica<\/p>\n","protected":false},"excerpt":{"rendered":"<p>A gasolina vendida no Brasil est\u00e1, em m\u00e9dia, 8% mais cara do que o pre\u00e7o de paridade de importa\u00e7\u00e3o (PPI),<\/p>\n","protected":false},"author":4,"featured_media":18261,"comment_status":"open","ping_status":"open","sticky":false,"template":"","format":"standard","meta":{"colormag_page_container_layout":"default_layout","colormag_page_sidebar_layout":"default_layout","_FSMCFIC_featured_image_caption":"","_FSMCFIC_featured_image_nocaption":"","_FSMCFIC_featured_image_hide":"","footnotes":""},"categories":[5,1],"tags":[],"class_list":["post-18260","post","type-post","status-publish","format-standard","has-post-thumbnail","hentry","category-politica","category-ultimas"],"yoast_head":"<!-- This site is optimized with the Yoast SEO plugin v27.1.1 - https:\/\/yoast.com\/product\/yoast-seo-wordpress\/ -->\n<title>No Brasil, gasolina est\u00e1 8% acima do pre\u00e7o internacional - Brasil not\u00edcias<\/title>\n<meta name=\"robots\" content=\"index, follow, max-snippet:-1, max-image-preview:large, max-video-preview:-1\" \/>\n<link rel=\"canonical\" href=\"https:\/\/brasilnoticias.org\/site\/no-brasil-gasolina-esta-8-acima-do-preco-internacional\/\" \/>\n<meta property=\"og:locale\" content=\"pt_PT\" \/>\n<meta property=\"og:type\" content=\"article\" \/>\n<meta property=\"og:title\" content=\"No Brasil, gasolina est\u00e1 8% acima do pre\u00e7o internacional - Brasil not\u00edcias\" \/>\n<meta property=\"og:description\" content=\"A gasolina vendida no Brasil est\u00e1, em m\u00e9dia, 8% mais cara do que o pre\u00e7o de paridade de importa\u00e7\u00e3o (PPI),\" \/>\n<meta property=\"og:url\" content=\"https:\/\/brasilnoticias.org\/site\/no-brasil-gasolina-esta-8-acima-do-preco-internacional\/\" \/>\n<meta property=\"og:site_name\" content=\"Brasil not\u00edcias\" \/>\n<meta property=\"article:published_time\" content=\"2025-10-13T15:01:32+00:00\" \/>\n<meta property=\"og:image\" content=\"https:\/\/brasilnoticias.org\/site\/wp-content\/uploads\/2025\/10\/Captura-de-tela-2025-10-13-082755.png\" \/>\n\t<meta property=\"og:image:width\" content=\"1077\" \/>\n\t<meta property=\"og:image:height\" content=\"645\" \/>\n\t<meta property=\"og:image:type\" content=\"image\/png\" \/>\n<meta name=\"author\" content=\"Reda\u00e7\u00e3o\" \/>\n<meta name=\"twitter:card\" content=\"summary_large_image\" \/>\n<meta name=\"twitter:label1\" content=\"Escrito por\" \/>\n\t<meta name=\"twitter:data1\" content=\"Reda\u00e7\u00e3o\" \/>\n\t<meta name=\"twitter:label2\" content=\"Tempo estimado de leitura\" \/>\n\t<meta name=\"twitter:data2\" content=\"1 minuto\" \/>\n<script type=\"application\/ld+json\" class=\"yoast-schema-graph\">{\"@context\":\"https:\/\/schema.org\",\"@graph\":[{\"@type\":\"Article\",\"@id\":\"https:\/\/brasilnoticias.org\/site\/no-brasil-gasolina-esta-8-acima-do-preco-internacional\/#article\",\"isPartOf\":{\"@id\":\"https:\/\/brasilnoticias.org\/site\/no-brasil-gasolina-esta-8-acima-do-preco-internacional\/\"},\"author\":{\"name\":\"Reda\u00e7\u00e3o\",\"@id\":\"https:\/\/brasilnoticias.org\/site\/#\/schema\/person\/03bbbfe6c7634ad18c26444ea39049fa\"},\"headline\":\"No Brasil, gasolina est\u00e1 8% acima do pre\u00e7o internacional\",\"datePublished\":\"2025-10-13T15:01:32+00:00\",\"mainEntityOfPage\":{\"@id\":\"https:\/\/brasilnoticias.org\/site\/no-brasil-gasolina-esta-8-acima-do-preco-internacional\/\"},\"wordCount\":346,\"commentCount\":0,\"publisher\":{\"@id\":\"https:\/\/brasilnoticias.org\/site\/#organization\"},\"image\":{\"@id\":\"https:\/\/brasilnoticias.org\/site\/no-brasil-gasolina-esta-8-acima-do-preco-internacional\/#primaryimage\"},\"thumbnailUrl\":\"https:\/\/brasilnoticias.org\/site\/wp-content\/uploads\/2025\/10\/Captura-de-tela-2025-10-13-082755.png\",\"articleSection\":[\"Pol\u00edtica\",\"\u00daltimas\"],\"inLanguage\":\"pt-PT\",\"potentialAction\":[{\"@type\":\"CommentAction\",\"name\":\"Comment\",\"target\":[\"https:\/\/brasilnoticias.org\/site\/no-brasil-gasolina-esta-8-acima-do-preco-internacional\/#respond\"]}]},{\"@type\":\"WebPage\",\"@id\":\"https:\/\/brasilnoticias.org\/site\/no-brasil-gasolina-esta-8-acima-do-preco-internacional\/\",\"url\":\"https:\/\/brasilnoticias.org\/site\/no-brasil-gasolina-esta-8-acima-do-preco-internacional\/\",\"name\":\"No Brasil, gasolina est\u00e1 8% acima do pre\u00e7o internacional - Brasil not\u00edcias\",\"isPartOf\":{\"@id\":\"https:\/\/brasilnoticias.org\/site\/#website\"},\"primaryImageOfPage\":{\"@id\":\"https:\/\/brasilnoticias.org\/site\/no-brasil-gasolina-esta-8-acima-do-preco-internacional\/#primaryimage\"},\"image\":{\"@id\":\"https:\/\/brasilnoticias.org\/site\/no-brasil-gasolina-esta-8-acima-do-preco-internacional\/#primaryimage\"},\"thumbnailUrl\":\"https:\/\/brasilnoticias.org\/site\/wp-content\/uploads\/2025\/10\/Captura-de-tela-2025-10-13-082755.png\",\"datePublished\":\"2025-10-13T15:01:32+00:00\",\"breadcrumb\":{\"@id\":\"https:\/\/brasilnoticias.org\/site\/no-brasil-gasolina-esta-8-acima-do-preco-internacional\/#breadcrumb\"},\"inLanguage\":\"pt-PT\",\"potentialAction\":[{\"@type\":\"ReadAction\",\"target\":[\"https:\/\/brasilnoticias.org\/site\/no-brasil-gasolina-esta-8-acima-do-preco-internacional\/\"]}]},{\"@type\":\"ImageObject\",\"inLanguage\":\"pt-PT\",\"@id\":\"https:\/\/brasilnoticias.org\/site\/no-brasil-gasolina-esta-8-acima-do-preco-internacional\/#primaryimage\",\"url\":\"https:\/\/brasilnoticias.org\/site\/wp-content\/uploads\/2025\/10\/Captura-de-tela-2025-10-13-082755.png\",\"contentUrl\":\"https:\/\/brasilnoticias.org\/site\/wp-content\/uploads\/2025\/10\/Captura-de-tela-2025-10-13-082755.png\",\"width\":1077,\"height\":645},{\"@type\":\"BreadcrumbList\",\"@id\":\"https:\/\/brasilnoticias.org\/site\/no-brasil-gasolina-esta-8-acima-do-preco-internacional\/#breadcrumb\",\"itemListElement\":[{\"@type\":\"ListItem\",\"position\":1,\"name\":\"In\u00edcio\",\"item\":\"https:\/\/brasilnoticias.org\/site\/\"},{\"@type\":\"ListItem\",\"position\":2,\"name\":\"No Brasil, gasolina est\u00e1 8% acima do pre\u00e7o internacional\"}]},{\"@type\":\"WebSite\",\"@id\":\"https:\/\/brasilnoticias.org\/site\/#website\",\"url\":\"https:\/\/brasilnoticias.org\/site\/\",\"name\":\"Brasil not\u00edcias\",\"description\":\"Brasil not\u00edcias\",\"publisher\":{\"@id\":\"https:\/\/brasilnoticias.org\/site\/#organization\"},\"potentialAction\":[{\"@type\":\"SearchAction\",\"target\":{\"@type\":\"EntryPoint\",\"urlTemplate\":\"https:\/\/brasilnoticias.org\/site\/?s={search_term_string}\"},\"query-input\":{\"@type\":\"PropertyValueSpecification\",\"valueRequired\":true,\"valueName\":\"search_term_string\"}}],\"inLanguage\":\"pt-PT\"},{\"@type\":\"Organization\",\"@id\":\"https:\/\/brasilnoticias.org\/site\/#organization\",\"name\":\"Brasil not\u00edcias\",\"url\":\"https:\/\/brasilnoticias.org\/site\/\",\"logo\":{\"@type\":\"ImageObject\",\"inLanguage\":\"pt-PT\",\"@id\":\"https:\/\/brasilnoticias.org\/site\/#\/schema\/logo\/image\/\",\"url\":\"https:\/\/brasilnoticias.org\/site\/wp-content\/uploads\/2022\/05\/cropped-brasilnoticias-mini.jpg\",\"contentUrl\":\"https:\/\/brasilnoticias.org\/site\/wp-content\/uploads\/2022\/05\/cropped-brasilnoticias-mini.jpg\",\"width\":314,\"height\":86,\"caption\":\"Brasil not\u00edcias\"},\"image\":{\"@id\":\"https:\/\/brasilnoticias.org\/site\/#\/schema\/logo\/image\/\"}},{\"@type\":\"Person\",\"@id\":\"https:\/\/brasilnoticias.org\/site\/#\/schema\/person\/03bbbfe6c7634ad18c26444ea39049fa\",\"name\":\"Reda\u00e7\u00e3o\",\"image\":{\"@type\":\"ImageObject\",\"inLanguage\":\"pt-PT\",\"@id\":\"https:\/\/brasilnoticias.org\/site\/#\/schema\/person\/image\/\",\"url\":\"https:\/\/secure.gravatar.com\/avatar\/9ecaf7327a696cb23ad926fedded5f1f04d7049de9e445375d55b48c001a6e42?s=96&d=mm&r=g\",\"contentUrl\":\"https:\/\/secure.gravatar.com\/avatar\/9ecaf7327a696cb23ad926fedded5f1f04d7049de9e445375d55b48c001a6e42?s=96&d=mm&r=g\",\"caption\":\"Reda\u00e7\u00e3o\"},\"url\":\"https:\/\/brasilnoticias.org\/site\/author\/henrique\/\"}]}<\/script>\n<!-- \/ Yoast SEO plugin. -->","yoast_head_json":{"title":"No Brasil, gasolina est\u00e1 8% acima do pre\u00e7o internacional - Brasil not\u00edcias","robots":{"index":"index","follow":"follow","max-snippet":"max-snippet:-1","max-image-preview":"max-image-preview:large","max-video-preview":"max-video-preview:-1"},"canonical":"https:\/\/brasilnoticias.org\/site\/no-brasil-gasolina-esta-8-acima-do-preco-internacional\/","og_locale":"pt_PT","og_type":"article","og_title":"No Brasil, gasolina est\u00e1 8% acima do pre\u00e7o internacional - Brasil not\u00edcias","og_description":"A gasolina vendida no Brasil est\u00e1, em m\u00e9dia, 8% mais cara do que o pre\u00e7o de paridade de importa\u00e7\u00e3o (PPI),","og_url":"https:\/\/brasilnoticias.org\/site\/no-brasil-gasolina-esta-8-acima-do-preco-internacional\/","og_site_name":"Brasil not\u00edcias","article_published_time":"2025-10-13T15:01:32+00:00","og_image":[{"width":1077,"height":645,"url":"https:\/\/brasilnoticias.org\/site\/wp-content\/uploads\/2025\/10\/Captura-de-tela-2025-10-13-082755.png","type":"image\/png"}],"author":"Reda\u00e7\u00e3o","twitter_card":"summary_large_image","twitter_misc":{"Escrito por":"Reda\u00e7\u00e3o","Tempo estimado de leitura":"1 minuto"},"schema":{"@context":"https:\/\/schema.org","@graph":[{"@type":"Article","@id":"https:\/\/brasilnoticias.org\/site\/no-brasil-gasolina-esta-8-acima-do-preco-internacional\/#article","isPartOf":{"@id":"https:\/\/brasilnoticias.org\/site\/no-brasil-gasolina-esta-8-acima-do-preco-internacional\/"},"author":{"name":"Reda\u00e7\u00e3o","@id":"https:\/\/brasilnoticias.org\/site\/#\/schema\/person\/03bbbfe6c7634ad18c26444ea39049fa"},"headline":"No Brasil, gasolina est\u00e1 8% acima do pre\u00e7o internacional","datePublished":"2025-10-13T15:01:32+00:00","mainEntityOfPage":{"@id":"https:\/\/brasilnoticias.org\/site\/no-brasil-gasolina-esta-8-acima-do-preco-internacional\/"},"wordCount":346,"commentCount":0,"publisher":{"@id":"https:\/\/brasilnoticias.org\/site\/#organization"},"image":{"@id":"https:\/\/brasilnoticias.org\/site\/no-brasil-gasolina-esta-8-acima-do-preco-internacional\/#primaryimage"},"thumbnailUrl":"https:\/\/brasilnoticias.org\/site\/wp-content\/uploads\/2025\/10\/Captura-de-tela-2025-10-13-082755.png","articleSection":["Pol\u00edtica","\u00daltimas"],"inLanguage":"pt-PT","potentialAction":[{"@type":"CommentAction","name":"Comment","target":["https:\/\/brasilnoticias.org\/site\/no-brasil-gasolina-esta-8-acima-do-preco-internacional\/#respond"]}]},{"@type":"WebPage","@id":"https:\/\/brasilnoticias.org\/site\/no-brasil-gasolina-esta-8-acima-do-preco-internacional\/","url":"https:\/\/brasilnoticias.org\/site\/no-brasil-gasolina-esta-8-acima-do-preco-internacional\/","name":"No Brasil, gasolina est\u00e1 8% acima do pre\u00e7o internacional - Brasil not\u00edcias","isPartOf":{"@id":"https:\/\/brasilnoticias.org\/site\/#website"},"primaryImageOfPage":{"@id":"https:\/\/brasilnoticias.org\/site\/no-brasil-gasolina-esta-8-acima-do-preco-internacional\/#primaryimage"},"image":{"@id":"https:\/\/brasilnoticias.org\/site\/no-brasil-gasolina-esta-8-acima-do-preco-internacional\/#primaryimage"},"thumbnailUrl":"https:\/\/brasilnoticias.org\/site\/wp-content\/uploads\/2025\/10\/Captura-de-tela-2025-10-13-082755.png","datePublished":"2025-10-13T15:01:32+00:00","breadcrumb":{"@id":"https:\/\/brasilnoticias.org\/site\/no-brasil-gasolina-esta-8-acima-do-preco-internacional\/#breadcrumb"},"inLanguage":"pt-PT","potentialAction":[{"@type":"ReadAction","target":["https:\/\/brasilnoticias.org\/site\/no-brasil-gasolina-esta-8-acima-do-preco-internacional\/"]}]},{"@type":"ImageObject","inLanguage":"pt-PT","@id":"https:\/\/brasilnoticias.org\/site\/no-brasil-gasolina-esta-8-acima-do-preco-internacional\/#primaryimage","url":"https:\/\/brasilnoticias.org\/site\/wp-content\/uploads\/2025\/10\/Captura-de-tela-2025-10-13-082755.png","contentUrl":"https:\/\/brasilnoticias.org\/site\/wp-content\/uploads\/2025\/10\/Captura-de-tela-2025-10-13-082755.png","width":1077,"height":645},{"@type":"BreadcrumbList","@id":"https:\/\/brasilnoticias.org\/site\/no-brasil-gasolina-esta-8-acima-do-preco-internacional\/#breadcrumb","itemListElement":[{"@type":"ListItem","position":1,"name":"In\u00edcio","item":"https:\/\/brasilnoticias.org\/site\/"},{"@type":"ListItem","position":2,"name":"No Brasil, gasolina est\u00e1 8% acima do pre\u00e7o internacional"}]},{"@type":"WebSite","@id":"https:\/\/brasilnoticias.org\/site\/#website","url":"https:\/\/brasilnoticias.org\/site\/","name":"Brasil not\u00edcias","description":"Brasil not\u00edcias","publisher":{"@id":"https:\/\/brasilnoticias.org\/site\/#organization"},"potentialAction":[{"@type":"SearchAction","target":{"@type":"EntryPoint","urlTemplate":"https:\/\/brasilnoticias.org\/site\/?s={search_term_string}"},"query-input":{"@type":"PropertyValueSpecification","valueRequired":true,"valueName":"search_term_string"}}],"inLanguage":"pt-PT"},{"@type":"Organization","@id":"https:\/\/brasilnoticias.org\/site\/#organization","name":"Brasil not\u00edcias","url":"https:\/\/brasilnoticias.org\/site\/","logo":{"@type":"ImageObject","inLanguage":"pt-PT","@id":"https:\/\/brasilnoticias.org\/site\/#\/schema\/logo\/image\/","url":"https:\/\/brasilnoticias.org\/site\/wp-content\/uploads\/2022\/05\/cropped-brasilnoticias-mini.jpg","contentUrl":"https:\/\/brasilnoticias.org\/site\/wp-content\/uploads\/2022\/05\/cropped-brasilnoticias-mini.jpg","width":314,"height":86,"caption":"Brasil not\u00edcias"},"image":{"@id":"https:\/\/brasilnoticias.org\/site\/#\/schema\/logo\/image\/"}},{"@type":"Person","@id":"https:\/\/brasilnoticias.org\/site\/#\/schema\/person\/03bbbfe6c7634ad18c26444ea39049fa","name":"Reda\u00e7\u00e3o","image":{"@type":"ImageObject","inLanguage":"pt-PT","@id":"https:\/\/brasilnoticias.org\/site\/#\/schema\/person\/image\/","url":"https:\/\/secure.gravatar.com\/avatar\/9ecaf7327a696cb23ad926fedded5f1f04d7049de9e445375d55b48c001a6e42?s=96&d=mm&r=g","contentUrl":"https:\/\/secure.gravatar.com\/avatar\/9ecaf7327a696cb23ad926fedded5f1f04d7049de9e445375d55b48c001a6e42?s=96&d=mm&r=g","caption":"Reda\u00e7\u00e3o"},"url":"https:\/\/brasilnoticias.org\/site\/author\/henrique\/"}]}},"_links":{"self":[{"href":"https:\/\/brasilnoticias.org\/site\/wp-json\/wp\/v2\/posts\/18260","targetHints":{"allow":["GET"]}}],"collection":[{"href":"https:\/\/brasilnoticias.org\/site\/wp-json\/wp\/v2\/posts"}],"about":[{"href":"https:\/\/brasilnoticias.org\/site\/wp-json\/wp\/v2\/types\/post"}],"author":[{"embeddable":true,"href":"https:\/\/brasilnoticias.org\/site\/wp-json\/wp\/v2\/users\/4"}],"replies":[{"embeddable":true,"href":"https:\/\/brasilnoticias.org\/site\/wp-json\/wp\/v2\/comments?post=18260"}],"version-history":[{"count":1,"href":"https:\/\/brasilnoticias.org\/site\/wp-json\/wp\/v2\/posts\/18260\/revisions"}],"predecessor-version":[{"id":18262,"href":"https:\/\/brasilnoticias.org\/site\/wp-json\/wp\/v2\/posts\/18260\/revisions\/18262"}],"wp:featuredmedia":[{"embeddable":true,"href":"https:\/\/brasilnoticias.org\/site\/wp-json\/wp\/v2\/media\/18261"}],"wp:attachment":[{"href":"https:\/\/brasilnoticias.org\/site\/wp-json\/wp\/v2\/media?parent=18260"}],"wp:term":[{"taxonomy":"category","embeddable":true,"href":"https:\/\/brasilnoticias.org\/site\/wp-json\/wp\/v2\/categories?post=18260"},{"taxonomy":"post_tag","embeddable":true,"href":"https:\/\/brasilnoticias.org\/site\/wp-json\/wp\/v2\/tags?post=18260"}],"curies":[{"name":"wp","href":"https:\/\/api.w.org\/{rel}","templated":true}]}}