{"id":18269,"date":"2025-10-14T09:57:06","date_gmt":"2025-10-14T12:57:06","guid":{"rendered":"https:\/\/brasilnoticias.org\/site\/?p=18269"},"modified":"2025-10-14T09:57:06","modified_gmt":"2025-10-14T12:57:06","slug":"patricia-abravanel-e-vitima-de-crime-em-dia-do-proprio-aniversario","status":"publish","type":"post","link":"https:\/\/brasilnoticias.org\/site\/patricia-abravanel-e-vitima-de-crime-em-dia-do-proprio-aniversario\/","title":{"rendered":"Patr\u00edcia Abravanel \u00e9 v\u00edtima de crime em dia do pr\u00f3prio anivers\u00e1rio"},"content":{"rendered":"<div>\n<p>Neste s\u00e1bado (4), a apresentadora Patr\u00edcia Abravanel<\/a> completa 48 anos. No entanto, a filha de Silvio Santos acabou recebendo uma surpresa amarga no dia da sua celebra\u00e7\u00e3o especial.<\/p>\n<p>Em um v\u00eddeo compartilhado nos stories do Instagram a apresentadora aparece em meio a uma comemora\u00e7\u00e3o intimista na sua casa, seguido de um momento inusitado com o atendimento de um policial que registrou o furto do seu carro.<\/p>\n<p>Rebeca Abravanel, irm\u00e3 de Patr\u00edcia,<\/a> registrou o momento inusitado, filmando a rea\u00e7\u00e3o da apresentadora com a not\u00edcia. &#8220;Gente, anivers\u00e1rio aqui, uma montando parab\u00e9ns para voc\u00ea, o outro l\u00e1 preenchendo, a pol\u00edcia aqui com a gente\u2026 Enquanto uns fazem a festa, outro faz o B.O. literalmente&#8221;, declarou.<\/p>\n<p>Apesar do momento tenso, Patr\u00edcia n\u00e3o deixou o assalto pesar o clima do seu anivers\u00e1rio e lidou com tudo com um sorriso no rosto. &#8220;Tem que ser com emo\u00e7\u00e3o&#8221;, disse a aniversariante.<\/p>\n<p>Rebeca lamentou o ocorrido e desabafou nas redes sociais. &#8220;Roubaram o carro, gente, fala s\u00e9rio, no anivers\u00e1rio&#8221;, comentou a esposa de Alexandre Pato<\/a>, com bom humor apesar do incidente.<\/p>\n<\/p><\/div>\n","protected":false},"excerpt":{"rendered":"<p>Neste s\u00e1bado (4), a apresentadora Patr\u00edcia Abravanel completa 48 anos. No entanto, a filha de Silvio Santos acabou recebendo uma<\/p>\n","protected":false},"author":7,"featured_media":18270,"comment_status":"open","ping_status":"open","sticky":false,"template":"","format":"standard","meta":{"colormag_page_container_layout":"default_layout","colormag_page_sidebar_layout":"default_layout","_FSMCFIC_featured_image_caption":"","_FSMCFIC_featured_image_nocaption":"","_FSMCFIC_featured_image_hide":"","footnotes":""},"categories":[1],"tags":[],"class_list":["post-18269","post","type-post","status-publish","format-standard","has-post-thumbnail","hentry","category-ultimas"],"yoast_head":"<!-- This site is optimized with the Yoast SEO plugin v27.1.1 - https:\/\/yoast.com\/product\/yoast-seo-wordpress\/ -->\n<title>Patr\u00edcia Abravanel \u00e9 v\u00edtima de crime em dia do pr\u00f3prio anivers\u00e1rio - Brasil not\u00edcias<\/title>\n<meta name=\"robots\" content=\"index, follow, max-snippet:-1, max-image-preview:large, max-video-preview:-1\" \/>\n<link rel=\"canonical\" href=\"https:\/\/brasilnoticias.org\/site\/patricia-abravanel-e-vitima-de-crime-em-dia-do-proprio-aniversario\/\" \/>\n<meta property=\"og:locale\" content=\"pt_PT\" \/>\n<meta property=\"og:type\" content=\"article\" \/>\n<meta property=\"og:title\" content=\"Patr\u00edcia Abravanel \u00e9 v\u00edtima de crime em dia do pr\u00f3prio anivers\u00e1rio - Brasil not\u00edcias\" \/>\n<meta property=\"og:description\" content=\"Neste s\u00e1bado (4), a apresentadora Patr\u00edcia Abravanel completa 48 anos. No entanto, a filha de Silvio Santos acabou recebendo uma\" \/>\n<meta property=\"og:url\" content=\"https:\/\/brasilnoticias.org\/site\/patricia-abravanel-e-vitima-de-crime-em-dia-do-proprio-aniversario\/\" \/>\n<meta property=\"og:site_name\" content=\"Brasil not\u00edcias\" \/>\n<meta property=\"article:published_time\" content=\"2025-10-14T12:57:06+00:00\" \/>\n<meta property=\"og:image\" content=\"https:\/\/brasilnoticias.org\/site\/wp-content\/uploads\/2025\/10\/copia_de_capa_posts_10_DPtrg7H_widelg.jpg\" \/>\n\t<meta property=\"og:image:width\" content=\"800\" \/>\n\t<meta property=\"og:image:height\" content=\"450\" \/>\n\t<meta property=\"og:image:type\" content=\"image\/jpeg\" \/>\n<meta name=\"author\" content=\"Natane Ramos\" \/>\n<meta name=\"twitter:card\" content=\"summary_large_image\" \/>\n<meta name=\"twitter:label1\" content=\"Escrito por\" \/>\n\t<meta name=\"twitter:data1\" content=\"Natane Ramos\" \/>\n\t<meta name=\"twitter:label2\" content=\"Tempo estimado de leitura\" \/>\n\t<meta name=\"twitter:data2\" content=\"1 minuto\" \/>\n<script type=\"application\/ld+json\" class=\"yoast-schema-graph\">{\"@context\":\"https:\/\/schema.org\",\"@graph\":[{\"@type\":\"Article\",\"@id\":\"https:\/\/brasilnoticias.org\/site\/patricia-abravanel-e-vitima-de-crime-em-dia-do-proprio-aniversario\/#article\",\"isPartOf\":{\"@id\":\"https:\/\/brasilnoticias.org\/site\/patricia-abravanel-e-vitima-de-crime-em-dia-do-proprio-aniversario\/\"},\"author\":{\"name\":\"Natane Ramos\",\"@id\":\"https:\/\/brasilnoticias.org\/site\/#\/schema\/person\/fcb783e56cf2d4837ff34fab5319a5e2\"},\"headline\":\"Patr\u00edcia Abravanel \u00e9 v\u00edtima de crime em dia do pr\u00f3prio anivers\u00e1rio\",\"datePublished\":\"2025-10-14T12:57:06+00:00\",\"mainEntityOfPage\":{\"@id\":\"https:\/\/brasilnoticias.org\/site\/patricia-abravanel-e-vitima-de-crime-em-dia-do-proprio-aniversario\/\"},\"wordCount\":203,\"commentCount\":0,\"publisher\":{\"@id\":\"https:\/\/brasilnoticias.org\/site\/#organization\"},\"image\":{\"@id\":\"https:\/\/brasilnoticias.org\/site\/patricia-abravanel-e-vitima-de-crime-em-dia-do-proprio-aniversario\/#primaryimage\"},\"thumbnailUrl\":\"https:\/\/brasilnoticias.org\/site\/wp-content\/uploads\/2025\/10\/copia_de_capa_posts_10_DPtrg7H_widelg.jpg\",\"articleSection\":[\"\u00daltimas\"],\"inLanguage\":\"pt-PT\",\"potentialAction\":[{\"@type\":\"CommentAction\",\"name\":\"Comment\",\"target\":[\"https:\/\/brasilnoticias.org\/site\/patricia-abravanel-e-vitima-de-crime-em-dia-do-proprio-aniversario\/#respond\"]}]},{\"@type\":\"WebPage\",\"@id\":\"https:\/\/brasilnoticias.org\/site\/patricia-abravanel-e-vitima-de-crime-em-dia-do-proprio-aniversario\/\",\"url\":\"https:\/\/brasilnoticias.org\/site\/patricia-abravanel-e-vitima-de-crime-em-dia-do-proprio-aniversario\/\",\"name\":\"Patr\u00edcia Abravanel \u00e9 v\u00edtima de crime em dia do pr\u00f3prio anivers\u00e1rio - Brasil not\u00edcias\",\"isPartOf\":{\"@id\":\"https:\/\/brasilnoticias.org\/site\/#website\"},\"primaryImageOfPage\":{\"@id\":\"https:\/\/brasilnoticias.org\/site\/patricia-abravanel-e-vitima-de-crime-em-dia-do-proprio-aniversario\/#primaryimage\"},\"image\":{\"@id\":\"https:\/\/brasilnoticias.org\/site\/patricia-abravanel-e-vitima-de-crime-em-dia-do-proprio-aniversario\/#primaryimage\"},\"thumbnailUrl\":\"https:\/\/brasilnoticias.org\/site\/wp-content\/uploads\/2025\/10\/copia_de_capa_posts_10_DPtrg7H_widelg.jpg\",\"datePublished\":\"2025-10-14T12:57:06+00:00\",\"breadcrumb\":{\"@id\":\"https:\/\/brasilnoticias.org\/site\/patricia-abravanel-e-vitima-de-crime-em-dia-do-proprio-aniversario\/#breadcrumb\"},\"inLanguage\":\"pt-PT\",\"potentialAction\":[{\"@type\":\"ReadAction\",\"target\":[\"https:\/\/brasilnoticias.org\/site\/patricia-abravanel-e-vitima-de-crime-em-dia-do-proprio-aniversario\/\"]}]},{\"@type\":\"ImageObject\",\"inLanguage\":\"pt-PT\",\"@id\":\"https:\/\/brasilnoticias.org\/site\/patricia-abravanel-e-vitima-de-crime-em-dia-do-proprio-aniversario\/#primaryimage\",\"url\":\"https:\/\/brasilnoticias.org\/site\/wp-content\/uploads\/2025\/10\/copia_de_capa_posts_10_DPtrg7H_widelg.jpg\",\"contentUrl\":\"https:\/\/brasilnoticias.org\/site\/wp-content\/uploads\/2025\/10\/copia_de_capa_posts_10_DPtrg7H_widelg.jpg\",\"width\":800,\"height\":450,\"caption\":\"Patr\u00edcia Abravanel \u00e9 v\u00edtima de crime em dia do pr\u00f3prio anivers\u00e1rio\"},{\"@type\":\"BreadcrumbList\",\"@id\":\"https:\/\/brasilnoticias.org\/site\/patricia-abravanel-e-vitima-de-crime-em-dia-do-proprio-aniversario\/#breadcrumb\",\"itemListElement\":[{\"@type\":\"ListItem\",\"position\":1,\"name\":\"In\u00edcio\",\"item\":\"https:\/\/brasilnoticias.org\/site\/\"},{\"@type\":\"ListItem\",\"position\":2,\"name\":\"Patr\u00edcia Abravanel \u00e9 v\u00edtima de crime em dia do pr\u00f3prio anivers\u00e1rio\"}]},{\"@type\":\"WebSite\",\"@id\":\"https:\/\/brasilnoticias.org\/site\/#website\",\"url\":\"https:\/\/brasilnoticias.org\/site\/\",\"name\":\"Brasil not\u00edcias\",\"description\":\"Brasil not\u00edcias\",\"publisher\":{\"@id\":\"https:\/\/brasilnoticias.org\/site\/#organization\"},\"potentialAction\":[{\"@type\":\"SearchAction\",\"target\":{\"@type\":\"EntryPoint\",\"urlTemplate\":\"https:\/\/brasilnoticias.org\/site\/?s={search_term_string}\"},\"query-input\":{\"@type\":\"PropertyValueSpecification\",\"valueRequired\":true,\"valueName\":\"search_term_string\"}}],\"inLanguage\":\"pt-PT\"},{\"@type\":\"Organization\",\"@id\":\"https:\/\/brasilnoticias.org\/site\/#organization\",\"name\":\"Brasil not\u00edcias\",\"url\":\"https:\/\/brasilnoticias.org\/site\/\",\"logo\":{\"@type\":\"ImageObject\",\"inLanguage\":\"pt-PT\",\"@id\":\"https:\/\/brasilnoticias.org\/site\/#\/schema\/logo\/image\/\",\"url\":\"https:\/\/brasilnoticias.org\/site\/wp-content\/uploads\/2022\/05\/cropped-brasilnoticias-mini.jpg\",\"contentUrl\":\"https:\/\/brasilnoticias.org\/site\/wp-content\/uploads\/2022\/05\/cropped-brasilnoticias-mini.jpg\",\"width\":314,\"height\":86,\"caption\":\"Brasil not\u00edcias\"},\"image\":{\"@id\":\"https:\/\/brasilnoticias.org\/site\/#\/schema\/logo\/image\/\"}},{\"@type\":\"Person\",\"@id\":\"https:\/\/brasilnoticias.org\/site\/#\/schema\/person\/fcb783e56cf2d4837ff34fab5319a5e2\",\"name\":\"Natane Ramos\",\"image\":{\"@type\":\"ImageObject\",\"inLanguage\":\"pt-PT\",\"@id\":\"https:\/\/brasilnoticias.org\/site\/#\/schema\/person\/image\/\",\"url\":\"https:\/\/secure.gravatar.com\/avatar\/?s=96&d=mm&r=g\",\"contentUrl\":\"https:\/\/secure.gravatar.com\/avatar\/?s=96&d=mm&r=g\",\"caption\":\"Natane Ramos\"},\"url\":\"https:\/\/brasilnoticias.org\/site\/author\/natane_ramos\/\"}]}<\/script>\n<!-- \/ Yoast SEO plugin. -->","yoast_head_json":{"title":"Patr\u00edcia Abravanel \u00e9 v\u00edtima de crime em dia do pr\u00f3prio anivers\u00e1rio - Brasil not\u00edcias","robots":{"index":"index","follow":"follow","max-snippet":"max-snippet:-1","max-image-preview":"max-image-preview:large","max-video-preview":"max-video-preview:-1"},"canonical":"https:\/\/brasilnoticias.org\/site\/patricia-abravanel-e-vitima-de-crime-em-dia-do-proprio-aniversario\/","og_locale":"pt_PT","og_type":"article","og_title":"Patr\u00edcia Abravanel \u00e9 v\u00edtima de crime em dia do pr\u00f3prio anivers\u00e1rio - Brasil not\u00edcias","og_description":"Neste s\u00e1bado (4), a apresentadora Patr\u00edcia Abravanel completa 48 anos. No entanto, a filha de Silvio Santos acabou recebendo uma","og_url":"https:\/\/brasilnoticias.org\/site\/patricia-abravanel-e-vitima-de-crime-em-dia-do-proprio-aniversario\/","og_site_name":"Brasil not\u00edcias","article_published_time":"2025-10-14T12:57:06+00:00","og_image":[{"width":800,"height":450,"url":"https:\/\/brasilnoticias.org\/site\/wp-content\/uploads\/2025\/10\/copia_de_capa_posts_10_DPtrg7H_widelg.jpg","type":"image\/jpeg"}],"author":"Natane Ramos","twitter_card":"summary_large_image","twitter_misc":{"Escrito por":"Natane Ramos","Tempo estimado de leitura":"1 minuto"},"schema":{"@context":"https:\/\/schema.org","@graph":[{"@type":"Article","@id":"https:\/\/brasilnoticias.org\/site\/patricia-abravanel-e-vitima-de-crime-em-dia-do-proprio-aniversario\/#article","isPartOf":{"@id":"https:\/\/brasilnoticias.org\/site\/patricia-abravanel-e-vitima-de-crime-em-dia-do-proprio-aniversario\/"},"author":{"name":"Natane Ramos","@id":"https:\/\/brasilnoticias.org\/site\/#\/schema\/person\/fcb783e56cf2d4837ff34fab5319a5e2"},"headline":"Patr\u00edcia Abravanel \u00e9 v\u00edtima de crime em dia do pr\u00f3prio anivers\u00e1rio","datePublished":"2025-10-14T12:57:06+00:00","mainEntityOfPage":{"@id":"https:\/\/brasilnoticias.org\/site\/patricia-abravanel-e-vitima-de-crime-em-dia-do-proprio-aniversario\/"},"wordCount":203,"commentCount":0,"publisher":{"@id":"https:\/\/brasilnoticias.org\/site\/#organization"},"image":{"@id":"https:\/\/brasilnoticias.org\/site\/patricia-abravanel-e-vitima-de-crime-em-dia-do-proprio-aniversario\/#primaryimage"},"thumbnailUrl":"https:\/\/brasilnoticias.org\/site\/wp-content\/uploads\/2025\/10\/copia_de_capa_posts_10_DPtrg7H_widelg.jpg","articleSection":["\u00daltimas"],"inLanguage":"pt-PT","potentialAction":[{"@type":"CommentAction","name":"Comment","target":["https:\/\/brasilnoticias.org\/site\/patricia-abravanel-e-vitima-de-crime-em-dia-do-proprio-aniversario\/#respond"]}]},{"@type":"WebPage","@id":"https:\/\/brasilnoticias.org\/site\/patricia-abravanel-e-vitima-de-crime-em-dia-do-proprio-aniversario\/","url":"https:\/\/brasilnoticias.org\/site\/patricia-abravanel-e-vitima-de-crime-em-dia-do-proprio-aniversario\/","name":"Patr\u00edcia Abravanel \u00e9 v\u00edtima de crime em dia do pr\u00f3prio anivers\u00e1rio - Brasil not\u00edcias","isPartOf":{"@id":"https:\/\/brasilnoticias.org\/site\/#website"},"primaryImageOfPage":{"@id":"https:\/\/brasilnoticias.org\/site\/patricia-abravanel-e-vitima-de-crime-em-dia-do-proprio-aniversario\/#primaryimage"},"image":{"@id":"https:\/\/brasilnoticias.org\/site\/patricia-abravanel-e-vitima-de-crime-em-dia-do-proprio-aniversario\/#primaryimage"},"thumbnailUrl":"https:\/\/brasilnoticias.org\/site\/wp-content\/uploads\/2025\/10\/copia_de_capa_posts_10_DPtrg7H_widelg.jpg","datePublished":"2025-10-14T12:57:06+00:00","breadcrumb":{"@id":"https:\/\/brasilnoticias.org\/site\/patricia-abravanel-e-vitima-de-crime-em-dia-do-proprio-aniversario\/#breadcrumb"},"inLanguage":"pt-PT","potentialAction":[{"@type":"ReadAction","target":["https:\/\/brasilnoticias.org\/site\/patricia-abravanel-e-vitima-de-crime-em-dia-do-proprio-aniversario\/"]}]},{"@type":"ImageObject","inLanguage":"pt-PT","@id":"https:\/\/brasilnoticias.org\/site\/patricia-abravanel-e-vitima-de-crime-em-dia-do-proprio-aniversario\/#primaryimage","url":"https:\/\/brasilnoticias.org\/site\/wp-content\/uploads\/2025\/10\/copia_de_capa_posts_10_DPtrg7H_widelg.jpg","contentUrl":"https:\/\/brasilnoticias.org\/site\/wp-content\/uploads\/2025\/10\/copia_de_capa_posts_10_DPtrg7H_widelg.jpg","width":800,"height":450,"caption":"Patr\u00edcia Abravanel \u00e9 v\u00edtima de crime em dia do pr\u00f3prio anivers\u00e1rio"},{"@type":"BreadcrumbList","@id":"https:\/\/brasilnoticias.org\/site\/patricia-abravanel-e-vitima-de-crime-em-dia-do-proprio-aniversario\/#breadcrumb","itemListElement":[{"@type":"ListItem","position":1,"name":"In\u00edcio","item":"https:\/\/brasilnoticias.org\/site\/"},{"@type":"ListItem","position":2,"name":"Patr\u00edcia Abravanel \u00e9 v\u00edtima de crime em dia do pr\u00f3prio anivers\u00e1rio"}]},{"@type":"WebSite","@id":"https:\/\/brasilnoticias.org\/site\/#website","url":"https:\/\/brasilnoticias.org\/site\/","name":"Brasil not\u00edcias","description":"Brasil not\u00edcias","publisher":{"@id":"https:\/\/brasilnoticias.org\/site\/#organization"},"potentialAction":[{"@type":"SearchAction","target":{"@type":"EntryPoint","urlTemplate":"https:\/\/brasilnoticias.org\/site\/?s={search_term_string}"},"query-input":{"@type":"PropertyValueSpecification","valueRequired":true,"valueName":"search_term_string"}}],"inLanguage":"pt-PT"},{"@type":"Organization","@id":"https:\/\/brasilnoticias.org\/site\/#organization","name":"Brasil not\u00edcias","url":"https:\/\/brasilnoticias.org\/site\/","logo":{"@type":"ImageObject","inLanguage":"pt-PT","@id":"https:\/\/brasilnoticias.org\/site\/#\/schema\/logo\/image\/","url":"https:\/\/brasilnoticias.org\/site\/wp-content\/uploads\/2022\/05\/cropped-brasilnoticias-mini.jpg","contentUrl":"https:\/\/brasilnoticias.org\/site\/wp-content\/uploads\/2022\/05\/cropped-brasilnoticias-mini.jpg","width":314,"height":86,"caption":"Brasil not\u00edcias"},"image":{"@id":"https:\/\/brasilnoticias.org\/site\/#\/schema\/logo\/image\/"}},{"@type":"Person","@id":"https:\/\/brasilnoticias.org\/site\/#\/schema\/person\/fcb783e56cf2d4837ff34fab5319a5e2","name":"Natane Ramos","image":{"@type":"ImageObject","inLanguage":"pt-PT","@id":"https:\/\/brasilnoticias.org\/site\/#\/schema\/person\/image\/","url":"https:\/\/secure.gravatar.com\/avatar\/?s=96&d=mm&r=g","contentUrl":"https:\/\/secure.gravatar.com\/avatar\/?s=96&d=mm&r=g","caption":"Natane Ramos"},"url":"https:\/\/brasilnoticias.org\/site\/author\/natane_ramos\/"}]}},"_links":{"self":[{"href":"https:\/\/brasilnoticias.org\/site\/wp-json\/wp\/v2\/posts\/18269","targetHints":{"allow":["GET"]}}],"collection":[{"href":"https:\/\/brasilnoticias.org\/site\/wp-json\/wp\/v2\/posts"}],"about":[{"href":"https:\/\/brasilnoticias.org\/site\/wp-json\/wp\/v2\/types\/post"}],"author":[{"embeddable":true,"href":"https:\/\/brasilnoticias.org\/site\/wp-json\/wp\/v2\/users\/7"}],"replies":[{"embeddable":true,"href":"https:\/\/brasilnoticias.org\/site\/wp-json\/wp\/v2\/comments?post=18269"}],"version-history":[{"count":1,"href":"https:\/\/brasilnoticias.org\/site\/wp-json\/wp\/v2\/posts\/18269\/revisions"}],"predecessor-version":[{"id":18271,"href":"https:\/\/brasilnoticias.org\/site\/wp-json\/wp\/v2\/posts\/18269\/revisions\/18271"}],"wp:featuredmedia":[{"embeddable":true,"href":"https:\/\/brasilnoticias.org\/site\/wp-json\/wp\/v2\/media\/18270"}],"wp:attachment":[{"href":"https:\/\/brasilnoticias.org\/site\/wp-json\/wp\/v2\/media?parent=18269"}],"wp:term":[{"taxonomy":"category","embeddable":true,"href":"https:\/\/brasilnoticias.org\/site\/wp-json\/wp\/v2\/categories?post=18269"},{"taxonomy":"post_tag","embeddable":true,"href":"https:\/\/brasilnoticias.org\/site\/wp-json\/wp\/v2\/tags?post=18269"}],"curies":[{"name":"wp","href":"https:\/\/api.w.org\/{rel}","templated":true}]}}