{"id":18275,"date":"2025-10-15T08:02:07","date_gmt":"2025-10-15T11:02:07","guid":{"rendered":"https:\/\/brasilnoticias.org\/site\/?p=18275"},"modified":"2025-10-15T08:02:07","modified_gmt":"2025-10-15T11:02:07","slug":"entrevista-psol-sera-alternativa-ao-pt-e-a-direita-carlista-na-bahia-diz-ronaldo-mansur","status":"publish","type":"post","link":"https:\/\/brasilnoticias.org\/site\/entrevista-psol-sera-alternativa-ao-pt-e-a-direita-carlista-na-bahia-diz-ronaldo-mansur\/","title":{"rendered":"Entrevista: &#8216;PSOL ser\u00e1 alternativa ao PT e \u00e0 direita carlista na Bahia&#8217;, diz Ronaldo Mansur"},"content":{"rendered":"<p>Presidente estadual da legenda e pr\u00e9-candidato ao governo do Estado critica Jer\u00f4nimo Rodrigues e Bruno Reis, e afirma que o partido apresentar\u00e1 candidatura pr\u00f3pria ao governo e ao Senado em 2026<\/p>\n<p>O PSOL da Bahia definiu oficialmente o lan\u00e7amento de candidaturas pr\u00f3prias ao governo e ao Senado em 2026. O nome escolhido para disputar o Pal\u00e1cio de Ondina \u00e9 o do presidente estadual da legenda, Ronaldo Mansur, que afirma que o partido vai se apresentar como uma alternativa tanto ao grupo petista quanto ao bloco liderado por ACM Neto e Bruno Reis (Uni\u00e3o Brasil). Em entrevista exclusiva ao Blog do Vila, Mansur afirma que a decis\u00e3o foi un\u00e2nime na dire\u00e7\u00e3o estadual e reflete o desejo de marcar posi\u00e7\u00e3o pol\u00edtica e program\u00e1tica no Estado.<\/p>\n<p>\u201cN\u00f3s sempre lan\u00e7amos candidatura a governo e a Senado desde 2006. E, embora tenhamos apoiado Jer\u00f4nimo Rodrigues no segundo turno da \u00faltima elei\u00e7\u00e3o, o PT fez uma op\u00e7\u00e3o por alian\u00e7as amplas que v\u00e3o de L\u00eddice da Mata a Geddel Vieira Lima. Essa \u00e9 uma escolha deles. A nossa \u00e9 manter coer\u00eancia\u201d, afirmou.<\/p>\n<p>Cr\u00edtico tanto da gest\u00e3o de Jer\u00f4nimo Rodrigues (PT) quanto da administra\u00e7\u00e3o municipal de Bruno Reis (Uni\u00e3o Brasil), Mansur diz que o PSOL pretende apresentar propostas que enfrentem o modelo econ\u00f4mico e administrativo atual.<\/p>\n<p>\u201cAmbos os projetos \u2014 o carlista e o do PT \u2014 endividaram o Estado e n\u00e3o deram respostas aos problemas estruturais. O que se v\u00ea \u00e9 o aumento da d\u00edvida p\u00fablica e a continuidade de pr\u00e1ticas pol\u00edticas ultrapassadas\u201d, declarou.<\/p>\n<p>O pr\u00e9-candidato apontou a sa\u00fade como uma das \u00e1reas mais cr\u00edticas da gest\u00e3o estadual. \u201cAs pessoas esperam meses, \u00e0s vezes anos, por um procedimento de regula\u00e7\u00e3o. Quem n\u00e3o tem um vereador ou deputado para furar fila fica \u00e0 pr\u00f3pria sorte. \u00c9 desumano. Isso mostra a fal\u00eancia do sistema\u201d, afirmou.<\/p>\n<p>Mansur tamb\u00e9m direcionou cr\u00edticas \u00e0 prefeitura de Salvador: \u201cBruno Reis faz uma gest\u00e3o ainda pior que a anterior. \u00c9 escandaloso pagar qualifica\u00e7\u00f5es \u00e0 sua secret\u00e1ria e \u00e0 vice-prefeita enquanto falta pol\u00edtica p\u00fablica de verdade\u201d, disse.<\/p>\n<p>O dirigente do PSOL condenou ainda a pol\u00edtica de militariza\u00e7\u00e3o da rede estadual de ensino e a postura do governador em rela\u00e7\u00e3o aos professores. \u201cS\u00e3o quase 200 escolas militarizadas. O governador ainda ofende os professores, chamando a escola p\u00fablica de autorit\u00e1ria. E por que o grupo pol\u00edtico dele n\u00e3o mudou isso em 19 anos? \u00c9 aus\u00eancia de compet\u00eancia\u201d, criticou.<\/p>\n<p>Sobre seguran\u00e7a, Mansur disse que o governo n\u00e3o investe em intelig\u00eancia e terceiriza responsabilidades. \u201cA Bahia \u00e9 o estado mais violento do pa\u00eds. Trocar comandante e secret\u00e1rio n\u00e3o resolve. O governo faz boa vizinhan\u00e7a com oficiais e abandona os pra\u00e7as, que est\u00e3o na linha de frente. Falta qualifica\u00e7\u00e3o, reconhecimento e estrat\u00e9gia\u201d, pontuou.<\/p>\n<p>Ele ainda cobrou integra\u00e7\u00e3o entre governos estadual e federal: \u201cO crime organizado n\u00e3o est\u00e1 s\u00f3 nas favelas, est\u00e1 nos bairros nobres. \u00c9 preciso uma pol\u00edtica integrada e real, n\u00e3o de marketing.\u201d<\/p>\n<p>Mansur tamb\u00e9m criticou o projeto da Ponte Salvador-Itaparica, classificada por ele como s\u00edmbolo de uma pol\u00edtica sem planejamento. \u201cN\u00e3o \u00e9 levantando uma coluna no meio da Ba\u00eda de Todos-os-Santos que se resolve a infraestrutura. N\u00e3o h\u00e1 di\u00e1logo com as comunidades afetadas nem clareza sobre os impactos. Criam at\u00e9 secretaria da ponte para distribuir cargos\u201d, ironizou.<\/p>\n<p>Para o presidente estadual do PSOL, o projeto da ponte \u00e9 exemplo de desperd\u00edcio e falta de prioridade. \u201cQuanto j\u00e1 se gastou em algo que nem existe? E quando existir, quanto custar\u00e1 a travessia? Essa \u00e9 a pol\u00edtica de maquiagem que o governo insiste em vender\u201d, concluiu.<\/p>\n<p>Al\u00e9m dele, a chapa do partido ao Pal\u00e1cio de Ondina ter\u00e1 ainda com Meire Reis, professora e doutora pela Universidade Federal do Rio de Janeiro, como vice, e Delliana Ricelli, do interior do estado, como pr\u00e9-candidata ao Senado. A segunda vaga ao Congresso ficar\u00e1 a cargo da Rede Sustentabilidade, que integra a federa\u00e7\u00e3o com o PSOL. Os principais nomes da agremia\u00e7\u00e3o para a disputa pela Assembleia Legislativa s\u00e3o Hilton Coelho, que tentar\u00e1 a reelei\u00e7\u00e3o, e Kl\u00e9ber Rosa, que foi o segundo colocado na \u00faltima elei\u00e7\u00e3o para a Prefeitura de Salvador. Enquanto os vereadores Hamilton Assis e Eliete Paraguassu s\u00e3o as principais apostas para a C\u00e2mara dos Deputados.<\/p>\n<p><img loading=\"lazy\" decoding=\"async\" src=\"https:\/\/brasilnoticias.org\/site\/wp-content\/uploads\/2025\/10\/WhatsApp-Image-2025-10-12-at-23.52.51-3-1000x563.jpeg\" alt=\"\" width=\"1000\" height=\"563\" class=\"alignnone size-medium wp-image-18276\" srcset=\"https:\/\/brasilnoticias.org\/site\/wp-content\/uploads\/2025\/10\/WhatsApp-Image-2025-10-12-at-23.52.51-3-1000x563.jpeg 1000w, https:\/\/brasilnoticias.org\/site\/wp-content\/uploads\/2025\/10\/WhatsApp-Image-2025-10-12-at-23.52.51-3-768x432.jpeg 768w, https:\/\/brasilnoticias.org\/site\/wp-content\/uploads\/2025\/10\/WhatsApp-Image-2025-10-12-at-23.52.51-3.jpeg 1066w\" sizes=\"auto, (max-width: 1000px) 100vw, 1000px\" \/><\/p>\n<p>Confira a entrevista na \u00edntegra:<\/p>\n<p>Pergunta: Como o partido est\u00e1 se organizando para as elei\u00e7\u00f5es 2026?<\/p>\n<p>Resposta: O PSOL na Bahia, desde a sua primeira elei\u00e7\u00e3o em 2006, n\u00f3s sempre lan\u00e7amos candidaturas a governo e a Senado. 2006, 2010, 2014, 2018, 2022 Assim como agora em 2026, onde estamos lan\u00e7ando pr\u00e9-candidaturas e futuramente candidaturas a governo e a Senado, nomes esses j\u00e1 aprovados oficialmente na dire\u00e7\u00e3o estadual por unanimidade, pela primeira vez na hist\u00f3ria. Obviamente, n\u00f3s temos diverg\u00eancias pontuais com o projeto ao qual o governo do PT se coloca. Por n\u00f3s tamb\u00e9m termos dificuldades em entrarmos em um processo de um poss\u00edvel apoio ao PT, onde o seu arco de alian\u00e7as vai desde L\u00eddice da Mata, uma figura hist\u00f3rica de esquerda, a Geddel Vieira Lima e outros. \u00c9 uma op\u00e7\u00e3o que o PT faz. Assim como tamb\u00e9m n\u00f3s temos a op\u00e7\u00e3o de n\u00e3o fazer esse tipo de alian\u00e7a mais ampla, para poder governar o Estado.<\/p>\n<p>Pergunta: Qual o objetivo da sua candidatura?<\/p>\n<p>Resposta: A nossa candidatura \u00e9 uma candidatura para apresentar propostas e apresentar os problemas porque ambos os projetos carlistas, que inclui o de [Jos\u00e9 Carlos] Aleluia tamb\u00e9m [Novo], que \u00e9 farinha do mesmo saco do grupo de ACM Neto e Bruno Reis. E o grupo de Jer\u00f4nimo n\u00e3o deu respostas para o Estado se desenvolver. O que tem feito \u00e9 endividado cada vez mais o Estado, tomando dezenas de empr\u00e9stimos, como tamb\u00e9m tem feito o prefeito Bruno Reis.<\/p>\n<p>Pergunta: Mas o PSOL da Bahia apoiou a elei\u00e7\u00e3o de Jer\u00f4nimo Rodrigues na \u00faltima elei\u00e7\u00e3o&#8230; <\/p>\n<p>Resposta: N\u00f3s apoiamos o PT no segundo turno de 2022, quando entregamos uma carta compromisso. E o que se foi feito com essa carta compromisso? Ela nem sequer existe mais. Teve o apoio ali do PSOL coisa e tal, fotos, beijos e abra\u00e7os, depois cada um foi para o seu lado. Mas fizemos campanha e apoiamos, com todos os problemas, apoiamos o governo do Jer\u00f4nimo.<\/p>\n<p>Pergunta: Quais s\u00e3o as principais cr\u00edticas do partido hoje ao governo do Estado?<\/p>\n<p>Resposta: N\u00f3s achamos que a sa\u00fade continua estagnada e cada vez pior. S\u00e3o pessoas que passam seis, oito meses, um ano, dois anos para ser chamado em processo de regula\u00e7\u00f5es. Quem n\u00e3o tem um vereador, um secret\u00e1rio, um deputado para conseguir furar a fila da regula\u00e7\u00e3o est\u00e1 fadado \u00e0 sorte. \u00c9 muito triste pessoas morrerem por aus\u00eancia de atendimento m\u00e9dico, seja ele de responsabilidade do governo do Estado, seja ele de responsabilidade dos prefeitos municipais, principalmente na capital, com o prefeitozinho Bruno Reis, que est\u00e1 fazendo uma gest\u00e3o ainda pior do que o seu primeiro mandato, a ponto de chegar ao esc\u00e2ndalo de pagar qualifica\u00e7\u00f5es para sua secret\u00e1ria [Giovanna Victer, Fazenda] e agora a sua vice [Ana Paula Matos]. E \u00e9 essa reprodu\u00e7\u00e3o de pol\u00edtica que esse grupo quer fazer no Estado. E \u00e9 por isso que n\u00f3s colocamos a nossa candidatura, para n\u00f3s colocarmos nossas propostas sobre sa\u00fade p\u00fablica, sobre educa\u00e7\u00e3o. <\/p>\n<p>Pergunta: E quais s\u00e3o suas propostas para a Educa\u00e7\u00e3o?<\/p>\n<p>Resposta: N\u00f3s n\u00e3o concordamos com a militariza\u00e7\u00e3o das escolas. S\u00e3o cerca de 200 escolas nessa pegada. N\u00f3s n\u00e3o concordamos que o governador do Estado ofenda os professores como ele ofendeu, chamando os professores de autorit\u00e1rios, de escola autorit\u00e1ria, que reprovava, que a escola tinha que ser assim e assado. E por que o grupo pol\u00edtico dele n\u00e3o fez nesses \u00faltimos 19 anos? Precisa de quantos anos mais? Mais 20 anos? Ou \u00e9 aus\u00eancia de compet\u00eancia? <\/p>\n<p>Pergunta: E em rela\u00e7\u00e3o \u00e0 Seguran\u00e7a P\u00fablica? Esse \u00e9 o setor mais criticado do governo&#8230;<\/p>\n<p>Resposta: A Bahia continua no ranking como estado com maior \u00edndice de viol\u00eancia, onde as cidades mais violentas se localizam na Bahia. H\u00e1 uma aus\u00eancia de uma pol\u00edtica de seguran\u00e7a. O governo acha que trocar comandante, trocar secret\u00e1rio, vai resolver o problema de seguran\u00e7a, e joga nas costas do policial militar, do policial civil, a responsabilidade de promover a seguran\u00e7a p\u00fablica, e n\u00e3o \u00e9. O governo faz boa vizinhan\u00e7a com os oficiais, enquanto que os pra\u00e7as s\u00e3o jogados a esmo sem uma qualifica\u00e7\u00e3o necess\u00e1ria para estar tendo contato com a popula\u00e7\u00e3o diretamente. Porque o que n\u00f3s vemos a\u00ed cotidianamente s\u00e3o as pessoas sendo agredidas de forma gratuita. O governo prometeu que iria colocar as minic\u00e2maras nas fardas dos policiais e n\u00e3o cumpriu. Novamente, nessa pr\u00f3xima elei\u00e7\u00e3o, vai novamente vir com a mesma proposta ou vai colocar c\u00e2mara em meia d\u00fazia de pessoas e dizer que j\u00e1 iniciou o processo. Ent\u00e3o, o crime organizado n\u00e3o est\u00e1 localizado hoje apenas em Salvador, infelizmente. Hoje ele j\u00e1 se espalhou por toda a Bahia. E o policial militar, o policial civil que est\u00e1 na rua cotidianamente, sabe do que eu estou falando. <\/p>\n<p>Pergunta: Mas como resolver a situa\u00e7\u00e3o atual de viol\u00eancia no estado?<\/p>\n<p>Resposta: O governador n\u00e3o investe em intelig\u00eancia. O governo do Estado n\u00e3o pode fechar as portas para discutir uma seguran\u00e7a que integre todas as for\u00e7as de seguran\u00e7a do Estado e nacionalmente. O governo federal tem que estar aliado aos governos dos estados para ter uma pol\u00edtica de combate ao crime organizado. O crime organizado n\u00e3o se localiza apenas nas favelas. Ele est\u00e1 organizado nos bairros nobres. S\u00e3o l\u00e1 que se localizam os chefes. S\u00e3o l\u00e1 que se localizam e saem o que a pol\u00edcia tenta combater. Onde \u00e9 que foram encontrados os R$ 51 milh\u00f5es? Foi em qual favela? N\u00e3o foi em favela, n\u00e3o. Foi em bairro nobre. Ent\u00e3o, n\u00e3o existe uma pol\u00edtica de seguran\u00e7a, de combate ao crime. E n\u00f3s vamos investir na seguran\u00e7a p\u00fablica, que n\u00e3o \u00e9 apenas armas, aumento de efetivos e viaturas, mas \u00e9 na qualifica\u00e7\u00e3o desses profissionais, no reconhecimento que a principal for\u00e7a \u00e9 a do pra\u00e7a, \u00e9 daquele que est\u00e1 l\u00e1 na rua e n\u00e3o do oficialato, que o governo insiste em fazer pol\u00edtica de eternas boas vizinhan\u00e7as. Recentemente tivemos um policial que foi preso por criticar a aus\u00eancia de pol\u00edtica de seguran\u00e7a p\u00fablica e escancarar os problemas na seguran\u00e7a p\u00fablica. N\u00e3o \u00e9 perseguindo essas pessoas que vai resolver o problema da seguran\u00e7a p\u00fablica. <\/p>\n<p>Pergunta: E em rela\u00e7\u00e3o \u00e0s obras que o governo tem anunciado? A gest\u00e3o diz que agora a Ponte Salvador-Itaparica, enfim, vai sair do papel&#8230;<\/p>\n<p>Resposta: N\u00e3o \u00e9 levantando uma coluna no meio da Ba\u00eda de Todos-os-Santos, dizendo que vai construir uma ponte, sem sequer ter conclu\u00eddo o di\u00e1logo com as comunidades do outro lado, que vai resolver o problema de infraestrutura na Bahia. Uma infraestrutura sem pensar no todo. <\/p>\n<p>Pergunta: Um dos argumentos \u00e9 de vai aumentar a gera\u00e7\u00e3o de emprego e renda&#8230; <\/p>\n<p>Resposta: O que \u00e9 que o governo tem feito? O que \u00e9 que o governo anterior, carlista, tamb\u00e9m fez? N\u00f3s temos um litoral imenso, o maior litoral do pa\u00eds a Bahia tem. E a Secretaria de Pesca, o que \u00e9 que tem feito? Olha quanta oportunidade a Secretaria de Pesca poderia promover. A Secretaria de Turismo do Estado, o que \u00e9 que faz, pelo amor dos deuses? Nada. Absolutamente nada. Existem secretarias do Estado que poderiam funcionar muito bem, se n\u00e3o fossem as indica\u00e7\u00f5es pol\u00edticas aonde o secret\u00e1rio senta a bunda no sof\u00e1, na cadeira e nada faz ao n\u00e3o ser gerenciar os recursos que muitas vezes n\u00e3o d\u00e3o resultados pol\u00edticos para o Estado em n\u00edvel de gest\u00e3o. A\u00ed n\u00f3s temos artistas que fazem cr\u00edticas \u00e0 aus\u00eancia de certas pol\u00edticas em certas \u00e1reas da cultura. Quando \u00e9 um an\u00f4nimo, um artista an\u00f4nimo que faz a cr\u00edtica, \u00e9 passado batido, \u00e9 ignorado. Quando \u00e9 um Wagner Moura, &#8216;olha, vamos no sapatinho porque o cara \u00e9 famoso, a gente n\u00e3o pode bater de frente&#8217;. Quando \u00e9 contratado um grande artista para tocar no S\u00e3o Jo\u00e3o, paga-se antecipadamente. Quando \u00e9 um artista do pov\u00e3o, um artista pobre, at\u00e9 hoje dezenas e dezenas e dezenas est\u00e3o correndo a\u00ed atr\u00e1s para receber o dinheiro da festa passada. Isso \u00e9 muito desumano, muito desonesto o que se faz com o nosso povo. A\u00ed voc\u00ea bota um L\u00e9o Santana para fazer propaganda do BRT&#8230; qual \u00e9 a rela\u00e7\u00e3o de L\u00e9o Santana mesmo com o VLT? L\u00e9o Santana, o mesmo que fez aquelas coloca\u00e7\u00f5es durante o per\u00edodo de pandemia, \u00e9 esse mesmo que est\u00e1 fazendo a propaganda do VLT. N\u00e3o existiam outras pessoas? Ent\u00e3o, gasta-se muito dinheiro, cria-se at\u00e9 secretaria da ponte. O que \u00e9 isso mesmo? Nada mais \u00e9 do que dar emprego, dar vagas, coloca\u00e7\u00f5es no governo aos aliados que ainda n\u00e3o foram contemplados. Quanto se j\u00e1 gastou nessa ponte que nem existe ainda? Quanto \u00e9 que vai custar a travessia quando essa ponte ficar finalizada? Daqui a 15 anos, 20 anos, 50 anos, 100 anos? Qual \u00e9 a pol\u00edtica do governo para o \u00edndice de viol\u00eancia de criminalidade que vai aumentar l\u00e1 do outro lado da ponte, em Vera Cruz, na ilha de Itaparica? O que ser\u00e1 feito na regi\u00e3o em n\u00edvel de infraestrutura, sa\u00fade, educa\u00e7\u00e3o, seguran\u00e7a, gera\u00e7\u00e3o de emprego e renda? Nada disso \u00e9 discutido com seriedade.<\/p>\n<p>Pergunta: Em rela\u00e7\u00e3o \u00e0s pesquisas de inten\u00e7\u00e3o de voto, como voc\u00ea avalia n\u00e3o ter o nome listado e os institutos insistirem com Kl\u00e9ber Rosa, que j\u00e1 anunciou a pr\u00e9-candidatura a deputado estadual?<\/p>\n<p>Resposta: Ent\u00e3o, nas pesquisas de inten\u00e7\u00f5es de votos, quando o instituto pergunta em quem voc\u00ea votaria, \u00e9 natural que a maioria dos eleitores ainda diga o nome do camarada Kl\u00e9ber. At\u00e9 mesmo porque a maioria das m\u00eddias da Bahia n\u00e3o repercutiram o an\u00fancio oficial do PSOL. Agora, nas pesquisas estimuladas, quando voc\u00ea cita o nome dos quatro pr\u00e9-candidatos a\u00ed colocados, o Jer\u00f4nimo, o Ronaldo Mansur, ACM Neto e a Aleluia, a\u00ed a gente tem que estar focado nessas pesquisas. Porque, como o an\u00fancio da pr\u00e9-candidatura do PSOL ainda n\u00e3o atingiu todos os locais, infelizmente \u00e9 natural que o eleitor ainda n\u00e3o tenha conhecimento sobre o fato de o Kleber n\u00e3o estar mais na disputar para o governo.<\/p>\n<p>Fotos: Divulga\u00e7\u00e3o<br \/>\nBlog do Vila<\/p>\n","protected":false},"excerpt":{"rendered":"<p>Presidente estadual da legenda e pr\u00e9-candidato ao governo do Estado critica Jer\u00f4nimo Rodrigues e Bruno Reis, e afirma que o<\/p>\n","protected":false},"author":4,"featured_media":18277,"comment_status":"open","ping_status":"open","sticky":false,"template":"","format":"standard","meta":{"colormag_page_container_layout":"default_layout","colormag_page_sidebar_layout":"default_layout","_FSMCFIC_featured_image_caption":"","_FSMCFIC_featured_image_nocaption":"","_FSMCFIC_featured_image_hide":"","footnotes":""},"categories":[5,1],"tags":[],"class_list":["post-18275","post","type-post","status-publish","format-standard","has-post-thumbnail","hentry","category-politica","category-ultimas"],"yoast_head":"<!-- This site is optimized with the Yoast SEO plugin v27.1.1 - https:\/\/yoast.com\/product\/yoast-seo-wordpress\/ -->\n<title>Entrevista: &#039;PSOL ser\u00e1 alternativa ao PT e \u00e0 direita carlista na Bahia&#039;, diz Ronaldo Mansur - Brasil not\u00edcias<\/title>\n<meta name=\"robots\" content=\"index, follow, max-snippet:-1, max-image-preview:large, max-video-preview:-1\" \/>\n<link rel=\"canonical\" href=\"https:\/\/brasilnoticias.org\/site\/entrevista-psol-sera-alternativa-ao-pt-e-a-direita-carlista-na-bahia-diz-ronaldo-mansur\/\" \/>\n<meta property=\"og:locale\" content=\"pt_PT\" \/>\n<meta property=\"og:type\" content=\"article\" \/>\n<meta property=\"og:title\" content=\"Entrevista: &#039;PSOL ser\u00e1 alternativa ao PT e \u00e0 direita carlista na Bahia&#039;, diz Ronaldo Mansur - Brasil not\u00edcias\" \/>\n<meta property=\"og:description\" content=\"Presidente estadual da legenda e pr\u00e9-candidato ao governo do Estado critica Jer\u00f4nimo Rodrigues e Bruno Reis, e afirma que o\" \/>\n<meta property=\"og:url\" content=\"https:\/\/brasilnoticias.org\/site\/entrevista-psol-sera-alternativa-ao-pt-e-a-direita-carlista-na-bahia-diz-ronaldo-mansur\/\" \/>\n<meta property=\"og:site_name\" content=\"Brasil not\u00edcias\" \/>\n<meta property=\"article:published_time\" content=\"2025-10-15T11:02:07+00:00\" \/>\n<meta property=\"og:image\" content=\"https:\/\/brasilnoticias.org\/site\/wp-content\/uploads\/2025\/10\/WhatsApp-Image-2025-10-13-at-00.04.01.jpeg\" \/>\n\t<meta property=\"og:image:width\" content=\"1066\" \/>\n\t<meta property=\"og:image:height\" content=\"600\" \/>\n\t<meta property=\"og:image:type\" content=\"image\/jpeg\" \/>\n<meta name=\"author\" content=\"Reda\u00e7\u00e3o\" \/>\n<meta name=\"twitter:card\" content=\"summary_large_image\" \/>\n<meta name=\"twitter:label1\" content=\"Escrito por\" \/>\n\t<meta name=\"twitter:data1\" content=\"Reda\u00e7\u00e3o\" \/>\n\t<meta name=\"twitter:label2\" content=\"Tempo estimado de leitura\" \/>\n\t<meta name=\"twitter:data2\" content=\"1 minuto\" \/>\n<script type=\"application\/ld+json\" class=\"yoast-schema-graph\">{\"@context\":\"https:\/\/schema.org\",\"@graph\":[{\"@type\":\"Article\",\"@id\":\"https:\/\/brasilnoticias.org\/site\/entrevista-psol-sera-alternativa-ao-pt-e-a-direita-carlista-na-bahia-diz-ronaldo-mansur\/#article\",\"isPartOf\":{\"@id\":\"https:\/\/brasilnoticias.org\/site\/entrevista-psol-sera-alternativa-ao-pt-e-a-direita-carlista-na-bahia-diz-ronaldo-mansur\/\"},\"author\":{\"name\":\"Reda\u00e7\u00e3o\",\"@id\":\"https:\/\/brasilnoticias.org\/site\/#\/schema\/person\/03bbbfe6c7634ad18c26444ea39049fa\"},\"headline\":\"Entrevista: &#8216;PSOL ser\u00e1 alternativa ao PT e \u00e0 direita carlista na Bahia&#8217;, diz Ronaldo Mansur\",\"datePublished\":\"2025-10-15T11:02:07+00:00\",\"mainEntityOfPage\":{\"@id\":\"https:\/\/brasilnoticias.org\/site\/entrevista-psol-sera-alternativa-ao-pt-e-a-direita-carlista-na-bahia-diz-ronaldo-mansur\/\"},\"wordCount\":2537,\"commentCount\":0,\"publisher\":{\"@id\":\"https:\/\/brasilnoticias.org\/site\/#organization\"},\"image\":{\"@id\":\"https:\/\/brasilnoticias.org\/site\/entrevista-psol-sera-alternativa-ao-pt-e-a-direita-carlista-na-bahia-diz-ronaldo-mansur\/#primaryimage\"},\"thumbnailUrl\":\"https:\/\/brasilnoticias.org\/site\/wp-content\/uploads\/2025\/10\/WhatsApp-Image-2025-10-13-at-00.04.01.jpeg\",\"articleSection\":[\"Pol\u00edtica\",\"\u00daltimas\"],\"inLanguage\":\"pt-PT\",\"potentialAction\":[{\"@type\":\"CommentAction\",\"name\":\"Comment\",\"target\":[\"https:\/\/brasilnoticias.org\/site\/entrevista-psol-sera-alternativa-ao-pt-e-a-direita-carlista-na-bahia-diz-ronaldo-mansur\/#respond\"]}]},{\"@type\":\"WebPage\",\"@id\":\"https:\/\/brasilnoticias.org\/site\/entrevista-psol-sera-alternativa-ao-pt-e-a-direita-carlista-na-bahia-diz-ronaldo-mansur\/\",\"url\":\"https:\/\/brasilnoticias.org\/site\/entrevista-psol-sera-alternativa-ao-pt-e-a-direita-carlista-na-bahia-diz-ronaldo-mansur\/\",\"name\":\"Entrevista: 'PSOL ser\u00e1 alternativa ao PT e \u00e0 direita carlista na Bahia', diz Ronaldo Mansur - Brasil not\u00edcias\",\"isPartOf\":{\"@id\":\"https:\/\/brasilnoticias.org\/site\/#website\"},\"primaryImageOfPage\":{\"@id\":\"https:\/\/brasilnoticias.org\/site\/entrevista-psol-sera-alternativa-ao-pt-e-a-direita-carlista-na-bahia-diz-ronaldo-mansur\/#primaryimage\"},\"image\":{\"@id\":\"https:\/\/brasilnoticias.org\/site\/entrevista-psol-sera-alternativa-ao-pt-e-a-direita-carlista-na-bahia-diz-ronaldo-mansur\/#primaryimage\"},\"thumbnailUrl\":\"https:\/\/brasilnoticias.org\/site\/wp-content\/uploads\/2025\/10\/WhatsApp-Image-2025-10-13-at-00.04.01.jpeg\",\"datePublished\":\"2025-10-15T11:02:07+00:00\",\"breadcrumb\":{\"@id\":\"https:\/\/brasilnoticias.org\/site\/entrevista-psol-sera-alternativa-ao-pt-e-a-direita-carlista-na-bahia-diz-ronaldo-mansur\/#breadcrumb\"},\"inLanguage\":\"pt-PT\",\"potentialAction\":[{\"@type\":\"ReadAction\",\"target\":[\"https:\/\/brasilnoticias.org\/site\/entrevista-psol-sera-alternativa-ao-pt-e-a-direita-carlista-na-bahia-diz-ronaldo-mansur\/\"]}]},{\"@type\":\"ImageObject\",\"inLanguage\":\"pt-PT\",\"@id\":\"https:\/\/brasilnoticias.org\/site\/entrevista-psol-sera-alternativa-ao-pt-e-a-direita-carlista-na-bahia-diz-ronaldo-mansur\/#primaryimage\",\"url\":\"https:\/\/brasilnoticias.org\/site\/wp-content\/uploads\/2025\/10\/WhatsApp-Image-2025-10-13-at-00.04.01.jpeg\",\"contentUrl\":\"https:\/\/brasilnoticias.org\/site\/wp-content\/uploads\/2025\/10\/WhatsApp-Image-2025-10-13-at-00.04.01.jpeg\",\"width\":1066,\"height\":600},{\"@type\":\"BreadcrumbList\",\"@id\":\"https:\/\/brasilnoticias.org\/site\/entrevista-psol-sera-alternativa-ao-pt-e-a-direita-carlista-na-bahia-diz-ronaldo-mansur\/#breadcrumb\",\"itemListElement\":[{\"@type\":\"ListItem\",\"position\":1,\"name\":\"In\u00edcio\",\"item\":\"https:\/\/brasilnoticias.org\/site\/\"},{\"@type\":\"ListItem\",\"position\":2,\"name\":\"Entrevista: &#8216;PSOL ser\u00e1 alternativa ao PT e \u00e0 direita carlista na Bahia&#8217;, diz Ronaldo Mansur\"}]},{\"@type\":\"WebSite\",\"@id\":\"https:\/\/brasilnoticias.org\/site\/#website\",\"url\":\"https:\/\/brasilnoticias.org\/site\/\",\"name\":\"Brasil not\u00edcias\",\"description\":\"Brasil not\u00edcias\",\"publisher\":{\"@id\":\"https:\/\/brasilnoticias.org\/site\/#organization\"},\"potentialAction\":[{\"@type\":\"SearchAction\",\"target\":{\"@type\":\"EntryPoint\",\"urlTemplate\":\"https:\/\/brasilnoticias.org\/site\/?s={search_term_string}\"},\"query-input\":{\"@type\":\"PropertyValueSpecification\",\"valueRequired\":true,\"valueName\":\"search_term_string\"}}],\"inLanguage\":\"pt-PT\"},{\"@type\":\"Organization\",\"@id\":\"https:\/\/brasilnoticias.org\/site\/#organization\",\"name\":\"Brasil not\u00edcias\",\"url\":\"https:\/\/brasilnoticias.org\/site\/\",\"logo\":{\"@type\":\"ImageObject\",\"inLanguage\":\"pt-PT\",\"@id\":\"https:\/\/brasilnoticias.org\/site\/#\/schema\/logo\/image\/\",\"url\":\"https:\/\/brasilnoticias.org\/site\/wp-content\/uploads\/2022\/05\/cropped-brasilnoticias-mini.jpg\",\"contentUrl\":\"https:\/\/brasilnoticias.org\/site\/wp-content\/uploads\/2022\/05\/cropped-brasilnoticias-mini.jpg\",\"width\":314,\"height\":86,\"caption\":\"Brasil not\u00edcias\"},\"image\":{\"@id\":\"https:\/\/brasilnoticias.org\/site\/#\/schema\/logo\/image\/\"}},{\"@type\":\"Person\",\"@id\":\"https:\/\/brasilnoticias.org\/site\/#\/schema\/person\/03bbbfe6c7634ad18c26444ea39049fa\",\"name\":\"Reda\u00e7\u00e3o\",\"image\":{\"@type\":\"ImageObject\",\"inLanguage\":\"pt-PT\",\"@id\":\"https:\/\/brasilnoticias.org\/site\/#\/schema\/person\/image\/\",\"url\":\"https:\/\/secure.gravatar.com\/avatar\/9ecaf7327a696cb23ad926fedded5f1f04d7049de9e445375d55b48c001a6e42?s=96&d=mm&r=g\",\"contentUrl\":\"https:\/\/secure.gravatar.com\/avatar\/9ecaf7327a696cb23ad926fedded5f1f04d7049de9e445375d55b48c001a6e42?s=96&d=mm&r=g\",\"caption\":\"Reda\u00e7\u00e3o\"},\"url\":\"https:\/\/brasilnoticias.org\/site\/author\/henrique\/\"}]}<\/script>\n<!-- \/ Yoast SEO plugin. -->","yoast_head_json":{"title":"Entrevista: 'PSOL ser\u00e1 alternativa ao PT e \u00e0 direita carlista na Bahia', diz Ronaldo Mansur - Brasil not\u00edcias","robots":{"index":"index","follow":"follow","max-snippet":"max-snippet:-1","max-image-preview":"max-image-preview:large","max-video-preview":"max-video-preview:-1"},"canonical":"https:\/\/brasilnoticias.org\/site\/entrevista-psol-sera-alternativa-ao-pt-e-a-direita-carlista-na-bahia-diz-ronaldo-mansur\/","og_locale":"pt_PT","og_type":"article","og_title":"Entrevista: 'PSOL ser\u00e1 alternativa ao PT e \u00e0 direita carlista na Bahia', diz Ronaldo Mansur - Brasil not\u00edcias","og_description":"Presidente estadual da legenda e pr\u00e9-candidato ao governo do Estado critica Jer\u00f4nimo Rodrigues e Bruno Reis, e afirma que o","og_url":"https:\/\/brasilnoticias.org\/site\/entrevista-psol-sera-alternativa-ao-pt-e-a-direita-carlista-na-bahia-diz-ronaldo-mansur\/","og_site_name":"Brasil not\u00edcias","article_published_time":"2025-10-15T11:02:07+00:00","og_image":[{"width":1066,"height":600,"url":"https:\/\/brasilnoticias.org\/site\/wp-content\/uploads\/2025\/10\/WhatsApp-Image-2025-10-13-at-00.04.01.jpeg","type":"image\/jpeg"}],"author":"Reda\u00e7\u00e3o","twitter_card":"summary_large_image","twitter_misc":{"Escrito por":"Reda\u00e7\u00e3o","Tempo estimado de leitura":"1 minuto"},"schema":{"@context":"https:\/\/schema.org","@graph":[{"@type":"Article","@id":"https:\/\/brasilnoticias.org\/site\/entrevista-psol-sera-alternativa-ao-pt-e-a-direita-carlista-na-bahia-diz-ronaldo-mansur\/#article","isPartOf":{"@id":"https:\/\/brasilnoticias.org\/site\/entrevista-psol-sera-alternativa-ao-pt-e-a-direita-carlista-na-bahia-diz-ronaldo-mansur\/"},"author":{"name":"Reda\u00e7\u00e3o","@id":"https:\/\/brasilnoticias.org\/site\/#\/schema\/person\/03bbbfe6c7634ad18c26444ea39049fa"},"headline":"Entrevista: &#8216;PSOL ser\u00e1 alternativa ao PT e \u00e0 direita carlista na Bahia&#8217;, diz Ronaldo Mansur","datePublished":"2025-10-15T11:02:07+00:00","mainEntityOfPage":{"@id":"https:\/\/brasilnoticias.org\/site\/entrevista-psol-sera-alternativa-ao-pt-e-a-direita-carlista-na-bahia-diz-ronaldo-mansur\/"},"wordCount":2537,"commentCount":0,"publisher":{"@id":"https:\/\/brasilnoticias.org\/site\/#organization"},"image":{"@id":"https:\/\/brasilnoticias.org\/site\/entrevista-psol-sera-alternativa-ao-pt-e-a-direita-carlista-na-bahia-diz-ronaldo-mansur\/#primaryimage"},"thumbnailUrl":"https:\/\/brasilnoticias.org\/site\/wp-content\/uploads\/2025\/10\/WhatsApp-Image-2025-10-13-at-00.04.01.jpeg","articleSection":["Pol\u00edtica","\u00daltimas"],"inLanguage":"pt-PT","potentialAction":[{"@type":"CommentAction","name":"Comment","target":["https:\/\/brasilnoticias.org\/site\/entrevista-psol-sera-alternativa-ao-pt-e-a-direita-carlista-na-bahia-diz-ronaldo-mansur\/#respond"]}]},{"@type":"WebPage","@id":"https:\/\/brasilnoticias.org\/site\/entrevista-psol-sera-alternativa-ao-pt-e-a-direita-carlista-na-bahia-diz-ronaldo-mansur\/","url":"https:\/\/brasilnoticias.org\/site\/entrevista-psol-sera-alternativa-ao-pt-e-a-direita-carlista-na-bahia-diz-ronaldo-mansur\/","name":"Entrevista: 'PSOL ser\u00e1 alternativa ao PT e \u00e0 direita carlista na Bahia', diz Ronaldo Mansur - Brasil not\u00edcias","isPartOf":{"@id":"https:\/\/brasilnoticias.org\/site\/#website"},"primaryImageOfPage":{"@id":"https:\/\/brasilnoticias.org\/site\/entrevista-psol-sera-alternativa-ao-pt-e-a-direita-carlista-na-bahia-diz-ronaldo-mansur\/#primaryimage"},"image":{"@id":"https:\/\/brasilnoticias.org\/site\/entrevista-psol-sera-alternativa-ao-pt-e-a-direita-carlista-na-bahia-diz-ronaldo-mansur\/#primaryimage"},"thumbnailUrl":"https:\/\/brasilnoticias.org\/site\/wp-content\/uploads\/2025\/10\/WhatsApp-Image-2025-10-13-at-00.04.01.jpeg","datePublished":"2025-10-15T11:02:07+00:00","breadcrumb":{"@id":"https:\/\/brasilnoticias.org\/site\/entrevista-psol-sera-alternativa-ao-pt-e-a-direita-carlista-na-bahia-diz-ronaldo-mansur\/#breadcrumb"},"inLanguage":"pt-PT","potentialAction":[{"@type":"ReadAction","target":["https:\/\/brasilnoticias.org\/site\/entrevista-psol-sera-alternativa-ao-pt-e-a-direita-carlista-na-bahia-diz-ronaldo-mansur\/"]}]},{"@type":"ImageObject","inLanguage":"pt-PT","@id":"https:\/\/brasilnoticias.org\/site\/entrevista-psol-sera-alternativa-ao-pt-e-a-direita-carlista-na-bahia-diz-ronaldo-mansur\/#primaryimage","url":"https:\/\/brasilnoticias.org\/site\/wp-content\/uploads\/2025\/10\/WhatsApp-Image-2025-10-13-at-00.04.01.jpeg","contentUrl":"https:\/\/brasilnoticias.org\/site\/wp-content\/uploads\/2025\/10\/WhatsApp-Image-2025-10-13-at-00.04.01.jpeg","width":1066,"height":600},{"@type":"BreadcrumbList","@id":"https:\/\/brasilnoticias.org\/site\/entrevista-psol-sera-alternativa-ao-pt-e-a-direita-carlista-na-bahia-diz-ronaldo-mansur\/#breadcrumb","itemListElement":[{"@type":"ListItem","position":1,"name":"In\u00edcio","item":"https:\/\/brasilnoticias.org\/site\/"},{"@type":"ListItem","position":2,"name":"Entrevista: &#8216;PSOL ser\u00e1 alternativa ao PT e \u00e0 direita carlista na Bahia&#8217;, diz Ronaldo Mansur"}]},{"@type":"WebSite","@id":"https:\/\/brasilnoticias.org\/site\/#website","url":"https:\/\/brasilnoticias.org\/site\/","name":"Brasil not\u00edcias","description":"Brasil not\u00edcias","publisher":{"@id":"https:\/\/brasilnoticias.org\/site\/#organization"},"potentialAction":[{"@type":"SearchAction","target":{"@type":"EntryPoint","urlTemplate":"https:\/\/brasilnoticias.org\/site\/?s={search_term_string}"},"query-input":{"@type":"PropertyValueSpecification","valueRequired":true,"valueName":"search_term_string"}}],"inLanguage":"pt-PT"},{"@type":"Organization","@id":"https:\/\/brasilnoticias.org\/site\/#organization","name":"Brasil not\u00edcias","url":"https:\/\/brasilnoticias.org\/site\/","logo":{"@type":"ImageObject","inLanguage":"pt-PT","@id":"https:\/\/brasilnoticias.org\/site\/#\/schema\/logo\/image\/","url":"https:\/\/brasilnoticias.org\/site\/wp-content\/uploads\/2022\/05\/cropped-brasilnoticias-mini.jpg","contentUrl":"https:\/\/brasilnoticias.org\/site\/wp-content\/uploads\/2022\/05\/cropped-brasilnoticias-mini.jpg","width":314,"height":86,"caption":"Brasil not\u00edcias"},"image":{"@id":"https:\/\/brasilnoticias.org\/site\/#\/schema\/logo\/image\/"}},{"@type":"Person","@id":"https:\/\/brasilnoticias.org\/site\/#\/schema\/person\/03bbbfe6c7634ad18c26444ea39049fa","name":"Reda\u00e7\u00e3o","image":{"@type":"ImageObject","inLanguage":"pt-PT","@id":"https:\/\/brasilnoticias.org\/site\/#\/schema\/person\/image\/","url":"https:\/\/secure.gravatar.com\/avatar\/9ecaf7327a696cb23ad926fedded5f1f04d7049de9e445375d55b48c001a6e42?s=96&d=mm&r=g","contentUrl":"https:\/\/secure.gravatar.com\/avatar\/9ecaf7327a696cb23ad926fedded5f1f04d7049de9e445375d55b48c001a6e42?s=96&d=mm&r=g","caption":"Reda\u00e7\u00e3o"},"url":"https:\/\/brasilnoticias.org\/site\/author\/henrique\/"}]}},"_links":{"self":[{"href":"https:\/\/brasilnoticias.org\/site\/wp-json\/wp\/v2\/posts\/18275","targetHints":{"allow":["GET"]}}],"collection":[{"href":"https:\/\/brasilnoticias.org\/site\/wp-json\/wp\/v2\/posts"}],"about":[{"href":"https:\/\/brasilnoticias.org\/site\/wp-json\/wp\/v2\/types\/post"}],"author":[{"embeddable":true,"href":"https:\/\/brasilnoticias.org\/site\/wp-json\/wp\/v2\/users\/4"}],"replies":[{"embeddable":true,"href":"https:\/\/brasilnoticias.org\/site\/wp-json\/wp\/v2\/comments?post=18275"}],"version-history":[{"count":1,"href":"https:\/\/brasilnoticias.org\/site\/wp-json\/wp\/v2\/posts\/18275\/revisions"}],"predecessor-version":[{"id":18278,"href":"https:\/\/brasilnoticias.org\/site\/wp-json\/wp\/v2\/posts\/18275\/revisions\/18278"}],"wp:featuredmedia":[{"embeddable":true,"href":"https:\/\/brasilnoticias.org\/site\/wp-json\/wp\/v2\/media\/18277"}],"wp:attachment":[{"href":"https:\/\/brasilnoticias.org\/site\/wp-json\/wp\/v2\/media?parent=18275"}],"wp:term":[{"taxonomy":"category","embeddable":true,"href":"https:\/\/brasilnoticias.org\/site\/wp-json\/wp\/v2\/categories?post=18275"},{"taxonomy":"post_tag","embeddable":true,"href":"https:\/\/brasilnoticias.org\/site\/wp-json\/wp\/v2\/tags?post=18275"}],"curies":[{"name":"wp","href":"https:\/\/api.w.org\/{rel}","templated":true}]}}