{"id":1828,"date":"2022-10-12T18:17:07","date_gmt":"2022-10-12T21:17:07","guid":{"rendered":"https:\/\/brasilnoticias.org\/site\/?p=1828"},"modified":"2022-10-12T18:17:07","modified_gmt":"2022-10-12T21:17:07","slug":"jovem-troca-tiros-com-pms-e-e-baleado-em-valenca-diz-ssp-populacao-protestou-na-regiao","status":"publish","type":"post","link":"https:\/\/brasilnoticias.org\/site\/jovem-troca-tiros-com-pms-e-e-baleado-em-valenca-diz-ssp-populacao-protestou-na-regiao\/","title":{"rendered":"Jovem troca tiros com PMs e \u00e9 baleado em Valen\u00e7a, diz SSP; popula\u00e7\u00e3o protestou na regi\u00e3o"},"content":{"rendered":"<p>Um suspeito, de 18 anos, foi baleado em troca de tiros com policiais da 33\u00aa Companhia Independente da Pol\u00edcia Militar (CIPM) no bairro de Mangue Seco, em Valen\u00e7a, na Bahia, na tarde desta quarta-feira (12). Inicialmente, chegou a circular a informa\u00e7\u00e3o de que uma crian\u00e7a teria sido baleada, mas a Secretaria da Seguran\u00e7a P\u00fablica (SSP) nega a informa\u00e7\u00e3o.<\/p>\n<p>A troca de tiros ocorreu durante uma comemora\u00e7\u00e3o do dia das crian\u00e7as. Moradores alegam que os policiais chegaram disparando em dire\u00e7\u00e3o ao campo de futebol, onde acontecia o jogo com a presen\u00e7a de fam\u00edlias.<\/p>\n<div class=\"mb-3 veja_mais_inject\">\n<div class=\"row\">\n<div class=\"col-12 col-md-6 py-2 py-sm-0\" data-vejamais=\"398268\">\n<div class=\"row p-0 m-0\">\n<p>Mas, de acordo com a SSP, os PMs foram atacados por homens armados. Uma das viaturas chegou a ser atingida. Houve confronto e um suspeito acabou ferido na perna. Ele foi socorrido para o Hospital de Valen\u00e7a e segue internado.<\/p>\n<div class=\"d-flex justify-content-center my-3\">\n<p>Ao\u00a0<strong>BNews<\/strong>, a Pol\u00edcia Militar informou que os suspeitos fugiram, ap\u00f3s entrar no manguezal que fica no mesmo bairro. Por causa do ocorrido, moradores fizeram um protesto.<\/p>\n<div class=\"instagram\" contenteditable=\"false\"><\/div>\n<\/div>\n<\/div>\n<\/div>\n<\/div>\n<\/div>\n<blockquote class=\"twitter-tweet\">\n<p lang=\"pt\" dir=\"ltr\">Popula\u00e7\u00e3o protesta ap\u00f3s a\u00e7\u00e3o da PM que resultou em morador baleado <a href=\"https:\/\/t.co\/ecym8qUBg4\">pic.twitter.com\/ecym8qUBg4<\/a><\/p>\n<p>&mdash; BNews (@bnews_oficial) <a href=\"https:\/\/twitter.com\/bnews_oficial\/status\/1580220548633616384?ref_src=twsrc%5Etfw\">October 12, 2022<\/a><\/p><\/blockquote>\n<p> <script async src=\"https:\/\/platform.twitter.com\/widgets.js\" charset=\"utf-8\"><\/script><\/p>\n<p>Bnews<br \/>\nFoto Reprodu\u00e7\u00e3o \/ Twitter<\/p>\n","protected":false},"excerpt":{"rendered":"<p>Um suspeito, de 18 anos, foi baleado em troca de tiros com policiais da 33\u00aa Companhia Independente da Pol\u00edcia Militar<\/p>\n","protected":false},"author":1,"featured_media":1829,"comment_status":"open","ping_status":"open","sticky":false,"template":"","format":"standard","meta":{"colormag_page_container_layout":"default_layout","colormag_page_sidebar_layout":"default_layout","_FSMCFIC_featured_image_caption":"","_FSMCFIC_featured_image_nocaption":"","_FSMCFIC_featured_image_hide":"","footnotes":""},"categories":[2,1],"tags":[],"class_list":["post-1828","post","type-post","status-publish","format-standard","has-post-thumbnail","hentry","category-noticias","category-ultimas"],"yoast_head":"<!-- This site is optimized with the Yoast SEO plugin v27.1.1 - https:\/\/yoast.com\/product\/yoast-seo-wordpress\/ -->\n<title>Jovem troca tiros com PMs e \u00e9 baleado em Valen\u00e7a, diz SSP; popula\u00e7\u00e3o protestou na regi\u00e3o - Brasil not\u00edcias<\/title>\n<meta name=\"robots\" content=\"index, follow, max-snippet:-1, max-image-preview:large, max-video-preview:-1\" \/>\n<link rel=\"canonical\" href=\"https:\/\/brasilnoticias.org\/site\/jovem-troca-tiros-com-pms-e-e-baleado-em-valenca-diz-ssp-populacao-protestou-na-regiao\/\" \/>\n<meta property=\"og:locale\" content=\"pt_PT\" \/>\n<meta property=\"og:type\" content=\"article\" \/>\n<meta property=\"og:title\" content=\"Jovem troca tiros com PMs e \u00e9 baleado em Valen\u00e7a, diz SSP; popula\u00e7\u00e3o protestou na regi\u00e3o - Brasil not\u00edcias\" \/>\n<meta property=\"og:description\" content=\"Um suspeito, de 18 anos, foi baleado em troca de tiros com policiais da 33\u00aa Companhia Independente da Pol\u00edcia Militar\" \/>\n<meta property=\"og:url\" content=\"https:\/\/brasilnoticias.org\/site\/jovem-troca-tiros-com-pms-e-e-baleado-em-valenca-diz-ssp-populacao-protestou-na-regiao\/\" \/>\n<meta property=\"og:site_name\" content=\"Brasil not\u00edcias\" \/>\n<meta property=\"article:published_time\" content=\"2022-10-12T21:17:07+00:00\" \/>\n<meta property=\"og:image\" content=\"https:\/\/brasilnoticias.org\/site\/wp-content\/uploads\/2022\/10\/jovem_troca_tiros_com_pms_e_e_baleado_em_valenca_diz_ssp_widelg.jpg\" \/>\n\t<meta property=\"og:image:width\" content=\"383\" \/>\n\t<meta property=\"og:image:height\" content=\"234\" \/>\n\t<meta property=\"og:image:type\" content=\"image\/jpeg\" \/>\n<meta name=\"author\" content=\"Reda\u00e7\u00e3o\" \/>\n<meta name=\"twitter:card\" content=\"summary_large_image\" \/>\n<meta name=\"twitter:label1\" content=\"Escrito por\" \/>\n\t<meta name=\"twitter:data1\" content=\"Reda\u00e7\u00e3o\" \/>\n\t<meta name=\"twitter:label2\" content=\"Tempo estimado de leitura\" \/>\n\t<meta name=\"twitter:data2\" content=\"1 minuto\" \/>\n<script type=\"application\/ld+json\" class=\"yoast-schema-graph\">{\"@context\":\"https:\/\/schema.org\",\"@graph\":[{\"@type\":\"Article\",\"@id\":\"https:\/\/brasilnoticias.org\/site\/jovem-troca-tiros-com-pms-e-e-baleado-em-valenca-diz-ssp-populacao-protestou-na-regiao\/#article\",\"isPartOf\":{\"@id\":\"https:\/\/brasilnoticias.org\/site\/jovem-troca-tiros-com-pms-e-e-baleado-em-valenca-diz-ssp-populacao-protestou-na-regiao\/\"},\"author\":{\"name\":\"Reda\u00e7\u00e3o\",\"@id\":\"https:\/\/brasilnoticias.org\/site\/#\/schema\/person\/a0e05b973ec4d15c658d51911e53507b\"},\"headline\":\"Jovem troca tiros com PMs e \u00e9 baleado em Valen\u00e7a, diz SSP; popula\u00e7\u00e3o protestou na regi\u00e3o\",\"datePublished\":\"2022-10-12T21:17:07+00:00\",\"mainEntityOfPage\":{\"@id\":\"https:\/\/brasilnoticias.org\/site\/jovem-troca-tiros-com-pms-e-e-baleado-em-valenca-diz-ssp-populacao-protestou-na-regiao\/\"},\"wordCount\":218,\"commentCount\":0,\"publisher\":{\"@id\":\"https:\/\/brasilnoticias.org\/site\/#organization\"},\"image\":{\"@id\":\"https:\/\/brasilnoticias.org\/site\/jovem-troca-tiros-com-pms-e-e-baleado-em-valenca-diz-ssp-populacao-protestou-na-regiao\/#primaryimage\"},\"thumbnailUrl\":\"https:\/\/brasilnoticias.org\/site\/wp-content\/uploads\/2022\/10\/jovem_troca_tiros_com_pms_e_e_baleado_em_valenca_diz_ssp_widelg.jpg\",\"articleSection\":[\"Not\u00edcias\",\"\u00daltimas\"],\"inLanguage\":\"pt-PT\",\"potentialAction\":[{\"@type\":\"CommentAction\",\"name\":\"Comment\",\"target\":[\"https:\/\/brasilnoticias.org\/site\/jovem-troca-tiros-com-pms-e-e-baleado-em-valenca-diz-ssp-populacao-protestou-na-regiao\/#respond\"]}]},{\"@type\":\"WebPage\",\"@id\":\"https:\/\/brasilnoticias.org\/site\/jovem-troca-tiros-com-pms-e-e-baleado-em-valenca-diz-ssp-populacao-protestou-na-regiao\/\",\"url\":\"https:\/\/brasilnoticias.org\/site\/jovem-troca-tiros-com-pms-e-e-baleado-em-valenca-diz-ssp-populacao-protestou-na-regiao\/\",\"name\":\"Jovem troca tiros com PMs e \u00e9 baleado em Valen\u00e7a, diz SSP; popula\u00e7\u00e3o protestou na regi\u00e3o - Brasil not\u00edcias\",\"isPartOf\":{\"@id\":\"https:\/\/brasilnoticias.org\/site\/#website\"},\"primaryImageOfPage\":{\"@id\":\"https:\/\/brasilnoticias.org\/site\/jovem-troca-tiros-com-pms-e-e-baleado-em-valenca-diz-ssp-populacao-protestou-na-regiao\/#primaryimage\"},\"image\":{\"@id\":\"https:\/\/brasilnoticias.org\/site\/jovem-troca-tiros-com-pms-e-e-baleado-em-valenca-diz-ssp-populacao-protestou-na-regiao\/#primaryimage\"},\"thumbnailUrl\":\"https:\/\/brasilnoticias.org\/site\/wp-content\/uploads\/2022\/10\/jovem_troca_tiros_com_pms_e_e_baleado_em_valenca_diz_ssp_widelg.jpg\",\"datePublished\":\"2022-10-12T21:17:07+00:00\",\"breadcrumb\":{\"@id\":\"https:\/\/brasilnoticias.org\/site\/jovem-troca-tiros-com-pms-e-e-baleado-em-valenca-diz-ssp-populacao-protestou-na-regiao\/#breadcrumb\"},\"inLanguage\":\"pt-PT\",\"potentialAction\":[{\"@type\":\"ReadAction\",\"target\":[\"https:\/\/brasilnoticias.org\/site\/jovem-troca-tiros-com-pms-e-e-baleado-em-valenca-diz-ssp-populacao-protestou-na-regiao\/\"]}]},{\"@type\":\"ImageObject\",\"inLanguage\":\"pt-PT\",\"@id\":\"https:\/\/brasilnoticias.org\/site\/jovem-troca-tiros-com-pms-e-e-baleado-em-valenca-diz-ssp-populacao-protestou-na-regiao\/#primaryimage\",\"url\":\"https:\/\/brasilnoticias.org\/site\/wp-content\/uploads\/2022\/10\/jovem_troca_tiros_com_pms_e_e_baleado_em_valenca_diz_ssp_widelg.jpg\",\"contentUrl\":\"https:\/\/brasilnoticias.org\/site\/wp-content\/uploads\/2022\/10\/jovem_troca_tiros_com_pms_e_e_baleado_em_valenca_diz_ssp_widelg.jpg\",\"width\":383,\"height\":234},{\"@type\":\"BreadcrumbList\",\"@id\":\"https:\/\/brasilnoticias.org\/site\/jovem-troca-tiros-com-pms-e-e-baleado-em-valenca-diz-ssp-populacao-protestou-na-regiao\/#breadcrumb\",\"itemListElement\":[{\"@type\":\"ListItem\",\"position\":1,\"name\":\"In\u00edcio\",\"item\":\"https:\/\/brasilnoticias.org\/site\/\"},{\"@type\":\"ListItem\",\"position\":2,\"name\":\"Jovem troca tiros com PMs e \u00e9 baleado em Valen\u00e7a, diz SSP; popula\u00e7\u00e3o protestou na regi\u00e3o\"}]},{\"@type\":\"WebSite\",\"@id\":\"https:\/\/brasilnoticias.org\/site\/#website\",\"url\":\"https:\/\/brasilnoticias.org\/site\/\",\"name\":\"Brasil not\u00edcias\",\"description\":\"Brasil not\u00edcias\",\"publisher\":{\"@id\":\"https:\/\/brasilnoticias.org\/site\/#organization\"},\"potentialAction\":[{\"@type\":\"SearchAction\",\"target\":{\"@type\":\"EntryPoint\",\"urlTemplate\":\"https:\/\/brasilnoticias.org\/site\/?s={search_term_string}\"},\"query-input\":{\"@type\":\"PropertyValueSpecification\",\"valueRequired\":true,\"valueName\":\"search_term_string\"}}],\"inLanguage\":\"pt-PT\"},{\"@type\":\"Organization\",\"@id\":\"https:\/\/brasilnoticias.org\/site\/#organization\",\"name\":\"Brasil not\u00edcias\",\"url\":\"https:\/\/brasilnoticias.org\/site\/\",\"logo\":{\"@type\":\"ImageObject\",\"inLanguage\":\"pt-PT\",\"@id\":\"https:\/\/brasilnoticias.org\/site\/#\/schema\/logo\/image\/\",\"url\":\"https:\/\/brasilnoticias.org\/site\/wp-content\/uploads\/2022\/05\/cropped-brasilnoticias-mini.jpg\",\"contentUrl\":\"https:\/\/brasilnoticias.org\/site\/wp-content\/uploads\/2022\/05\/cropped-brasilnoticias-mini.jpg\",\"width\":314,\"height\":86,\"caption\":\"Brasil not\u00edcias\"},\"image\":{\"@id\":\"https:\/\/brasilnoticias.org\/site\/#\/schema\/logo\/image\/\"}},{\"@type\":\"Person\",\"@id\":\"https:\/\/brasilnoticias.org\/site\/#\/schema\/person\/a0e05b973ec4d15c658d51911e53507b\",\"name\":\"Reda\u00e7\u00e3o\",\"image\":{\"@type\":\"ImageObject\",\"inLanguage\":\"pt-PT\",\"@id\":\"https:\/\/brasilnoticias.org\/site\/#\/schema\/person\/image\/\",\"url\":\"https:\/\/secure.gravatar.com\/avatar\/75d8b050df2de108b08ae78dfb8e374892df24a383c67db9c46a9c604f6aee9c?s=96&d=mm&r=g\",\"contentUrl\":\"https:\/\/secure.gravatar.com\/avatar\/75d8b050df2de108b08ae78dfb8e374892df24a383c67db9c46a9c604f6aee9c?s=96&d=mm&r=g\",\"caption\":\"Reda\u00e7\u00e3o\"},\"sameAs\":[\"https:\/\/brasilnoticias.org\/site\"],\"url\":\"https:\/\/brasilnoticias.org\/site\/author\/fernandozsngmail-com\/\"}]}<\/script>\n<!-- \/ Yoast SEO plugin. -->","yoast_head_json":{"title":"Jovem troca tiros com PMs e \u00e9 baleado em Valen\u00e7a, diz SSP; popula\u00e7\u00e3o protestou na regi\u00e3o - Brasil not\u00edcias","robots":{"index":"index","follow":"follow","max-snippet":"max-snippet:-1","max-image-preview":"max-image-preview:large","max-video-preview":"max-video-preview:-1"},"canonical":"https:\/\/brasilnoticias.org\/site\/jovem-troca-tiros-com-pms-e-e-baleado-em-valenca-diz-ssp-populacao-protestou-na-regiao\/","og_locale":"pt_PT","og_type":"article","og_title":"Jovem troca tiros com PMs e \u00e9 baleado em Valen\u00e7a, diz SSP; popula\u00e7\u00e3o protestou na regi\u00e3o - Brasil not\u00edcias","og_description":"Um suspeito, de 18 anos, foi baleado em troca de tiros com policiais da 33\u00aa Companhia Independente da Pol\u00edcia Militar","og_url":"https:\/\/brasilnoticias.org\/site\/jovem-troca-tiros-com-pms-e-e-baleado-em-valenca-diz-ssp-populacao-protestou-na-regiao\/","og_site_name":"Brasil not\u00edcias","article_published_time":"2022-10-12T21:17:07+00:00","og_image":[{"width":383,"height":234,"url":"https:\/\/brasilnoticias.org\/site\/wp-content\/uploads\/2022\/10\/jovem_troca_tiros_com_pms_e_e_baleado_em_valenca_diz_ssp_widelg.jpg","type":"image\/jpeg"}],"author":"Reda\u00e7\u00e3o","twitter_card":"summary_large_image","twitter_misc":{"Escrito por":"Reda\u00e7\u00e3o","Tempo estimado de leitura":"1 minuto"},"schema":{"@context":"https:\/\/schema.org","@graph":[{"@type":"Article","@id":"https:\/\/brasilnoticias.org\/site\/jovem-troca-tiros-com-pms-e-e-baleado-em-valenca-diz-ssp-populacao-protestou-na-regiao\/#article","isPartOf":{"@id":"https:\/\/brasilnoticias.org\/site\/jovem-troca-tiros-com-pms-e-e-baleado-em-valenca-diz-ssp-populacao-protestou-na-regiao\/"},"author":{"name":"Reda\u00e7\u00e3o","@id":"https:\/\/brasilnoticias.org\/site\/#\/schema\/person\/a0e05b973ec4d15c658d51911e53507b"},"headline":"Jovem troca tiros com PMs e \u00e9 baleado em Valen\u00e7a, diz SSP; popula\u00e7\u00e3o protestou na regi\u00e3o","datePublished":"2022-10-12T21:17:07+00:00","mainEntityOfPage":{"@id":"https:\/\/brasilnoticias.org\/site\/jovem-troca-tiros-com-pms-e-e-baleado-em-valenca-diz-ssp-populacao-protestou-na-regiao\/"},"wordCount":218,"commentCount":0,"publisher":{"@id":"https:\/\/brasilnoticias.org\/site\/#organization"},"image":{"@id":"https:\/\/brasilnoticias.org\/site\/jovem-troca-tiros-com-pms-e-e-baleado-em-valenca-diz-ssp-populacao-protestou-na-regiao\/#primaryimage"},"thumbnailUrl":"https:\/\/brasilnoticias.org\/site\/wp-content\/uploads\/2022\/10\/jovem_troca_tiros_com_pms_e_e_baleado_em_valenca_diz_ssp_widelg.jpg","articleSection":["Not\u00edcias","\u00daltimas"],"inLanguage":"pt-PT","potentialAction":[{"@type":"CommentAction","name":"Comment","target":["https:\/\/brasilnoticias.org\/site\/jovem-troca-tiros-com-pms-e-e-baleado-em-valenca-diz-ssp-populacao-protestou-na-regiao\/#respond"]}]},{"@type":"WebPage","@id":"https:\/\/brasilnoticias.org\/site\/jovem-troca-tiros-com-pms-e-e-baleado-em-valenca-diz-ssp-populacao-protestou-na-regiao\/","url":"https:\/\/brasilnoticias.org\/site\/jovem-troca-tiros-com-pms-e-e-baleado-em-valenca-diz-ssp-populacao-protestou-na-regiao\/","name":"Jovem troca tiros com PMs e \u00e9 baleado em Valen\u00e7a, diz SSP; popula\u00e7\u00e3o protestou na regi\u00e3o - Brasil not\u00edcias","isPartOf":{"@id":"https:\/\/brasilnoticias.org\/site\/#website"},"primaryImageOfPage":{"@id":"https:\/\/brasilnoticias.org\/site\/jovem-troca-tiros-com-pms-e-e-baleado-em-valenca-diz-ssp-populacao-protestou-na-regiao\/#primaryimage"},"image":{"@id":"https:\/\/brasilnoticias.org\/site\/jovem-troca-tiros-com-pms-e-e-baleado-em-valenca-diz-ssp-populacao-protestou-na-regiao\/#primaryimage"},"thumbnailUrl":"https:\/\/brasilnoticias.org\/site\/wp-content\/uploads\/2022\/10\/jovem_troca_tiros_com_pms_e_e_baleado_em_valenca_diz_ssp_widelg.jpg","datePublished":"2022-10-12T21:17:07+00:00","breadcrumb":{"@id":"https:\/\/brasilnoticias.org\/site\/jovem-troca-tiros-com-pms-e-e-baleado-em-valenca-diz-ssp-populacao-protestou-na-regiao\/#breadcrumb"},"inLanguage":"pt-PT","potentialAction":[{"@type":"ReadAction","target":["https:\/\/brasilnoticias.org\/site\/jovem-troca-tiros-com-pms-e-e-baleado-em-valenca-diz-ssp-populacao-protestou-na-regiao\/"]}]},{"@type":"ImageObject","inLanguage":"pt-PT","@id":"https:\/\/brasilnoticias.org\/site\/jovem-troca-tiros-com-pms-e-e-baleado-em-valenca-diz-ssp-populacao-protestou-na-regiao\/#primaryimage","url":"https:\/\/brasilnoticias.org\/site\/wp-content\/uploads\/2022\/10\/jovem_troca_tiros_com_pms_e_e_baleado_em_valenca_diz_ssp_widelg.jpg","contentUrl":"https:\/\/brasilnoticias.org\/site\/wp-content\/uploads\/2022\/10\/jovem_troca_tiros_com_pms_e_e_baleado_em_valenca_diz_ssp_widelg.jpg","width":383,"height":234},{"@type":"BreadcrumbList","@id":"https:\/\/brasilnoticias.org\/site\/jovem-troca-tiros-com-pms-e-e-baleado-em-valenca-diz-ssp-populacao-protestou-na-regiao\/#breadcrumb","itemListElement":[{"@type":"ListItem","position":1,"name":"In\u00edcio","item":"https:\/\/brasilnoticias.org\/site\/"},{"@type":"ListItem","position":2,"name":"Jovem troca tiros com PMs e \u00e9 baleado em Valen\u00e7a, diz SSP; popula\u00e7\u00e3o protestou na regi\u00e3o"}]},{"@type":"WebSite","@id":"https:\/\/brasilnoticias.org\/site\/#website","url":"https:\/\/brasilnoticias.org\/site\/","name":"Brasil not\u00edcias","description":"Brasil not\u00edcias","publisher":{"@id":"https:\/\/brasilnoticias.org\/site\/#organization"},"potentialAction":[{"@type":"SearchAction","target":{"@type":"EntryPoint","urlTemplate":"https:\/\/brasilnoticias.org\/site\/?s={search_term_string}"},"query-input":{"@type":"PropertyValueSpecification","valueRequired":true,"valueName":"search_term_string"}}],"inLanguage":"pt-PT"},{"@type":"Organization","@id":"https:\/\/brasilnoticias.org\/site\/#organization","name":"Brasil not\u00edcias","url":"https:\/\/brasilnoticias.org\/site\/","logo":{"@type":"ImageObject","inLanguage":"pt-PT","@id":"https:\/\/brasilnoticias.org\/site\/#\/schema\/logo\/image\/","url":"https:\/\/brasilnoticias.org\/site\/wp-content\/uploads\/2022\/05\/cropped-brasilnoticias-mini.jpg","contentUrl":"https:\/\/brasilnoticias.org\/site\/wp-content\/uploads\/2022\/05\/cropped-brasilnoticias-mini.jpg","width":314,"height":86,"caption":"Brasil not\u00edcias"},"image":{"@id":"https:\/\/brasilnoticias.org\/site\/#\/schema\/logo\/image\/"}},{"@type":"Person","@id":"https:\/\/brasilnoticias.org\/site\/#\/schema\/person\/a0e05b973ec4d15c658d51911e53507b","name":"Reda\u00e7\u00e3o","image":{"@type":"ImageObject","inLanguage":"pt-PT","@id":"https:\/\/brasilnoticias.org\/site\/#\/schema\/person\/image\/","url":"https:\/\/secure.gravatar.com\/avatar\/75d8b050df2de108b08ae78dfb8e374892df24a383c67db9c46a9c604f6aee9c?s=96&d=mm&r=g","contentUrl":"https:\/\/secure.gravatar.com\/avatar\/75d8b050df2de108b08ae78dfb8e374892df24a383c67db9c46a9c604f6aee9c?s=96&d=mm&r=g","caption":"Reda\u00e7\u00e3o"},"sameAs":["https:\/\/brasilnoticias.org\/site"],"url":"https:\/\/brasilnoticias.org\/site\/author\/fernandozsngmail-com\/"}]}},"_links":{"self":[{"href":"https:\/\/brasilnoticias.org\/site\/wp-json\/wp\/v2\/posts\/1828","targetHints":{"allow":["GET"]}}],"collection":[{"href":"https:\/\/brasilnoticias.org\/site\/wp-json\/wp\/v2\/posts"}],"about":[{"href":"https:\/\/brasilnoticias.org\/site\/wp-json\/wp\/v2\/types\/post"}],"author":[{"embeddable":true,"href":"https:\/\/brasilnoticias.org\/site\/wp-json\/wp\/v2\/users\/1"}],"replies":[{"embeddable":true,"href":"https:\/\/brasilnoticias.org\/site\/wp-json\/wp\/v2\/comments?post=1828"}],"version-history":[{"count":1,"href":"https:\/\/brasilnoticias.org\/site\/wp-json\/wp\/v2\/posts\/1828\/revisions"}],"predecessor-version":[{"id":1830,"href":"https:\/\/brasilnoticias.org\/site\/wp-json\/wp\/v2\/posts\/1828\/revisions\/1830"}],"wp:featuredmedia":[{"embeddable":true,"href":"https:\/\/brasilnoticias.org\/site\/wp-json\/wp\/v2\/media\/1829"}],"wp:attachment":[{"href":"https:\/\/brasilnoticias.org\/site\/wp-json\/wp\/v2\/media?parent=1828"}],"wp:term":[{"taxonomy":"category","embeddable":true,"href":"https:\/\/brasilnoticias.org\/site\/wp-json\/wp\/v2\/categories?post=1828"},{"taxonomy":"post_tag","embeddable":true,"href":"https:\/\/brasilnoticias.org\/site\/wp-json\/wp\/v2\/tags?post=1828"}],"curies":[{"name":"wp","href":"https:\/\/api.w.org\/{rel}","templated":true}]}}