{"id":18285,"date":"2025-10-15T08:07:52","date_gmt":"2025-10-15T11:07:52","guid":{"rendered":"https:\/\/brasilnoticias.org\/site\/?p=18285"},"modified":"2025-10-15T08:07:52","modified_gmt":"2025-10-15T11:07:52","slug":"joao-claudio-bacelar-mira-fortalecimento-do-podemos-e-articula-destino-politico-do-pai-para-2026","status":"publish","type":"post","link":"https:\/\/brasilnoticias.org\/site\/joao-claudio-bacelar-mira-fortalecimento-do-podemos-e-articula-destino-politico-do-pai-para-2026\/","title":{"rendered":"Jo\u00e3o Cl\u00e1udio Bacelar mira fortalecimento do Podemos e articula destino pol\u00edtico do pai para 2026"},"content":{"rendered":"<p>Presidente do partido em Salvador quer ampliar bancadas estadual e federal e confirma que n\u00e3o ser\u00e1 candidato no pr\u00f3ximo pleito<\/p>\n<p>O vereador Jo\u00e3o Cl\u00e1udio Bacelar (Podemos), presidente municipal da legenda em Salvador, afirmou ao Blog do Vila que a prioridade do partido \u00e9 ampliar sua representatividade nas elei\u00e7\u00f5es de 2026. Segundo ele, a meta \u00e9 dobrar o n\u00famero de cadeiras no Congresso e na Assembleia Legislativa, hoje ocupadas por Raimundo Costa (federal) e Laerte do Vando (estadual).<\/p>\n<p>\u201cEstamos montando um partido forte para disputar as elei\u00e7\u00f5es de deputados estaduais e federais. O presidente estadual Heber Santana e a presidente nacional Renata Abreu t\u00eam feito v\u00e1rias conversas, inclusive com representantes do governo do Estado. O pensamento \u00e9 crescer e fortalecer o partido\u201d, disse.<\/p>\n<p>Sobre o futuro pol\u00edtico do pai, o deputado federal Bacelar (PV), o vereador revelou que o destino partid\u00e1rio ainda n\u00e3o est\u00e1 definido. \u201cEle tem mantido conversas com ambos os partidos [PV e Podemos] e deve decidir em breve qual ser\u00e1 o caminho. Bacelar \u00e9 verde, tem a causa ambiental com muito carinho, mas se for o caso, ser\u00e1 bem recebido no Podemos\u201d, afirmou.<\/p>\n<p>J\u00e1 em rela\u00e7\u00e3o a uma poss\u00edvel candidatura pr\u00f3pria, Jo\u00e3o Cl\u00e1udio Bacelar descartou disputar outro cargo em 2026. \u201cNa pr\u00f3xima elei\u00e7\u00e3o vou focar minhas energias na reelei\u00e7\u00e3o de Bacelar e em fazer um bom mandato de vereador\u201d, declarou.<\/p>\n<p>Foto: Evil\u00e1sio J\u00fanior<br \/>\nBlog do Vila<\/p>\n","protected":false},"excerpt":{"rendered":"<p>Presidente do partido em Salvador quer ampliar bancadas estadual e federal e confirma que n\u00e3o ser\u00e1 candidato no pr\u00f3ximo pleito<\/p>\n","protected":false},"author":4,"featured_media":18286,"comment_status":"open","ping_status":"open","sticky":false,"template":"","format":"standard","meta":{"colormag_page_container_layout":"default_layout","colormag_page_sidebar_layout":"default_layout","_FSMCFIC_featured_image_caption":"","_FSMCFIC_featured_image_nocaption":"","_FSMCFIC_featured_image_hide":"","footnotes":""},"categories":[5,1],"tags":[],"class_list":["post-18285","post","type-post","status-publish","format-standard","has-post-thumbnail","hentry","category-politica","category-ultimas"],"yoast_head":"<!-- This site is optimized with the Yoast SEO plugin v27.1.1 - https:\/\/yoast.com\/product\/yoast-seo-wordpress\/ -->\n<title>Jo\u00e3o Cl\u00e1udio Bacelar mira fortalecimento do Podemos e articula destino pol\u00edtico do pai para 2026 - Brasil not\u00edcias<\/title>\n<meta name=\"robots\" content=\"index, follow, max-snippet:-1, max-image-preview:large, max-video-preview:-1\" \/>\n<link rel=\"canonical\" href=\"https:\/\/brasilnoticias.org\/site\/joao-claudio-bacelar-mira-fortalecimento-do-podemos-e-articula-destino-politico-do-pai-para-2026\/\" \/>\n<meta property=\"og:locale\" content=\"pt_PT\" \/>\n<meta property=\"og:type\" content=\"article\" \/>\n<meta property=\"og:title\" content=\"Jo\u00e3o Cl\u00e1udio Bacelar mira fortalecimento do Podemos e articula destino pol\u00edtico do pai para 2026 - Brasil not\u00edcias\" \/>\n<meta property=\"og:description\" content=\"Presidente do partido em Salvador quer ampliar bancadas estadual e federal e confirma que n\u00e3o ser\u00e1 candidato no pr\u00f3ximo pleito\" \/>\n<meta property=\"og:url\" content=\"https:\/\/brasilnoticias.org\/site\/joao-claudio-bacelar-mira-fortalecimento-do-podemos-e-articula-destino-politico-do-pai-para-2026\/\" \/>\n<meta property=\"og:site_name\" content=\"Brasil not\u00edcias\" \/>\n<meta property=\"article:published_time\" content=\"2025-10-15T11:07:52+00:00\" \/>\n<meta property=\"og:image\" content=\"https:\/\/brasilnoticias.org\/site\/wp-content\/uploads\/2025\/10\/WhatsApp-Image-2025-10-13-at-18.06.47-2.jpeg\" \/>\n\t<meta property=\"og:image:width\" content=\"1280\" \/>\n\t<meta property=\"og:image:height\" content=\"720\" \/>\n\t<meta property=\"og:image:type\" content=\"image\/jpeg\" \/>\n<meta name=\"author\" content=\"Reda\u00e7\u00e3o\" \/>\n<meta name=\"twitter:card\" content=\"summary_large_image\" \/>\n<meta name=\"twitter:label1\" content=\"Escrito por\" \/>\n\t<meta name=\"twitter:data1\" content=\"Reda\u00e7\u00e3o\" \/>\n\t<meta name=\"twitter:label2\" content=\"Tempo estimado de leitura\" \/>\n\t<meta name=\"twitter:data2\" content=\"1 minuto\" \/>\n<script type=\"application\/ld+json\" class=\"yoast-schema-graph\">{\"@context\":\"https:\/\/schema.org\",\"@graph\":[{\"@type\":\"Article\",\"@id\":\"https:\/\/brasilnoticias.org\/site\/joao-claudio-bacelar-mira-fortalecimento-do-podemos-e-articula-destino-politico-do-pai-para-2026\/#article\",\"isPartOf\":{\"@id\":\"https:\/\/brasilnoticias.org\/site\/joao-claudio-bacelar-mira-fortalecimento-do-podemos-e-articula-destino-politico-do-pai-para-2026\/\"},\"author\":{\"name\":\"Reda\u00e7\u00e3o\",\"@id\":\"https:\/\/brasilnoticias.org\/site\/#\/schema\/person\/03bbbfe6c7634ad18c26444ea39049fa\"},\"headline\":\"Jo\u00e3o Cl\u00e1udio Bacelar mira fortalecimento do Podemos e articula destino pol\u00edtico do pai para 2026\",\"datePublished\":\"2025-10-15T11:07:52+00:00\",\"mainEntityOfPage\":{\"@id\":\"https:\/\/brasilnoticias.org\/site\/joao-claudio-bacelar-mira-fortalecimento-do-podemos-e-articula-destino-politico-do-pai-para-2026\/\"},\"wordCount\":261,\"commentCount\":0,\"publisher\":{\"@id\":\"https:\/\/brasilnoticias.org\/site\/#organization\"},\"image\":{\"@id\":\"https:\/\/brasilnoticias.org\/site\/joao-claudio-bacelar-mira-fortalecimento-do-podemos-e-articula-destino-politico-do-pai-para-2026\/#primaryimage\"},\"thumbnailUrl\":\"https:\/\/brasilnoticias.org\/site\/wp-content\/uploads\/2025\/10\/WhatsApp-Image-2025-10-13-at-18.06.47-2.jpeg\",\"articleSection\":[\"Pol\u00edtica\",\"\u00daltimas\"],\"inLanguage\":\"pt-PT\",\"potentialAction\":[{\"@type\":\"CommentAction\",\"name\":\"Comment\",\"target\":[\"https:\/\/brasilnoticias.org\/site\/joao-claudio-bacelar-mira-fortalecimento-do-podemos-e-articula-destino-politico-do-pai-para-2026\/#respond\"]}]},{\"@type\":\"WebPage\",\"@id\":\"https:\/\/brasilnoticias.org\/site\/joao-claudio-bacelar-mira-fortalecimento-do-podemos-e-articula-destino-politico-do-pai-para-2026\/\",\"url\":\"https:\/\/brasilnoticias.org\/site\/joao-claudio-bacelar-mira-fortalecimento-do-podemos-e-articula-destino-politico-do-pai-para-2026\/\",\"name\":\"Jo\u00e3o Cl\u00e1udio Bacelar mira fortalecimento do Podemos e articula destino pol\u00edtico do pai para 2026 - Brasil not\u00edcias\",\"isPartOf\":{\"@id\":\"https:\/\/brasilnoticias.org\/site\/#website\"},\"primaryImageOfPage\":{\"@id\":\"https:\/\/brasilnoticias.org\/site\/joao-claudio-bacelar-mira-fortalecimento-do-podemos-e-articula-destino-politico-do-pai-para-2026\/#primaryimage\"},\"image\":{\"@id\":\"https:\/\/brasilnoticias.org\/site\/joao-claudio-bacelar-mira-fortalecimento-do-podemos-e-articula-destino-politico-do-pai-para-2026\/#primaryimage\"},\"thumbnailUrl\":\"https:\/\/brasilnoticias.org\/site\/wp-content\/uploads\/2025\/10\/WhatsApp-Image-2025-10-13-at-18.06.47-2.jpeg\",\"datePublished\":\"2025-10-15T11:07:52+00:00\",\"breadcrumb\":{\"@id\":\"https:\/\/brasilnoticias.org\/site\/joao-claudio-bacelar-mira-fortalecimento-do-podemos-e-articula-destino-politico-do-pai-para-2026\/#breadcrumb\"},\"inLanguage\":\"pt-PT\",\"potentialAction\":[{\"@type\":\"ReadAction\",\"target\":[\"https:\/\/brasilnoticias.org\/site\/joao-claudio-bacelar-mira-fortalecimento-do-podemos-e-articula-destino-politico-do-pai-para-2026\/\"]}]},{\"@type\":\"ImageObject\",\"inLanguage\":\"pt-PT\",\"@id\":\"https:\/\/brasilnoticias.org\/site\/joao-claudio-bacelar-mira-fortalecimento-do-podemos-e-articula-destino-politico-do-pai-para-2026\/#primaryimage\",\"url\":\"https:\/\/brasilnoticias.org\/site\/wp-content\/uploads\/2025\/10\/WhatsApp-Image-2025-10-13-at-18.06.47-2.jpeg\",\"contentUrl\":\"https:\/\/brasilnoticias.org\/site\/wp-content\/uploads\/2025\/10\/WhatsApp-Image-2025-10-13-at-18.06.47-2.jpeg\",\"width\":1280,\"height\":720},{\"@type\":\"BreadcrumbList\",\"@id\":\"https:\/\/brasilnoticias.org\/site\/joao-claudio-bacelar-mira-fortalecimento-do-podemos-e-articula-destino-politico-do-pai-para-2026\/#breadcrumb\",\"itemListElement\":[{\"@type\":\"ListItem\",\"position\":1,\"name\":\"In\u00edcio\",\"item\":\"https:\/\/brasilnoticias.org\/site\/\"},{\"@type\":\"ListItem\",\"position\":2,\"name\":\"Jo\u00e3o Cl\u00e1udio Bacelar mira fortalecimento do Podemos e articula destino pol\u00edtico do pai para 2026\"}]},{\"@type\":\"WebSite\",\"@id\":\"https:\/\/brasilnoticias.org\/site\/#website\",\"url\":\"https:\/\/brasilnoticias.org\/site\/\",\"name\":\"Brasil not\u00edcias\",\"description\":\"Brasil not\u00edcias\",\"publisher\":{\"@id\":\"https:\/\/brasilnoticias.org\/site\/#organization\"},\"potentialAction\":[{\"@type\":\"SearchAction\",\"target\":{\"@type\":\"EntryPoint\",\"urlTemplate\":\"https:\/\/brasilnoticias.org\/site\/?s={search_term_string}\"},\"query-input\":{\"@type\":\"PropertyValueSpecification\",\"valueRequired\":true,\"valueName\":\"search_term_string\"}}],\"inLanguage\":\"pt-PT\"},{\"@type\":\"Organization\",\"@id\":\"https:\/\/brasilnoticias.org\/site\/#organization\",\"name\":\"Brasil not\u00edcias\",\"url\":\"https:\/\/brasilnoticias.org\/site\/\",\"logo\":{\"@type\":\"ImageObject\",\"inLanguage\":\"pt-PT\",\"@id\":\"https:\/\/brasilnoticias.org\/site\/#\/schema\/logo\/image\/\",\"url\":\"https:\/\/brasilnoticias.org\/site\/wp-content\/uploads\/2022\/05\/cropped-brasilnoticias-mini.jpg\",\"contentUrl\":\"https:\/\/brasilnoticias.org\/site\/wp-content\/uploads\/2022\/05\/cropped-brasilnoticias-mini.jpg\",\"width\":314,\"height\":86,\"caption\":\"Brasil not\u00edcias\"},\"image\":{\"@id\":\"https:\/\/brasilnoticias.org\/site\/#\/schema\/logo\/image\/\"}},{\"@type\":\"Person\",\"@id\":\"https:\/\/brasilnoticias.org\/site\/#\/schema\/person\/03bbbfe6c7634ad18c26444ea39049fa\",\"name\":\"Reda\u00e7\u00e3o\",\"image\":{\"@type\":\"ImageObject\",\"inLanguage\":\"pt-PT\",\"@id\":\"https:\/\/brasilnoticias.org\/site\/#\/schema\/person\/image\/\",\"url\":\"https:\/\/secure.gravatar.com\/avatar\/9ecaf7327a696cb23ad926fedded5f1f04d7049de9e445375d55b48c001a6e42?s=96&d=mm&r=g\",\"contentUrl\":\"https:\/\/secure.gravatar.com\/avatar\/9ecaf7327a696cb23ad926fedded5f1f04d7049de9e445375d55b48c001a6e42?s=96&d=mm&r=g\",\"caption\":\"Reda\u00e7\u00e3o\"},\"url\":\"https:\/\/brasilnoticias.org\/site\/author\/henrique\/\"}]}<\/script>\n<!-- \/ Yoast SEO plugin. -->","yoast_head_json":{"title":"Jo\u00e3o Cl\u00e1udio Bacelar mira fortalecimento do Podemos e articula destino pol\u00edtico do pai para 2026 - Brasil not\u00edcias","robots":{"index":"index","follow":"follow","max-snippet":"max-snippet:-1","max-image-preview":"max-image-preview:large","max-video-preview":"max-video-preview:-1"},"canonical":"https:\/\/brasilnoticias.org\/site\/joao-claudio-bacelar-mira-fortalecimento-do-podemos-e-articula-destino-politico-do-pai-para-2026\/","og_locale":"pt_PT","og_type":"article","og_title":"Jo\u00e3o Cl\u00e1udio Bacelar mira fortalecimento do Podemos e articula destino pol\u00edtico do pai para 2026 - Brasil not\u00edcias","og_description":"Presidente do partido em Salvador quer ampliar bancadas estadual e federal e confirma que n\u00e3o ser\u00e1 candidato no pr\u00f3ximo pleito","og_url":"https:\/\/brasilnoticias.org\/site\/joao-claudio-bacelar-mira-fortalecimento-do-podemos-e-articula-destino-politico-do-pai-para-2026\/","og_site_name":"Brasil not\u00edcias","article_published_time":"2025-10-15T11:07:52+00:00","og_image":[{"width":1280,"height":720,"url":"https:\/\/brasilnoticias.org\/site\/wp-content\/uploads\/2025\/10\/WhatsApp-Image-2025-10-13-at-18.06.47-2.jpeg","type":"image\/jpeg"}],"author":"Reda\u00e7\u00e3o","twitter_card":"summary_large_image","twitter_misc":{"Escrito por":"Reda\u00e7\u00e3o","Tempo estimado de leitura":"1 minuto"},"schema":{"@context":"https:\/\/schema.org","@graph":[{"@type":"Article","@id":"https:\/\/brasilnoticias.org\/site\/joao-claudio-bacelar-mira-fortalecimento-do-podemos-e-articula-destino-politico-do-pai-para-2026\/#article","isPartOf":{"@id":"https:\/\/brasilnoticias.org\/site\/joao-claudio-bacelar-mira-fortalecimento-do-podemos-e-articula-destino-politico-do-pai-para-2026\/"},"author":{"name":"Reda\u00e7\u00e3o","@id":"https:\/\/brasilnoticias.org\/site\/#\/schema\/person\/03bbbfe6c7634ad18c26444ea39049fa"},"headline":"Jo\u00e3o Cl\u00e1udio Bacelar mira fortalecimento do Podemos e articula destino pol\u00edtico do pai para 2026","datePublished":"2025-10-15T11:07:52+00:00","mainEntityOfPage":{"@id":"https:\/\/brasilnoticias.org\/site\/joao-claudio-bacelar-mira-fortalecimento-do-podemos-e-articula-destino-politico-do-pai-para-2026\/"},"wordCount":261,"commentCount":0,"publisher":{"@id":"https:\/\/brasilnoticias.org\/site\/#organization"},"image":{"@id":"https:\/\/brasilnoticias.org\/site\/joao-claudio-bacelar-mira-fortalecimento-do-podemos-e-articula-destino-politico-do-pai-para-2026\/#primaryimage"},"thumbnailUrl":"https:\/\/brasilnoticias.org\/site\/wp-content\/uploads\/2025\/10\/WhatsApp-Image-2025-10-13-at-18.06.47-2.jpeg","articleSection":["Pol\u00edtica","\u00daltimas"],"inLanguage":"pt-PT","potentialAction":[{"@type":"CommentAction","name":"Comment","target":["https:\/\/brasilnoticias.org\/site\/joao-claudio-bacelar-mira-fortalecimento-do-podemos-e-articula-destino-politico-do-pai-para-2026\/#respond"]}]},{"@type":"WebPage","@id":"https:\/\/brasilnoticias.org\/site\/joao-claudio-bacelar-mira-fortalecimento-do-podemos-e-articula-destino-politico-do-pai-para-2026\/","url":"https:\/\/brasilnoticias.org\/site\/joao-claudio-bacelar-mira-fortalecimento-do-podemos-e-articula-destino-politico-do-pai-para-2026\/","name":"Jo\u00e3o Cl\u00e1udio Bacelar mira fortalecimento do Podemos e articula destino pol\u00edtico do pai para 2026 - Brasil not\u00edcias","isPartOf":{"@id":"https:\/\/brasilnoticias.org\/site\/#website"},"primaryImageOfPage":{"@id":"https:\/\/brasilnoticias.org\/site\/joao-claudio-bacelar-mira-fortalecimento-do-podemos-e-articula-destino-politico-do-pai-para-2026\/#primaryimage"},"image":{"@id":"https:\/\/brasilnoticias.org\/site\/joao-claudio-bacelar-mira-fortalecimento-do-podemos-e-articula-destino-politico-do-pai-para-2026\/#primaryimage"},"thumbnailUrl":"https:\/\/brasilnoticias.org\/site\/wp-content\/uploads\/2025\/10\/WhatsApp-Image-2025-10-13-at-18.06.47-2.jpeg","datePublished":"2025-10-15T11:07:52+00:00","breadcrumb":{"@id":"https:\/\/brasilnoticias.org\/site\/joao-claudio-bacelar-mira-fortalecimento-do-podemos-e-articula-destino-politico-do-pai-para-2026\/#breadcrumb"},"inLanguage":"pt-PT","potentialAction":[{"@type":"ReadAction","target":["https:\/\/brasilnoticias.org\/site\/joao-claudio-bacelar-mira-fortalecimento-do-podemos-e-articula-destino-politico-do-pai-para-2026\/"]}]},{"@type":"ImageObject","inLanguage":"pt-PT","@id":"https:\/\/brasilnoticias.org\/site\/joao-claudio-bacelar-mira-fortalecimento-do-podemos-e-articula-destino-politico-do-pai-para-2026\/#primaryimage","url":"https:\/\/brasilnoticias.org\/site\/wp-content\/uploads\/2025\/10\/WhatsApp-Image-2025-10-13-at-18.06.47-2.jpeg","contentUrl":"https:\/\/brasilnoticias.org\/site\/wp-content\/uploads\/2025\/10\/WhatsApp-Image-2025-10-13-at-18.06.47-2.jpeg","width":1280,"height":720},{"@type":"BreadcrumbList","@id":"https:\/\/brasilnoticias.org\/site\/joao-claudio-bacelar-mira-fortalecimento-do-podemos-e-articula-destino-politico-do-pai-para-2026\/#breadcrumb","itemListElement":[{"@type":"ListItem","position":1,"name":"In\u00edcio","item":"https:\/\/brasilnoticias.org\/site\/"},{"@type":"ListItem","position":2,"name":"Jo\u00e3o Cl\u00e1udio Bacelar mira fortalecimento do Podemos e articula destino pol\u00edtico do pai para 2026"}]},{"@type":"WebSite","@id":"https:\/\/brasilnoticias.org\/site\/#website","url":"https:\/\/brasilnoticias.org\/site\/","name":"Brasil not\u00edcias","description":"Brasil not\u00edcias","publisher":{"@id":"https:\/\/brasilnoticias.org\/site\/#organization"},"potentialAction":[{"@type":"SearchAction","target":{"@type":"EntryPoint","urlTemplate":"https:\/\/brasilnoticias.org\/site\/?s={search_term_string}"},"query-input":{"@type":"PropertyValueSpecification","valueRequired":true,"valueName":"search_term_string"}}],"inLanguage":"pt-PT"},{"@type":"Organization","@id":"https:\/\/brasilnoticias.org\/site\/#organization","name":"Brasil not\u00edcias","url":"https:\/\/brasilnoticias.org\/site\/","logo":{"@type":"ImageObject","inLanguage":"pt-PT","@id":"https:\/\/brasilnoticias.org\/site\/#\/schema\/logo\/image\/","url":"https:\/\/brasilnoticias.org\/site\/wp-content\/uploads\/2022\/05\/cropped-brasilnoticias-mini.jpg","contentUrl":"https:\/\/brasilnoticias.org\/site\/wp-content\/uploads\/2022\/05\/cropped-brasilnoticias-mini.jpg","width":314,"height":86,"caption":"Brasil not\u00edcias"},"image":{"@id":"https:\/\/brasilnoticias.org\/site\/#\/schema\/logo\/image\/"}},{"@type":"Person","@id":"https:\/\/brasilnoticias.org\/site\/#\/schema\/person\/03bbbfe6c7634ad18c26444ea39049fa","name":"Reda\u00e7\u00e3o","image":{"@type":"ImageObject","inLanguage":"pt-PT","@id":"https:\/\/brasilnoticias.org\/site\/#\/schema\/person\/image\/","url":"https:\/\/secure.gravatar.com\/avatar\/9ecaf7327a696cb23ad926fedded5f1f04d7049de9e445375d55b48c001a6e42?s=96&d=mm&r=g","contentUrl":"https:\/\/secure.gravatar.com\/avatar\/9ecaf7327a696cb23ad926fedded5f1f04d7049de9e445375d55b48c001a6e42?s=96&d=mm&r=g","caption":"Reda\u00e7\u00e3o"},"url":"https:\/\/brasilnoticias.org\/site\/author\/henrique\/"}]}},"_links":{"self":[{"href":"https:\/\/brasilnoticias.org\/site\/wp-json\/wp\/v2\/posts\/18285","targetHints":{"allow":["GET"]}}],"collection":[{"href":"https:\/\/brasilnoticias.org\/site\/wp-json\/wp\/v2\/posts"}],"about":[{"href":"https:\/\/brasilnoticias.org\/site\/wp-json\/wp\/v2\/types\/post"}],"author":[{"embeddable":true,"href":"https:\/\/brasilnoticias.org\/site\/wp-json\/wp\/v2\/users\/4"}],"replies":[{"embeddable":true,"href":"https:\/\/brasilnoticias.org\/site\/wp-json\/wp\/v2\/comments?post=18285"}],"version-history":[{"count":1,"href":"https:\/\/brasilnoticias.org\/site\/wp-json\/wp\/v2\/posts\/18285\/revisions"}],"predecessor-version":[{"id":18287,"href":"https:\/\/brasilnoticias.org\/site\/wp-json\/wp\/v2\/posts\/18285\/revisions\/18287"}],"wp:featuredmedia":[{"embeddable":true,"href":"https:\/\/brasilnoticias.org\/site\/wp-json\/wp\/v2\/media\/18286"}],"wp:attachment":[{"href":"https:\/\/brasilnoticias.org\/site\/wp-json\/wp\/v2\/media?parent=18285"}],"wp:term":[{"taxonomy":"category","embeddable":true,"href":"https:\/\/brasilnoticias.org\/site\/wp-json\/wp\/v2\/categories?post=18285"},{"taxonomy":"post_tag","embeddable":true,"href":"https:\/\/brasilnoticias.org\/site\/wp-json\/wp\/v2\/tags?post=18285"}],"curies":[{"name":"wp","href":"https:\/\/api.w.org\/{rel}","templated":true}]}}