{"id":18300,"date":"2025-10-16T08:35:28","date_gmt":"2025-10-16T11:35:28","guid":{"rendered":"https:\/\/brasilnoticias.org\/site\/?p=18300"},"modified":"2025-10-16T08:35:28","modified_gmt":"2025-10-16T11:35:28","slug":"barroso-e-internado-em-brasilia-dias-antes-de-se-aposentar-do-stf","status":"publish","type":"post","link":"https:\/\/brasilnoticias.org\/site\/barroso-e-internado-em-brasilia-dias-antes-de-se-aposentar-do-stf\/","title":{"rendered":"Barroso \u00e9 internado em Bras\u00edlia dias antes de se aposentar do STF"},"content":{"rendered":"<p>Magistrado apresentou mal-estar e ficar\u00e1 em observa\u00e7\u00e3o m\u00e9dica<\/p>\n<p>O ministro do Supremo Tribunal Federal (STF), Lu\u00eds Roberto Barroso, foi internado nesta quarta-feira (15) no Hospital S\u00edrio Liban\u00eas, em Bras\u00edlia, ap\u00f3s passar mal. Segundo a assessoria da Corte, ele foi encaminhado ao pronto-socorro com suspeita de virose e passou por exames. Por precau\u00e7\u00e3o, Barroso permanecer\u00e1 internado durante a noite.<\/p>\n<p>No mesmo dia, foi publicada no Di\u00e1rio Oficial da Uni\u00e3o a aposentadoria do ministro, que deixar\u00e1 o cargo no s\u00e1bado (18). Com a vac\u00e2ncia, caber\u00e1 ao presidente Luiz In\u00e1cio Lula da Silva indicar um novo nome para compor o Supremo Tribunal Federal. N\u00e3o h\u00e1 um prazo definido para essa indica\u00e7\u00e3o.<\/p>\n<p>Barroso havia anunciado sua aposentadoria antecipada na semana anterior. Aos 67 anos, ele poderia permanecer no STF at\u00e9 2033, mas optou por encerrar sua trajet\u00f3ria na Corte antes do prazo m\u00e1ximo permitido.<\/p>\n<p>Foto: Gustavo Moreno\/STF<br \/>\nPor: Metro1<\/p>\n","protected":false},"excerpt":{"rendered":"<p>Magistrado apresentou mal-estar e ficar\u00e1 em observa\u00e7\u00e3o m\u00e9dica O ministro do Supremo Tribunal Federal (STF), Lu\u00eds Roberto Barroso, foi internado<\/p>\n","protected":false},"author":4,"featured_media":18302,"comment_status":"open","ping_status":"open","sticky":false,"template":"","format":"standard","meta":{"colormag_page_container_layout":"default_layout","colormag_page_sidebar_layout":"default_layout","_FSMCFIC_featured_image_caption":"","_FSMCFIC_featured_image_nocaption":"","_FSMCFIC_featured_image_hide":"","footnotes":""},"categories":[7,1],"tags":[],"class_list":["post-18300","post","type-post","status-publish","format-standard","has-post-thumbnail","hentry","category-justica","category-ultimas"],"yoast_head":"<!-- This site is optimized with the Yoast SEO plugin v27.1.1 - https:\/\/yoast.com\/product\/yoast-seo-wordpress\/ -->\n<title>Barroso \u00e9 internado em Bras\u00edlia dias antes de se aposentar do STF - Brasil not\u00edcias<\/title>\n<meta name=\"robots\" content=\"index, follow, max-snippet:-1, max-image-preview:large, max-video-preview:-1\" \/>\n<link rel=\"canonical\" href=\"https:\/\/brasilnoticias.org\/site\/barroso-e-internado-em-brasilia-dias-antes-de-se-aposentar-do-stf\/\" \/>\n<meta property=\"og:locale\" content=\"pt_PT\" \/>\n<meta property=\"og:type\" content=\"article\" \/>\n<meta property=\"og:title\" content=\"Barroso \u00e9 internado em Bras\u00edlia dias antes de se aposentar do STF - Brasil not\u00edcias\" \/>\n<meta property=\"og:description\" content=\"Magistrado apresentou mal-estar e ficar\u00e1 em observa\u00e7\u00e3o m\u00e9dica O ministro do Supremo Tribunal Federal (STF), Lu\u00eds Roberto Barroso, foi internado\" \/>\n<meta property=\"og:url\" content=\"https:\/\/brasilnoticias.org\/site\/barroso-e-internado-em-brasilia-dias-antes-de-se-aposentar-do-stf\/\" \/>\n<meta property=\"og:site_name\" content=\"Brasil not\u00edcias\" \/>\n<meta property=\"article:published_time\" content=\"2025-10-16T11:35:28+00:00\" \/>\n<meta property=\"og:image\" content=\"https:\/\/brasilnoticias.org\/site\/wp-content\/uploads\/2025\/10\/171678barroso-e-internado-em-brasilia-dias-antes-de-se-aposentar-do-stf-3.jpg\" \/>\n\t<meta property=\"og:image:width\" content=\"1600\" \/>\n\t<meta property=\"og:image:height\" content=\"752\" \/>\n\t<meta property=\"og:image:type\" content=\"image\/jpeg\" \/>\n<meta name=\"author\" content=\"Reda\u00e7\u00e3o\" \/>\n<meta name=\"twitter:card\" content=\"summary_large_image\" \/>\n<meta name=\"twitter:label1\" content=\"Escrito por\" \/>\n\t<meta name=\"twitter:data1\" content=\"Reda\u00e7\u00e3o\" \/>\n\t<meta name=\"twitter:label2\" content=\"Tempo estimado de leitura\" \/>\n\t<meta name=\"twitter:data2\" content=\"1 minuto\" \/>\n<script type=\"application\/ld+json\" class=\"yoast-schema-graph\">{\"@context\":\"https:\/\/schema.org\",\"@graph\":[{\"@type\":\"Article\",\"@id\":\"https:\/\/brasilnoticias.org\/site\/barroso-e-internado-em-brasilia-dias-antes-de-se-aposentar-do-stf\/#article\",\"isPartOf\":{\"@id\":\"https:\/\/brasilnoticias.org\/site\/barroso-e-internado-em-brasilia-dias-antes-de-se-aposentar-do-stf\/\"},\"author\":{\"name\":\"Reda\u00e7\u00e3o\",\"@id\":\"https:\/\/brasilnoticias.org\/site\/#\/schema\/person\/03bbbfe6c7634ad18c26444ea39049fa\"},\"headline\":\"Barroso \u00e9 internado em Bras\u00edlia dias antes de se aposentar do STF\",\"datePublished\":\"2025-10-16T11:35:28+00:00\",\"mainEntityOfPage\":{\"@id\":\"https:\/\/brasilnoticias.org\/site\/barroso-e-internado-em-brasilia-dias-antes-de-se-aposentar-do-stf\/\"},\"wordCount\":171,\"commentCount\":0,\"publisher\":{\"@id\":\"https:\/\/brasilnoticias.org\/site\/#organization\"},\"image\":{\"@id\":\"https:\/\/brasilnoticias.org\/site\/barroso-e-internado-em-brasilia-dias-antes-de-se-aposentar-do-stf\/#primaryimage\"},\"thumbnailUrl\":\"https:\/\/brasilnoticias.org\/site\/wp-content\/uploads\/2025\/10\/171678barroso-e-internado-em-brasilia-dias-antes-de-se-aposentar-do-stf-3.jpg\",\"articleSection\":[\"Justi\u00e7a\",\"\u00daltimas\"],\"inLanguage\":\"pt-PT\",\"potentialAction\":[{\"@type\":\"CommentAction\",\"name\":\"Comment\",\"target\":[\"https:\/\/brasilnoticias.org\/site\/barroso-e-internado-em-brasilia-dias-antes-de-se-aposentar-do-stf\/#respond\"]}]},{\"@type\":\"WebPage\",\"@id\":\"https:\/\/brasilnoticias.org\/site\/barroso-e-internado-em-brasilia-dias-antes-de-se-aposentar-do-stf\/\",\"url\":\"https:\/\/brasilnoticias.org\/site\/barroso-e-internado-em-brasilia-dias-antes-de-se-aposentar-do-stf\/\",\"name\":\"Barroso \u00e9 internado em Bras\u00edlia dias antes de se aposentar do STF - Brasil not\u00edcias\",\"isPartOf\":{\"@id\":\"https:\/\/brasilnoticias.org\/site\/#website\"},\"primaryImageOfPage\":{\"@id\":\"https:\/\/brasilnoticias.org\/site\/barroso-e-internado-em-brasilia-dias-antes-de-se-aposentar-do-stf\/#primaryimage\"},\"image\":{\"@id\":\"https:\/\/brasilnoticias.org\/site\/barroso-e-internado-em-brasilia-dias-antes-de-se-aposentar-do-stf\/#primaryimage\"},\"thumbnailUrl\":\"https:\/\/brasilnoticias.org\/site\/wp-content\/uploads\/2025\/10\/171678barroso-e-internado-em-brasilia-dias-antes-de-se-aposentar-do-stf-3.jpg\",\"datePublished\":\"2025-10-16T11:35:28+00:00\",\"breadcrumb\":{\"@id\":\"https:\/\/brasilnoticias.org\/site\/barroso-e-internado-em-brasilia-dias-antes-de-se-aposentar-do-stf\/#breadcrumb\"},\"inLanguage\":\"pt-PT\",\"potentialAction\":[{\"@type\":\"ReadAction\",\"target\":[\"https:\/\/brasilnoticias.org\/site\/barroso-e-internado-em-brasilia-dias-antes-de-se-aposentar-do-stf\/\"]}]},{\"@type\":\"ImageObject\",\"inLanguage\":\"pt-PT\",\"@id\":\"https:\/\/brasilnoticias.org\/site\/barroso-e-internado-em-brasilia-dias-antes-de-se-aposentar-do-stf\/#primaryimage\",\"url\":\"https:\/\/brasilnoticias.org\/site\/wp-content\/uploads\/2025\/10\/171678barroso-e-internado-em-brasilia-dias-antes-de-se-aposentar-do-stf-3.jpg\",\"contentUrl\":\"https:\/\/brasilnoticias.org\/site\/wp-content\/uploads\/2025\/10\/171678barroso-e-internado-em-brasilia-dias-antes-de-se-aposentar-do-stf-3.jpg\",\"width\":1600,\"height\":752},{\"@type\":\"BreadcrumbList\",\"@id\":\"https:\/\/brasilnoticias.org\/site\/barroso-e-internado-em-brasilia-dias-antes-de-se-aposentar-do-stf\/#breadcrumb\",\"itemListElement\":[{\"@type\":\"ListItem\",\"position\":1,\"name\":\"In\u00edcio\",\"item\":\"https:\/\/brasilnoticias.org\/site\/\"},{\"@type\":\"ListItem\",\"position\":2,\"name\":\"Barroso \u00e9 internado em Bras\u00edlia dias antes de se aposentar do STF\"}]},{\"@type\":\"WebSite\",\"@id\":\"https:\/\/brasilnoticias.org\/site\/#website\",\"url\":\"https:\/\/brasilnoticias.org\/site\/\",\"name\":\"Brasil not\u00edcias\",\"description\":\"Brasil not\u00edcias\",\"publisher\":{\"@id\":\"https:\/\/brasilnoticias.org\/site\/#organization\"},\"potentialAction\":[{\"@type\":\"SearchAction\",\"target\":{\"@type\":\"EntryPoint\",\"urlTemplate\":\"https:\/\/brasilnoticias.org\/site\/?s={search_term_string}\"},\"query-input\":{\"@type\":\"PropertyValueSpecification\",\"valueRequired\":true,\"valueName\":\"search_term_string\"}}],\"inLanguage\":\"pt-PT\"},{\"@type\":\"Organization\",\"@id\":\"https:\/\/brasilnoticias.org\/site\/#organization\",\"name\":\"Brasil not\u00edcias\",\"url\":\"https:\/\/brasilnoticias.org\/site\/\",\"logo\":{\"@type\":\"ImageObject\",\"inLanguage\":\"pt-PT\",\"@id\":\"https:\/\/brasilnoticias.org\/site\/#\/schema\/logo\/image\/\",\"url\":\"https:\/\/brasilnoticias.org\/site\/wp-content\/uploads\/2022\/05\/cropped-brasilnoticias-mini.jpg\",\"contentUrl\":\"https:\/\/brasilnoticias.org\/site\/wp-content\/uploads\/2022\/05\/cropped-brasilnoticias-mini.jpg\",\"width\":314,\"height\":86,\"caption\":\"Brasil not\u00edcias\"},\"image\":{\"@id\":\"https:\/\/brasilnoticias.org\/site\/#\/schema\/logo\/image\/\"}},{\"@type\":\"Person\",\"@id\":\"https:\/\/brasilnoticias.org\/site\/#\/schema\/person\/03bbbfe6c7634ad18c26444ea39049fa\",\"name\":\"Reda\u00e7\u00e3o\",\"image\":{\"@type\":\"ImageObject\",\"inLanguage\":\"pt-PT\",\"@id\":\"https:\/\/brasilnoticias.org\/site\/#\/schema\/person\/image\/\",\"url\":\"https:\/\/secure.gravatar.com\/avatar\/9ecaf7327a696cb23ad926fedded5f1f04d7049de9e445375d55b48c001a6e42?s=96&d=mm&r=g\",\"contentUrl\":\"https:\/\/secure.gravatar.com\/avatar\/9ecaf7327a696cb23ad926fedded5f1f04d7049de9e445375d55b48c001a6e42?s=96&d=mm&r=g\",\"caption\":\"Reda\u00e7\u00e3o\"},\"url\":\"https:\/\/brasilnoticias.org\/site\/author\/henrique\/\"}]}<\/script>\n<!-- \/ Yoast SEO plugin. -->","yoast_head_json":{"title":"Barroso \u00e9 internado em Bras\u00edlia dias antes de se aposentar do STF - Brasil not\u00edcias","robots":{"index":"index","follow":"follow","max-snippet":"max-snippet:-1","max-image-preview":"max-image-preview:large","max-video-preview":"max-video-preview:-1"},"canonical":"https:\/\/brasilnoticias.org\/site\/barroso-e-internado-em-brasilia-dias-antes-de-se-aposentar-do-stf\/","og_locale":"pt_PT","og_type":"article","og_title":"Barroso \u00e9 internado em Bras\u00edlia dias antes de se aposentar do STF - Brasil not\u00edcias","og_description":"Magistrado apresentou mal-estar e ficar\u00e1 em observa\u00e7\u00e3o m\u00e9dica O ministro do Supremo Tribunal Federal (STF), Lu\u00eds Roberto Barroso, foi internado","og_url":"https:\/\/brasilnoticias.org\/site\/barroso-e-internado-em-brasilia-dias-antes-de-se-aposentar-do-stf\/","og_site_name":"Brasil not\u00edcias","article_published_time":"2025-10-16T11:35:28+00:00","og_image":[{"width":1600,"height":752,"url":"https:\/\/brasilnoticias.org\/site\/wp-content\/uploads\/2025\/10\/171678barroso-e-internado-em-brasilia-dias-antes-de-se-aposentar-do-stf-3.jpg","type":"image\/jpeg"}],"author":"Reda\u00e7\u00e3o","twitter_card":"summary_large_image","twitter_misc":{"Escrito por":"Reda\u00e7\u00e3o","Tempo estimado de leitura":"1 minuto"},"schema":{"@context":"https:\/\/schema.org","@graph":[{"@type":"Article","@id":"https:\/\/brasilnoticias.org\/site\/barroso-e-internado-em-brasilia-dias-antes-de-se-aposentar-do-stf\/#article","isPartOf":{"@id":"https:\/\/brasilnoticias.org\/site\/barroso-e-internado-em-brasilia-dias-antes-de-se-aposentar-do-stf\/"},"author":{"name":"Reda\u00e7\u00e3o","@id":"https:\/\/brasilnoticias.org\/site\/#\/schema\/person\/03bbbfe6c7634ad18c26444ea39049fa"},"headline":"Barroso \u00e9 internado em Bras\u00edlia dias antes de se aposentar do STF","datePublished":"2025-10-16T11:35:28+00:00","mainEntityOfPage":{"@id":"https:\/\/brasilnoticias.org\/site\/barroso-e-internado-em-brasilia-dias-antes-de-se-aposentar-do-stf\/"},"wordCount":171,"commentCount":0,"publisher":{"@id":"https:\/\/brasilnoticias.org\/site\/#organization"},"image":{"@id":"https:\/\/brasilnoticias.org\/site\/barroso-e-internado-em-brasilia-dias-antes-de-se-aposentar-do-stf\/#primaryimage"},"thumbnailUrl":"https:\/\/brasilnoticias.org\/site\/wp-content\/uploads\/2025\/10\/171678barroso-e-internado-em-brasilia-dias-antes-de-se-aposentar-do-stf-3.jpg","articleSection":["Justi\u00e7a","\u00daltimas"],"inLanguage":"pt-PT","potentialAction":[{"@type":"CommentAction","name":"Comment","target":["https:\/\/brasilnoticias.org\/site\/barroso-e-internado-em-brasilia-dias-antes-de-se-aposentar-do-stf\/#respond"]}]},{"@type":"WebPage","@id":"https:\/\/brasilnoticias.org\/site\/barroso-e-internado-em-brasilia-dias-antes-de-se-aposentar-do-stf\/","url":"https:\/\/brasilnoticias.org\/site\/barroso-e-internado-em-brasilia-dias-antes-de-se-aposentar-do-stf\/","name":"Barroso \u00e9 internado em Bras\u00edlia dias antes de se aposentar do STF - Brasil not\u00edcias","isPartOf":{"@id":"https:\/\/brasilnoticias.org\/site\/#website"},"primaryImageOfPage":{"@id":"https:\/\/brasilnoticias.org\/site\/barroso-e-internado-em-brasilia-dias-antes-de-se-aposentar-do-stf\/#primaryimage"},"image":{"@id":"https:\/\/brasilnoticias.org\/site\/barroso-e-internado-em-brasilia-dias-antes-de-se-aposentar-do-stf\/#primaryimage"},"thumbnailUrl":"https:\/\/brasilnoticias.org\/site\/wp-content\/uploads\/2025\/10\/171678barroso-e-internado-em-brasilia-dias-antes-de-se-aposentar-do-stf-3.jpg","datePublished":"2025-10-16T11:35:28+00:00","breadcrumb":{"@id":"https:\/\/brasilnoticias.org\/site\/barroso-e-internado-em-brasilia-dias-antes-de-se-aposentar-do-stf\/#breadcrumb"},"inLanguage":"pt-PT","potentialAction":[{"@type":"ReadAction","target":["https:\/\/brasilnoticias.org\/site\/barroso-e-internado-em-brasilia-dias-antes-de-se-aposentar-do-stf\/"]}]},{"@type":"ImageObject","inLanguage":"pt-PT","@id":"https:\/\/brasilnoticias.org\/site\/barroso-e-internado-em-brasilia-dias-antes-de-se-aposentar-do-stf\/#primaryimage","url":"https:\/\/brasilnoticias.org\/site\/wp-content\/uploads\/2025\/10\/171678barroso-e-internado-em-brasilia-dias-antes-de-se-aposentar-do-stf-3.jpg","contentUrl":"https:\/\/brasilnoticias.org\/site\/wp-content\/uploads\/2025\/10\/171678barroso-e-internado-em-brasilia-dias-antes-de-se-aposentar-do-stf-3.jpg","width":1600,"height":752},{"@type":"BreadcrumbList","@id":"https:\/\/brasilnoticias.org\/site\/barroso-e-internado-em-brasilia-dias-antes-de-se-aposentar-do-stf\/#breadcrumb","itemListElement":[{"@type":"ListItem","position":1,"name":"In\u00edcio","item":"https:\/\/brasilnoticias.org\/site\/"},{"@type":"ListItem","position":2,"name":"Barroso \u00e9 internado em Bras\u00edlia dias antes de se aposentar do STF"}]},{"@type":"WebSite","@id":"https:\/\/brasilnoticias.org\/site\/#website","url":"https:\/\/brasilnoticias.org\/site\/","name":"Brasil not\u00edcias","description":"Brasil not\u00edcias","publisher":{"@id":"https:\/\/brasilnoticias.org\/site\/#organization"},"potentialAction":[{"@type":"SearchAction","target":{"@type":"EntryPoint","urlTemplate":"https:\/\/brasilnoticias.org\/site\/?s={search_term_string}"},"query-input":{"@type":"PropertyValueSpecification","valueRequired":true,"valueName":"search_term_string"}}],"inLanguage":"pt-PT"},{"@type":"Organization","@id":"https:\/\/brasilnoticias.org\/site\/#organization","name":"Brasil not\u00edcias","url":"https:\/\/brasilnoticias.org\/site\/","logo":{"@type":"ImageObject","inLanguage":"pt-PT","@id":"https:\/\/brasilnoticias.org\/site\/#\/schema\/logo\/image\/","url":"https:\/\/brasilnoticias.org\/site\/wp-content\/uploads\/2022\/05\/cropped-brasilnoticias-mini.jpg","contentUrl":"https:\/\/brasilnoticias.org\/site\/wp-content\/uploads\/2022\/05\/cropped-brasilnoticias-mini.jpg","width":314,"height":86,"caption":"Brasil not\u00edcias"},"image":{"@id":"https:\/\/brasilnoticias.org\/site\/#\/schema\/logo\/image\/"}},{"@type":"Person","@id":"https:\/\/brasilnoticias.org\/site\/#\/schema\/person\/03bbbfe6c7634ad18c26444ea39049fa","name":"Reda\u00e7\u00e3o","image":{"@type":"ImageObject","inLanguage":"pt-PT","@id":"https:\/\/brasilnoticias.org\/site\/#\/schema\/person\/image\/","url":"https:\/\/secure.gravatar.com\/avatar\/9ecaf7327a696cb23ad926fedded5f1f04d7049de9e445375d55b48c001a6e42?s=96&d=mm&r=g","contentUrl":"https:\/\/secure.gravatar.com\/avatar\/9ecaf7327a696cb23ad926fedded5f1f04d7049de9e445375d55b48c001a6e42?s=96&d=mm&r=g","caption":"Reda\u00e7\u00e3o"},"url":"https:\/\/brasilnoticias.org\/site\/author\/henrique\/"}]}},"_links":{"self":[{"href":"https:\/\/brasilnoticias.org\/site\/wp-json\/wp\/v2\/posts\/18300","targetHints":{"allow":["GET"]}}],"collection":[{"href":"https:\/\/brasilnoticias.org\/site\/wp-json\/wp\/v2\/posts"}],"about":[{"href":"https:\/\/brasilnoticias.org\/site\/wp-json\/wp\/v2\/types\/post"}],"author":[{"embeddable":true,"href":"https:\/\/brasilnoticias.org\/site\/wp-json\/wp\/v2\/users\/4"}],"replies":[{"embeddable":true,"href":"https:\/\/brasilnoticias.org\/site\/wp-json\/wp\/v2\/comments?post=18300"}],"version-history":[{"count":1,"href":"https:\/\/brasilnoticias.org\/site\/wp-json\/wp\/v2\/posts\/18300\/revisions"}],"predecessor-version":[{"id":18303,"href":"https:\/\/brasilnoticias.org\/site\/wp-json\/wp\/v2\/posts\/18300\/revisions\/18303"}],"wp:featuredmedia":[{"embeddable":true,"href":"https:\/\/brasilnoticias.org\/site\/wp-json\/wp\/v2\/media\/18302"}],"wp:attachment":[{"href":"https:\/\/brasilnoticias.org\/site\/wp-json\/wp\/v2\/media?parent=18300"}],"wp:term":[{"taxonomy":"category","embeddable":true,"href":"https:\/\/brasilnoticias.org\/site\/wp-json\/wp\/v2\/categories?post=18300"},{"taxonomy":"post_tag","embeddable":true,"href":"https:\/\/brasilnoticias.org\/site\/wp-json\/wp\/v2\/tags?post=18300"}],"curies":[{"name":"wp","href":"https:\/\/api.w.org\/{rel}","templated":true}]}}