{"id":18368,"date":"2025-10-20T09:57:07","date_gmt":"2025-10-20T12:57:07","guid":{"rendered":"https:\/\/brasilnoticias.org\/site\/?p=18368"},"modified":"2025-10-20T09:57:07","modified_gmt":"2025-10-20T12:57:07","slug":"gracyanne-barbosa-da-detalhes-sobre-estado-de-saude-apos-acidente-em-assalto-reaprendendo-a-andar","status":"publish","type":"post","link":"https:\/\/brasilnoticias.org\/site\/gracyanne-barbosa-da-detalhes-sobre-estado-de-saude-apos-acidente-em-assalto-reaprendendo-a-andar\/","title":{"rendered":"Gracyanne Barbosa d\u00e1 detalhes sobre estado de sa\u00fade ap\u00f3s acidente em assalto: &#8216;Reaprendendo a andar&#8217;"},"content":{"rendered":"<div>\n<p>A musa fitness Gracyanne Barbosa<\/a> abriu o jogo sobre seu estado de sa\u00fade, neste domingo (19), ap\u00f3s se machucar durante um assalto no Rio de Janeiro. A ex-esposa do cantor Belo declarou que est\u00e1 &#8220;reaprendendo a andar&#8221; depois do acidente.<\/p>\n<p>Um seguidor questionou a influenciadora sobre quando ela come\u00e7aria a andar normalmente. &#8220;N\u00e3o existe uma previs\u00e3o exata! \u00c9 at\u00e9 estranho dizer isso, a sensa\u00e7\u00e3o \u00e9 que estou reaprendendo a andar&#8221;, respondeu a Gracyanne.<\/a><\/p>\n<p>Nos stories do Instagram, Gracyanne deu detalhes sobre sua recupera\u00e7\u00e3o<\/a>. &#8220;A cirurgia foi bem s\u00e9ria, o processo \u00e9 um pouco lento, sigo firme, centrada, focada e na certeza que, no momento certo, estarei 100%. Gente, a maioria das perguntas \u00e9 sobre como eu estou, como est\u00e1 meu quadril. E Deus \u00e9 muito bom mesmo, n\u00e9? Porque, na sexta-feira, eu fiquei assustada \u2014 e custa para me assustar, viu? Mas eu acordei com um quadril super inchado e dolorido\u2026 o que me assustou mesmo foi que comecei a ter calafrio, por volta das 17h, e uma sensa\u00e7\u00e3o muito esquisita. A\u00ed fui para o hospital, fiz tomografia e liguei para o meu m\u00e9dico. Gra\u00e7as a Deus, n\u00e3o tinha dado nada s\u00e9rio \u2014 n\u00e3o tinha quebrado nada, mas havia um hematoma por trauma. Aplicaram gelo e antibi\u00f3tico para prevenir infec\u00e7\u00e3o, j\u00e1 que fiz cirurgia recentemente&#8221;, comentou.<\/p>\n<blockquote class=\"citacao\"><p>&#8220;N\u00e3o consigo levantar a perna, mas est\u00e1 um pouquinho vermelho. Comparando com o outro lado, ainda h\u00e1 um pouco de incha\u00e7o, mas zero dor! Estou muito melhor. Ontem fiquei em repouso quase absoluto, hoje estou devagar, sem disposi\u00e7\u00e3o, como se tivesse feito v\u00e1rias coisas. Acho que \u00e9 exaust\u00e3o f\u00edsica mesmo, pelo processo inflamat\u00f3rio. Mas a mente segue no lugar e bora para frente&#8221;, explicou.<\/p><\/blockquote>\n<p>Recentemente, a influenciadora compartilhou um v\u00eddeo realizando a fisioterapia para andar normalmente ap\u00f3s as les\u00f5es. &#8220;Reaprender a andar parece simples\u2026 at\u00e9 voc\u00ea precisar fazer isso. Depois de uma les\u00e3o de tend\u00e3o, cada passo \u00e9 t\u00e9cnica, controle e consci\u00eancia corporal. \u00c9 a\u00ed que entra o treino de marcha, fundamental pra devolver ao corpo o que ele perdeu: efici\u00eancia e confian\u00e7a no movimento. E \u00e9 isso que transforma recupera\u00e7\u00e3o em performance \u2014 passo a passo&#8221;, dizia a publica\u00e7\u00e3o compartilhada pelo fisioterapeuta da famosa.<\/p>\n<\/p><\/div>\n","protected":false},"excerpt":{"rendered":"<p>A musa fitness Gracyanne Barbosa abriu o jogo sobre seu estado de sa\u00fade, neste domingo (19), ap\u00f3s se machucar durante<\/p>\n","protected":false},"author":7,"featured_media":18369,"comment_status":"open","ping_status":"open","sticky":false,"template":"","format":"standard","meta":{"colormag_page_container_layout":"default_layout","colormag_page_sidebar_layout":"default_layout","_FSMCFIC_featured_image_caption":"","_FSMCFIC_featured_image_nocaption":"","_FSMCFIC_featured_image_hide":"","footnotes":""},"categories":[1],"tags":[],"class_list":["post-18368","post","type-post","status-publish","format-standard","has-post-thumbnail","hentry","category-ultimas"],"yoast_head":"<!-- This site is optimized with the Yoast SEO plugin v27.1.1 - https:\/\/yoast.com\/product\/yoast-seo-wordpress\/ -->\n<title>Gracyanne Barbosa d\u00e1 detalhes sobre estado de sa\u00fade ap\u00f3s acidente em assalto: &#039;Reaprendendo a andar&#039; - Brasil not\u00edcias<\/title>\n<meta name=\"robots\" content=\"index, follow, max-snippet:-1, max-image-preview:large, max-video-preview:-1\" \/>\n<link rel=\"canonical\" href=\"https:\/\/brasilnoticias.org\/site\/gracyanne-barbosa-da-detalhes-sobre-estado-de-saude-apos-acidente-em-assalto-reaprendendo-a-andar\/\" \/>\n<meta property=\"og:locale\" content=\"pt_PT\" \/>\n<meta property=\"og:type\" content=\"article\" \/>\n<meta property=\"og:title\" content=\"Gracyanne Barbosa d\u00e1 detalhes sobre estado de sa\u00fade ap\u00f3s acidente em assalto: &#039;Reaprendendo a andar&#039; - Brasil not\u00edcias\" \/>\n<meta property=\"og:description\" content=\"A musa fitness Gracyanne Barbosa abriu o jogo sobre seu estado de sa\u00fade, neste domingo (19), ap\u00f3s se machucar durante\" \/>\n<meta property=\"og:url\" content=\"https:\/\/brasilnoticias.org\/site\/gracyanne-barbosa-da-detalhes-sobre-estado-de-saude-apos-acidente-em-assalto-reaprendendo-a-andar\/\" \/>\n<meta property=\"og:site_name\" content=\"Brasil not\u00edcias\" \/>\n<meta property=\"article:published_time\" content=\"2025-10-20T12:57:07+00:00\" \/>\n<meta property=\"og:image\" content=\"https:\/\/brasilnoticias.org\/site\/wp-content\/uploads\/2025\/10\/copia-de-capa-posts-13_1g0hiv69_widelg.jpg\" \/>\n\t<meta property=\"og:image:width\" content=\"800\" \/>\n\t<meta property=\"og:image:height\" content=\"450\" \/>\n\t<meta property=\"og:image:type\" content=\"image\/jpeg\" \/>\n<meta name=\"author\" content=\"Natane Ramos\" \/>\n<meta name=\"twitter:card\" content=\"summary_large_image\" \/>\n<meta name=\"twitter:label1\" content=\"Escrito por\" \/>\n\t<meta name=\"twitter:data1\" content=\"Natane Ramos\" \/>\n\t<meta name=\"twitter:label2\" content=\"Tempo estimado de leitura\" \/>\n\t<meta name=\"twitter:data2\" content=\"2 minutos\" \/>\n<script type=\"application\/ld+json\" class=\"yoast-schema-graph\">{\"@context\":\"https:\/\/schema.org\",\"@graph\":[{\"@type\":\"Article\",\"@id\":\"https:\/\/brasilnoticias.org\/site\/gracyanne-barbosa-da-detalhes-sobre-estado-de-saude-apos-acidente-em-assalto-reaprendendo-a-andar\/#article\",\"isPartOf\":{\"@id\":\"https:\/\/brasilnoticias.org\/site\/gracyanne-barbosa-da-detalhes-sobre-estado-de-saude-apos-acidente-em-assalto-reaprendendo-a-andar\/\"},\"author\":{\"name\":\"Natane Ramos\",\"@id\":\"https:\/\/brasilnoticias.org\/site\/#\/schema\/person\/fcb783e56cf2d4837ff34fab5319a5e2\"},\"headline\":\"Gracyanne Barbosa d\u00e1 detalhes sobre estado de sa\u00fade ap\u00f3s acidente em assalto: &#8216;Reaprendendo a andar&#8217;\",\"datePublished\":\"2025-10-20T12:57:07+00:00\",\"mainEntityOfPage\":{\"@id\":\"https:\/\/brasilnoticias.org\/site\/gracyanne-barbosa-da-detalhes-sobre-estado-de-saude-apos-acidente-em-assalto-reaprendendo-a-andar\/\"},\"wordCount\":398,\"commentCount\":0,\"publisher\":{\"@id\":\"https:\/\/brasilnoticias.org\/site\/#organization\"},\"image\":{\"@id\":\"https:\/\/brasilnoticias.org\/site\/gracyanne-barbosa-da-detalhes-sobre-estado-de-saude-apos-acidente-em-assalto-reaprendendo-a-andar\/#primaryimage\"},\"thumbnailUrl\":\"https:\/\/brasilnoticias.org\/site\/wp-content\/uploads\/2025\/10\/copia-de-capa-posts-13_1g0hiv69_widelg.jpg\",\"articleSection\":[\"\u00daltimas\"],\"inLanguage\":\"pt-PT\",\"potentialAction\":[{\"@type\":\"CommentAction\",\"name\":\"Comment\",\"target\":[\"https:\/\/brasilnoticias.org\/site\/gracyanne-barbosa-da-detalhes-sobre-estado-de-saude-apos-acidente-em-assalto-reaprendendo-a-andar\/#respond\"]}]},{\"@type\":\"WebPage\",\"@id\":\"https:\/\/brasilnoticias.org\/site\/gracyanne-barbosa-da-detalhes-sobre-estado-de-saude-apos-acidente-em-assalto-reaprendendo-a-andar\/\",\"url\":\"https:\/\/brasilnoticias.org\/site\/gracyanne-barbosa-da-detalhes-sobre-estado-de-saude-apos-acidente-em-assalto-reaprendendo-a-andar\/\",\"name\":\"Gracyanne Barbosa d\u00e1 detalhes sobre estado de sa\u00fade ap\u00f3s acidente em assalto: 'Reaprendendo a andar' - Brasil not\u00edcias\",\"isPartOf\":{\"@id\":\"https:\/\/brasilnoticias.org\/site\/#website\"},\"primaryImageOfPage\":{\"@id\":\"https:\/\/brasilnoticias.org\/site\/gracyanne-barbosa-da-detalhes-sobre-estado-de-saude-apos-acidente-em-assalto-reaprendendo-a-andar\/#primaryimage\"},\"image\":{\"@id\":\"https:\/\/brasilnoticias.org\/site\/gracyanne-barbosa-da-detalhes-sobre-estado-de-saude-apos-acidente-em-assalto-reaprendendo-a-andar\/#primaryimage\"},\"thumbnailUrl\":\"https:\/\/brasilnoticias.org\/site\/wp-content\/uploads\/2025\/10\/copia-de-capa-posts-13_1g0hiv69_widelg.jpg\",\"datePublished\":\"2025-10-20T12:57:07+00:00\",\"breadcrumb\":{\"@id\":\"https:\/\/brasilnoticias.org\/site\/gracyanne-barbosa-da-detalhes-sobre-estado-de-saude-apos-acidente-em-assalto-reaprendendo-a-andar\/#breadcrumb\"},\"inLanguage\":\"pt-PT\",\"potentialAction\":[{\"@type\":\"ReadAction\",\"target\":[\"https:\/\/brasilnoticias.org\/site\/gracyanne-barbosa-da-detalhes-sobre-estado-de-saude-apos-acidente-em-assalto-reaprendendo-a-andar\/\"]}]},{\"@type\":\"ImageObject\",\"inLanguage\":\"pt-PT\",\"@id\":\"https:\/\/brasilnoticias.org\/site\/gracyanne-barbosa-da-detalhes-sobre-estado-de-saude-apos-acidente-em-assalto-reaprendendo-a-andar\/#primaryimage\",\"url\":\"https:\/\/brasilnoticias.org\/site\/wp-content\/uploads\/2025\/10\/copia-de-capa-posts-13_1g0hiv69_widelg.jpg\",\"contentUrl\":\"https:\/\/brasilnoticias.org\/site\/wp-content\/uploads\/2025\/10\/copia-de-capa-posts-13_1g0hiv69_widelg.jpg\",\"width\":800,\"height\":450,\"caption\":\"Gracyanne Barbosa d\u00e1 detalhes sobre estado de sa\u00fade ap\u00f3s acidente em assalto: 'Reaprendendo a andar'\"},{\"@type\":\"BreadcrumbList\",\"@id\":\"https:\/\/brasilnoticias.org\/site\/gracyanne-barbosa-da-detalhes-sobre-estado-de-saude-apos-acidente-em-assalto-reaprendendo-a-andar\/#breadcrumb\",\"itemListElement\":[{\"@type\":\"ListItem\",\"position\":1,\"name\":\"In\u00edcio\",\"item\":\"https:\/\/brasilnoticias.org\/site\/\"},{\"@type\":\"ListItem\",\"position\":2,\"name\":\"Gracyanne Barbosa d\u00e1 detalhes sobre estado de sa\u00fade ap\u00f3s acidente em assalto: &#8216;Reaprendendo a andar&#8217;\"}]},{\"@type\":\"WebSite\",\"@id\":\"https:\/\/brasilnoticias.org\/site\/#website\",\"url\":\"https:\/\/brasilnoticias.org\/site\/\",\"name\":\"Brasil not\u00edcias\",\"description\":\"Brasil not\u00edcias\",\"publisher\":{\"@id\":\"https:\/\/brasilnoticias.org\/site\/#organization\"},\"potentialAction\":[{\"@type\":\"SearchAction\",\"target\":{\"@type\":\"EntryPoint\",\"urlTemplate\":\"https:\/\/brasilnoticias.org\/site\/?s={search_term_string}\"},\"query-input\":{\"@type\":\"PropertyValueSpecification\",\"valueRequired\":true,\"valueName\":\"search_term_string\"}}],\"inLanguage\":\"pt-PT\"},{\"@type\":\"Organization\",\"@id\":\"https:\/\/brasilnoticias.org\/site\/#organization\",\"name\":\"Brasil not\u00edcias\",\"url\":\"https:\/\/brasilnoticias.org\/site\/\",\"logo\":{\"@type\":\"ImageObject\",\"inLanguage\":\"pt-PT\",\"@id\":\"https:\/\/brasilnoticias.org\/site\/#\/schema\/logo\/image\/\",\"url\":\"https:\/\/brasilnoticias.org\/site\/wp-content\/uploads\/2022\/05\/cropped-brasilnoticias-mini.jpg\",\"contentUrl\":\"https:\/\/brasilnoticias.org\/site\/wp-content\/uploads\/2022\/05\/cropped-brasilnoticias-mini.jpg\",\"width\":314,\"height\":86,\"caption\":\"Brasil not\u00edcias\"},\"image\":{\"@id\":\"https:\/\/brasilnoticias.org\/site\/#\/schema\/logo\/image\/\"}},{\"@type\":\"Person\",\"@id\":\"https:\/\/brasilnoticias.org\/site\/#\/schema\/person\/fcb783e56cf2d4837ff34fab5319a5e2\",\"name\":\"Natane Ramos\",\"image\":{\"@type\":\"ImageObject\",\"inLanguage\":\"pt-PT\",\"@id\":\"https:\/\/brasilnoticias.org\/site\/#\/schema\/person\/image\/\",\"url\":\"https:\/\/secure.gravatar.com\/avatar\/?s=96&d=mm&r=g\",\"contentUrl\":\"https:\/\/secure.gravatar.com\/avatar\/?s=96&d=mm&r=g\",\"caption\":\"Natane Ramos\"},\"url\":\"https:\/\/brasilnoticias.org\/site\/author\/natane_ramos\/\"}]}<\/script>\n<!-- \/ Yoast SEO plugin. -->","yoast_head_json":{"title":"Gracyanne Barbosa d\u00e1 detalhes sobre estado de sa\u00fade ap\u00f3s acidente em assalto: 'Reaprendendo a andar' - Brasil not\u00edcias","robots":{"index":"index","follow":"follow","max-snippet":"max-snippet:-1","max-image-preview":"max-image-preview:large","max-video-preview":"max-video-preview:-1"},"canonical":"https:\/\/brasilnoticias.org\/site\/gracyanne-barbosa-da-detalhes-sobre-estado-de-saude-apos-acidente-em-assalto-reaprendendo-a-andar\/","og_locale":"pt_PT","og_type":"article","og_title":"Gracyanne Barbosa d\u00e1 detalhes sobre estado de sa\u00fade ap\u00f3s acidente em assalto: 'Reaprendendo a andar' - Brasil not\u00edcias","og_description":"A musa fitness Gracyanne Barbosa abriu o jogo sobre seu estado de sa\u00fade, neste domingo (19), ap\u00f3s se machucar durante","og_url":"https:\/\/brasilnoticias.org\/site\/gracyanne-barbosa-da-detalhes-sobre-estado-de-saude-apos-acidente-em-assalto-reaprendendo-a-andar\/","og_site_name":"Brasil not\u00edcias","article_published_time":"2025-10-20T12:57:07+00:00","og_image":[{"width":800,"height":450,"url":"https:\/\/brasilnoticias.org\/site\/wp-content\/uploads\/2025\/10\/copia-de-capa-posts-13_1g0hiv69_widelg.jpg","type":"image\/jpeg"}],"author":"Natane Ramos","twitter_card":"summary_large_image","twitter_misc":{"Escrito por":"Natane Ramos","Tempo estimado de leitura":"2 minutos"},"schema":{"@context":"https:\/\/schema.org","@graph":[{"@type":"Article","@id":"https:\/\/brasilnoticias.org\/site\/gracyanne-barbosa-da-detalhes-sobre-estado-de-saude-apos-acidente-em-assalto-reaprendendo-a-andar\/#article","isPartOf":{"@id":"https:\/\/brasilnoticias.org\/site\/gracyanne-barbosa-da-detalhes-sobre-estado-de-saude-apos-acidente-em-assalto-reaprendendo-a-andar\/"},"author":{"name":"Natane Ramos","@id":"https:\/\/brasilnoticias.org\/site\/#\/schema\/person\/fcb783e56cf2d4837ff34fab5319a5e2"},"headline":"Gracyanne Barbosa d\u00e1 detalhes sobre estado de sa\u00fade ap\u00f3s acidente em assalto: &#8216;Reaprendendo a andar&#8217;","datePublished":"2025-10-20T12:57:07+00:00","mainEntityOfPage":{"@id":"https:\/\/brasilnoticias.org\/site\/gracyanne-barbosa-da-detalhes-sobre-estado-de-saude-apos-acidente-em-assalto-reaprendendo-a-andar\/"},"wordCount":398,"commentCount":0,"publisher":{"@id":"https:\/\/brasilnoticias.org\/site\/#organization"},"image":{"@id":"https:\/\/brasilnoticias.org\/site\/gracyanne-barbosa-da-detalhes-sobre-estado-de-saude-apos-acidente-em-assalto-reaprendendo-a-andar\/#primaryimage"},"thumbnailUrl":"https:\/\/brasilnoticias.org\/site\/wp-content\/uploads\/2025\/10\/copia-de-capa-posts-13_1g0hiv69_widelg.jpg","articleSection":["\u00daltimas"],"inLanguage":"pt-PT","potentialAction":[{"@type":"CommentAction","name":"Comment","target":["https:\/\/brasilnoticias.org\/site\/gracyanne-barbosa-da-detalhes-sobre-estado-de-saude-apos-acidente-em-assalto-reaprendendo-a-andar\/#respond"]}]},{"@type":"WebPage","@id":"https:\/\/brasilnoticias.org\/site\/gracyanne-barbosa-da-detalhes-sobre-estado-de-saude-apos-acidente-em-assalto-reaprendendo-a-andar\/","url":"https:\/\/brasilnoticias.org\/site\/gracyanne-barbosa-da-detalhes-sobre-estado-de-saude-apos-acidente-em-assalto-reaprendendo-a-andar\/","name":"Gracyanne Barbosa d\u00e1 detalhes sobre estado de sa\u00fade ap\u00f3s acidente em assalto: 'Reaprendendo a andar' - Brasil not\u00edcias","isPartOf":{"@id":"https:\/\/brasilnoticias.org\/site\/#website"},"primaryImageOfPage":{"@id":"https:\/\/brasilnoticias.org\/site\/gracyanne-barbosa-da-detalhes-sobre-estado-de-saude-apos-acidente-em-assalto-reaprendendo-a-andar\/#primaryimage"},"image":{"@id":"https:\/\/brasilnoticias.org\/site\/gracyanne-barbosa-da-detalhes-sobre-estado-de-saude-apos-acidente-em-assalto-reaprendendo-a-andar\/#primaryimage"},"thumbnailUrl":"https:\/\/brasilnoticias.org\/site\/wp-content\/uploads\/2025\/10\/copia-de-capa-posts-13_1g0hiv69_widelg.jpg","datePublished":"2025-10-20T12:57:07+00:00","breadcrumb":{"@id":"https:\/\/brasilnoticias.org\/site\/gracyanne-barbosa-da-detalhes-sobre-estado-de-saude-apos-acidente-em-assalto-reaprendendo-a-andar\/#breadcrumb"},"inLanguage":"pt-PT","potentialAction":[{"@type":"ReadAction","target":["https:\/\/brasilnoticias.org\/site\/gracyanne-barbosa-da-detalhes-sobre-estado-de-saude-apos-acidente-em-assalto-reaprendendo-a-andar\/"]}]},{"@type":"ImageObject","inLanguage":"pt-PT","@id":"https:\/\/brasilnoticias.org\/site\/gracyanne-barbosa-da-detalhes-sobre-estado-de-saude-apos-acidente-em-assalto-reaprendendo-a-andar\/#primaryimage","url":"https:\/\/brasilnoticias.org\/site\/wp-content\/uploads\/2025\/10\/copia-de-capa-posts-13_1g0hiv69_widelg.jpg","contentUrl":"https:\/\/brasilnoticias.org\/site\/wp-content\/uploads\/2025\/10\/copia-de-capa-posts-13_1g0hiv69_widelg.jpg","width":800,"height":450,"caption":"Gracyanne Barbosa d\u00e1 detalhes sobre estado de sa\u00fade ap\u00f3s acidente em assalto: 'Reaprendendo a andar'"},{"@type":"BreadcrumbList","@id":"https:\/\/brasilnoticias.org\/site\/gracyanne-barbosa-da-detalhes-sobre-estado-de-saude-apos-acidente-em-assalto-reaprendendo-a-andar\/#breadcrumb","itemListElement":[{"@type":"ListItem","position":1,"name":"In\u00edcio","item":"https:\/\/brasilnoticias.org\/site\/"},{"@type":"ListItem","position":2,"name":"Gracyanne Barbosa d\u00e1 detalhes sobre estado de sa\u00fade ap\u00f3s acidente em assalto: &#8216;Reaprendendo a andar&#8217;"}]},{"@type":"WebSite","@id":"https:\/\/brasilnoticias.org\/site\/#website","url":"https:\/\/brasilnoticias.org\/site\/","name":"Brasil not\u00edcias","description":"Brasil not\u00edcias","publisher":{"@id":"https:\/\/brasilnoticias.org\/site\/#organization"},"potentialAction":[{"@type":"SearchAction","target":{"@type":"EntryPoint","urlTemplate":"https:\/\/brasilnoticias.org\/site\/?s={search_term_string}"},"query-input":{"@type":"PropertyValueSpecification","valueRequired":true,"valueName":"search_term_string"}}],"inLanguage":"pt-PT"},{"@type":"Organization","@id":"https:\/\/brasilnoticias.org\/site\/#organization","name":"Brasil not\u00edcias","url":"https:\/\/brasilnoticias.org\/site\/","logo":{"@type":"ImageObject","inLanguage":"pt-PT","@id":"https:\/\/brasilnoticias.org\/site\/#\/schema\/logo\/image\/","url":"https:\/\/brasilnoticias.org\/site\/wp-content\/uploads\/2022\/05\/cropped-brasilnoticias-mini.jpg","contentUrl":"https:\/\/brasilnoticias.org\/site\/wp-content\/uploads\/2022\/05\/cropped-brasilnoticias-mini.jpg","width":314,"height":86,"caption":"Brasil not\u00edcias"},"image":{"@id":"https:\/\/brasilnoticias.org\/site\/#\/schema\/logo\/image\/"}},{"@type":"Person","@id":"https:\/\/brasilnoticias.org\/site\/#\/schema\/person\/fcb783e56cf2d4837ff34fab5319a5e2","name":"Natane Ramos","image":{"@type":"ImageObject","inLanguage":"pt-PT","@id":"https:\/\/brasilnoticias.org\/site\/#\/schema\/person\/image\/","url":"https:\/\/secure.gravatar.com\/avatar\/?s=96&d=mm&r=g","contentUrl":"https:\/\/secure.gravatar.com\/avatar\/?s=96&d=mm&r=g","caption":"Natane Ramos"},"url":"https:\/\/brasilnoticias.org\/site\/author\/natane_ramos\/"}]}},"_links":{"self":[{"href":"https:\/\/brasilnoticias.org\/site\/wp-json\/wp\/v2\/posts\/18368","targetHints":{"allow":["GET"]}}],"collection":[{"href":"https:\/\/brasilnoticias.org\/site\/wp-json\/wp\/v2\/posts"}],"about":[{"href":"https:\/\/brasilnoticias.org\/site\/wp-json\/wp\/v2\/types\/post"}],"author":[{"embeddable":true,"href":"https:\/\/brasilnoticias.org\/site\/wp-json\/wp\/v2\/users\/7"}],"replies":[{"embeddable":true,"href":"https:\/\/brasilnoticias.org\/site\/wp-json\/wp\/v2\/comments?post=18368"}],"version-history":[{"count":1,"href":"https:\/\/brasilnoticias.org\/site\/wp-json\/wp\/v2\/posts\/18368\/revisions"}],"predecessor-version":[{"id":18370,"href":"https:\/\/brasilnoticias.org\/site\/wp-json\/wp\/v2\/posts\/18368\/revisions\/18370"}],"wp:featuredmedia":[{"embeddable":true,"href":"https:\/\/brasilnoticias.org\/site\/wp-json\/wp\/v2\/media\/18369"}],"wp:attachment":[{"href":"https:\/\/brasilnoticias.org\/site\/wp-json\/wp\/v2\/media?parent=18368"}],"wp:term":[{"taxonomy":"category","embeddable":true,"href":"https:\/\/brasilnoticias.org\/site\/wp-json\/wp\/v2\/categories?post=18368"},{"taxonomy":"post_tag","embeddable":true,"href":"https:\/\/brasilnoticias.org\/site\/wp-json\/wp\/v2\/tags?post=18368"}],"curies":[{"name":"wp","href":"https:\/\/api.w.org\/{rel}","templated":true}]}}