{"id":18378,"date":"2025-10-20T11:19:04","date_gmt":"2025-10-20T14:19:04","guid":{"rendered":"https:\/\/brasilnoticias.org\/site\/?p=18378"},"modified":"2025-10-20T11:19:04","modified_gmt":"2025-10-20T14:19:04","slug":"trindade-destaca-fim-do-medo-da-chuva-durante-entrega-de-contencao-no-bonfim","status":"publish","type":"post","link":"https:\/\/brasilnoticias.org\/site\/trindade-destaca-fim-do-medo-da-chuva-durante-entrega-de-contencao-no-bonfim\/","title":{"rendered":"Trindade destaca fim do medo da chuva durante entrega de conten\u00e7\u00e3o no Bonfim"},"content":{"rendered":"<p>Obra de R$ 2,3 milh\u00f5es e interven\u00e7\u00f5es de urbaniza\u00e7\u00e3o devolvem dignidade ao Mirante do Bonfim e reduzem risco de desastres para 1,1 mil moradores<\/p>\n<p>O governador Jer\u00f4nimo Rodrigues (PT) inaugurou, neste domingo (19), uma nova conten\u00e7\u00e3o de encosta no bairro do Bonfim, em Salvador. A obra, executada pela Conder, contou com investimento superior a R$ 2,3 milh\u00f5es e beneficia cerca de 1,1 mil moradores da comunidade do Mirante do Bonfim. O projeto faz parte do maior programa de preven\u00e7\u00e3o de desastres naturais do pa\u00eds e inclui ainda R$ 1,5 milh\u00e3o em interven\u00e7\u00f5es de urbaniza\u00e7\u00e3o, com a cria\u00e7\u00e3o de um campo de futebol society, pra\u00e7as, mirantes e escadarias.<\/p>\n<p>Durante a entrega, o presidente da Conder, Jos\u00e9 Trindade, destacou o impacto social da interven\u00e7\u00e3o e afirmou que o investimento vai al\u00e9m da conten\u00e7\u00e3o f\u00edsica do solo. \u201cCada centavo investido aqui valeu a pena. Quando falamos dessa obra, n\u00e3o estamos falando apenas de solo grampeado e concreto, mas de urbaniza\u00e7\u00e3o, requalifica\u00e7\u00e3o de escadarias, implanta\u00e7\u00e3o de parques, pra\u00e7as e mirantes. \u00c9 um conjunto de a\u00e7\u00f5es que devolve dignidade, integra as pessoas e transforma o ambiente. Hoje, chuva n\u00e3o \u00e9 mais sin\u00f4nimo de medo\u201d, afirmou.<\/p>\n<p>Jer\u00f4nimo ressaltou o car\u00e1ter transformador do projeto e lembrou que a \u00e1rea antes era marcada pela precariedade. \u201cAqui antes era uma \u00e1rea de palafitas, com esgoto a c\u00e9u aberto vindo da parte de cima do mirante. Fizemos um trabalho de saneamento e esgotamento sanit\u00e1rio com a Embasa, a conten\u00e7\u00e3o das encostas e uma nova \u00e1rea de lazer. \u00c9 um domingo de celebra\u00e7\u00e3o da mudan\u00e7a de vida das pessoas que moram nessa regi\u00e3o\u201d, disse o governador, acompanhado da secret\u00e1ria de Desenvolvimento Urbano, Jusmari Oliveira, e de parlamentares estaduais e federais.<\/p>\n<p>Trindade tamb\u00e9m lembrou que o Bonfim e outras \u00e1reas da Cidade Baixa j\u00e1 vinham recebendo investimentos em gest\u00f5es anteriores, a exemplo da pista de borda que liga a Pedra Furada ao Porto da Lenha e da entrega de 144 unidades habitacionais na regi\u00e3o. \u201cTransformamos a vida das pessoas que moram nessa parte da cidade, melhoramos a mobilidade e garantimos moradia digna para mais de 600 pessoas\u201d, afirmou.<\/p>\n<p>Com o Novo PAC, a Bahia deve receber mais 97 obras de conten\u00e7\u00e3o, totalizando mais de R$ 325 milh\u00f5es em investimentos. \u201cTudo isso \u00e9 resultado de uma parceria vitoriosa entre Bahia e Brasil, fruto do trabalho conjunto do governador Jer\u00f4nimo com o presidente Lula e o ministro Rui Costa\u201d, concluiu o presidente da Conder.<\/p>\n<p>Foto: Gilberto Junior \/ Conder<\/p>\n","protected":false},"excerpt":{"rendered":"<p>Obra de R$ 2,3 milh\u00f5es e interven\u00e7\u00f5es de urbaniza\u00e7\u00e3o devolvem dignidade ao Mirante do Bonfim e reduzem risco de desastres<\/p>\n","protected":false},"author":4,"featured_media":18379,"comment_status":"open","ping_status":"open","sticky":false,"template":"","format":"standard","meta":{"colormag_page_container_layout":"default_layout","colormag_page_sidebar_layout":"default_layout","_FSMCFIC_featured_image_caption":"","_FSMCFIC_featured_image_nocaption":"","_FSMCFIC_featured_image_hide":"","footnotes":""},"categories":[5,1],"tags":[],"class_list":["post-18378","post","type-post","status-publish","format-standard","has-post-thumbnail","hentry","category-politica","category-ultimas"],"yoast_head":"<!-- This site is optimized with the Yoast SEO plugin v27.1.1 - https:\/\/yoast.com\/product\/yoast-seo-wordpress\/ -->\n<title>Trindade destaca fim do medo da chuva durante entrega de conten\u00e7\u00e3o no Bonfim - Brasil not\u00edcias<\/title>\n<meta name=\"robots\" content=\"index, follow, max-snippet:-1, max-image-preview:large, max-video-preview:-1\" \/>\n<link rel=\"canonical\" href=\"https:\/\/brasilnoticias.org\/site\/trindade-destaca-fim-do-medo-da-chuva-durante-entrega-de-contencao-no-bonfim\/\" \/>\n<meta property=\"og:locale\" content=\"pt_PT\" \/>\n<meta property=\"og:type\" content=\"article\" \/>\n<meta property=\"og:title\" content=\"Trindade destaca fim do medo da chuva durante entrega de conten\u00e7\u00e3o no Bonfim - Brasil not\u00edcias\" \/>\n<meta property=\"og:description\" content=\"Obra de R$ 2,3 milh\u00f5es e interven\u00e7\u00f5es de urbaniza\u00e7\u00e3o devolvem dignidade ao Mirante do Bonfim e reduzem risco de desastres\" \/>\n<meta property=\"og:url\" content=\"https:\/\/brasilnoticias.org\/site\/trindade-destaca-fim-do-medo-da-chuva-durante-entrega-de-contencao-no-bonfim\/\" \/>\n<meta property=\"og:site_name\" content=\"Brasil not\u00edcias\" \/>\n<meta property=\"article:published_time\" content=\"2025-10-20T14:19:04+00:00\" \/>\n<meta property=\"og:image\" content=\"https:\/\/brasilnoticias.org\/site\/wp-content\/uploads\/2025\/10\/WhatsApp-Image-2025-10-19-at-11.16.17-1.png\" \/>\n\t<meta property=\"og:image:width\" content=\"1600\" \/>\n\t<meta property=\"og:image:height\" content=\"900\" \/>\n\t<meta property=\"og:image:type\" content=\"image\/png\" \/>\n<meta name=\"author\" content=\"Reda\u00e7\u00e3o\" \/>\n<meta name=\"twitter:card\" content=\"summary_large_image\" \/>\n<meta name=\"twitter:label1\" content=\"Escrito por\" \/>\n\t<meta name=\"twitter:data1\" content=\"Reda\u00e7\u00e3o\" \/>\n\t<meta name=\"twitter:label2\" content=\"Tempo estimado de leitura\" \/>\n\t<meta name=\"twitter:data2\" content=\"1 minuto\" \/>\n<script type=\"application\/ld+json\" class=\"yoast-schema-graph\">{\"@context\":\"https:\/\/schema.org\",\"@graph\":[{\"@type\":\"Article\",\"@id\":\"https:\/\/brasilnoticias.org\/site\/trindade-destaca-fim-do-medo-da-chuva-durante-entrega-de-contencao-no-bonfim\/#article\",\"isPartOf\":{\"@id\":\"https:\/\/brasilnoticias.org\/site\/trindade-destaca-fim-do-medo-da-chuva-durante-entrega-de-contencao-no-bonfim\/\"},\"author\":{\"name\":\"Reda\u00e7\u00e3o\",\"@id\":\"https:\/\/brasilnoticias.org\/site\/#\/schema\/person\/03bbbfe6c7634ad18c26444ea39049fa\"},\"headline\":\"Trindade destaca fim do medo da chuva durante entrega de conten\u00e7\u00e3o no Bonfim\",\"datePublished\":\"2025-10-20T14:19:04+00:00\",\"mainEntityOfPage\":{\"@id\":\"https:\/\/brasilnoticias.org\/site\/trindade-destaca-fim-do-medo-da-chuva-durante-entrega-de-contencao-no-bonfim\/\"},\"wordCount\":444,\"commentCount\":0,\"publisher\":{\"@id\":\"https:\/\/brasilnoticias.org\/site\/#organization\"},\"image\":{\"@id\":\"https:\/\/brasilnoticias.org\/site\/trindade-destaca-fim-do-medo-da-chuva-durante-entrega-de-contencao-no-bonfim\/#primaryimage\"},\"thumbnailUrl\":\"https:\/\/brasilnoticias.org\/site\/wp-content\/uploads\/2025\/10\/WhatsApp-Image-2025-10-19-at-11.16.17-1.png\",\"articleSection\":[\"Pol\u00edtica\",\"\u00daltimas\"],\"inLanguage\":\"pt-PT\",\"potentialAction\":[{\"@type\":\"CommentAction\",\"name\":\"Comment\",\"target\":[\"https:\/\/brasilnoticias.org\/site\/trindade-destaca-fim-do-medo-da-chuva-durante-entrega-de-contencao-no-bonfim\/#respond\"]}]},{\"@type\":\"WebPage\",\"@id\":\"https:\/\/brasilnoticias.org\/site\/trindade-destaca-fim-do-medo-da-chuva-durante-entrega-de-contencao-no-bonfim\/\",\"url\":\"https:\/\/brasilnoticias.org\/site\/trindade-destaca-fim-do-medo-da-chuva-durante-entrega-de-contencao-no-bonfim\/\",\"name\":\"Trindade destaca fim do medo da chuva durante entrega de conten\u00e7\u00e3o no Bonfim - Brasil not\u00edcias\",\"isPartOf\":{\"@id\":\"https:\/\/brasilnoticias.org\/site\/#website\"},\"primaryImageOfPage\":{\"@id\":\"https:\/\/brasilnoticias.org\/site\/trindade-destaca-fim-do-medo-da-chuva-durante-entrega-de-contencao-no-bonfim\/#primaryimage\"},\"image\":{\"@id\":\"https:\/\/brasilnoticias.org\/site\/trindade-destaca-fim-do-medo-da-chuva-durante-entrega-de-contencao-no-bonfim\/#primaryimage\"},\"thumbnailUrl\":\"https:\/\/brasilnoticias.org\/site\/wp-content\/uploads\/2025\/10\/WhatsApp-Image-2025-10-19-at-11.16.17-1.png\",\"datePublished\":\"2025-10-20T14:19:04+00:00\",\"breadcrumb\":{\"@id\":\"https:\/\/brasilnoticias.org\/site\/trindade-destaca-fim-do-medo-da-chuva-durante-entrega-de-contencao-no-bonfim\/#breadcrumb\"},\"inLanguage\":\"pt-PT\",\"potentialAction\":[{\"@type\":\"ReadAction\",\"target\":[\"https:\/\/brasilnoticias.org\/site\/trindade-destaca-fim-do-medo-da-chuva-durante-entrega-de-contencao-no-bonfim\/\"]}]},{\"@type\":\"ImageObject\",\"inLanguage\":\"pt-PT\",\"@id\":\"https:\/\/brasilnoticias.org\/site\/trindade-destaca-fim-do-medo-da-chuva-durante-entrega-de-contencao-no-bonfim\/#primaryimage\",\"url\":\"https:\/\/brasilnoticias.org\/site\/wp-content\/uploads\/2025\/10\/WhatsApp-Image-2025-10-19-at-11.16.17-1.png\",\"contentUrl\":\"https:\/\/brasilnoticias.org\/site\/wp-content\/uploads\/2025\/10\/WhatsApp-Image-2025-10-19-at-11.16.17-1.png\",\"width\":1600,\"height\":900},{\"@type\":\"BreadcrumbList\",\"@id\":\"https:\/\/brasilnoticias.org\/site\/trindade-destaca-fim-do-medo-da-chuva-durante-entrega-de-contencao-no-bonfim\/#breadcrumb\",\"itemListElement\":[{\"@type\":\"ListItem\",\"position\":1,\"name\":\"In\u00edcio\",\"item\":\"https:\/\/brasilnoticias.org\/site\/\"},{\"@type\":\"ListItem\",\"position\":2,\"name\":\"Trindade destaca fim do medo da chuva durante entrega de conten\u00e7\u00e3o no Bonfim\"}]},{\"@type\":\"WebSite\",\"@id\":\"https:\/\/brasilnoticias.org\/site\/#website\",\"url\":\"https:\/\/brasilnoticias.org\/site\/\",\"name\":\"Brasil not\u00edcias\",\"description\":\"Brasil not\u00edcias\",\"publisher\":{\"@id\":\"https:\/\/brasilnoticias.org\/site\/#organization\"},\"potentialAction\":[{\"@type\":\"SearchAction\",\"target\":{\"@type\":\"EntryPoint\",\"urlTemplate\":\"https:\/\/brasilnoticias.org\/site\/?s={search_term_string}\"},\"query-input\":{\"@type\":\"PropertyValueSpecification\",\"valueRequired\":true,\"valueName\":\"search_term_string\"}}],\"inLanguage\":\"pt-PT\"},{\"@type\":\"Organization\",\"@id\":\"https:\/\/brasilnoticias.org\/site\/#organization\",\"name\":\"Brasil not\u00edcias\",\"url\":\"https:\/\/brasilnoticias.org\/site\/\",\"logo\":{\"@type\":\"ImageObject\",\"inLanguage\":\"pt-PT\",\"@id\":\"https:\/\/brasilnoticias.org\/site\/#\/schema\/logo\/image\/\",\"url\":\"https:\/\/brasilnoticias.org\/site\/wp-content\/uploads\/2022\/05\/cropped-brasilnoticias-mini.jpg\",\"contentUrl\":\"https:\/\/brasilnoticias.org\/site\/wp-content\/uploads\/2022\/05\/cropped-brasilnoticias-mini.jpg\",\"width\":314,\"height\":86,\"caption\":\"Brasil not\u00edcias\"},\"image\":{\"@id\":\"https:\/\/brasilnoticias.org\/site\/#\/schema\/logo\/image\/\"}},{\"@type\":\"Person\",\"@id\":\"https:\/\/brasilnoticias.org\/site\/#\/schema\/person\/03bbbfe6c7634ad18c26444ea39049fa\",\"name\":\"Reda\u00e7\u00e3o\",\"image\":{\"@type\":\"ImageObject\",\"inLanguage\":\"pt-PT\",\"@id\":\"https:\/\/brasilnoticias.org\/site\/#\/schema\/person\/image\/\",\"url\":\"https:\/\/secure.gravatar.com\/avatar\/9ecaf7327a696cb23ad926fedded5f1f04d7049de9e445375d55b48c001a6e42?s=96&d=mm&r=g\",\"contentUrl\":\"https:\/\/secure.gravatar.com\/avatar\/9ecaf7327a696cb23ad926fedded5f1f04d7049de9e445375d55b48c001a6e42?s=96&d=mm&r=g\",\"caption\":\"Reda\u00e7\u00e3o\"},\"url\":\"https:\/\/brasilnoticias.org\/site\/author\/henrique\/\"}]}<\/script>\n<!-- \/ Yoast SEO plugin. -->","yoast_head_json":{"title":"Trindade destaca fim do medo da chuva durante entrega de conten\u00e7\u00e3o no Bonfim - Brasil not\u00edcias","robots":{"index":"index","follow":"follow","max-snippet":"max-snippet:-1","max-image-preview":"max-image-preview:large","max-video-preview":"max-video-preview:-1"},"canonical":"https:\/\/brasilnoticias.org\/site\/trindade-destaca-fim-do-medo-da-chuva-durante-entrega-de-contencao-no-bonfim\/","og_locale":"pt_PT","og_type":"article","og_title":"Trindade destaca fim do medo da chuva durante entrega de conten\u00e7\u00e3o no Bonfim - Brasil not\u00edcias","og_description":"Obra de R$ 2,3 milh\u00f5es e interven\u00e7\u00f5es de urbaniza\u00e7\u00e3o devolvem dignidade ao Mirante do Bonfim e reduzem risco de desastres","og_url":"https:\/\/brasilnoticias.org\/site\/trindade-destaca-fim-do-medo-da-chuva-durante-entrega-de-contencao-no-bonfim\/","og_site_name":"Brasil not\u00edcias","article_published_time":"2025-10-20T14:19:04+00:00","og_image":[{"width":1600,"height":900,"url":"https:\/\/brasilnoticias.org\/site\/wp-content\/uploads\/2025\/10\/WhatsApp-Image-2025-10-19-at-11.16.17-1.png","type":"image\/png"}],"author":"Reda\u00e7\u00e3o","twitter_card":"summary_large_image","twitter_misc":{"Escrito por":"Reda\u00e7\u00e3o","Tempo estimado de leitura":"1 minuto"},"schema":{"@context":"https:\/\/schema.org","@graph":[{"@type":"Article","@id":"https:\/\/brasilnoticias.org\/site\/trindade-destaca-fim-do-medo-da-chuva-durante-entrega-de-contencao-no-bonfim\/#article","isPartOf":{"@id":"https:\/\/brasilnoticias.org\/site\/trindade-destaca-fim-do-medo-da-chuva-durante-entrega-de-contencao-no-bonfim\/"},"author":{"name":"Reda\u00e7\u00e3o","@id":"https:\/\/brasilnoticias.org\/site\/#\/schema\/person\/03bbbfe6c7634ad18c26444ea39049fa"},"headline":"Trindade destaca fim do medo da chuva durante entrega de conten\u00e7\u00e3o no Bonfim","datePublished":"2025-10-20T14:19:04+00:00","mainEntityOfPage":{"@id":"https:\/\/brasilnoticias.org\/site\/trindade-destaca-fim-do-medo-da-chuva-durante-entrega-de-contencao-no-bonfim\/"},"wordCount":444,"commentCount":0,"publisher":{"@id":"https:\/\/brasilnoticias.org\/site\/#organization"},"image":{"@id":"https:\/\/brasilnoticias.org\/site\/trindade-destaca-fim-do-medo-da-chuva-durante-entrega-de-contencao-no-bonfim\/#primaryimage"},"thumbnailUrl":"https:\/\/brasilnoticias.org\/site\/wp-content\/uploads\/2025\/10\/WhatsApp-Image-2025-10-19-at-11.16.17-1.png","articleSection":["Pol\u00edtica","\u00daltimas"],"inLanguage":"pt-PT","potentialAction":[{"@type":"CommentAction","name":"Comment","target":["https:\/\/brasilnoticias.org\/site\/trindade-destaca-fim-do-medo-da-chuva-durante-entrega-de-contencao-no-bonfim\/#respond"]}]},{"@type":"WebPage","@id":"https:\/\/brasilnoticias.org\/site\/trindade-destaca-fim-do-medo-da-chuva-durante-entrega-de-contencao-no-bonfim\/","url":"https:\/\/brasilnoticias.org\/site\/trindade-destaca-fim-do-medo-da-chuva-durante-entrega-de-contencao-no-bonfim\/","name":"Trindade destaca fim do medo da chuva durante entrega de conten\u00e7\u00e3o no Bonfim - Brasil not\u00edcias","isPartOf":{"@id":"https:\/\/brasilnoticias.org\/site\/#website"},"primaryImageOfPage":{"@id":"https:\/\/brasilnoticias.org\/site\/trindade-destaca-fim-do-medo-da-chuva-durante-entrega-de-contencao-no-bonfim\/#primaryimage"},"image":{"@id":"https:\/\/brasilnoticias.org\/site\/trindade-destaca-fim-do-medo-da-chuva-durante-entrega-de-contencao-no-bonfim\/#primaryimage"},"thumbnailUrl":"https:\/\/brasilnoticias.org\/site\/wp-content\/uploads\/2025\/10\/WhatsApp-Image-2025-10-19-at-11.16.17-1.png","datePublished":"2025-10-20T14:19:04+00:00","breadcrumb":{"@id":"https:\/\/brasilnoticias.org\/site\/trindade-destaca-fim-do-medo-da-chuva-durante-entrega-de-contencao-no-bonfim\/#breadcrumb"},"inLanguage":"pt-PT","potentialAction":[{"@type":"ReadAction","target":["https:\/\/brasilnoticias.org\/site\/trindade-destaca-fim-do-medo-da-chuva-durante-entrega-de-contencao-no-bonfim\/"]}]},{"@type":"ImageObject","inLanguage":"pt-PT","@id":"https:\/\/brasilnoticias.org\/site\/trindade-destaca-fim-do-medo-da-chuva-durante-entrega-de-contencao-no-bonfim\/#primaryimage","url":"https:\/\/brasilnoticias.org\/site\/wp-content\/uploads\/2025\/10\/WhatsApp-Image-2025-10-19-at-11.16.17-1.png","contentUrl":"https:\/\/brasilnoticias.org\/site\/wp-content\/uploads\/2025\/10\/WhatsApp-Image-2025-10-19-at-11.16.17-1.png","width":1600,"height":900},{"@type":"BreadcrumbList","@id":"https:\/\/brasilnoticias.org\/site\/trindade-destaca-fim-do-medo-da-chuva-durante-entrega-de-contencao-no-bonfim\/#breadcrumb","itemListElement":[{"@type":"ListItem","position":1,"name":"In\u00edcio","item":"https:\/\/brasilnoticias.org\/site\/"},{"@type":"ListItem","position":2,"name":"Trindade destaca fim do medo da chuva durante entrega de conten\u00e7\u00e3o no Bonfim"}]},{"@type":"WebSite","@id":"https:\/\/brasilnoticias.org\/site\/#website","url":"https:\/\/brasilnoticias.org\/site\/","name":"Brasil not\u00edcias","description":"Brasil not\u00edcias","publisher":{"@id":"https:\/\/brasilnoticias.org\/site\/#organization"},"potentialAction":[{"@type":"SearchAction","target":{"@type":"EntryPoint","urlTemplate":"https:\/\/brasilnoticias.org\/site\/?s={search_term_string}"},"query-input":{"@type":"PropertyValueSpecification","valueRequired":true,"valueName":"search_term_string"}}],"inLanguage":"pt-PT"},{"@type":"Organization","@id":"https:\/\/brasilnoticias.org\/site\/#organization","name":"Brasil not\u00edcias","url":"https:\/\/brasilnoticias.org\/site\/","logo":{"@type":"ImageObject","inLanguage":"pt-PT","@id":"https:\/\/brasilnoticias.org\/site\/#\/schema\/logo\/image\/","url":"https:\/\/brasilnoticias.org\/site\/wp-content\/uploads\/2022\/05\/cropped-brasilnoticias-mini.jpg","contentUrl":"https:\/\/brasilnoticias.org\/site\/wp-content\/uploads\/2022\/05\/cropped-brasilnoticias-mini.jpg","width":314,"height":86,"caption":"Brasil not\u00edcias"},"image":{"@id":"https:\/\/brasilnoticias.org\/site\/#\/schema\/logo\/image\/"}},{"@type":"Person","@id":"https:\/\/brasilnoticias.org\/site\/#\/schema\/person\/03bbbfe6c7634ad18c26444ea39049fa","name":"Reda\u00e7\u00e3o","image":{"@type":"ImageObject","inLanguage":"pt-PT","@id":"https:\/\/brasilnoticias.org\/site\/#\/schema\/person\/image\/","url":"https:\/\/secure.gravatar.com\/avatar\/9ecaf7327a696cb23ad926fedded5f1f04d7049de9e445375d55b48c001a6e42?s=96&d=mm&r=g","contentUrl":"https:\/\/secure.gravatar.com\/avatar\/9ecaf7327a696cb23ad926fedded5f1f04d7049de9e445375d55b48c001a6e42?s=96&d=mm&r=g","caption":"Reda\u00e7\u00e3o"},"url":"https:\/\/brasilnoticias.org\/site\/author\/henrique\/"}]}},"_links":{"self":[{"href":"https:\/\/brasilnoticias.org\/site\/wp-json\/wp\/v2\/posts\/18378","targetHints":{"allow":["GET"]}}],"collection":[{"href":"https:\/\/brasilnoticias.org\/site\/wp-json\/wp\/v2\/posts"}],"about":[{"href":"https:\/\/brasilnoticias.org\/site\/wp-json\/wp\/v2\/types\/post"}],"author":[{"embeddable":true,"href":"https:\/\/brasilnoticias.org\/site\/wp-json\/wp\/v2\/users\/4"}],"replies":[{"embeddable":true,"href":"https:\/\/brasilnoticias.org\/site\/wp-json\/wp\/v2\/comments?post=18378"}],"version-history":[{"count":1,"href":"https:\/\/brasilnoticias.org\/site\/wp-json\/wp\/v2\/posts\/18378\/revisions"}],"predecessor-version":[{"id":18380,"href":"https:\/\/brasilnoticias.org\/site\/wp-json\/wp\/v2\/posts\/18378\/revisions\/18380"}],"wp:featuredmedia":[{"embeddable":true,"href":"https:\/\/brasilnoticias.org\/site\/wp-json\/wp\/v2\/media\/18379"}],"wp:attachment":[{"href":"https:\/\/brasilnoticias.org\/site\/wp-json\/wp\/v2\/media?parent=18378"}],"wp:term":[{"taxonomy":"category","embeddable":true,"href":"https:\/\/brasilnoticias.org\/site\/wp-json\/wp\/v2\/categories?post=18378"},{"taxonomy":"post_tag","embeddable":true,"href":"https:\/\/brasilnoticias.org\/site\/wp-json\/wp\/v2\/tags?post=18378"}],"curies":[{"name":"wp","href":"https:\/\/api.w.org\/{rel}","templated":true}]}}