{"id":18387,"date":"2025-10-20T21:57:09","date_gmt":"2025-10-21T00:57:09","guid":{"rendered":"https:\/\/brasilnoticias.org\/site\/?p=18387"},"modified":"2025-10-20T21:57:09","modified_gmt":"2025-10-21T00:57:09","slug":"a-fazenda-17-gabriela-spanic-da-tapa-em-tamires-e-pede-para-sair-do-reality","status":"publish","type":"post","link":"https:\/\/brasilnoticias.org\/site\/a-fazenda-17-gabriela-spanic-da-tapa-em-tamires-e-pede-para-sair-do-reality\/","title":{"rendered":"A Fazenda 17: Gabriela Spanic d\u00e1 tapa em Tamires e pede para sair do reality"},"content":{"rendered":"<div>\n<p>Na noite deste domingo (19), Gabriela Spanic<\/a> deu um tapa no rosto de Tamires Assis enquanto tentava fazer um discurso para a ex-namorada de Davi Brito entender que precisava se defender. Logo ap\u00f3s, a famosa pediu para sair de &#8216;A Fazenda 17&#8217;, chocando os espectadores.<\/p>\n<p>Na cena, Gaby aparece dando um tapa no rosto de Tamires<\/a> e logo ap\u00f3s pedindo para ela revidar o golpe. A cena chocou os participantes do programa, que n\u00e3o entenderam a atitude da atriz.<\/p>\n<p>Nas redes sociais, os internautas comentaram a cena inusitada. &#8220;Pensei que elas estavam brigando, mas ela tava defendendo a tamires e foi uma encena\u00e7\u00e3o? que loucura&#8221;, disse uma usu\u00e1ria do X (antigo Twitter). &#8220;Gente desculpa mais isso foi, Absolutamente Cinema&#8221;, declarou outro. &#8220;Ela vai entrar pra hist\u00f3ria&#8221;, disse a terceira pessoa.<\/p>\n<blockquote class=\"twitter-tweet\">\n<p dir=\"ltr\" lang=\"pt\">Gaby Spanic fez discurso para defender Tamiris e deu um tapa na cara dela, dizendo que ela tem que defender, MEU DEUS. #AFazenda<\/a> pic.twitter.com\/pbrtLFWFIJ<\/a><\/p>\n<p>&#013;<br \/>\n\u2014 jeff mattias (@jeffmattias) October 20, 2025<\/a><\/p><\/blockquote><\/div>\n","protected":false},"excerpt":{"rendered":"<p>Na noite deste domingo (19), Gabriela Spanic deu um tapa no rosto de Tamires Assis enquanto tentava fazer um discurso<\/p>\n","protected":false},"author":7,"featured_media":18388,"comment_status":"open","ping_status":"open","sticky":false,"template":"","format":"standard","meta":{"colormag_page_container_layout":"default_layout","colormag_page_sidebar_layout":"default_layout","_FSMCFIC_featured_image_caption":"","_FSMCFIC_featured_image_nocaption":"","_FSMCFIC_featured_image_hide":"","footnotes":""},"categories":[1],"tags":[],"class_list":["post-18387","post","type-post","status-publish","format-standard","has-post-thumbnail","hentry","category-ultimas"],"yoast_head":"<!-- This site is optimized with the Yoast SEO plugin v27.1.1 - https:\/\/yoast.com\/product\/yoast-seo-wordpress\/ -->\n<title>A Fazenda 17: Gabriela Spanic d\u00e1 tapa em Tamires e pede para sair do reality - Brasil not\u00edcias<\/title>\n<meta name=\"robots\" content=\"index, follow, max-snippet:-1, max-image-preview:large, max-video-preview:-1\" \/>\n<link rel=\"canonical\" href=\"https:\/\/brasilnoticias.org\/site\/a-fazenda-17-gabriela-spanic-da-tapa-em-tamires-e-pede-para-sair-do-reality\/\" \/>\n<meta property=\"og:locale\" content=\"pt_PT\" \/>\n<meta property=\"og:type\" content=\"article\" \/>\n<meta property=\"og:title\" content=\"A Fazenda 17: Gabriela Spanic d\u00e1 tapa em Tamires e pede para sair do reality - Brasil not\u00edcias\" \/>\n<meta property=\"og:description\" content=\"Na noite deste domingo (19), Gabriela Spanic deu um tapa no rosto de Tamires Assis enquanto tentava fazer um discurso\" \/>\n<meta property=\"og:url\" content=\"https:\/\/brasilnoticias.org\/site\/a-fazenda-17-gabriela-spanic-da-tapa-em-tamires-e-pede-para-sair-do-reality\/\" \/>\n<meta property=\"og:site_name\" content=\"Brasil not\u00edcias\" \/>\n<meta property=\"article:published_time\" content=\"2025-10-21T00:57:09+00:00\" \/>\n<meta property=\"og:image\" content=\"https:\/\/brasilnoticias.org\/site\/wp-content\/uploads\/2025\/10\/copia-de-capa-posts-12_nt3t23wr_widelg.jpg\" \/>\n\t<meta property=\"og:image:width\" content=\"800\" \/>\n\t<meta property=\"og:image:height\" content=\"450\" \/>\n\t<meta property=\"og:image:type\" content=\"image\/jpeg\" \/>\n<meta name=\"author\" content=\"Natane Ramos\" \/>\n<meta name=\"twitter:card\" content=\"summary_large_image\" \/>\n<meta name=\"twitter:label1\" content=\"Escrito por\" \/>\n\t<meta name=\"twitter:data1\" content=\"Natane Ramos\" \/>\n\t<meta name=\"twitter:label2\" content=\"Tempo estimado de leitura\" \/>\n\t<meta name=\"twitter:data2\" content=\"1 minuto\" \/>\n<script type=\"application\/ld+json\" class=\"yoast-schema-graph\">{\"@context\":\"https:\/\/schema.org\",\"@graph\":[{\"@type\":\"Article\",\"@id\":\"https:\/\/brasilnoticias.org\/site\/a-fazenda-17-gabriela-spanic-da-tapa-em-tamires-e-pede-para-sair-do-reality\/#article\",\"isPartOf\":{\"@id\":\"https:\/\/brasilnoticias.org\/site\/a-fazenda-17-gabriela-spanic-da-tapa-em-tamires-e-pede-para-sair-do-reality\/\"},\"author\":{\"name\":\"Natane Ramos\",\"@id\":\"https:\/\/brasilnoticias.org\/site\/#\/schema\/person\/fcb783e56cf2d4837ff34fab5319a5e2\"},\"headline\":\"A Fazenda 17: Gabriela Spanic d\u00e1 tapa em Tamires e pede para sair do reality\",\"datePublished\":\"2025-10-21T00:57:09+00:00\",\"mainEntityOfPage\":{\"@id\":\"https:\/\/brasilnoticias.org\/site\/a-fazenda-17-gabriela-spanic-da-tapa-em-tamires-e-pede-para-sair-do-reality\/\"},\"wordCount\":180,\"commentCount\":0,\"publisher\":{\"@id\":\"https:\/\/brasilnoticias.org\/site\/#organization\"},\"image\":{\"@id\":\"https:\/\/brasilnoticias.org\/site\/a-fazenda-17-gabriela-spanic-da-tapa-em-tamires-e-pede-para-sair-do-reality\/#primaryimage\"},\"thumbnailUrl\":\"https:\/\/brasilnoticias.org\/site\/wp-content\/uploads\/2025\/10\/copia-de-capa-posts-12_nt3t23wr_widelg.jpg\",\"articleSection\":[\"\u00daltimas\"],\"inLanguage\":\"pt-PT\",\"potentialAction\":[{\"@type\":\"CommentAction\",\"name\":\"Comment\",\"target\":[\"https:\/\/brasilnoticias.org\/site\/a-fazenda-17-gabriela-spanic-da-tapa-em-tamires-e-pede-para-sair-do-reality\/#respond\"]}]},{\"@type\":\"WebPage\",\"@id\":\"https:\/\/brasilnoticias.org\/site\/a-fazenda-17-gabriela-spanic-da-tapa-em-tamires-e-pede-para-sair-do-reality\/\",\"url\":\"https:\/\/brasilnoticias.org\/site\/a-fazenda-17-gabriela-spanic-da-tapa-em-tamires-e-pede-para-sair-do-reality\/\",\"name\":\"A Fazenda 17: Gabriela Spanic d\u00e1 tapa em Tamires e pede para sair do reality - Brasil not\u00edcias\",\"isPartOf\":{\"@id\":\"https:\/\/brasilnoticias.org\/site\/#website\"},\"primaryImageOfPage\":{\"@id\":\"https:\/\/brasilnoticias.org\/site\/a-fazenda-17-gabriela-spanic-da-tapa-em-tamires-e-pede-para-sair-do-reality\/#primaryimage\"},\"image\":{\"@id\":\"https:\/\/brasilnoticias.org\/site\/a-fazenda-17-gabriela-spanic-da-tapa-em-tamires-e-pede-para-sair-do-reality\/#primaryimage\"},\"thumbnailUrl\":\"https:\/\/brasilnoticias.org\/site\/wp-content\/uploads\/2025\/10\/copia-de-capa-posts-12_nt3t23wr_widelg.jpg\",\"datePublished\":\"2025-10-21T00:57:09+00:00\",\"breadcrumb\":{\"@id\":\"https:\/\/brasilnoticias.org\/site\/a-fazenda-17-gabriela-spanic-da-tapa-em-tamires-e-pede-para-sair-do-reality\/#breadcrumb\"},\"inLanguage\":\"pt-PT\",\"potentialAction\":[{\"@type\":\"ReadAction\",\"target\":[\"https:\/\/brasilnoticias.org\/site\/a-fazenda-17-gabriela-spanic-da-tapa-em-tamires-e-pede-para-sair-do-reality\/\"]}]},{\"@type\":\"ImageObject\",\"inLanguage\":\"pt-PT\",\"@id\":\"https:\/\/brasilnoticias.org\/site\/a-fazenda-17-gabriela-spanic-da-tapa-em-tamires-e-pede-para-sair-do-reality\/#primaryimage\",\"url\":\"https:\/\/brasilnoticias.org\/site\/wp-content\/uploads\/2025\/10\/copia-de-capa-posts-12_nt3t23wr_widelg.jpg\",\"contentUrl\":\"https:\/\/brasilnoticias.org\/site\/wp-content\/uploads\/2025\/10\/copia-de-capa-posts-12_nt3t23wr_widelg.jpg\",\"width\":800,\"height\":450,\"caption\":\"A Fazenda 17: Gabriela Spanic d\u00e1 tapa em Tamires e pede para sair do reality\"},{\"@type\":\"BreadcrumbList\",\"@id\":\"https:\/\/brasilnoticias.org\/site\/a-fazenda-17-gabriela-spanic-da-tapa-em-tamires-e-pede-para-sair-do-reality\/#breadcrumb\",\"itemListElement\":[{\"@type\":\"ListItem\",\"position\":1,\"name\":\"In\u00edcio\",\"item\":\"https:\/\/brasilnoticias.org\/site\/\"},{\"@type\":\"ListItem\",\"position\":2,\"name\":\"A Fazenda 17: Gabriela Spanic d\u00e1 tapa em Tamires e pede para sair do reality\"}]},{\"@type\":\"WebSite\",\"@id\":\"https:\/\/brasilnoticias.org\/site\/#website\",\"url\":\"https:\/\/brasilnoticias.org\/site\/\",\"name\":\"Brasil not\u00edcias\",\"description\":\"Brasil not\u00edcias\",\"publisher\":{\"@id\":\"https:\/\/brasilnoticias.org\/site\/#organization\"},\"potentialAction\":[{\"@type\":\"SearchAction\",\"target\":{\"@type\":\"EntryPoint\",\"urlTemplate\":\"https:\/\/brasilnoticias.org\/site\/?s={search_term_string}\"},\"query-input\":{\"@type\":\"PropertyValueSpecification\",\"valueRequired\":true,\"valueName\":\"search_term_string\"}}],\"inLanguage\":\"pt-PT\"},{\"@type\":\"Organization\",\"@id\":\"https:\/\/brasilnoticias.org\/site\/#organization\",\"name\":\"Brasil not\u00edcias\",\"url\":\"https:\/\/brasilnoticias.org\/site\/\",\"logo\":{\"@type\":\"ImageObject\",\"inLanguage\":\"pt-PT\",\"@id\":\"https:\/\/brasilnoticias.org\/site\/#\/schema\/logo\/image\/\",\"url\":\"https:\/\/brasilnoticias.org\/site\/wp-content\/uploads\/2022\/05\/cropped-brasilnoticias-mini.jpg\",\"contentUrl\":\"https:\/\/brasilnoticias.org\/site\/wp-content\/uploads\/2022\/05\/cropped-brasilnoticias-mini.jpg\",\"width\":314,\"height\":86,\"caption\":\"Brasil not\u00edcias\"},\"image\":{\"@id\":\"https:\/\/brasilnoticias.org\/site\/#\/schema\/logo\/image\/\"}},{\"@type\":\"Person\",\"@id\":\"https:\/\/brasilnoticias.org\/site\/#\/schema\/person\/fcb783e56cf2d4837ff34fab5319a5e2\",\"name\":\"Natane Ramos\",\"image\":{\"@type\":\"ImageObject\",\"inLanguage\":\"pt-PT\",\"@id\":\"https:\/\/brasilnoticias.org\/site\/#\/schema\/person\/image\/\",\"url\":\"https:\/\/secure.gravatar.com\/avatar\/?s=96&d=mm&r=g\",\"contentUrl\":\"https:\/\/secure.gravatar.com\/avatar\/?s=96&d=mm&r=g\",\"caption\":\"Natane Ramos\"},\"url\":\"https:\/\/brasilnoticias.org\/site\/author\/natane_ramos\/\"}]}<\/script>\n<!-- \/ Yoast SEO plugin. -->","yoast_head_json":{"title":"A Fazenda 17: Gabriela Spanic d\u00e1 tapa em Tamires e pede para sair do reality - Brasil not\u00edcias","robots":{"index":"index","follow":"follow","max-snippet":"max-snippet:-1","max-image-preview":"max-image-preview:large","max-video-preview":"max-video-preview:-1"},"canonical":"https:\/\/brasilnoticias.org\/site\/a-fazenda-17-gabriela-spanic-da-tapa-em-tamires-e-pede-para-sair-do-reality\/","og_locale":"pt_PT","og_type":"article","og_title":"A Fazenda 17: Gabriela Spanic d\u00e1 tapa em Tamires e pede para sair do reality - Brasil not\u00edcias","og_description":"Na noite deste domingo (19), Gabriela Spanic deu um tapa no rosto de Tamires Assis enquanto tentava fazer um discurso","og_url":"https:\/\/brasilnoticias.org\/site\/a-fazenda-17-gabriela-spanic-da-tapa-em-tamires-e-pede-para-sair-do-reality\/","og_site_name":"Brasil not\u00edcias","article_published_time":"2025-10-21T00:57:09+00:00","og_image":[{"width":800,"height":450,"url":"https:\/\/brasilnoticias.org\/site\/wp-content\/uploads\/2025\/10\/copia-de-capa-posts-12_nt3t23wr_widelg.jpg","type":"image\/jpeg"}],"author":"Natane Ramos","twitter_card":"summary_large_image","twitter_misc":{"Escrito por":"Natane Ramos","Tempo estimado de leitura":"1 minuto"},"schema":{"@context":"https:\/\/schema.org","@graph":[{"@type":"Article","@id":"https:\/\/brasilnoticias.org\/site\/a-fazenda-17-gabriela-spanic-da-tapa-em-tamires-e-pede-para-sair-do-reality\/#article","isPartOf":{"@id":"https:\/\/brasilnoticias.org\/site\/a-fazenda-17-gabriela-spanic-da-tapa-em-tamires-e-pede-para-sair-do-reality\/"},"author":{"name":"Natane Ramos","@id":"https:\/\/brasilnoticias.org\/site\/#\/schema\/person\/fcb783e56cf2d4837ff34fab5319a5e2"},"headline":"A Fazenda 17: Gabriela Spanic d\u00e1 tapa em Tamires e pede para sair do reality","datePublished":"2025-10-21T00:57:09+00:00","mainEntityOfPage":{"@id":"https:\/\/brasilnoticias.org\/site\/a-fazenda-17-gabriela-spanic-da-tapa-em-tamires-e-pede-para-sair-do-reality\/"},"wordCount":180,"commentCount":0,"publisher":{"@id":"https:\/\/brasilnoticias.org\/site\/#organization"},"image":{"@id":"https:\/\/brasilnoticias.org\/site\/a-fazenda-17-gabriela-spanic-da-tapa-em-tamires-e-pede-para-sair-do-reality\/#primaryimage"},"thumbnailUrl":"https:\/\/brasilnoticias.org\/site\/wp-content\/uploads\/2025\/10\/copia-de-capa-posts-12_nt3t23wr_widelg.jpg","articleSection":["\u00daltimas"],"inLanguage":"pt-PT","potentialAction":[{"@type":"CommentAction","name":"Comment","target":["https:\/\/brasilnoticias.org\/site\/a-fazenda-17-gabriela-spanic-da-tapa-em-tamires-e-pede-para-sair-do-reality\/#respond"]}]},{"@type":"WebPage","@id":"https:\/\/brasilnoticias.org\/site\/a-fazenda-17-gabriela-spanic-da-tapa-em-tamires-e-pede-para-sair-do-reality\/","url":"https:\/\/brasilnoticias.org\/site\/a-fazenda-17-gabriela-spanic-da-tapa-em-tamires-e-pede-para-sair-do-reality\/","name":"A Fazenda 17: Gabriela Spanic d\u00e1 tapa em Tamires e pede para sair do reality - Brasil not\u00edcias","isPartOf":{"@id":"https:\/\/brasilnoticias.org\/site\/#website"},"primaryImageOfPage":{"@id":"https:\/\/brasilnoticias.org\/site\/a-fazenda-17-gabriela-spanic-da-tapa-em-tamires-e-pede-para-sair-do-reality\/#primaryimage"},"image":{"@id":"https:\/\/brasilnoticias.org\/site\/a-fazenda-17-gabriela-spanic-da-tapa-em-tamires-e-pede-para-sair-do-reality\/#primaryimage"},"thumbnailUrl":"https:\/\/brasilnoticias.org\/site\/wp-content\/uploads\/2025\/10\/copia-de-capa-posts-12_nt3t23wr_widelg.jpg","datePublished":"2025-10-21T00:57:09+00:00","breadcrumb":{"@id":"https:\/\/brasilnoticias.org\/site\/a-fazenda-17-gabriela-spanic-da-tapa-em-tamires-e-pede-para-sair-do-reality\/#breadcrumb"},"inLanguage":"pt-PT","potentialAction":[{"@type":"ReadAction","target":["https:\/\/brasilnoticias.org\/site\/a-fazenda-17-gabriela-spanic-da-tapa-em-tamires-e-pede-para-sair-do-reality\/"]}]},{"@type":"ImageObject","inLanguage":"pt-PT","@id":"https:\/\/brasilnoticias.org\/site\/a-fazenda-17-gabriela-spanic-da-tapa-em-tamires-e-pede-para-sair-do-reality\/#primaryimage","url":"https:\/\/brasilnoticias.org\/site\/wp-content\/uploads\/2025\/10\/copia-de-capa-posts-12_nt3t23wr_widelg.jpg","contentUrl":"https:\/\/brasilnoticias.org\/site\/wp-content\/uploads\/2025\/10\/copia-de-capa-posts-12_nt3t23wr_widelg.jpg","width":800,"height":450,"caption":"A Fazenda 17: Gabriela Spanic d\u00e1 tapa em Tamires e pede para sair do reality"},{"@type":"BreadcrumbList","@id":"https:\/\/brasilnoticias.org\/site\/a-fazenda-17-gabriela-spanic-da-tapa-em-tamires-e-pede-para-sair-do-reality\/#breadcrumb","itemListElement":[{"@type":"ListItem","position":1,"name":"In\u00edcio","item":"https:\/\/brasilnoticias.org\/site\/"},{"@type":"ListItem","position":2,"name":"A Fazenda 17: Gabriela Spanic d\u00e1 tapa em Tamires e pede para sair do reality"}]},{"@type":"WebSite","@id":"https:\/\/brasilnoticias.org\/site\/#website","url":"https:\/\/brasilnoticias.org\/site\/","name":"Brasil not\u00edcias","description":"Brasil not\u00edcias","publisher":{"@id":"https:\/\/brasilnoticias.org\/site\/#organization"},"potentialAction":[{"@type":"SearchAction","target":{"@type":"EntryPoint","urlTemplate":"https:\/\/brasilnoticias.org\/site\/?s={search_term_string}"},"query-input":{"@type":"PropertyValueSpecification","valueRequired":true,"valueName":"search_term_string"}}],"inLanguage":"pt-PT"},{"@type":"Organization","@id":"https:\/\/brasilnoticias.org\/site\/#organization","name":"Brasil not\u00edcias","url":"https:\/\/brasilnoticias.org\/site\/","logo":{"@type":"ImageObject","inLanguage":"pt-PT","@id":"https:\/\/brasilnoticias.org\/site\/#\/schema\/logo\/image\/","url":"https:\/\/brasilnoticias.org\/site\/wp-content\/uploads\/2022\/05\/cropped-brasilnoticias-mini.jpg","contentUrl":"https:\/\/brasilnoticias.org\/site\/wp-content\/uploads\/2022\/05\/cropped-brasilnoticias-mini.jpg","width":314,"height":86,"caption":"Brasil not\u00edcias"},"image":{"@id":"https:\/\/brasilnoticias.org\/site\/#\/schema\/logo\/image\/"}},{"@type":"Person","@id":"https:\/\/brasilnoticias.org\/site\/#\/schema\/person\/fcb783e56cf2d4837ff34fab5319a5e2","name":"Natane Ramos","image":{"@type":"ImageObject","inLanguage":"pt-PT","@id":"https:\/\/brasilnoticias.org\/site\/#\/schema\/person\/image\/","url":"https:\/\/secure.gravatar.com\/avatar\/?s=96&d=mm&r=g","contentUrl":"https:\/\/secure.gravatar.com\/avatar\/?s=96&d=mm&r=g","caption":"Natane Ramos"},"url":"https:\/\/brasilnoticias.org\/site\/author\/natane_ramos\/"}]}},"_links":{"self":[{"href":"https:\/\/brasilnoticias.org\/site\/wp-json\/wp\/v2\/posts\/18387","targetHints":{"allow":["GET"]}}],"collection":[{"href":"https:\/\/brasilnoticias.org\/site\/wp-json\/wp\/v2\/posts"}],"about":[{"href":"https:\/\/brasilnoticias.org\/site\/wp-json\/wp\/v2\/types\/post"}],"author":[{"embeddable":true,"href":"https:\/\/brasilnoticias.org\/site\/wp-json\/wp\/v2\/users\/7"}],"replies":[{"embeddable":true,"href":"https:\/\/brasilnoticias.org\/site\/wp-json\/wp\/v2\/comments?post=18387"}],"version-history":[{"count":1,"href":"https:\/\/brasilnoticias.org\/site\/wp-json\/wp\/v2\/posts\/18387\/revisions"}],"predecessor-version":[{"id":18389,"href":"https:\/\/brasilnoticias.org\/site\/wp-json\/wp\/v2\/posts\/18387\/revisions\/18389"}],"wp:featuredmedia":[{"embeddable":true,"href":"https:\/\/brasilnoticias.org\/site\/wp-json\/wp\/v2\/media\/18388"}],"wp:attachment":[{"href":"https:\/\/brasilnoticias.org\/site\/wp-json\/wp\/v2\/media?parent=18387"}],"wp:term":[{"taxonomy":"category","embeddable":true,"href":"https:\/\/brasilnoticias.org\/site\/wp-json\/wp\/v2\/categories?post=18387"},{"taxonomy":"post_tag","embeddable":true,"href":"https:\/\/brasilnoticias.org\/site\/wp-json\/wp\/v2\/tags?post=18387"}],"curies":[{"name":"wp","href":"https:\/\/api.w.org\/{rel}","templated":true}]}}