{"id":184,"date":"2022-05-11T18:52:04","date_gmt":"2022-05-11T21:52:04","guid":{"rendered":"https:\/\/brasilnoticias.org\/site\/?p=184"},"modified":"2022-05-11T18:52:04","modified_gmt":"2022-05-11T21:52:04","slug":"elenco-do-vitoria-se-reapresenta-e-faz-treino-unico-para-encara-o-fortaleza-pela-copa-do-brasil","status":"publish","type":"post","link":"https:\/\/brasilnoticias.org\/site\/elenco-do-vitoria-se-reapresenta-e-faz-treino-unico-para-encara-o-fortaleza-pela-copa-do-brasil\/","title":{"rendered":"ELENCO DO VIT\u00d3RIA SE REAPRESENTA E FAZ TREINO \u00daNICO PARA ENCARA O FORTALEZA PELA COPA DO BRASIL"},"content":{"rendered":"<p>O elenco do\u00a0<a href=\"https:\/\/www.bnews.com.br\/tags\/esporte-clube-vitoria\" target=\"_blank\" rel=\"noopener\">Vit\u00f3ria<\/a>\u00a0se reapresentou na tarde desta quarta-feira (11) para o pr\u00f3ximo e decisivo compromisso pela Terceira Fase da Copa do Brasil. Na pr\u00f3xima quinta-feira (12) o Le\u00e3o recebe o Fortaleza, \u00e0s 19h, no Barrad\u00e3o.<\/p>\n<p>O t\u00e9cnico Fabiano Soares fez um trabalho com a equipe que deve iniciar a partida e, em seguida, refor\u00e7ou as finaliza\u00e7\u00f5es em cruzamentos. Para a partida, o Rubro-negro n\u00e3o poder\u00e1 contar com\u00a0Dion\u00edsio, Miller,\u00a0Thiaguinho,\u00a0Lazaroni, S\u00e1nchez e Pablo, por todos terem atuado por outras equipes na competi\u00e7\u00e3o, com exce\u00e7\u00e3o deste \u00faltimo que foi cedido pelo Le\u00e3o do Pici.<\/p>\n<p>O volante Alan Santos iniciou a transi\u00e7\u00e3o e se junta a Ewerton P\u00e1scoa, que j\u00e1 est\u00e1 nesta fase h\u00e1 alguns dias. A novidade para o duelo ser\u00e1 a presen\u00e7a do\u00a0lateral Dijalma, do time sub-20, que foi relacionado para compor o elenco.<\/p>\n<p>&nbsp;<\/p>\n<p>Bnews<\/p>\n","protected":false},"excerpt":{"rendered":"<p>O elenco do\u00a0Vit\u00f3ria\u00a0se reapresentou na tarde desta quarta-feira (11) para o pr\u00f3ximo e decisivo compromisso pela Terceira Fase da Copa<\/p>\n","protected":false},"author":2,"featured_media":185,"comment_status":"open","ping_status":"open","sticky":false,"template":"","format":"standard","meta":{"colormag_page_container_layout":"default_layout","colormag_page_sidebar_layout":"default_layout","_FSMCFIC_featured_image_caption":"","_FSMCFIC_featured_image_nocaption":"","_FSMCFIC_featured_image_hide":"","footnotes":""},"categories":[4,1],"tags":[],"class_list":["post-184","post","type-post","status-publish","format-standard","has-post-thumbnail","hentry","category-esporte","category-ultimas"],"yoast_head":"<!-- This site is optimized with the Yoast SEO plugin v27.1.1 - https:\/\/yoast.com\/product\/yoast-seo-wordpress\/ -->\n<title>ELENCO DO VIT\u00d3RIA SE REAPRESENTA E FAZ TREINO \u00daNICO PARA ENCARA O FORTALEZA PELA COPA DO BRASIL - Brasil not\u00edcias<\/title>\n<meta name=\"robots\" content=\"index, follow, max-snippet:-1, max-image-preview:large, max-video-preview:-1\" \/>\n<link rel=\"canonical\" href=\"https:\/\/brasilnoticias.org\/site\/elenco-do-vitoria-se-reapresenta-e-faz-treino-unico-para-encara-o-fortaleza-pela-copa-do-brasil\/\" \/>\n<meta property=\"og:locale\" content=\"pt_PT\" \/>\n<meta property=\"og:type\" content=\"article\" \/>\n<meta property=\"og:title\" content=\"ELENCO DO VIT\u00d3RIA SE REAPRESENTA E FAZ TREINO \u00daNICO PARA ENCARA O FORTALEZA PELA COPA DO BRASIL - Brasil not\u00edcias\" \/>\n<meta property=\"og:description\" content=\"O elenco do\u00a0Vit\u00f3ria\u00a0se reapresentou na tarde desta quarta-feira (11) para o pr\u00f3ximo e decisivo compromisso pela Terceira Fase da Copa\" \/>\n<meta property=\"og:url\" content=\"https:\/\/brasilnoticias.org\/site\/elenco-do-vitoria-se-reapresenta-e-faz-treino-unico-para-encara-o-fortaleza-pela-copa-do-brasil\/\" \/>\n<meta property=\"og:site_name\" content=\"Brasil not\u00edcias\" \/>\n<meta property=\"article:published_time\" content=\"2022-05-11T21:52:04+00:00\" \/>\n<meta property=\"og:image\" content=\"https:\/\/brasilnoticias.org\/site\/wp-content\/uploads\/2022\/05\/22982817_5be651f2971177ded389f4d23320c0e4_widelg.jpg\" \/>\n\t<meta property=\"og:image:width\" content=\"800\" \/>\n\t<meta property=\"og:image:height\" content=\"450\" \/>\n\t<meta property=\"og:image:type\" content=\"image\/jpeg\" \/>\n<meta name=\"author\" content=\"Reda\u00e7\u00e3o\" \/>\n<meta name=\"twitter:card\" content=\"summary_large_image\" \/>\n<meta name=\"twitter:label1\" content=\"Escrito por\" \/>\n\t<meta name=\"twitter:data1\" content=\"Reda\u00e7\u00e3o\" \/>\n\t<meta name=\"twitter:label2\" content=\"Tempo estimado de leitura\" \/>\n\t<meta name=\"twitter:data2\" content=\"1 minuto\" \/>\n<script type=\"application\/ld+json\" class=\"yoast-schema-graph\">{\"@context\":\"https:\/\/schema.org\",\"@graph\":[{\"@type\":\"Article\",\"@id\":\"https:\/\/brasilnoticias.org\/site\/elenco-do-vitoria-se-reapresenta-e-faz-treino-unico-para-encara-o-fortaleza-pela-copa-do-brasil\/#article\",\"isPartOf\":{\"@id\":\"https:\/\/brasilnoticias.org\/site\/elenco-do-vitoria-se-reapresenta-e-faz-treino-unico-para-encara-o-fortaleza-pela-copa-do-brasil\/\"},\"author\":{\"name\":\"Reda\u00e7\u00e3o\",\"@id\":\"https:\/\/brasilnoticias.org\/site\/#\/schema\/person\/f609fa847b5314f1c8b983342f34c798\"},\"headline\":\"ELENCO DO VIT\u00d3RIA SE REAPRESENTA E FAZ TREINO \u00daNICO PARA ENCARA O FORTALEZA PELA COPA DO BRASIL\",\"datePublished\":\"2022-05-11T21:52:04+00:00\",\"mainEntityOfPage\":{\"@id\":\"https:\/\/brasilnoticias.org\/site\/elenco-do-vitoria-se-reapresenta-e-faz-treino-unico-para-encara-o-fortaleza-pela-copa-do-brasil\/\"},\"wordCount\":173,\"commentCount\":0,\"publisher\":{\"@id\":\"https:\/\/brasilnoticias.org\/site\/#organization\"},\"image\":{\"@id\":\"https:\/\/brasilnoticias.org\/site\/elenco-do-vitoria-se-reapresenta-e-faz-treino-unico-para-encara-o-fortaleza-pela-copa-do-brasil\/#primaryimage\"},\"thumbnailUrl\":\"https:\/\/brasilnoticias.org\/site\/wp-content\/uploads\/2022\/05\/22982817_5be651f2971177ded389f4d23320c0e4_widelg.jpg\",\"articleSection\":[\"Esporte\",\"\u00daltimas\"],\"inLanguage\":\"pt-PT\",\"potentialAction\":[{\"@type\":\"CommentAction\",\"name\":\"Comment\",\"target\":[\"https:\/\/brasilnoticias.org\/site\/elenco-do-vitoria-se-reapresenta-e-faz-treino-unico-para-encara-o-fortaleza-pela-copa-do-brasil\/#respond\"]}]},{\"@type\":\"WebPage\",\"@id\":\"https:\/\/brasilnoticias.org\/site\/elenco-do-vitoria-se-reapresenta-e-faz-treino-unico-para-encara-o-fortaleza-pela-copa-do-brasil\/\",\"url\":\"https:\/\/brasilnoticias.org\/site\/elenco-do-vitoria-se-reapresenta-e-faz-treino-unico-para-encara-o-fortaleza-pela-copa-do-brasil\/\",\"name\":\"ELENCO DO VIT\u00d3RIA SE REAPRESENTA E FAZ TREINO \u00daNICO PARA ENCARA O FORTALEZA PELA COPA DO BRASIL - Brasil not\u00edcias\",\"isPartOf\":{\"@id\":\"https:\/\/brasilnoticias.org\/site\/#website\"},\"primaryImageOfPage\":{\"@id\":\"https:\/\/brasilnoticias.org\/site\/elenco-do-vitoria-se-reapresenta-e-faz-treino-unico-para-encara-o-fortaleza-pela-copa-do-brasil\/#primaryimage\"},\"image\":{\"@id\":\"https:\/\/brasilnoticias.org\/site\/elenco-do-vitoria-se-reapresenta-e-faz-treino-unico-para-encara-o-fortaleza-pela-copa-do-brasil\/#primaryimage\"},\"thumbnailUrl\":\"https:\/\/brasilnoticias.org\/site\/wp-content\/uploads\/2022\/05\/22982817_5be651f2971177ded389f4d23320c0e4_widelg.jpg\",\"datePublished\":\"2022-05-11T21:52:04+00:00\",\"breadcrumb\":{\"@id\":\"https:\/\/brasilnoticias.org\/site\/elenco-do-vitoria-se-reapresenta-e-faz-treino-unico-para-encara-o-fortaleza-pela-copa-do-brasil\/#breadcrumb\"},\"inLanguage\":\"pt-PT\",\"potentialAction\":[{\"@type\":\"ReadAction\",\"target\":[\"https:\/\/brasilnoticias.org\/site\/elenco-do-vitoria-se-reapresenta-e-faz-treino-unico-para-encara-o-fortaleza-pela-copa-do-brasil\/\"]}]},{\"@type\":\"ImageObject\",\"inLanguage\":\"pt-PT\",\"@id\":\"https:\/\/brasilnoticias.org\/site\/elenco-do-vitoria-se-reapresenta-e-faz-treino-unico-para-encara-o-fortaleza-pela-copa-do-brasil\/#primaryimage\",\"url\":\"https:\/\/brasilnoticias.org\/site\/wp-content\/uploads\/2022\/05\/22982817_5be651f2971177ded389f4d23320c0e4_widelg.jpg\",\"contentUrl\":\"https:\/\/brasilnoticias.org\/site\/wp-content\/uploads\/2022\/05\/22982817_5be651f2971177ded389f4d23320c0e4_widelg.jpg\",\"width\":800,\"height\":450},{\"@type\":\"BreadcrumbList\",\"@id\":\"https:\/\/brasilnoticias.org\/site\/elenco-do-vitoria-se-reapresenta-e-faz-treino-unico-para-encara-o-fortaleza-pela-copa-do-brasil\/#breadcrumb\",\"itemListElement\":[{\"@type\":\"ListItem\",\"position\":1,\"name\":\"In\u00edcio\",\"item\":\"https:\/\/brasilnoticias.org\/site\/\"},{\"@type\":\"ListItem\",\"position\":2,\"name\":\"ELENCO DO VIT\u00d3RIA SE REAPRESENTA E FAZ TREINO \u00daNICO PARA ENCARA O FORTALEZA PELA COPA DO BRASIL\"}]},{\"@type\":\"WebSite\",\"@id\":\"https:\/\/brasilnoticias.org\/site\/#website\",\"url\":\"https:\/\/brasilnoticias.org\/site\/\",\"name\":\"Brasil not\u00edcias\",\"description\":\"Brasil not\u00edcias\",\"publisher\":{\"@id\":\"https:\/\/brasilnoticias.org\/site\/#organization\"},\"potentialAction\":[{\"@type\":\"SearchAction\",\"target\":{\"@type\":\"EntryPoint\",\"urlTemplate\":\"https:\/\/brasilnoticias.org\/site\/?s={search_term_string}\"},\"query-input\":{\"@type\":\"PropertyValueSpecification\",\"valueRequired\":true,\"valueName\":\"search_term_string\"}}],\"inLanguage\":\"pt-PT\"},{\"@type\":\"Organization\",\"@id\":\"https:\/\/brasilnoticias.org\/site\/#organization\",\"name\":\"Brasil not\u00edcias\",\"url\":\"https:\/\/brasilnoticias.org\/site\/\",\"logo\":{\"@type\":\"ImageObject\",\"inLanguage\":\"pt-PT\",\"@id\":\"https:\/\/brasilnoticias.org\/site\/#\/schema\/logo\/image\/\",\"url\":\"https:\/\/brasilnoticias.org\/site\/wp-content\/uploads\/2022\/05\/cropped-brasilnoticias-mini.jpg\",\"contentUrl\":\"https:\/\/brasilnoticias.org\/site\/wp-content\/uploads\/2022\/05\/cropped-brasilnoticias-mini.jpg\",\"width\":314,\"height\":86,\"caption\":\"Brasil not\u00edcias\"},\"image\":{\"@id\":\"https:\/\/brasilnoticias.org\/site\/#\/schema\/logo\/image\/\"}},{\"@type\":\"Person\",\"@id\":\"https:\/\/brasilnoticias.org\/site\/#\/schema\/person\/f609fa847b5314f1c8b983342f34c798\",\"name\":\"Reda\u00e7\u00e3o\",\"image\":{\"@type\":\"ImageObject\",\"inLanguage\":\"pt-PT\",\"@id\":\"https:\/\/brasilnoticias.org\/site\/#\/schema\/person\/image\/\",\"url\":\"https:\/\/secure.gravatar.com\/avatar\/447284c06c1ad8b46465a36de9cd0d8326b73387a22799b8b1ffb1fbcff2ed0c?s=96&d=mm&r=g\",\"contentUrl\":\"https:\/\/secure.gravatar.com\/avatar\/447284c06c1ad8b46465a36de9cd0d8326b73387a22799b8b1ffb1fbcff2ed0c?s=96&d=mm&r=g\",\"caption\":\"Reda\u00e7\u00e3o\"},\"url\":\"https:\/\/brasilnoticias.org\/site\/author\/redacao\/\"}]}<\/script>\n<!-- \/ Yoast SEO plugin. -->","yoast_head_json":{"title":"ELENCO DO VIT\u00d3RIA SE REAPRESENTA E FAZ TREINO \u00daNICO PARA ENCARA O FORTALEZA PELA COPA DO BRASIL - Brasil not\u00edcias","robots":{"index":"index","follow":"follow","max-snippet":"max-snippet:-1","max-image-preview":"max-image-preview:large","max-video-preview":"max-video-preview:-1"},"canonical":"https:\/\/brasilnoticias.org\/site\/elenco-do-vitoria-se-reapresenta-e-faz-treino-unico-para-encara-o-fortaleza-pela-copa-do-brasil\/","og_locale":"pt_PT","og_type":"article","og_title":"ELENCO DO VIT\u00d3RIA SE REAPRESENTA E FAZ TREINO \u00daNICO PARA ENCARA O FORTALEZA PELA COPA DO BRASIL - Brasil not\u00edcias","og_description":"O elenco do\u00a0Vit\u00f3ria\u00a0se reapresentou na tarde desta quarta-feira (11) para o pr\u00f3ximo e decisivo compromisso pela Terceira Fase da Copa","og_url":"https:\/\/brasilnoticias.org\/site\/elenco-do-vitoria-se-reapresenta-e-faz-treino-unico-para-encara-o-fortaleza-pela-copa-do-brasil\/","og_site_name":"Brasil not\u00edcias","article_published_time":"2022-05-11T21:52:04+00:00","og_image":[{"width":800,"height":450,"url":"https:\/\/brasilnoticias.org\/site\/wp-content\/uploads\/2022\/05\/22982817_5be651f2971177ded389f4d23320c0e4_widelg.jpg","type":"image\/jpeg"}],"author":"Reda\u00e7\u00e3o","twitter_card":"summary_large_image","twitter_misc":{"Escrito por":"Reda\u00e7\u00e3o","Tempo estimado de leitura":"1 minuto"},"schema":{"@context":"https:\/\/schema.org","@graph":[{"@type":"Article","@id":"https:\/\/brasilnoticias.org\/site\/elenco-do-vitoria-se-reapresenta-e-faz-treino-unico-para-encara-o-fortaleza-pela-copa-do-brasil\/#article","isPartOf":{"@id":"https:\/\/brasilnoticias.org\/site\/elenco-do-vitoria-se-reapresenta-e-faz-treino-unico-para-encara-o-fortaleza-pela-copa-do-brasil\/"},"author":{"name":"Reda\u00e7\u00e3o","@id":"https:\/\/brasilnoticias.org\/site\/#\/schema\/person\/f609fa847b5314f1c8b983342f34c798"},"headline":"ELENCO DO VIT\u00d3RIA SE REAPRESENTA E FAZ TREINO \u00daNICO PARA ENCARA O FORTALEZA PELA COPA DO BRASIL","datePublished":"2022-05-11T21:52:04+00:00","mainEntityOfPage":{"@id":"https:\/\/brasilnoticias.org\/site\/elenco-do-vitoria-se-reapresenta-e-faz-treino-unico-para-encara-o-fortaleza-pela-copa-do-brasil\/"},"wordCount":173,"commentCount":0,"publisher":{"@id":"https:\/\/brasilnoticias.org\/site\/#organization"},"image":{"@id":"https:\/\/brasilnoticias.org\/site\/elenco-do-vitoria-se-reapresenta-e-faz-treino-unico-para-encara-o-fortaleza-pela-copa-do-brasil\/#primaryimage"},"thumbnailUrl":"https:\/\/brasilnoticias.org\/site\/wp-content\/uploads\/2022\/05\/22982817_5be651f2971177ded389f4d23320c0e4_widelg.jpg","articleSection":["Esporte","\u00daltimas"],"inLanguage":"pt-PT","potentialAction":[{"@type":"CommentAction","name":"Comment","target":["https:\/\/brasilnoticias.org\/site\/elenco-do-vitoria-se-reapresenta-e-faz-treino-unico-para-encara-o-fortaleza-pela-copa-do-brasil\/#respond"]}]},{"@type":"WebPage","@id":"https:\/\/brasilnoticias.org\/site\/elenco-do-vitoria-se-reapresenta-e-faz-treino-unico-para-encara-o-fortaleza-pela-copa-do-brasil\/","url":"https:\/\/brasilnoticias.org\/site\/elenco-do-vitoria-se-reapresenta-e-faz-treino-unico-para-encara-o-fortaleza-pela-copa-do-brasil\/","name":"ELENCO DO VIT\u00d3RIA SE REAPRESENTA E FAZ TREINO \u00daNICO PARA ENCARA O FORTALEZA PELA COPA DO BRASIL - Brasil not\u00edcias","isPartOf":{"@id":"https:\/\/brasilnoticias.org\/site\/#website"},"primaryImageOfPage":{"@id":"https:\/\/brasilnoticias.org\/site\/elenco-do-vitoria-se-reapresenta-e-faz-treino-unico-para-encara-o-fortaleza-pela-copa-do-brasil\/#primaryimage"},"image":{"@id":"https:\/\/brasilnoticias.org\/site\/elenco-do-vitoria-se-reapresenta-e-faz-treino-unico-para-encara-o-fortaleza-pela-copa-do-brasil\/#primaryimage"},"thumbnailUrl":"https:\/\/brasilnoticias.org\/site\/wp-content\/uploads\/2022\/05\/22982817_5be651f2971177ded389f4d23320c0e4_widelg.jpg","datePublished":"2022-05-11T21:52:04+00:00","breadcrumb":{"@id":"https:\/\/brasilnoticias.org\/site\/elenco-do-vitoria-se-reapresenta-e-faz-treino-unico-para-encara-o-fortaleza-pela-copa-do-brasil\/#breadcrumb"},"inLanguage":"pt-PT","potentialAction":[{"@type":"ReadAction","target":["https:\/\/brasilnoticias.org\/site\/elenco-do-vitoria-se-reapresenta-e-faz-treino-unico-para-encara-o-fortaleza-pela-copa-do-brasil\/"]}]},{"@type":"ImageObject","inLanguage":"pt-PT","@id":"https:\/\/brasilnoticias.org\/site\/elenco-do-vitoria-se-reapresenta-e-faz-treino-unico-para-encara-o-fortaleza-pela-copa-do-brasil\/#primaryimage","url":"https:\/\/brasilnoticias.org\/site\/wp-content\/uploads\/2022\/05\/22982817_5be651f2971177ded389f4d23320c0e4_widelg.jpg","contentUrl":"https:\/\/brasilnoticias.org\/site\/wp-content\/uploads\/2022\/05\/22982817_5be651f2971177ded389f4d23320c0e4_widelg.jpg","width":800,"height":450},{"@type":"BreadcrumbList","@id":"https:\/\/brasilnoticias.org\/site\/elenco-do-vitoria-se-reapresenta-e-faz-treino-unico-para-encara-o-fortaleza-pela-copa-do-brasil\/#breadcrumb","itemListElement":[{"@type":"ListItem","position":1,"name":"In\u00edcio","item":"https:\/\/brasilnoticias.org\/site\/"},{"@type":"ListItem","position":2,"name":"ELENCO DO VIT\u00d3RIA SE REAPRESENTA E FAZ TREINO \u00daNICO PARA ENCARA O FORTALEZA PELA COPA DO BRASIL"}]},{"@type":"WebSite","@id":"https:\/\/brasilnoticias.org\/site\/#website","url":"https:\/\/brasilnoticias.org\/site\/","name":"Brasil not\u00edcias","description":"Brasil not\u00edcias","publisher":{"@id":"https:\/\/brasilnoticias.org\/site\/#organization"},"potentialAction":[{"@type":"SearchAction","target":{"@type":"EntryPoint","urlTemplate":"https:\/\/brasilnoticias.org\/site\/?s={search_term_string}"},"query-input":{"@type":"PropertyValueSpecification","valueRequired":true,"valueName":"search_term_string"}}],"inLanguage":"pt-PT"},{"@type":"Organization","@id":"https:\/\/brasilnoticias.org\/site\/#organization","name":"Brasil not\u00edcias","url":"https:\/\/brasilnoticias.org\/site\/","logo":{"@type":"ImageObject","inLanguage":"pt-PT","@id":"https:\/\/brasilnoticias.org\/site\/#\/schema\/logo\/image\/","url":"https:\/\/brasilnoticias.org\/site\/wp-content\/uploads\/2022\/05\/cropped-brasilnoticias-mini.jpg","contentUrl":"https:\/\/brasilnoticias.org\/site\/wp-content\/uploads\/2022\/05\/cropped-brasilnoticias-mini.jpg","width":314,"height":86,"caption":"Brasil not\u00edcias"},"image":{"@id":"https:\/\/brasilnoticias.org\/site\/#\/schema\/logo\/image\/"}},{"@type":"Person","@id":"https:\/\/brasilnoticias.org\/site\/#\/schema\/person\/f609fa847b5314f1c8b983342f34c798","name":"Reda\u00e7\u00e3o","image":{"@type":"ImageObject","inLanguage":"pt-PT","@id":"https:\/\/brasilnoticias.org\/site\/#\/schema\/person\/image\/","url":"https:\/\/secure.gravatar.com\/avatar\/447284c06c1ad8b46465a36de9cd0d8326b73387a22799b8b1ffb1fbcff2ed0c?s=96&d=mm&r=g","contentUrl":"https:\/\/secure.gravatar.com\/avatar\/447284c06c1ad8b46465a36de9cd0d8326b73387a22799b8b1ffb1fbcff2ed0c?s=96&d=mm&r=g","caption":"Reda\u00e7\u00e3o"},"url":"https:\/\/brasilnoticias.org\/site\/author\/redacao\/"}]}},"_links":{"self":[{"href":"https:\/\/brasilnoticias.org\/site\/wp-json\/wp\/v2\/posts\/184","targetHints":{"allow":["GET"]}}],"collection":[{"href":"https:\/\/brasilnoticias.org\/site\/wp-json\/wp\/v2\/posts"}],"about":[{"href":"https:\/\/brasilnoticias.org\/site\/wp-json\/wp\/v2\/types\/post"}],"author":[{"embeddable":true,"href":"https:\/\/brasilnoticias.org\/site\/wp-json\/wp\/v2\/users\/2"}],"replies":[{"embeddable":true,"href":"https:\/\/brasilnoticias.org\/site\/wp-json\/wp\/v2\/comments?post=184"}],"version-history":[{"count":1,"href":"https:\/\/brasilnoticias.org\/site\/wp-json\/wp\/v2\/posts\/184\/revisions"}],"predecessor-version":[{"id":186,"href":"https:\/\/brasilnoticias.org\/site\/wp-json\/wp\/v2\/posts\/184\/revisions\/186"}],"wp:featuredmedia":[{"embeddable":true,"href":"https:\/\/brasilnoticias.org\/site\/wp-json\/wp\/v2\/media\/185"}],"wp:attachment":[{"href":"https:\/\/brasilnoticias.org\/site\/wp-json\/wp\/v2\/media?parent=184"}],"wp:term":[{"taxonomy":"category","embeddable":true,"href":"https:\/\/brasilnoticias.org\/site\/wp-json\/wp\/v2\/categories?post=184"},{"taxonomy":"post_tag","embeddable":true,"href":"https:\/\/brasilnoticias.org\/site\/wp-json\/wp\/v2\/tags?post=184"}],"curies":[{"name":"wp","href":"https:\/\/api.w.org\/{rel}","templated":true}]}}