{"id":1843,"date":"2022-10-13T07:30:05","date_gmt":"2022-10-13T10:30:05","guid":{"rendered":"https:\/\/brasilnoticias.org\/site\/?p=1843"},"modified":"2022-10-12T19:22:07","modified_gmt":"2022-10-12T22:22:07","slug":"suspeito-de-matar-adolescente-a-facadas-na-ba-e-preso-e-diz-a-policia-que-cometeu-crime-por-influencia-de-espiritos","status":"publish","type":"post","link":"https:\/\/brasilnoticias.org\/site\/suspeito-de-matar-adolescente-a-facadas-na-ba-e-preso-e-diz-a-policia-que-cometeu-crime-por-influencia-de-espiritos\/","title":{"rendered":"Suspeito de matar adolescente a facadas na BA \u00e9 preso e diz \u00e0 pol\u00edcia que cometeu crime por influ\u00eancia de esp\u00edritos"},"content":{"rendered":"<p>O suspeito de matar o adolescente Alisson Jesus dos Santos, de 15 anos, foi preso na segunda-feira (10), em Itamaraju, no extremo sul da Bahia. Nesta quarta-feira (12), a Pol\u00edcia Civil confirmou ao g1 que, em depoimento, o homem afirmou ter cometido o crime por influ\u00eancia de esp\u00edritos.<\/p>\n<p>O crime ocorreu na \u00faltima sexta-feira (7). Alisson Jesus foi atacado enquanto andava em via p\u00fablica.<\/p>\n<p>\u00c0 pol\u00edcia, o suspeito disse que esp\u00edritos o incentivaram a atacar a v\u00edtima. N\u00e3o h\u00e1 detalhes se ele conhecia o adolescente.<\/p>\n<p>Conforme o titular da Delegacia Territorial (DT\/Itamaraju), delegado Gilvan de Meireles Prates, as investiga\u00e7\u00f5es apontaram que o homem tem um hist\u00f3rico de agress\u00f5es e que j\u00e1 havia sido preso em 2020, pelo crime de les\u00e3o corporal no contexto de viol\u00eancia dom\u00e9stica. N\u00e3o h\u00e1 informa\u00e7\u00f5es sobre quem seria a v\u00edtima, nem de quando ele foi liberado.<\/p>\n<p>O suspeito segue custodiado e ser\u00e1 encaminhado ao Conjunto Penal de Teixeira de Freitas, onde ficar\u00e1 \u00e0 disposi\u00e7\u00e3o da Justi\u00e7a.<\/p>\n<p>G1<br \/>\nFoto: Divulga\u00e7\u00e3o<\/p>\n","protected":false},"excerpt":{"rendered":"<p>O suspeito de matar o adolescente Alisson Jesus dos Santos, de 15 anos, foi preso na segunda-feira (10), em Itamaraju,<\/p>\n","protected":false},"author":1,"featured_media":1844,"comment_status":"open","ping_status":"open","sticky":false,"template":"","format":"standard","meta":{"colormag_page_container_layout":"default_layout","colormag_page_sidebar_layout":"default_layout","_FSMCFIC_featured_image_caption":"","_FSMCFIC_featured_image_nocaption":"","_FSMCFIC_featured_image_hide":"","footnotes":""},"categories":[3,1],"tags":[],"class_list":["post-1843","post","type-post","status-publish","format-standard","has-post-thumbnail","hentry","category-policia","category-ultimas"],"yoast_head":"<!-- This site is optimized with the Yoast SEO plugin v27.1.1 - https:\/\/yoast.com\/product\/yoast-seo-wordpress\/ -->\n<title>Suspeito de matar adolescente a facadas na BA \u00e9 preso e diz \u00e0 pol\u00edcia que cometeu crime por influ\u00eancia de esp\u00edritos - Brasil not\u00edcias<\/title>\n<meta name=\"robots\" content=\"index, follow, max-snippet:-1, max-image-preview:large, max-video-preview:-1\" \/>\n<link rel=\"canonical\" href=\"https:\/\/brasilnoticias.org\/site\/suspeito-de-matar-adolescente-a-facadas-na-ba-e-preso-e-diz-a-policia-que-cometeu-crime-por-influencia-de-espiritos\/\" \/>\n<meta property=\"og:locale\" content=\"pt_PT\" \/>\n<meta property=\"og:type\" content=\"article\" \/>\n<meta property=\"og:title\" content=\"Suspeito de matar adolescente a facadas na BA \u00e9 preso e diz \u00e0 pol\u00edcia que cometeu crime por influ\u00eancia de esp\u00edritos - Brasil not\u00edcias\" \/>\n<meta property=\"og:description\" content=\"O suspeito de matar o adolescente Alisson Jesus dos Santos, de 15 anos, foi preso na segunda-feira (10), em Itamaraju,\" \/>\n<meta property=\"og:url\" content=\"https:\/\/brasilnoticias.org\/site\/suspeito-de-matar-adolescente-a-facadas-na-ba-e-preso-e-diz-a-policia-que-cometeu-crime-por-influencia-de-espiritos\/\" \/>\n<meta property=\"og:site_name\" content=\"Brasil not\u00edcias\" \/>\n<meta property=\"article:published_time\" content=\"2022-10-13T10:30:05+00:00\" \/>\n<meta property=\"og:image\" content=\"https:\/\/brasilnoticias.org\/site\/wp-content\/uploads\/2022\/10\/Capturar-8.jpg\" \/>\n\t<meta property=\"og:image:width\" content=\"617\" \/>\n\t<meta property=\"og:image:height\" content=\"422\" \/>\n\t<meta property=\"og:image:type\" content=\"image\/jpeg\" \/>\n<meta name=\"author\" content=\"Reda\u00e7\u00e3o\" \/>\n<meta name=\"twitter:card\" content=\"summary_large_image\" \/>\n<meta name=\"twitter:label1\" content=\"Escrito por\" \/>\n\t<meta name=\"twitter:data1\" content=\"Reda\u00e7\u00e3o\" \/>\n\t<meta name=\"twitter:label2\" content=\"Tempo estimado de leitura\" \/>\n\t<meta name=\"twitter:data2\" content=\"1 minuto\" \/>\n<script type=\"application\/ld+json\" class=\"yoast-schema-graph\">{\"@context\":\"https:\/\/schema.org\",\"@graph\":[{\"@type\":\"Article\",\"@id\":\"https:\/\/brasilnoticias.org\/site\/suspeito-de-matar-adolescente-a-facadas-na-ba-e-preso-e-diz-a-policia-que-cometeu-crime-por-influencia-de-espiritos\/#article\",\"isPartOf\":{\"@id\":\"https:\/\/brasilnoticias.org\/site\/suspeito-de-matar-adolescente-a-facadas-na-ba-e-preso-e-diz-a-policia-que-cometeu-crime-por-influencia-de-espiritos\/\"},\"author\":{\"name\":\"Reda\u00e7\u00e3o\",\"@id\":\"https:\/\/brasilnoticias.org\/site\/#\/schema\/person\/a0e05b973ec4d15c658d51911e53507b\"},\"headline\":\"Suspeito de matar adolescente a facadas na BA \u00e9 preso e diz \u00e0 pol\u00edcia que cometeu crime por influ\u00eancia de esp\u00edritos\",\"datePublished\":\"2022-10-13T10:30:05+00:00\",\"mainEntityOfPage\":{\"@id\":\"https:\/\/brasilnoticias.org\/site\/suspeito-de-matar-adolescente-a-facadas-na-ba-e-preso-e-diz-a-policia-que-cometeu-crime-por-influencia-de-espiritos\/\"},\"wordCount\":199,\"commentCount\":0,\"publisher\":{\"@id\":\"https:\/\/brasilnoticias.org\/site\/#organization\"},\"image\":{\"@id\":\"https:\/\/brasilnoticias.org\/site\/suspeito-de-matar-adolescente-a-facadas-na-ba-e-preso-e-diz-a-policia-que-cometeu-crime-por-influencia-de-espiritos\/#primaryimage\"},\"thumbnailUrl\":\"https:\/\/brasilnoticias.org\/site\/wp-content\/uploads\/2022\/10\/Capturar-8.jpg\",\"articleSection\":[\"Pol\u00edcia\",\"\u00daltimas\"],\"inLanguage\":\"pt-PT\",\"potentialAction\":[{\"@type\":\"CommentAction\",\"name\":\"Comment\",\"target\":[\"https:\/\/brasilnoticias.org\/site\/suspeito-de-matar-adolescente-a-facadas-na-ba-e-preso-e-diz-a-policia-que-cometeu-crime-por-influencia-de-espiritos\/#respond\"]}]},{\"@type\":\"WebPage\",\"@id\":\"https:\/\/brasilnoticias.org\/site\/suspeito-de-matar-adolescente-a-facadas-na-ba-e-preso-e-diz-a-policia-que-cometeu-crime-por-influencia-de-espiritos\/\",\"url\":\"https:\/\/brasilnoticias.org\/site\/suspeito-de-matar-adolescente-a-facadas-na-ba-e-preso-e-diz-a-policia-que-cometeu-crime-por-influencia-de-espiritos\/\",\"name\":\"Suspeito de matar adolescente a facadas na BA \u00e9 preso e diz \u00e0 pol\u00edcia que cometeu crime por influ\u00eancia de esp\u00edritos - Brasil not\u00edcias\",\"isPartOf\":{\"@id\":\"https:\/\/brasilnoticias.org\/site\/#website\"},\"primaryImageOfPage\":{\"@id\":\"https:\/\/brasilnoticias.org\/site\/suspeito-de-matar-adolescente-a-facadas-na-ba-e-preso-e-diz-a-policia-que-cometeu-crime-por-influencia-de-espiritos\/#primaryimage\"},\"image\":{\"@id\":\"https:\/\/brasilnoticias.org\/site\/suspeito-de-matar-adolescente-a-facadas-na-ba-e-preso-e-diz-a-policia-que-cometeu-crime-por-influencia-de-espiritos\/#primaryimage\"},\"thumbnailUrl\":\"https:\/\/brasilnoticias.org\/site\/wp-content\/uploads\/2022\/10\/Capturar-8.jpg\",\"datePublished\":\"2022-10-13T10:30:05+00:00\",\"breadcrumb\":{\"@id\":\"https:\/\/brasilnoticias.org\/site\/suspeito-de-matar-adolescente-a-facadas-na-ba-e-preso-e-diz-a-policia-que-cometeu-crime-por-influencia-de-espiritos\/#breadcrumb\"},\"inLanguage\":\"pt-PT\",\"potentialAction\":[{\"@type\":\"ReadAction\",\"target\":[\"https:\/\/brasilnoticias.org\/site\/suspeito-de-matar-adolescente-a-facadas-na-ba-e-preso-e-diz-a-policia-que-cometeu-crime-por-influencia-de-espiritos\/\"]}]},{\"@type\":\"ImageObject\",\"inLanguage\":\"pt-PT\",\"@id\":\"https:\/\/brasilnoticias.org\/site\/suspeito-de-matar-adolescente-a-facadas-na-ba-e-preso-e-diz-a-policia-que-cometeu-crime-por-influencia-de-espiritos\/#primaryimage\",\"url\":\"https:\/\/brasilnoticias.org\/site\/wp-content\/uploads\/2022\/10\/Capturar-8.jpg\",\"contentUrl\":\"https:\/\/brasilnoticias.org\/site\/wp-content\/uploads\/2022\/10\/Capturar-8.jpg\",\"width\":617,\"height\":422},{\"@type\":\"BreadcrumbList\",\"@id\":\"https:\/\/brasilnoticias.org\/site\/suspeito-de-matar-adolescente-a-facadas-na-ba-e-preso-e-diz-a-policia-que-cometeu-crime-por-influencia-de-espiritos\/#breadcrumb\",\"itemListElement\":[{\"@type\":\"ListItem\",\"position\":1,\"name\":\"In\u00edcio\",\"item\":\"https:\/\/brasilnoticias.org\/site\/\"},{\"@type\":\"ListItem\",\"position\":2,\"name\":\"Suspeito de matar adolescente a facadas na BA \u00e9 preso e diz \u00e0 pol\u00edcia que cometeu crime por influ\u00eancia de esp\u00edritos\"}]},{\"@type\":\"WebSite\",\"@id\":\"https:\/\/brasilnoticias.org\/site\/#website\",\"url\":\"https:\/\/brasilnoticias.org\/site\/\",\"name\":\"Brasil not\u00edcias\",\"description\":\"Brasil not\u00edcias\",\"publisher\":{\"@id\":\"https:\/\/brasilnoticias.org\/site\/#organization\"},\"potentialAction\":[{\"@type\":\"SearchAction\",\"target\":{\"@type\":\"EntryPoint\",\"urlTemplate\":\"https:\/\/brasilnoticias.org\/site\/?s={search_term_string}\"},\"query-input\":{\"@type\":\"PropertyValueSpecification\",\"valueRequired\":true,\"valueName\":\"search_term_string\"}}],\"inLanguage\":\"pt-PT\"},{\"@type\":\"Organization\",\"@id\":\"https:\/\/brasilnoticias.org\/site\/#organization\",\"name\":\"Brasil not\u00edcias\",\"url\":\"https:\/\/brasilnoticias.org\/site\/\",\"logo\":{\"@type\":\"ImageObject\",\"inLanguage\":\"pt-PT\",\"@id\":\"https:\/\/brasilnoticias.org\/site\/#\/schema\/logo\/image\/\",\"url\":\"https:\/\/brasilnoticias.org\/site\/wp-content\/uploads\/2022\/05\/cropped-brasilnoticias-mini.jpg\",\"contentUrl\":\"https:\/\/brasilnoticias.org\/site\/wp-content\/uploads\/2022\/05\/cropped-brasilnoticias-mini.jpg\",\"width\":314,\"height\":86,\"caption\":\"Brasil not\u00edcias\"},\"image\":{\"@id\":\"https:\/\/brasilnoticias.org\/site\/#\/schema\/logo\/image\/\"}},{\"@type\":\"Person\",\"@id\":\"https:\/\/brasilnoticias.org\/site\/#\/schema\/person\/a0e05b973ec4d15c658d51911e53507b\",\"name\":\"Reda\u00e7\u00e3o\",\"image\":{\"@type\":\"ImageObject\",\"inLanguage\":\"pt-PT\",\"@id\":\"https:\/\/brasilnoticias.org\/site\/#\/schema\/person\/image\/\",\"url\":\"https:\/\/secure.gravatar.com\/avatar\/75d8b050df2de108b08ae78dfb8e374892df24a383c67db9c46a9c604f6aee9c?s=96&d=mm&r=g\",\"contentUrl\":\"https:\/\/secure.gravatar.com\/avatar\/75d8b050df2de108b08ae78dfb8e374892df24a383c67db9c46a9c604f6aee9c?s=96&d=mm&r=g\",\"caption\":\"Reda\u00e7\u00e3o\"},\"sameAs\":[\"https:\/\/brasilnoticias.org\/site\"],\"url\":\"https:\/\/brasilnoticias.org\/site\/author\/fernandozsngmail-com\/\"}]}<\/script>\n<!-- \/ Yoast SEO plugin. -->","yoast_head_json":{"title":"Suspeito de matar adolescente a facadas na BA \u00e9 preso e diz \u00e0 pol\u00edcia que cometeu crime por influ\u00eancia de esp\u00edritos - Brasil not\u00edcias","robots":{"index":"index","follow":"follow","max-snippet":"max-snippet:-1","max-image-preview":"max-image-preview:large","max-video-preview":"max-video-preview:-1"},"canonical":"https:\/\/brasilnoticias.org\/site\/suspeito-de-matar-adolescente-a-facadas-na-ba-e-preso-e-diz-a-policia-que-cometeu-crime-por-influencia-de-espiritos\/","og_locale":"pt_PT","og_type":"article","og_title":"Suspeito de matar adolescente a facadas na BA \u00e9 preso e diz \u00e0 pol\u00edcia que cometeu crime por influ\u00eancia de esp\u00edritos - Brasil not\u00edcias","og_description":"O suspeito de matar o adolescente Alisson Jesus dos Santos, de 15 anos, foi preso na segunda-feira (10), em Itamaraju,","og_url":"https:\/\/brasilnoticias.org\/site\/suspeito-de-matar-adolescente-a-facadas-na-ba-e-preso-e-diz-a-policia-que-cometeu-crime-por-influencia-de-espiritos\/","og_site_name":"Brasil not\u00edcias","article_published_time":"2022-10-13T10:30:05+00:00","og_image":[{"width":617,"height":422,"url":"https:\/\/brasilnoticias.org\/site\/wp-content\/uploads\/2022\/10\/Capturar-8.jpg","type":"image\/jpeg"}],"author":"Reda\u00e7\u00e3o","twitter_card":"summary_large_image","twitter_misc":{"Escrito por":"Reda\u00e7\u00e3o","Tempo estimado de leitura":"1 minuto"},"schema":{"@context":"https:\/\/schema.org","@graph":[{"@type":"Article","@id":"https:\/\/brasilnoticias.org\/site\/suspeito-de-matar-adolescente-a-facadas-na-ba-e-preso-e-diz-a-policia-que-cometeu-crime-por-influencia-de-espiritos\/#article","isPartOf":{"@id":"https:\/\/brasilnoticias.org\/site\/suspeito-de-matar-adolescente-a-facadas-na-ba-e-preso-e-diz-a-policia-que-cometeu-crime-por-influencia-de-espiritos\/"},"author":{"name":"Reda\u00e7\u00e3o","@id":"https:\/\/brasilnoticias.org\/site\/#\/schema\/person\/a0e05b973ec4d15c658d51911e53507b"},"headline":"Suspeito de matar adolescente a facadas na BA \u00e9 preso e diz \u00e0 pol\u00edcia que cometeu crime por influ\u00eancia de esp\u00edritos","datePublished":"2022-10-13T10:30:05+00:00","mainEntityOfPage":{"@id":"https:\/\/brasilnoticias.org\/site\/suspeito-de-matar-adolescente-a-facadas-na-ba-e-preso-e-diz-a-policia-que-cometeu-crime-por-influencia-de-espiritos\/"},"wordCount":199,"commentCount":0,"publisher":{"@id":"https:\/\/brasilnoticias.org\/site\/#organization"},"image":{"@id":"https:\/\/brasilnoticias.org\/site\/suspeito-de-matar-adolescente-a-facadas-na-ba-e-preso-e-diz-a-policia-que-cometeu-crime-por-influencia-de-espiritos\/#primaryimage"},"thumbnailUrl":"https:\/\/brasilnoticias.org\/site\/wp-content\/uploads\/2022\/10\/Capturar-8.jpg","articleSection":["Pol\u00edcia","\u00daltimas"],"inLanguage":"pt-PT","potentialAction":[{"@type":"CommentAction","name":"Comment","target":["https:\/\/brasilnoticias.org\/site\/suspeito-de-matar-adolescente-a-facadas-na-ba-e-preso-e-diz-a-policia-que-cometeu-crime-por-influencia-de-espiritos\/#respond"]}]},{"@type":"WebPage","@id":"https:\/\/brasilnoticias.org\/site\/suspeito-de-matar-adolescente-a-facadas-na-ba-e-preso-e-diz-a-policia-que-cometeu-crime-por-influencia-de-espiritos\/","url":"https:\/\/brasilnoticias.org\/site\/suspeito-de-matar-adolescente-a-facadas-na-ba-e-preso-e-diz-a-policia-que-cometeu-crime-por-influencia-de-espiritos\/","name":"Suspeito de matar adolescente a facadas na BA \u00e9 preso e diz \u00e0 pol\u00edcia que cometeu crime por influ\u00eancia de esp\u00edritos - Brasil not\u00edcias","isPartOf":{"@id":"https:\/\/brasilnoticias.org\/site\/#website"},"primaryImageOfPage":{"@id":"https:\/\/brasilnoticias.org\/site\/suspeito-de-matar-adolescente-a-facadas-na-ba-e-preso-e-diz-a-policia-que-cometeu-crime-por-influencia-de-espiritos\/#primaryimage"},"image":{"@id":"https:\/\/brasilnoticias.org\/site\/suspeito-de-matar-adolescente-a-facadas-na-ba-e-preso-e-diz-a-policia-que-cometeu-crime-por-influencia-de-espiritos\/#primaryimage"},"thumbnailUrl":"https:\/\/brasilnoticias.org\/site\/wp-content\/uploads\/2022\/10\/Capturar-8.jpg","datePublished":"2022-10-13T10:30:05+00:00","breadcrumb":{"@id":"https:\/\/brasilnoticias.org\/site\/suspeito-de-matar-adolescente-a-facadas-na-ba-e-preso-e-diz-a-policia-que-cometeu-crime-por-influencia-de-espiritos\/#breadcrumb"},"inLanguage":"pt-PT","potentialAction":[{"@type":"ReadAction","target":["https:\/\/brasilnoticias.org\/site\/suspeito-de-matar-adolescente-a-facadas-na-ba-e-preso-e-diz-a-policia-que-cometeu-crime-por-influencia-de-espiritos\/"]}]},{"@type":"ImageObject","inLanguage":"pt-PT","@id":"https:\/\/brasilnoticias.org\/site\/suspeito-de-matar-adolescente-a-facadas-na-ba-e-preso-e-diz-a-policia-que-cometeu-crime-por-influencia-de-espiritos\/#primaryimage","url":"https:\/\/brasilnoticias.org\/site\/wp-content\/uploads\/2022\/10\/Capturar-8.jpg","contentUrl":"https:\/\/brasilnoticias.org\/site\/wp-content\/uploads\/2022\/10\/Capturar-8.jpg","width":617,"height":422},{"@type":"BreadcrumbList","@id":"https:\/\/brasilnoticias.org\/site\/suspeito-de-matar-adolescente-a-facadas-na-ba-e-preso-e-diz-a-policia-que-cometeu-crime-por-influencia-de-espiritos\/#breadcrumb","itemListElement":[{"@type":"ListItem","position":1,"name":"In\u00edcio","item":"https:\/\/brasilnoticias.org\/site\/"},{"@type":"ListItem","position":2,"name":"Suspeito de matar adolescente a facadas na BA \u00e9 preso e diz \u00e0 pol\u00edcia que cometeu crime por influ\u00eancia de esp\u00edritos"}]},{"@type":"WebSite","@id":"https:\/\/brasilnoticias.org\/site\/#website","url":"https:\/\/brasilnoticias.org\/site\/","name":"Brasil not\u00edcias","description":"Brasil not\u00edcias","publisher":{"@id":"https:\/\/brasilnoticias.org\/site\/#organization"},"potentialAction":[{"@type":"SearchAction","target":{"@type":"EntryPoint","urlTemplate":"https:\/\/brasilnoticias.org\/site\/?s={search_term_string}"},"query-input":{"@type":"PropertyValueSpecification","valueRequired":true,"valueName":"search_term_string"}}],"inLanguage":"pt-PT"},{"@type":"Organization","@id":"https:\/\/brasilnoticias.org\/site\/#organization","name":"Brasil not\u00edcias","url":"https:\/\/brasilnoticias.org\/site\/","logo":{"@type":"ImageObject","inLanguage":"pt-PT","@id":"https:\/\/brasilnoticias.org\/site\/#\/schema\/logo\/image\/","url":"https:\/\/brasilnoticias.org\/site\/wp-content\/uploads\/2022\/05\/cropped-brasilnoticias-mini.jpg","contentUrl":"https:\/\/brasilnoticias.org\/site\/wp-content\/uploads\/2022\/05\/cropped-brasilnoticias-mini.jpg","width":314,"height":86,"caption":"Brasil not\u00edcias"},"image":{"@id":"https:\/\/brasilnoticias.org\/site\/#\/schema\/logo\/image\/"}},{"@type":"Person","@id":"https:\/\/brasilnoticias.org\/site\/#\/schema\/person\/a0e05b973ec4d15c658d51911e53507b","name":"Reda\u00e7\u00e3o","image":{"@type":"ImageObject","inLanguage":"pt-PT","@id":"https:\/\/brasilnoticias.org\/site\/#\/schema\/person\/image\/","url":"https:\/\/secure.gravatar.com\/avatar\/75d8b050df2de108b08ae78dfb8e374892df24a383c67db9c46a9c604f6aee9c?s=96&d=mm&r=g","contentUrl":"https:\/\/secure.gravatar.com\/avatar\/75d8b050df2de108b08ae78dfb8e374892df24a383c67db9c46a9c604f6aee9c?s=96&d=mm&r=g","caption":"Reda\u00e7\u00e3o"},"sameAs":["https:\/\/brasilnoticias.org\/site"],"url":"https:\/\/brasilnoticias.org\/site\/author\/fernandozsngmail-com\/"}]}},"_links":{"self":[{"href":"https:\/\/brasilnoticias.org\/site\/wp-json\/wp\/v2\/posts\/1843","targetHints":{"allow":["GET"]}}],"collection":[{"href":"https:\/\/brasilnoticias.org\/site\/wp-json\/wp\/v2\/posts"}],"about":[{"href":"https:\/\/brasilnoticias.org\/site\/wp-json\/wp\/v2\/types\/post"}],"author":[{"embeddable":true,"href":"https:\/\/brasilnoticias.org\/site\/wp-json\/wp\/v2\/users\/1"}],"replies":[{"embeddable":true,"href":"https:\/\/brasilnoticias.org\/site\/wp-json\/wp\/v2\/comments?post=1843"}],"version-history":[{"count":1,"href":"https:\/\/brasilnoticias.org\/site\/wp-json\/wp\/v2\/posts\/1843\/revisions"}],"predecessor-version":[{"id":1845,"href":"https:\/\/brasilnoticias.org\/site\/wp-json\/wp\/v2\/posts\/1843\/revisions\/1845"}],"wp:featuredmedia":[{"embeddable":true,"href":"https:\/\/brasilnoticias.org\/site\/wp-json\/wp\/v2\/media\/1844"}],"wp:attachment":[{"href":"https:\/\/brasilnoticias.org\/site\/wp-json\/wp\/v2\/media?parent=1843"}],"wp:term":[{"taxonomy":"category","embeddable":true,"href":"https:\/\/brasilnoticias.org\/site\/wp-json\/wp\/v2\/categories?post=1843"},{"taxonomy":"post_tag","embeddable":true,"href":"https:\/\/brasilnoticias.org\/site\/wp-json\/wp\/v2\/tags?post=1843"}],"curies":[{"name":"wp","href":"https:\/\/api.w.org\/{rel}","templated":true}]}}