{"id":1861,"date":"2022-10-14T07:00:53","date_gmt":"2022-10-14T10:00:53","guid":{"rendered":"https:\/\/brasilnoticias.org\/site\/?p=1861"},"modified":"2022-10-14T06:27:12","modified_gmt":"2022-10-14T09:27:12","slug":"policia-civil-deflagra-operacao-para-prender-envolvidos-em-sequestro-de-comerciante-em-salvador","status":"publish","type":"post","link":"https:\/\/brasilnoticias.org\/site\/policia-civil-deflagra-operacao-para-prender-envolvidos-em-sequestro-de-comerciante-em-salvador\/","title":{"rendered":"Pol\u00edcia Civil deflagra opera\u00e7\u00e3o para prender envolvidos em sequestro de comerciante em Salvador"},"content":{"rendered":"<p>Policiais do Departamento de Repress\u00e3o e Combate ao Crime Organizado (Draco) realizam uma opera\u00e7\u00e3o, na manh\u00e3 desta sexta-feira (14), em quatro bairros de Salvador. A a\u00e7\u00e3o denominada WS visa desarticular uma quadrilha envolvida no sequestro de um comerciante, no bairro de Sete de Abril, ocorrido em junho deste ano.<\/p>\n<blockquote class=\"twitter-tweet\">\n<p lang=\"pt\" dir=\"ltr\">Pol\u00edcia Civil deflagra opera\u00e7\u00e3o para desarticular quadrilha envolvida em sequestro de comerciante em Salvador <a href=\"https:\/\/t.co\/D2moE1EDvG\">pic.twitter.com\/D2moE1EDvG<\/a><\/p>\n<p>&mdash; BNews (@bnews_oficial) <a href=\"https:\/\/twitter.com\/bnews_oficial\/status\/1580846895102320640?ref_src=twsrc%5Etfw\">October 14, 2022<\/a><\/p><\/blockquote>\n<p> <script async src=\"https:\/\/platform.twitter.com\/widgets.js\" charset=\"utf-8\"><\/script><\/p>\n<p>De acordo com informa\u00e7\u00f5es da Pol\u00edcia Civil da Bahia (PC-BA), s\u00e3o cumpridos mandados de pris\u00e3o e de busca e apreens\u00e3o. \u201c\u00c9 mais uma opera\u00e7\u00e3o para desarticular quadrilhas especializadas em extors\u00e3o mediante sequestro. Diversas equipes do Draco est\u00e3o nas ruas para cumprir os mandados\u201d, explicou o delegado Adailton de Souza Adan.<\/p>\n<p>Participam da opera\u00e7\u00e3o policiais da Coordena\u00e7\u00e3o de Opera\u00e7\u00f5es Especiais (COE) e a Corregedoria da Pol\u00edcia Militar. Entre os bairros alvos da a\u00e7\u00e3o est\u00e3o Pituba e Engenho Velho da Federa\u00e7\u00e3o, onde os agentes j\u00e1 cumpriram alguns mandados nas primeiras horas desta sexta-feira. H\u00e1 suspeita do envolvimento de ex-policiais no crime.<\/p>\n<p>Bnews<br \/>\nAscom-PC\/Nat\u00e1lia Verena<\/p>\n","protected":false},"excerpt":{"rendered":"<p>Policiais do Departamento de Repress\u00e3o e Combate ao Crime Organizado (Draco) realizam uma opera\u00e7\u00e3o, na manh\u00e3 desta sexta-feira (14), em<\/p>\n","protected":false},"author":1,"featured_media":1862,"comment_status":"open","ping_status":"open","sticky":false,"template":"","format":"standard","meta":{"colormag_page_container_layout":"default_layout","colormag_page_sidebar_layout":"default_layout","_FSMCFIC_featured_image_caption":"","_FSMCFIC_featured_image_nocaption":"","_FSMCFIC_featured_image_hide":"","footnotes":""},"categories":[3,1],"tags":[],"class_list":["post-1861","post","type-post","status-publish","format-standard","has-post-thumbnail","hentry","category-policia","category-ultimas"],"yoast_head":"<!-- This site is optimized with the Yoast SEO plugin v27.1.1 - https:\/\/yoast.com\/product\/yoast-seo-wordpress\/ -->\n<title>Pol\u00edcia Civil deflagra opera\u00e7\u00e3o para prender envolvidos em sequestro de comerciante em Salvador - Brasil not\u00edcias<\/title>\n<meta name=\"robots\" content=\"index, follow, max-snippet:-1, max-image-preview:large, max-video-preview:-1\" \/>\n<link rel=\"canonical\" href=\"https:\/\/brasilnoticias.org\/site\/policia-civil-deflagra-operacao-para-prender-envolvidos-em-sequestro-de-comerciante-em-salvador\/\" \/>\n<meta property=\"og:locale\" content=\"pt_PT\" \/>\n<meta property=\"og:type\" content=\"article\" \/>\n<meta property=\"og:title\" content=\"Pol\u00edcia Civil deflagra opera\u00e7\u00e3o para prender envolvidos em sequestro de comerciante em Salvador - Brasil not\u00edcias\" \/>\n<meta property=\"og:description\" content=\"Policiais do Departamento de Repress\u00e3o e Combate ao Crime Organizado (Draco) realizam uma opera\u00e7\u00e3o, na manh\u00e3 desta sexta-feira (14), em\" \/>\n<meta property=\"og:url\" content=\"https:\/\/brasilnoticias.org\/site\/policia-civil-deflagra-operacao-para-prender-envolvidos-em-sequestro-de-comerciante-em-salvador\/\" \/>\n<meta property=\"og:site_name\" content=\"Brasil not\u00edcias\" \/>\n<meta property=\"article:published_time\" content=\"2022-10-14T10:00:53+00:00\" \/>\n<meta property=\"og:image\" content=\"https:\/\/brasilnoticias.org\/site\/wp-content\/uploads\/2022\/10\/whatsapp_image_2022-10-14_at_05.49.27_widelg.jpeg\" \/>\n\t<meta property=\"og:image:width\" content=\"800\" \/>\n\t<meta property=\"og:image:height\" content=\"450\" \/>\n\t<meta property=\"og:image:type\" content=\"image\/jpeg\" \/>\n<meta name=\"author\" content=\"Reda\u00e7\u00e3o\" \/>\n<meta name=\"twitter:card\" content=\"summary_large_image\" \/>\n<meta name=\"twitter:label1\" content=\"Escrito por\" \/>\n\t<meta name=\"twitter:data1\" content=\"Reda\u00e7\u00e3o\" \/>\n\t<meta name=\"twitter:label2\" content=\"Tempo estimado de leitura\" \/>\n\t<meta name=\"twitter:data2\" content=\"1 minuto\" \/>\n<script type=\"application\/ld+json\" class=\"yoast-schema-graph\">{\"@context\":\"https:\/\/schema.org\",\"@graph\":[{\"@type\":\"Article\",\"@id\":\"https:\/\/brasilnoticias.org\/site\/policia-civil-deflagra-operacao-para-prender-envolvidos-em-sequestro-de-comerciante-em-salvador\/#article\",\"isPartOf\":{\"@id\":\"https:\/\/brasilnoticias.org\/site\/policia-civil-deflagra-operacao-para-prender-envolvidos-em-sequestro-de-comerciante-em-salvador\/\"},\"author\":{\"name\":\"Reda\u00e7\u00e3o\",\"@id\":\"https:\/\/brasilnoticias.org\/site\/#\/schema\/person\/a0e05b973ec4d15c658d51911e53507b\"},\"headline\":\"Pol\u00edcia Civil deflagra opera\u00e7\u00e3o para prender envolvidos em sequestro de comerciante em Salvador\",\"datePublished\":\"2022-10-14T10:00:53+00:00\",\"mainEntityOfPage\":{\"@id\":\"https:\/\/brasilnoticias.org\/site\/policia-civil-deflagra-operacao-para-prender-envolvidos-em-sequestro-de-comerciante-em-salvador\/\"},\"wordCount\":211,\"commentCount\":0,\"publisher\":{\"@id\":\"https:\/\/brasilnoticias.org\/site\/#organization\"},\"image\":{\"@id\":\"https:\/\/brasilnoticias.org\/site\/policia-civil-deflagra-operacao-para-prender-envolvidos-em-sequestro-de-comerciante-em-salvador\/#primaryimage\"},\"thumbnailUrl\":\"https:\/\/brasilnoticias.org\/site\/wp-content\/uploads\/2022\/10\/whatsapp_image_2022-10-14_at_05.49.27_widelg.jpeg\",\"articleSection\":[\"Pol\u00edcia\",\"\u00daltimas\"],\"inLanguage\":\"pt-PT\",\"potentialAction\":[{\"@type\":\"CommentAction\",\"name\":\"Comment\",\"target\":[\"https:\/\/brasilnoticias.org\/site\/policia-civil-deflagra-operacao-para-prender-envolvidos-em-sequestro-de-comerciante-em-salvador\/#respond\"]}]},{\"@type\":\"WebPage\",\"@id\":\"https:\/\/brasilnoticias.org\/site\/policia-civil-deflagra-operacao-para-prender-envolvidos-em-sequestro-de-comerciante-em-salvador\/\",\"url\":\"https:\/\/brasilnoticias.org\/site\/policia-civil-deflagra-operacao-para-prender-envolvidos-em-sequestro-de-comerciante-em-salvador\/\",\"name\":\"Pol\u00edcia Civil deflagra opera\u00e7\u00e3o para prender envolvidos em sequestro de comerciante em Salvador - Brasil not\u00edcias\",\"isPartOf\":{\"@id\":\"https:\/\/brasilnoticias.org\/site\/#website\"},\"primaryImageOfPage\":{\"@id\":\"https:\/\/brasilnoticias.org\/site\/policia-civil-deflagra-operacao-para-prender-envolvidos-em-sequestro-de-comerciante-em-salvador\/#primaryimage\"},\"image\":{\"@id\":\"https:\/\/brasilnoticias.org\/site\/policia-civil-deflagra-operacao-para-prender-envolvidos-em-sequestro-de-comerciante-em-salvador\/#primaryimage\"},\"thumbnailUrl\":\"https:\/\/brasilnoticias.org\/site\/wp-content\/uploads\/2022\/10\/whatsapp_image_2022-10-14_at_05.49.27_widelg.jpeg\",\"datePublished\":\"2022-10-14T10:00:53+00:00\",\"breadcrumb\":{\"@id\":\"https:\/\/brasilnoticias.org\/site\/policia-civil-deflagra-operacao-para-prender-envolvidos-em-sequestro-de-comerciante-em-salvador\/#breadcrumb\"},\"inLanguage\":\"pt-PT\",\"potentialAction\":[{\"@type\":\"ReadAction\",\"target\":[\"https:\/\/brasilnoticias.org\/site\/policia-civil-deflagra-operacao-para-prender-envolvidos-em-sequestro-de-comerciante-em-salvador\/\"]}]},{\"@type\":\"ImageObject\",\"inLanguage\":\"pt-PT\",\"@id\":\"https:\/\/brasilnoticias.org\/site\/policia-civil-deflagra-operacao-para-prender-envolvidos-em-sequestro-de-comerciante-em-salvador\/#primaryimage\",\"url\":\"https:\/\/brasilnoticias.org\/site\/wp-content\/uploads\/2022\/10\/whatsapp_image_2022-10-14_at_05.49.27_widelg.jpeg\",\"contentUrl\":\"https:\/\/brasilnoticias.org\/site\/wp-content\/uploads\/2022\/10\/whatsapp_image_2022-10-14_at_05.49.27_widelg.jpeg\",\"width\":800,\"height\":450},{\"@type\":\"BreadcrumbList\",\"@id\":\"https:\/\/brasilnoticias.org\/site\/policia-civil-deflagra-operacao-para-prender-envolvidos-em-sequestro-de-comerciante-em-salvador\/#breadcrumb\",\"itemListElement\":[{\"@type\":\"ListItem\",\"position\":1,\"name\":\"In\u00edcio\",\"item\":\"https:\/\/brasilnoticias.org\/site\/\"},{\"@type\":\"ListItem\",\"position\":2,\"name\":\"Pol\u00edcia Civil deflagra opera\u00e7\u00e3o para prender envolvidos em sequestro de comerciante em Salvador\"}]},{\"@type\":\"WebSite\",\"@id\":\"https:\/\/brasilnoticias.org\/site\/#website\",\"url\":\"https:\/\/brasilnoticias.org\/site\/\",\"name\":\"Brasil not\u00edcias\",\"description\":\"Brasil not\u00edcias\",\"publisher\":{\"@id\":\"https:\/\/brasilnoticias.org\/site\/#organization\"},\"potentialAction\":[{\"@type\":\"SearchAction\",\"target\":{\"@type\":\"EntryPoint\",\"urlTemplate\":\"https:\/\/brasilnoticias.org\/site\/?s={search_term_string}\"},\"query-input\":{\"@type\":\"PropertyValueSpecification\",\"valueRequired\":true,\"valueName\":\"search_term_string\"}}],\"inLanguage\":\"pt-PT\"},{\"@type\":\"Organization\",\"@id\":\"https:\/\/brasilnoticias.org\/site\/#organization\",\"name\":\"Brasil not\u00edcias\",\"url\":\"https:\/\/brasilnoticias.org\/site\/\",\"logo\":{\"@type\":\"ImageObject\",\"inLanguage\":\"pt-PT\",\"@id\":\"https:\/\/brasilnoticias.org\/site\/#\/schema\/logo\/image\/\",\"url\":\"https:\/\/brasilnoticias.org\/site\/wp-content\/uploads\/2022\/05\/cropped-brasilnoticias-mini.jpg\",\"contentUrl\":\"https:\/\/brasilnoticias.org\/site\/wp-content\/uploads\/2022\/05\/cropped-brasilnoticias-mini.jpg\",\"width\":314,\"height\":86,\"caption\":\"Brasil not\u00edcias\"},\"image\":{\"@id\":\"https:\/\/brasilnoticias.org\/site\/#\/schema\/logo\/image\/\"}},{\"@type\":\"Person\",\"@id\":\"https:\/\/brasilnoticias.org\/site\/#\/schema\/person\/a0e05b973ec4d15c658d51911e53507b\",\"name\":\"Reda\u00e7\u00e3o\",\"image\":{\"@type\":\"ImageObject\",\"inLanguage\":\"pt-PT\",\"@id\":\"https:\/\/brasilnoticias.org\/site\/#\/schema\/person\/image\/\",\"url\":\"https:\/\/secure.gravatar.com\/avatar\/75d8b050df2de108b08ae78dfb8e374892df24a383c67db9c46a9c604f6aee9c?s=96&d=mm&r=g\",\"contentUrl\":\"https:\/\/secure.gravatar.com\/avatar\/75d8b050df2de108b08ae78dfb8e374892df24a383c67db9c46a9c604f6aee9c?s=96&d=mm&r=g\",\"caption\":\"Reda\u00e7\u00e3o\"},\"sameAs\":[\"https:\/\/brasilnoticias.org\/site\"],\"url\":\"https:\/\/brasilnoticias.org\/site\/author\/fernandozsngmail-com\/\"}]}<\/script>\n<!-- \/ Yoast SEO plugin. -->","yoast_head_json":{"title":"Pol\u00edcia Civil deflagra opera\u00e7\u00e3o para prender envolvidos em sequestro de comerciante em Salvador - Brasil not\u00edcias","robots":{"index":"index","follow":"follow","max-snippet":"max-snippet:-1","max-image-preview":"max-image-preview:large","max-video-preview":"max-video-preview:-1"},"canonical":"https:\/\/brasilnoticias.org\/site\/policia-civil-deflagra-operacao-para-prender-envolvidos-em-sequestro-de-comerciante-em-salvador\/","og_locale":"pt_PT","og_type":"article","og_title":"Pol\u00edcia Civil deflagra opera\u00e7\u00e3o para prender envolvidos em sequestro de comerciante em Salvador - Brasil not\u00edcias","og_description":"Policiais do Departamento de Repress\u00e3o e Combate ao Crime Organizado (Draco) realizam uma opera\u00e7\u00e3o, na manh\u00e3 desta sexta-feira (14), em","og_url":"https:\/\/brasilnoticias.org\/site\/policia-civil-deflagra-operacao-para-prender-envolvidos-em-sequestro-de-comerciante-em-salvador\/","og_site_name":"Brasil not\u00edcias","article_published_time":"2022-10-14T10:00:53+00:00","og_image":[{"width":800,"height":450,"url":"https:\/\/brasilnoticias.org\/site\/wp-content\/uploads\/2022\/10\/whatsapp_image_2022-10-14_at_05.49.27_widelg.jpeg","type":"image\/jpeg"}],"author":"Reda\u00e7\u00e3o","twitter_card":"summary_large_image","twitter_misc":{"Escrito por":"Reda\u00e7\u00e3o","Tempo estimado de leitura":"1 minuto"},"schema":{"@context":"https:\/\/schema.org","@graph":[{"@type":"Article","@id":"https:\/\/brasilnoticias.org\/site\/policia-civil-deflagra-operacao-para-prender-envolvidos-em-sequestro-de-comerciante-em-salvador\/#article","isPartOf":{"@id":"https:\/\/brasilnoticias.org\/site\/policia-civil-deflagra-operacao-para-prender-envolvidos-em-sequestro-de-comerciante-em-salvador\/"},"author":{"name":"Reda\u00e7\u00e3o","@id":"https:\/\/brasilnoticias.org\/site\/#\/schema\/person\/a0e05b973ec4d15c658d51911e53507b"},"headline":"Pol\u00edcia Civil deflagra opera\u00e7\u00e3o para prender envolvidos em sequestro de comerciante em Salvador","datePublished":"2022-10-14T10:00:53+00:00","mainEntityOfPage":{"@id":"https:\/\/brasilnoticias.org\/site\/policia-civil-deflagra-operacao-para-prender-envolvidos-em-sequestro-de-comerciante-em-salvador\/"},"wordCount":211,"commentCount":0,"publisher":{"@id":"https:\/\/brasilnoticias.org\/site\/#organization"},"image":{"@id":"https:\/\/brasilnoticias.org\/site\/policia-civil-deflagra-operacao-para-prender-envolvidos-em-sequestro-de-comerciante-em-salvador\/#primaryimage"},"thumbnailUrl":"https:\/\/brasilnoticias.org\/site\/wp-content\/uploads\/2022\/10\/whatsapp_image_2022-10-14_at_05.49.27_widelg.jpeg","articleSection":["Pol\u00edcia","\u00daltimas"],"inLanguage":"pt-PT","potentialAction":[{"@type":"CommentAction","name":"Comment","target":["https:\/\/brasilnoticias.org\/site\/policia-civil-deflagra-operacao-para-prender-envolvidos-em-sequestro-de-comerciante-em-salvador\/#respond"]}]},{"@type":"WebPage","@id":"https:\/\/brasilnoticias.org\/site\/policia-civil-deflagra-operacao-para-prender-envolvidos-em-sequestro-de-comerciante-em-salvador\/","url":"https:\/\/brasilnoticias.org\/site\/policia-civil-deflagra-operacao-para-prender-envolvidos-em-sequestro-de-comerciante-em-salvador\/","name":"Pol\u00edcia Civil deflagra opera\u00e7\u00e3o para prender envolvidos em sequestro de comerciante em Salvador - Brasil not\u00edcias","isPartOf":{"@id":"https:\/\/brasilnoticias.org\/site\/#website"},"primaryImageOfPage":{"@id":"https:\/\/brasilnoticias.org\/site\/policia-civil-deflagra-operacao-para-prender-envolvidos-em-sequestro-de-comerciante-em-salvador\/#primaryimage"},"image":{"@id":"https:\/\/brasilnoticias.org\/site\/policia-civil-deflagra-operacao-para-prender-envolvidos-em-sequestro-de-comerciante-em-salvador\/#primaryimage"},"thumbnailUrl":"https:\/\/brasilnoticias.org\/site\/wp-content\/uploads\/2022\/10\/whatsapp_image_2022-10-14_at_05.49.27_widelg.jpeg","datePublished":"2022-10-14T10:00:53+00:00","breadcrumb":{"@id":"https:\/\/brasilnoticias.org\/site\/policia-civil-deflagra-operacao-para-prender-envolvidos-em-sequestro-de-comerciante-em-salvador\/#breadcrumb"},"inLanguage":"pt-PT","potentialAction":[{"@type":"ReadAction","target":["https:\/\/brasilnoticias.org\/site\/policia-civil-deflagra-operacao-para-prender-envolvidos-em-sequestro-de-comerciante-em-salvador\/"]}]},{"@type":"ImageObject","inLanguage":"pt-PT","@id":"https:\/\/brasilnoticias.org\/site\/policia-civil-deflagra-operacao-para-prender-envolvidos-em-sequestro-de-comerciante-em-salvador\/#primaryimage","url":"https:\/\/brasilnoticias.org\/site\/wp-content\/uploads\/2022\/10\/whatsapp_image_2022-10-14_at_05.49.27_widelg.jpeg","contentUrl":"https:\/\/brasilnoticias.org\/site\/wp-content\/uploads\/2022\/10\/whatsapp_image_2022-10-14_at_05.49.27_widelg.jpeg","width":800,"height":450},{"@type":"BreadcrumbList","@id":"https:\/\/brasilnoticias.org\/site\/policia-civil-deflagra-operacao-para-prender-envolvidos-em-sequestro-de-comerciante-em-salvador\/#breadcrumb","itemListElement":[{"@type":"ListItem","position":1,"name":"In\u00edcio","item":"https:\/\/brasilnoticias.org\/site\/"},{"@type":"ListItem","position":2,"name":"Pol\u00edcia Civil deflagra opera\u00e7\u00e3o para prender envolvidos em sequestro de comerciante em Salvador"}]},{"@type":"WebSite","@id":"https:\/\/brasilnoticias.org\/site\/#website","url":"https:\/\/brasilnoticias.org\/site\/","name":"Brasil not\u00edcias","description":"Brasil not\u00edcias","publisher":{"@id":"https:\/\/brasilnoticias.org\/site\/#organization"},"potentialAction":[{"@type":"SearchAction","target":{"@type":"EntryPoint","urlTemplate":"https:\/\/brasilnoticias.org\/site\/?s={search_term_string}"},"query-input":{"@type":"PropertyValueSpecification","valueRequired":true,"valueName":"search_term_string"}}],"inLanguage":"pt-PT"},{"@type":"Organization","@id":"https:\/\/brasilnoticias.org\/site\/#organization","name":"Brasil not\u00edcias","url":"https:\/\/brasilnoticias.org\/site\/","logo":{"@type":"ImageObject","inLanguage":"pt-PT","@id":"https:\/\/brasilnoticias.org\/site\/#\/schema\/logo\/image\/","url":"https:\/\/brasilnoticias.org\/site\/wp-content\/uploads\/2022\/05\/cropped-brasilnoticias-mini.jpg","contentUrl":"https:\/\/brasilnoticias.org\/site\/wp-content\/uploads\/2022\/05\/cropped-brasilnoticias-mini.jpg","width":314,"height":86,"caption":"Brasil not\u00edcias"},"image":{"@id":"https:\/\/brasilnoticias.org\/site\/#\/schema\/logo\/image\/"}},{"@type":"Person","@id":"https:\/\/brasilnoticias.org\/site\/#\/schema\/person\/a0e05b973ec4d15c658d51911e53507b","name":"Reda\u00e7\u00e3o","image":{"@type":"ImageObject","inLanguage":"pt-PT","@id":"https:\/\/brasilnoticias.org\/site\/#\/schema\/person\/image\/","url":"https:\/\/secure.gravatar.com\/avatar\/75d8b050df2de108b08ae78dfb8e374892df24a383c67db9c46a9c604f6aee9c?s=96&d=mm&r=g","contentUrl":"https:\/\/secure.gravatar.com\/avatar\/75d8b050df2de108b08ae78dfb8e374892df24a383c67db9c46a9c604f6aee9c?s=96&d=mm&r=g","caption":"Reda\u00e7\u00e3o"},"sameAs":["https:\/\/brasilnoticias.org\/site"],"url":"https:\/\/brasilnoticias.org\/site\/author\/fernandozsngmail-com\/"}]}},"_links":{"self":[{"href":"https:\/\/brasilnoticias.org\/site\/wp-json\/wp\/v2\/posts\/1861","targetHints":{"allow":["GET"]}}],"collection":[{"href":"https:\/\/brasilnoticias.org\/site\/wp-json\/wp\/v2\/posts"}],"about":[{"href":"https:\/\/brasilnoticias.org\/site\/wp-json\/wp\/v2\/types\/post"}],"author":[{"embeddable":true,"href":"https:\/\/brasilnoticias.org\/site\/wp-json\/wp\/v2\/users\/1"}],"replies":[{"embeddable":true,"href":"https:\/\/brasilnoticias.org\/site\/wp-json\/wp\/v2\/comments?post=1861"}],"version-history":[{"count":1,"href":"https:\/\/brasilnoticias.org\/site\/wp-json\/wp\/v2\/posts\/1861\/revisions"}],"predecessor-version":[{"id":1863,"href":"https:\/\/brasilnoticias.org\/site\/wp-json\/wp\/v2\/posts\/1861\/revisions\/1863"}],"wp:featuredmedia":[{"embeddable":true,"href":"https:\/\/brasilnoticias.org\/site\/wp-json\/wp\/v2\/media\/1862"}],"wp:attachment":[{"href":"https:\/\/brasilnoticias.org\/site\/wp-json\/wp\/v2\/media?parent=1861"}],"wp:term":[{"taxonomy":"category","embeddable":true,"href":"https:\/\/brasilnoticias.org\/site\/wp-json\/wp\/v2\/categories?post=1861"},{"taxonomy":"post_tag","embeddable":true,"href":"https:\/\/brasilnoticias.org\/site\/wp-json\/wp\/v2\/tags?post=1861"}],"curies":[{"name":"wp","href":"https:\/\/api.w.org\/{rel}","templated":true}]}}