{"id":18622,"date":"2025-11-04T14:48:29","date_gmt":"2025-11-04T17:48:29","guid":{"rendered":"https:\/\/brasilnoticias.org\/site\/?p=18622"},"modified":"2025-11-04T14:48:29","modified_gmt":"2025-11-04T17:48:29","slug":"comercio-deve-crescer-9-no-mes-da-black-friday-estima-fecomercio-ba","status":"publish","type":"post","link":"https:\/\/brasilnoticias.org\/site\/comercio-deve-crescer-9-no-mes-da-black-friday-estima-fecomercio-ba\/","title":{"rendered":"Com\u00e9rcio deve crescer 9% no m\u00eas da Black Friday, estima Fecom\u00e9rcio BA"},"content":{"rendered":"<p>Com mais dinheiro no bolso, inje\u00e7\u00e3o do 13\u00ba sal\u00e1rio e cr\u00e9dito, fam\u00edlias devem movimentar R$ 16 bilh\u00f5es no m\u00eas de novembro, na Bahia.<br \/>\nO Sistema Com\u00e9rcio BA, atrav\u00e9s da Fecom\u00e9rcio BA, estima que, no m\u00eas de novembro, o com\u00e9rcio varejista na Bahia fature R$ 16 bilh\u00f5es, per\u00edodo marcado pelas vendas da Black Friday, sendo um crescimento de 9% na compara\u00e7\u00e3o com novembro do ano passado. Embora haja uma data espec\u00edfica, o varejo realiza promo\u00e7\u00f5es e a\u00e7\u00f5es ao longo de todo o m\u00eas de novembro. Vale ressaltar que foi retirado do c\u00e1lculo o setor de ve\u00edculos que possui uma rela\u00e7\u00e3o baixa com o momento.<br \/>\n\u201cO bom momento da economia deve elevar as vendas em todas as atividades do com\u00e9rcio, com destaque para os setores de m\u00f3veis e decora\u00e7\u00e3o, bem como farm\u00e1cias e perfumarias, de 16% e 15%, respectivamente. S\u00e3o dois setores com caracter\u00edsticas diferentes, uma mais essencial e outro com produtos mais caros. No entanto, dada a maior capacidade de consumo das fam\u00edlias, via emprego e cr\u00e9dito, ambos devem se beneficiar no m\u00eas de novembro\u201d, explica o presidente do Sistema Com\u00e9rcio BA, Kelsor Fernandes.<br \/>\n\u201cO setor que sempre chama mais a aten\u00e7\u00e3o no per\u00edodo \u00e9 o de eletrodom\u00e9sticos e eletr\u00f4nicos que deve apresentar crescimento de 10% no contraponto anual. S\u00e3o os consumidores buscando um celular novo, um televisor de um modelo mais recente ou algum aparelho que necessite para o domic\u00edlio\u201d, esclarece o consultor econ\u00f4mico Guilherme Dietze. Segundo um estudo recente da Fecom\u00e9rcio BA, o e-commerce, por exemplo, mostrou que os produtos mais comprados por consumidores residentes na Bahia s\u00e3o exatamente os desse segmento, liderando a lista os smartphones. Ainda figuram para a alta no m\u00eas as atividades: supermercados (9%), outras atividades (4%) e vestu\u00e1rio, tecidos e cal\u00e7ados (3%).<br \/>\nDe acordo com Dietze, com o crescimento forte do varejo este ano, os empres\u00e1rios est\u00e3o conseguindo circular seus estoques sem tantos problemas, mas sempre haver\u00e1 produtos que tem menos sa\u00edda e que seguir\u00e3o com pre\u00e7os vantajosos para abrir espa\u00e7o para os estoques de Natal.<br \/>\nImportante tamb\u00e9m destacar o cen\u00e1rio econ\u00f4mico muito favor\u00e1vel para as fam\u00edlias do Estado. A taxa de desemprego na regi\u00e3o \u00e9 a menor em 10 anos e a infla\u00e7\u00e3o mais baixa, de pouco menos de 4%, permite um ganho imenso do poder de compra, o que vem sustentando as vendas no varejo.<br \/>\n\u201cNos Estados Unidos, a caracter\u00edstica da Black Friday \u00e9 um pouco diferente, com uma concentra\u00e7\u00e3o na data espec\u00edfica. J\u00e1 no Brasil, houve adapta\u00e7\u00f5es ao longo do tempo, como as a\u00e7\u00f5es de vendas para o m\u00eas, at\u00e9 por conta do recebimento do sal\u00e1rio at\u00e9 o dia 5, o que poderia prejudicar as vendas se as promo\u00e7\u00f5es ficassem reservadas somente para o final do m\u00eas, com a popula\u00e7\u00e3o \u201csem\u201d dinheiro\u201d, explica o consultor econ\u00f4mico do Sistema Com\u00e9rcio BA.<br \/>\nOutro ponto a favor do com\u00e9rcio neste ano ser\u00e1 a inje\u00e7\u00e3o da primeira parcela do 13\u00ba sal\u00e1rio, at\u00e9 o dia 30 de novembro. O n\u00famero de empregados formais \u00e9 superior ao do ano passado e com os pre\u00e7os mais baixos, esses recursos far\u00e3o a diferen\u00e7a nas vendas, contando que parte ser\u00e1 destinada diretamente para o com\u00e9rcio. Mesmo com  feriados relevantes, como o dia 15\/11 e 20\/11, as condi\u00e7\u00f5es hoje permitem que as fam\u00edlias tenham o seu momento de lazer e turismo sem prejudicar o consumo.<br \/>\nPortanto, as proje\u00e7\u00f5es otimistas est\u00e3o baseadas no hist\u00f3rico recente das vendas do varejo e nas condi\u00e7\u00f5es b\u00e1sicas das fam\u00edlias, com mais emprego, renda e cr\u00e9dito. Ser\u00e1 um excelente term\u00f4metro para as vendas de Natal, que n\u00e3o disputam com a Black Friday.<br \/>\nDicas para os consumidores:<br \/>\nO consumidor tem uma arma muito poderosa nas m\u00e3os que \u00e9 a internet. \u00c9 importante fazer a lista dos produtos desejados e colocar o pre\u00e7o do momento, para quando come\u00e7arem as promo\u00e7\u00f5es saberem se os descontos s\u00e3o atrativos ou n\u00e3o. Al\u00e9m disso, \u00e9 poss\u00edvel colocar alertas em sites espec\u00edficos para avisar quando aquele produto chegar a determinado pre\u00e7o.<br \/>\nE nas idas \u00e0s lojas do varejo f\u00edsico, \u00e9 sempre importante fazer a barganha, buscar a forma de pagamento que possa trazer o melhor benef\u00edcio. Ultimamente, o PIX tem sido a modalidade em que o lojista oferece o melhor desconto.<br \/>\nDicas para empres\u00e1rios:<br \/>\n\u00c9 crucial que, ao participar de a\u00e7\u00f5es da Black Friday, o empres\u00e1rio ofere\u00e7a descontos atrativos, mesmo que seja numa parcela menor dos produtos em estoque. Ao realizar uma promo\u00e7\u00e3o \u201cfantasiosa\u201d, n\u00e3o gerando desconto efetivo, o consumidor marcar\u00e1 negativamente a loja, perdendo uma poss\u00edvel fideliza\u00e7\u00e3o.<br \/>\n\u00c9 um erro fazer o tradicional m\u00e9todo da \u201cmetade do dobro\u201d para a Black Friday. Com a internet e o acesso \u00e0s informa\u00e7\u00f5es, o consumidor sabe qual \u00e9 o pre\u00e7o que se paga normalmente, e se \u00e9 ou n\u00e3o vantajoso.<br \/>\nVale sempre destacar as promo\u00e7\u00f5es atrav\u00e9s do PIX por ser uma modalidade de recebimento imediato, reduzindo a necessidade de cr\u00e9dito para antecipa\u00e7\u00e3o de receb\u00edveis.<\/p>\n<p>Foto: Divulga\u00e7\u00e3o<br \/>\nFonte: Fecom\u00e9rcio BA<\/p>\n","protected":false},"excerpt":{"rendered":"<p>Com mais dinheiro no bolso, inje\u00e7\u00e3o do 13\u00ba sal\u00e1rio e cr\u00e9dito, fam\u00edlias devem movimentar R$ 16 bilh\u00f5es no m\u00eas de<\/p>\n","protected":false},"author":4,"featured_media":18623,"comment_status":"open","ping_status":"open","sticky":false,"template":"","format":"standard","meta":{"colormag_page_container_layout":"default_layout","colormag_page_sidebar_layout":"default_layout","_FSMCFIC_featured_image_caption":"","_FSMCFIC_featured_image_nocaption":"","_FSMCFIC_featured_image_hide":"","footnotes":""},"categories":[2,1],"tags":[],"class_list":["post-18622","post","type-post","status-publish","format-standard","has-post-thumbnail","hentry","category-noticias","category-ultimas"],"yoast_head":"<!-- This site is optimized with the Yoast SEO plugin v27.1.1 - https:\/\/yoast.com\/product\/yoast-seo-wordpress\/ -->\n<title>Com\u00e9rcio deve crescer 9% no m\u00eas da Black Friday, estima Fecom\u00e9rcio BA - Brasil not\u00edcias<\/title>\n<meta name=\"robots\" content=\"index, follow, max-snippet:-1, max-image-preview:large, max-video-preview:-1\" \/>\n<link rel=\"canonical\" href=\"https:\/\/brasilnoticias.org\/site\/comercio-deve-crescer-9-no-mes-da-black-friday-estima-fecomercio-ba\/\" \/>\n<meta property=\"og:locale\" content=\"pt_PT\" \/>\n<meta property=\"og:type\" content=\"article\" \/>\n<meta property=\"og:title\" content=\"Com\u00e9rcio deve crescer 9% no m\u00eas da Black Friday, estima Fecom\u00e9rcio BA - Brasil not\u00edcias\" \/>\n<meta property=\"og:description\" content=\"Com mais dinheiro no bolso, inje\u00e7\u00e3o do 13\u00ba sal\u00e1rio e cr\u00e9dito, fam\u00edlias devem movimentar R$ 16 bilh\u00f5es no m\u00eas de\" \/>\n<meta property=\"og:url\" content=\"https:\/\/brasilnoticias.org\/site\/comercio-deve-crescer-9-no-mes-da-black-friday-estima-fecomercio-ba\/\" \/>\n<meta property=\"og:site_name\" content=\"Brasil not\u00edcias\" \/>\n<meta property=\"article:published_time\" content=\"2025-11-04T17:48:29+00:00\" \/>\n<meta property=\"og:image\" content=\"https:\/\/brasilnoticias.org\/site\/wp-content\/uploads\/2025\/11\/GettyImages-1343651278-1300x560-1.jpg\" \/>\n\t<meta property=\"og:image:width\" content=\"1300\" \/>\n\t<meta property=\"og:image:height\" content=\"560\" \/>\n\t<meta property=\"og:image:type\" content=\"image\/jpeg\" \/>\n<meta name=\"author\" content=\"Reda\u00e7\u00e3o\" \/>\n<meta name=\"twitter:card\" content=\"summary_large_image\" \/>\n<meta name=\"twitter:label1\" content=\"Escrito por\" \/>\n\t<meta name=\"twitter:data1\" content=\"Reda\u00e7\u00e3o\" \/>\n\t<meta name=\"twitter:label2\" content=\"Tempo estimado de leitura\" \/>\n\t<meta name=\"twitter:data2\" content=\"1 minuto\" \/>\n<script type=\"application\/ld+json\" class=\"yoast-schema-graph\">{\"@context\":\"https:\/\/schema.org\",\"@graph\":[{\"@type\":\"Article\",\"@id\":\"https:\/\/brasilnoticias.org\/site\/comercio-deve-crescer-9-no-mes-da-black-friday-estima-fecomercio-ba\/#article\",\"isPartOf\":{\"@id\":\"https:\/\/brasilnoticias.org\/site\/comercio-deve-crescer-9-no-mes-da-black-friday-estima-fecomercio-ba\/\"},\"author\":{\"name\":\"Reda\u00e7\u00e3o\",\"@id\":\"https:\/\/brasilnoticias.org\/site\/#\/schema\/person\/03bbbfe6c7634ad18c26444ea39049fa\"},\"headline\":\"Com\u00e9rcio deve crescer 9% no m\u00eas da Black Friday, estima Fecom\u00e9rcio BA\",\"datePublished\":\"2025-11-04T17:48:29+00:00\",\"mainEntityOfPage\":{\"@id\":\"https:\/\/brasilnoticias.org\/site\/comercio-deve-crescer-9-no-mes-da-black-friday-estima-fecomercio-ba\/\"},\"wordCount\":906,\"commentCount\":0,\"publisher\":{\"@id\":\"https:\/\/brasilnoticias.org\/site\/#organization\"},\"image\":{\"@id\":\"https:\/\/brasilnoticias.org\/site\/comercio-deve-crescer-9-no-mes-da-black-friday-estima-fecomercio-ba\/#primaryimage\"},\"thumbnailUrl\":\"https:\/\/brasilnoticias.org\/site\/wp-content\/uploads\/2025\/11\/GettyImages-1343651278-1300x560-1.jpg\",\"articleSection\":[\"Not\u00edcias\",\"\u00daltimas\"],\"inLanguage\":\"pt-PT\",\"potentialAction\":[{\"@type\":\"CommentAction\",\"name\":\"Comment\",\"target\":[\"https:\/\/brasilnoticias.org\/site\/comercio-deve-crescer-9-no-mes-da-black-friday-estima-fecomercio-ba\/#respond\"]}]},{\"@type\":\"WebPage\",\"@id\":\"https:\/\/brasilnoticias.org\/site\/comercio-deve-crescer-9-no-mes-da-black-friday-estima-fecomercio-ba\/\",\"url\":\"https:\/\/brasilnoticias.org\/site\/comercio-deve-crescer-9-no-mes-da-black-friday-estima-fecomercio-ba\/\",\"name\":\"Com\u00e9rcio deve crescer 9% no m\u00eas da Black Friday, estima Fecom\u00e9rcio BA - Brasil not\u00edcias\",\"isPartOf\":{\"@id\":\"https:\/\/brasilnoticias.org\/site\/#website\"},\"primaryImageOfPage\":{\"@id\":\"https:\/\/brasilnoticias.org\/site\/comercio-deve-crescer-9-no-mes-da-black-friday-estima-fecomercio-ba\/#primaryimage\"},\"image\":{\"@id\":\"https:\/\/brasilnoticias.org\/site\/comercio-deve-crescer-9-no-mes-da-black-friday-estima-fecomercio-ba\/#primaryimage\"},\"thumbnailUrl\":\"https:\/\/brasilnoticias.org\/site\/wp-content\/uploads\/2025\/11\/GettyImages-1343651278-1300x560-1.jpg\",\"datePublished\":\"2025-11-04T17:48:29+00:00\",\"breadcrumb\":{\"@id\":\"https:\/\/brasilnoticias.org\/site\/comercio-deve-crescer-9-no-mes-da-black-friday-estima-fecomercio-ba\/#breadcrumb\"},\"inLanguage\":\"pt-PT\",\"potentialAction\":[{\"@type\":\"ReadAction\",\"target\":[\"https:\/\/brasilnoticias.org\/site\/comercio-deve-crescer-9-no-mes-da-black-friday-estima-fecomercio-ba\/\"]}]},{\"@type\":\"ImageObject\",\"inLanguage\":\"pt-PT\",\"@id\":\"https:\/\/brasilnoticias.org\/site\/comercio-deve-crescer-9-no-mes-da-black-friday-estima-fecomercio-ba\/#primaryimage\",\"url\":\"https:\/\/brasilnoticias.org\/site\/wp-content\/uploads\/2025\/11\/GettyImages-1343651278-1300x560-1.jpg\",\"contentUrl\":\"https:\/\/brasilnoticias.org\/site\/wp-content\/uploads\/2025\/11\/GettyImages-1343651278-1300x560-1.jpg\",\"width\":1300,\"height\":560},{\"@type\":\"BreadcrumbList\",\"@id\":\"https:\/\/brasilnoticias.org\/site\/comercio-deve-crescer-9-no-mes-da-black-friday-estima-fecomercio-ba\/#breadcrumb\",\"itemListElement\":[{\"@type\":\"ListItem\",\"position\":1,\"name\":\"In\u00edcio\",\"item\":\"https:\/\/brasilnoticias.org\/site\/\"},{\"@type\":\"ListItem\",\"position\":2,\"name\":\"Com\u00e9rcio deve crescer 9% no m\u00eas da Black Friday, estima Fecom\u00e9rcio BA\"}]},{\"@type\":\"WebSite\",\"@id\":\"https:\/\/brasilnoticias.org\/site\/#website\",\"url\":\"https:\/\/brasilnoticias.org\/site\/\",\"name\":\"Brasil not\u00edcias\",\"description\":\"Brasil not\u00edcias\",\"publisher\":{\"@id\":\"https:\/\/brasilnoticias.org\/site\/#organization\"},\"potentialAction\":[{\"@type\":\"SearchAction\",\"target\":{\"@type\":\"EntryPoint\",\"urlTemplate\":\"https:\/\/brasilnoticias.org\/site\/?s={search_term_string}\"},\"query-input\":{\"@type\":\"PropertyValueSpecification\",\"valueRequired\":true,\"valueName\":\"search_term_string\"}}],\"inLanguage\":\"pt-PT\"},{\"@type\":\"Organization\",\"@id\":\"https:\/\/brasilnoticias.org\/site\/#organization\",\"name\":\"Brasil not\u00edcias\",\"url\":\"https:\/\/brasilnoticias.org\/site\/\",\"logo\":{\"@type\":\"ImageObject\",\"inLanguage\":\"pt-PT\",\"@id\":\"https:\/\/brasilnoticias.org\/site\/#\/schema\/logo\/image\/\",\"url\":\"https:\/\/brasilnoticias.org\/site\/wp-content\/uploads\/2022\/05\/cropped-brasilnoticias-mini.jpg\",\"contentUrl\":\"https:\/\/brasilnoticias.org\/site\/wp-content\/uploads\/2022\/05\/cropped-brasilnoticias-mini.jpg\",\"width\":314,\"height\":86,\"caption\":\"Brasil not\u00edcias\"},\"image\":{\"@id\":\"https:\/\/brasilnoticias.org\/site\/#\/schema\/logo\/image\/\"}},{\"@type\":\"Person\",\"@id\":\"https:\/\/brasilnoticias.org\/site\/#\/schema\/person\/03bbbfe6c7634ad18c26444ea39049fa\",\"name\":\"Reda\u00e7\u00e3o\",\"image\":{\"@type\":\"ImageObject\",\"inLanguage\":\"pt-PT\",\"@id\":\"https:\/\/brasilnoticias.org\/site\/#\/schema\/person\/image\/\",\"url\":\"https:\/\/secure.gravatar.com\/avatar\/9ecaf7327a696cb23ad926fedded5f1f04d7049de9e445375d55b48c001a6e42?s=96&d=mm&r=g\",\"contentUrl\":\"https:\/\/secure.gravatar.com\/avatar\/9ecaf7327a696cb23ad926fedded5f1f04d7049de9e445375d55b48c001a6e42?s=96&d=mm&r=g\",\"caption\":\"Reda\u00e7\u00e3o\"},\"url\":\"https:\/\/brasilnoticias.org\/site\/author\/henrique\/\"}]}<\/script>\n<!-- \/ Yoast SEO plugin. -->","yoast_head_json":{"title":"Com\u00e9rcio deve crescer 9% no m\u00eas da Black Friday, estima Fecom\u00e9rcio BA - Brasil not\u00edcias","robots":{"index":"index","follow":"follow","max-snippet":"max-snippet:-1","max-image-preview":"max-image-preview:large","max-video-preview":"max-video-preview:-1"},"canonical":"https:\/\/brasilnoticias.org\/site\/comercio-deve-crescer-9-no-mes-da-black-friday-estima-fecomercio-ba\/","og_locale":"pt_PT","og_type":"article","og_title":"Com\u00e9rcio deve crescer 9% no m\u00eas da Black Friday, estima Fecom\u00e9rcio BA - Brasil not\u00edcias","og_description":"Com mais dinheiro no bolso, inje\u00e7\u00e3o do 13\u00ba sal\u00e1rio e cr\u00e9dito, fam\u00edlias devem movimentar R$ 16 bilh\u00f5es no m\u00eas de","og_url":"https:\/\/brasilnoticias.org\/site\/comercio-deve-crescer-9-no-mes-da-black-friday-estima-fecomercio-ba\/","og_site_name":"Brasil not\u00edcias","article_published_time":"2025-11-04T17:48:29+00:00","og_image":[{"width":1300,"height":560,"url":"https:\/\/brasilnoticias.org\/site\/wp-content\/uploads\/2025\/11\/GettyImages-1343651278-1300x560-1.jpg","type":"image\/jpeg"}],"author":"Reda\u00e7\u00e3o","twitter_card":"summary_large_image","twitter_misc":{"Escrito por":"Reda\u00e7\u00e3o","Tempo estimado de leitura":"1 minuto"},"schema":{"@context":"https:\/\/schema.org","@graph":[{"@type":"Article","@id":"https:\/\/brasilnoticias.org\/site\/comercio-deve-crescer-9-no-mes-da-black-friday-estima-fecomercio-ba\/#article","isPartOf":{"@id":"https:\/\/brasilnoticias.org\/site\/comercio-deve-crescer-9-no-mes-da-black-friday-estima-fecomercio-ba\/"},"author":{"name":"Reda\u00e7\u00e3o","@id":"https:\/\/brasilnoticias.org\/site\/#\/schema\/person\/03bbbfe6c7634ad18c26444ea39049fa"},"headline":"Com\u00e9rcio deve crescer 9% no m\u00eas da Black Friday, estima Fecom\u00e9rcio BA","datePublished":"2025-11-04T17:48:29+00:00","mainEntityOfPage":{"@id":"https:\/\/brasilnoticias.org\/site\/comercio-deve-crescer-9-no-mes-da-black-friday-estima-fecomercio-ba\/"},"wordCount":906,"commentCount":0,"publisher":{"@id":"https:\/\/brasilnoticias.org\/site\/#organization"},"image":{"@id":"https:\/\/brasilnoticias.org\/site\/comercio-deve-crescer-9-no-mes-da-black-friday-estima-fecomercio-ba\/#primaryimage"},"thumbnailUrl":"https:\/\/brasilnoticias.org\/site\/wp-content\/uploads\/2025\/11\/GettyImages-1343651278-1300x560-1.jpg","articleSection":["Not\u00edcias","\u00daltimas"],"inLanguage":"pt-PT","potentialAction":[{"@type":"CommentAction","name":"Comment","target":["https:\/\/brasilnoticias.org\/site\/comercio-deve-crescer-9-no-mes-da-black-friday-estima-fecomercio-ba\/#respond"]}]},{"@type":"WebPage","@id":"https:\/\/brasilnoticias.org\/site\/comercio-deve-crescer-9-no-mes-da-black-friday-estima-fecomercio-ba\/","url":"https:\/\/brasilnoticias.org\/site\/comercio-deve-crescer-9-no-mes-da-black-friday-estima-fecomercio-ba\/","name":"Com\u00e9rcio deve crescer 9% no m\u00eas da Black Friday, estima Fecom\u00e9rcio BA - Brasil not\u00edcias","isPartOf":{"@id":"https:\/\/brasilnoticias.org\/site\/#website"},"primaryImageOfPage":{"@id":"https:\/\/brasilnoticias.org\/site\/comercio-deve-crescer-9-no-mes-da-black-friday-estima-fecomercio-ba\/#primaryimage"},"image":{"@id":"https:\/\/brasilnoticias.org\/site\/comercio-deve-crescer-9-no-mes-da-black-friday-estima-fecomercio-ba\/#primaryimage"},"thumbnailUrl":"https:\/\/brasilnoticias.org\/site\/wp-content\/uploads\/2025\/11\/GettyImages-1343651278-1300x560-1.jpg","datePublished":"2025-11-04T17:48:29+00:00","breadcrumb":{"@id":"https:\/\/brasilnoticias.org\/site\/comercio-deve-crescer-9-no-mes-da-black-friday-estima-fecomercio-ba\/#breadcrumb"},"inLanguage":"pt-PT","potentialAction":[{"@type":"ReadAction","target":["https:\/\/brasilnoticias.org\/site\/comercio-deve-crescer-9-no-mes-da-black-friday-estima-fecomercio-ba\/"]}]},{"@type":"ImageObject","inLanguage":"pt-PT","@id":"https:\/\/brasilnoticias.org\/site\/comercio-deve-crescer-9-no-mes-da-black-friday-estima-fecomercio-ba\/#primaryimage","url":"https:\/\/brasilnoticias.org\/site\/wp-content\/uploads\/2025\/11\/GettyImages-1343651278-1300x560-1.jpg","contentUrl":"https:\/\/brasilnoticias.org\/site\/wp-content\/uploads\/2025\/11\/GettyImages-1343651278-1300x560-1.jpg","width":1300,"height":560},{"@type":"BreadcrumbList","@id":"https:\/\/brasilnoticias.org\/site\/comercio-deve-crescer-9-no-mes-da-black-friday-estima-fecomercio-ba\/#breadcrumb","itemListElement":[{"@type":"ListItem","position":1,"name":"In\u00edcio","item":"https:\/\/brasilnoticias.org\/site\/"},{"@type":"ListItem","position":2,"name":"Com\u00e9rcio deve crescer 9% no m\u00eas da Black Friday, estima Fecom\u00e9rcio BA"}]},{"@type":"WebSite","@id":"https:\/\/brasilnoticias.org\/site\/#website","url":"https:\/\/brasilnoticias.org\/site\/","name":"Brasil not\u00edcias","description":"Brasil not\u00edcias","publisher":{"@id":"https:\/\/brasilnoticias.org\/site\/#organization"},"potentialAction":[{"@type":"SearchAction","target":{"@type":"EntryPoint","urlTemplate":"https:\/\/brasilnoticias.org\/site\/?s={search_term_string}"},"query-input":{"@type":"PropertyValueSpecification","valueRequired":true,"valueName":"search_term_string"}}],"inLanguage":"pt-PT"},{"@type":"Organization","@id":"https:\/\/brasilnoticias.org\/site\/#organization","name":"Brasil not\u00edcias","url":"https:\/\/brasilnoticias.org\/site\/","logo":{"@type":"ImageObject","inLanguage":"pt-PT","@id":"https:\/\/brasilnoticias.org\/site\/#\/schema\/logo\/image\/","url":"https:\/\/brasilnoticias.org\/site\/wp-content\/uploads\/2022\/05\/cropped-brasilnoticias-mini.jpg","contentUrl":"https:\/\/brasilnoticias.org\/site\/wp-content\/uploads\/2022\/05\/cropped-brasilnoticias-mini.jpg","width":314,"height":86,"caption":"Brasil not\u00edcias"},"image":{"@id":"https:\/\/brasilnoticias.org\/site\/#\/schema\/logo\/image\/"}},{"@type":"Person","@id":"https:\/\/brasilnoticias.org\/site\/#\/schema\/person\/03bbbfe6c7634ad18c26444ea39049fa","name":"Reda\u00e7\u00e3o","image":{"@type":"ImageObject","inLanguage":"pt-PT","@id":"https:\/\/brasilnoticias.org\/site\/#\/schema\/person\/image\/","url":"https:\/\/secure.gravatar.com\/avatar\/9ecaf7327a696cb23ad926fedded5f1f04d7049de9e445375d55b48c001a6e42?s=96&d=mm&r=g","contentUrl":"https:\/\/secure.gravatar.com\/avatar\/9ecaf7327a696cb23ad926fedded5f1f04d7049de9e445375d55b48c001a6e42?s=96&d=mm&r=g","caption":"Reda\u00e7\u00e3o"},"url":"https:\/\/brasilnoticias.org\/site\/author\/henrique\/"}]}},"_links":{"self":[{"href":"https:\/\/brasilnoticias.org\/site\/wp-json\/wp\/v2\/posts\/18622","targetHints":{"allow":["GET"]}}],"collection":[{"href":"https:\/\/brasilnoticias.org\/site\/wp-json\/wp\/v2\/posts"}],"about":[{"href":"https:\/\/brasilnoticias.org\/site\/wp-json\/wp\/v2\/types\/post"}],"author":[{"embeddable":true,"href":"https:\/\/brasilnoticias.org\/site\/wp-json\/wp\/v2\/users\/4"}],"replies":[{"embeddable":true,"href":"https:\/\/brasilnoticias.org\/site\/wp-json\/wp\/v2\/comments?post=18622"}],"version-history":[{"count":1,"href":"https:\/\/brasilnoticias.org\/site\/wp-json\/wp\/v2\/posts\/18622\/revisions"}],"predecessor-version":[{"id":18624,"href":"https:\/\/brasilnoticias.org\/site\/wp-json\/wp\/v2\/posts\/18622\/revisions\/18624"}],"wp:featuredmedia":[{"embeddable":true,"href":"https:\/\/brasilnoticias.org\/site\/wp-json\/wp\/v2\/media\/18623"}],"wp:attachment":[{"href":"https:\/\/brasilnoticias.org\/site\/wp-json\/wp\/v2\/media?parent=18622"}],"wp:term":[{"taxonomy":"category","embeddable":true,"href":"https:\/\/brasilnoticias.org\/site\/wp-json\/wp\/v2\/categories?post=18622"},{"taxonomy":"post_tag","embeddable":true,"href":"https:\/\/brasilnoticias.org\/site\/wp-json\/wp\/v2\/tags?post=18622"}],"curies":[{"name":"wp","href":"https:\/\/api.w.org\/{rel}","templated":true}]}}