{"id":18686,"date":"2025-11-10T05:09:50","date_gmt":"2025-11-10T08:09:50","guid":{"rendered":"https:\/\/brasilnoticias.org\/site\/?p=18686"},"modified":"2025-11-10T05:09:50","modified_gmt":"2025-11-10T08:09:50","slug":"vitoria-empata-com-o-botafogo-no-barradao-e-pode-voltar-para-o-z-4","status":"publish","type":"post","link":"https:\/\/brasilnoticias.org\/site\/vitoria-empata-com-o-botafogo-no-barradao-e-pode-voltar-para-o-z-4\/","title":{"rendered":"Vit\u00f3ria empata com o Botafogo no Barrad\u00e3o e pode voltar para o Z-4"},"content":{"rendered":"<p>Le\u00e3o vai precisar secar o Santos novamente para fechar rodada fora da degola<\/p>\n<p>O Vit\u00f3ria n\u00e3o conseguiu quebrar o tabu desde 2014 e vai passar mais um ano sem vencer o Botafogo como mandante. Na tarde deste domingo (9), o Le\u00e3o ficou no empate sem gols com a Estrela Solit\u00e1ria, no Barrad\u00e3o, pela 33\u00aa rodada do Campeonato Brasileiro.<\/p>\n<p>Com a igualdade, o Rubro-Negro segue em 16\u00ba lugar na tabela de classifica\u00e7\u00e3o com 35 pontos. Mas para fechar a jornada fora da zona de rebaixamento ter\u00e1 de torcer por um trope\u00e7o do Santos, que \u00e9 o 17\u00ba com 33, e encara o Flamengo, no Maracan\u00e3, logo mais \u00e0s 18h30. Com 52, o Fog\u00e3o aparece na sexta posi\u00e7\u00e3o, atr\u00e1s do Bahia, que \u00e9 o quinto com 51.<\/p>\n<p>O Vit\u00f3ria ter\u00e1 10 dias de folga por conta da Data Fifa de novembro. O pr\u00f3ximo compromisso do Le\u00e3o ser\u00e1 no dia 19 deste m\u00eas, na outra quarta-feira, \u00e0s 19h30, contra o Palmeiras, no Allianz Parque, pela partida antecipada da 37\u00aa rodada.<\/p>\n<p>Primeiro tempo<\/p>\n<p>Apesar de jogar em casa, o Vit\u00f3ria come\u00e7ou a partida sendo pressionado pelo Botafogo. Nos primeiros minutos, o Le\u00e3o n\u00e3o conseguia se encontrar, enquanto o Fog\u00e3o tinha mais dom\u00ednio da bola e se aventurava ao ataque. Aos cinco minutos, Barboza desperdi\u00e7ou uma chance de ouro praticamente debaixo da trave de Thiago Couto ao mandar para fora ap\u00f3s cobran\u00e7a de escanteio. O Le\u00e3o respondeu e chegou pela primeira vez no ataque aos oito minutos no cruzamento de Ramon, mas Cantalapiedra desviou para fora. Na sequ\u00eancia, Erick cruzou para Renzo L\u00f3pez que faltou muito pouco para alcan\u00e7ar e finalizar. O Alvinegro carioca recuperou a bola e Arthur Cabral acionou para Joaqu\u00edn Correa que partiu em velocidade e tentou devolver na frente para o companheiro, mas Thiago Couto saiu e ficou com a pelota aos 13. O Colossal carimbou o travess\u00e3o aos 17 no cruzamento venenoso de Ramon, que L\u00e9o Linck desviou com a ponta dos dedos e ela resvalou no poste antes de sair. Mas no lance seguinte, Matheuzinho deu uma bela assist\u00eancia para Renzo L\u00f3pez que saiu de cara pro gol e tocou de cavadinha para encobrir L\u00e9o Linck e mandou por cima da meta carioca, desperdi\u00e7ando uma grande chance aos 18 minutos. Thiago Couto fez grande defesa salvando o Le\u00e3o aos 25 minutos na cabe\u00e7ada de David Ricardo ap\u00f3s cobran\u00e7a de escanteio. O Colossal desperdi\u00e7ou outra boa chance aos 44 minutos na bola levantada na \u00e1rea de Erick, mas Z\u00e9 Marcos cabeceou livre nas m\u00e3os de L\u00e9o Linck. No entanto, a jogada foi invalidada pela arbitragem apontando impedimento do zagueiro rubro-negro. A trave esquerda de Thiago Couto salvou o Le\u00e3o de sofrer o primeiro gol na cabe\u00e7ada de Barboza que explodiu no poste aos 48 minutos.<\/p>\n<p>Segundo tempo<\/p>\n<p>Os dois times voltaram dos vesti\u00e1rios com as mesmas forma\u00e7\u00f5es da etapa inicial. A primeira jogada de ataque foi do Botafogo aos quatro minutos no chute de fora da \u00e1rea de Santi Rodr\u00edguez, mas Thiago Couto caiu para encaixar. Matheuzinho fez grande jogada ao carregar pelo meio, limpar e bater da entrada da \u00e1rea, mas a bola acabou explodindo em Ronald aos 11 minutos. O Le\u00e3o levou perigo aos 22 na cabe\u00e7ada de Neris que passou pelo lado. No minuto seguinte, foi a vez de Lucas Halter testar e quase marcar para o time baiano, mas a bola foi para fora. O Vit\u00f3ria pediu p\u00eanalti aos 35 no enrosco entre Kayzer e Vitinho dentro da \u00e1rea. Mas ap\u00f3s revis\u00e3o do VAR, o jogo seguiu.<\/p>\n<p>FICHA T\u00c9CNICA<br \/>\nVit\u00f3ria 0x0 Botafogo<br \/>\nCampeonato Brasileiro \u2013 33\u00aa rodada<br \/>\nLocal: Barrad\u00e3o, em Salvador (BA)<br \/>\nData: 09\/11\/2025 (domingo)<br \/>\nHor\u00e1rio: 16h<br \/>\n\u00c1rbitro: Anderson Daronco (RS)<br \/>\nAssistentes: Jorge Eduardo Bernardi e Mauricio Coelho Silva Penna (ambos do RS)<br \/>\nVAR: Pablo Ramon Goncalves Pinheiro (RN)<br \/>\nCart\u00e3o amarelo: Ramon (Vit\u00f3ria) \/ Joaqu\u00edn Correa (Botafogo)<\/p>\n<p>Vit\u00f3ria: Thiago Couto; Lucas Halter, Neris e Z\u00e9 Marcos; Erick (Kike Saverio), Willian Oliveira, Ronald (Ricardo Ryller) e Ramon; Matheuzinho (Osvaldo), Aitor Cantalapiedra (Lucas Braga) e Renzo L\u00f3pez (Renato Kayzer). T\u00e9cnico: Jair Ventura.<\/p>\n<p>Botafogo: L\u00e9o Linck; Vitinho, David Ricardo, Alexander Barboza e Alex Telles (Cuiabano); Marlon Freitas e Danilo (Mastriani); Santi Rodr\u00edguez (Newton), Savarino (Jeffinho) e Joaqu\u00edn Correa; Arthur Cabral (Chris Ramos). T\u00e9cnico: Davide Ancelotti.<\/p>\n<p>Foto: Vitor Silva\/Botafogo<br \/>\nPor: Leandro Arag\u00e3o\/Metro1<\/p>\n","protected":false},"excerpt":{"rendered":"<p>Le\u00e3o vai precisar secar o Santos novamente para fechar rodada fora da degola O Vit\u00f3ria n\u00e3o conseguiu quebrar o tabu<\/p>\n","protected":false},"author":4,"featured_media":18687,"comment_status":"open","ping_status":"open","sticky":false,"template":"","format":"standard","meta":{"colormag_page_container_layout":"default_layout","colormag_page_sidebar_layout":"default_layout","_FSMCFIC_featured_image_caption":"","_FSMCFIC_featured_image_nocaption":"","_FSMCFIC_featured_image_hide":"","footnotes":""},"categories":[4,1],"tags":[],"class_list":["post-18686","post","type-post","status-publish","format-standard","has-post-thumbnail","hentry","category-esporte","category-ultimas"],"yoast_head":"<!-- This site is optimized with the Yoast SEO plugin v27.1.1 - https:\/\/yoast.com\/product\/yoast-seo-wordpress\/ -->\n<title>Vit\u00f3ria empata com o Botafogo no Barrad\u00e3o e pode voltar para o Z-4 - Brasil not\u00edcias<\/title>\n<meta name=\"robots\" content=\"index, follow, max-snippet:-1, max-image-preview:large, max-video-preview:-1\" \/>\n<link rel=\"canonical\" href=\"https:\/\/brasilnoticias.org\/site\/vitoria-empata-com-o-botafogo-no-barradao-e-pode-voltar-para-o-z-4\/\" \/>\n<meta property=\"og:locale\" content=\"pt_PT\" \/>\n<meta property=\"og:type\" content=\"article\" \/>\n<meta property=\"og:title\" content=\"Vit\u00f3ria empata com o Botafogo no Barrad\u00e3o e pode voltar para o Z-4 - Brasil not\u00edcias\" \/>\n<meta property=\"og:description\" content=\"Le\u00e3o vai precisar secar o Santos novamente para fechar rodada fora da degola O Vit\u00f3ria n\u00e3o conseguiu quebrar o tabu\" \/>\n<meta property=\"og:url\" content=\"https:\/\/brasilnoticias.org\/site\/vitoria-empata-com-o-botafogo-no-barradao-e-pode-voltar-para-o-z-4\/\" \/>\n<meta property=\"og:site_name\" content=\"Brasil not\u00edcias\" \/>\n<meta property=\"article:published_time\" content=\"2025-11-10T08:09:50+00:00\" \/>\n<meta property=\"og:image\" content=\"https:\/\/brasilnoticias.org\/site\/wp-content\/uploads\/2025\/11\/172926vitoria-empata-com-o-botafogo-no-barradao-e-pode-voltar-para-o-z-4-3.jpg\" \/>\n\t<meta property=\"og:image:width\" content=\"1600\" \/>\n\t<meta property=\"og:image:height\" content=\"752\" \/>\n\t<meta property=\"og:image:type\" content=\"image\/jpeg\" \/>\n<meta name=\"author\" content=\"Reda\u00e7\u00e3o\" \/>\n<meta name=\"twitter:card\" content=\"summary_large_image\" \/>\n<meta name=\"twitter:label1\" content=\"Escrito por\" \/>\n\t<meta name=\"twitter:data1\" content=\"Reda\u00e7\u00e3o\" \/>\n\t<meta name=\"twitter:label2\" content=\"Tempo estimado de leitura\" \/>\n\t<meta name=\"twitter:data2\" content=\"1 minuto\" \/>\n<script type=\"application\/ld+json\" class=\"yoast-schema-graph\">{\"@context\":\"https:\/\/schema.org\",\"@graph\":[{\"@type\":\"Article\",\"@id\":\"https:\/\/brasilnoticias.org\/site\/vitoria-empata-com-o-botafogo-no-barradao-e-pode-voltar-para-o-z-4\/#article\",\"isPartOf\":{\"@id\":\"https:\/\/brasilnoticias.org\/site\/vitoria-empata-com-o-botafogo-no-barradao-e-pode-voltar-para-o-z-4\/\"},\"author\":{\"name\":\"Reda\u00e7\u00e3o\",\"@id\":\"https:\/\/brasilnoticias.org\/site\/#\/schema\/person\/03bbbfe6c7634ad18c26444ea39049fa\"},\"headline\":\"Vit\u00f3ria empata com o Botafogo no Barrad\u00e3o e pode voltar para o Z-4\",\"datePublished\":\"2025-11-10T08:09:50+00:00\",\"mainEntityOfPage\":{\"@id\":\"https:\/\/brasilnoticias.org\/site\/vitoria-empata-com-o-botafogo-no-barradao-e-pode-voltar-para-o-z-4\/\"},\"wordCount\":760,\"commentCount\":0,\"publisher\":{\"@id\":\"https:\/\/brasilnoticias.org\/site\/#organization\"},\"image\":{\"@id\":\"https:\/\/brasilnoticias.org\/site\/vitoria-empata-com-o-botafogo-no-barradao-e-pode-voltar-para-o-z-4\/#primaryimage\"},\"thumbnailUrl\":\"https:\/\/brasilnoticias.org\/site\/wp-content\/uploads\/2025\/11\/172926vitoria-empata-com-o-botafogo-no-barradao-e-pode-voltar-para-o-z-4-3.jpg\",\"articleSection\":[\"Esporte\",\"\u00daltimas\"],\"inLanguage\":\"pt-PT\",\"potentialAction\":[{\"@type\":\"CommentAction\",\"name\":\"Comment\",\"target\":[\"https:\/\/brasilnoticias.org\/site\/vitoria-empata-com-o-botafogo-no-barradao-e-pode-voltar-para-o-z-4\/#respond\"]}]},{\"@type\":\"WebPage\",\"@id\":\"https:\/\/brasilnoticias.org\/site\/vitoria-empata-com-o-botafogo-no-barradao-e-pode-voltar-para-o-z-4\/\",\"url\":\"https:\/\/brasilnoticias.org\/site\/vitoria-empata-com-o-botafogo-no-barradao-e-pode-voltar-para-o-z-4\/\",\"name\":\"Vit\u00f3ria empata com o Botafogo no Barrad\u00e3o e pode voltar para o Z-4 - Brasil not\u00edcias\",\"isPartOf\":{\"@id\":\"https:\/\/brasilnoticias.org\/site\/#website\"},\"primaryImageOfPage\":{\"@id\":\"https:\/\/brasilnoticias.org\/site\/vitoria-empata-com-o-botafogo-no-barradao-e-pode-voltar-para-o-z-4\/#primaryimage\"},\"image\":{\"@id\":\"https:\/\/brasilnoticias.org\/site\/vitoria-empata-com-o-botafogo-no-barradao-e-pode-voltar-para-o-z-4\/#primaryimage\"},\"thumbnailUrl\":\"https:\/\/brasilnoticias.org\/site\/wp-content\/uploads\/2025\/11\/172926vitoria-empata-com-o-botafogo-no-barradao-e-pode-voltar-para-o-z-4-3.jpg\",\"datePublished\":\"2025-11-10T08:09:50+00:00\",\"breadcrumb\":{\"@id\":\"https:\/\/brasilnoticias.org\/site\/vitoria-empata-com-o-botafogo-no-barradao-e-pode-voltar-para-o-z-4\/#breadcrumb\"},\"inLanguage\":\"pt-PT\",\"potentialAction\":[{\"@type\":\"ReadAction\",\"target\":[\"https:\/\/brasilnoticias.org\/site\/vitoria-empata-com-o-botafogo-no-barradao-e-pode-voltar-para-o-z-4\/\"]}]},{\"@type\":\"ImageObject\",\"inLanguage\":\"pt-PT\",\"@id\":\"https:\/\/brasilnoticias.org\/site\/vitoria-empata-com-o-botafogo-no-barradao-e-pode-voltar-para-o-z-4\/#primaryimage\",\"url\":\"https:\/\/brasilnoticias.org\/site\/wp-content\/uploads\/2025\/11\/172926vitoria-empata-com-o-botafogo-no-barradao-e-pode-voltar-para-o-z-4-3.jpg\",\"contentUrl\":\"https:\/\/brasilnoticias.org\/site\/wp-content\/uploads\/2025\/11\/172926vitoria-empata-com-o-botafogo-no-barradao-e-pode-voltar-para-o-z-4-3.jpg\",\"width\":1600,\"height\":752},{\"@type\":\"BreadcrumbList\",\"@id\":\"https:\/\/brasilnoticias.org\/site\/vitoria-empata-com-o-botafogo-no-barradao-e-pode-voltar-para-o-z-4\/#breadcrumb\",\"itemListElement\":[{\"@type\":\"ListItem\",\"position\":1,\"name\":\"In\u00edcio\",\"item\":\"https:\/\/brasilnoticias.org\/site\/\"},{\"@type\":\"ListItem\",\"position\":2,\"name\":\"Vit\u00f3ria empata com o Botafogo no Barrad\u00e3o e pode voltar para o Z-4\"}]},{\"@type\":\"WebSite\",\"@id\":\"https:\/\/brasilnoticias.org\/site\/#website\",\"url\":\"https:\/\/brasilnoticias.org\/site\/\",\"name\":\"Brasil not\u00edcias\",\"description\":\"Brasil not\u00edcias\",\"publisher\":{\"@id\":\"https:\/\/brasilnoticias.org\/site\/#organization\"},\"potentialAction\":[{\"@type\":\"SearchAction\",\"target\":{\"@type\":\"EntryPoint\",\"urlTemplate\":\"https:\/\/brasilnoticias.org\/site\/?s={search_term_string}\"},\"query-input\":{\"@type\":\"PropertyValueSpecification\",\"valueRequired\":true,\"valueName\":\"search_term_string\"}}],\"inLanguage\":\"pt-PT\"},{\"@type\":\"Organization\",\"@id\":\"https:\/\/brasilnoticias.org\/site\/#organization\",\"name\":\"Brasil not\u00edcias\",\"url\":\"https:\/\/brasilnoticias.org\/site\/\",\"logo\":{\"@type\":\"ImageObject\",\"inLanguage\":\"pt-PT\",\"@id\":\"https:\/\/brasilnoticias.org\/site\/#\/schema\/logo\/image\/\",\"url\":\"https:\/\/brasilnoticias.org\/site\/wp-content\/uploads\/2022\/05\/cropped-brasilnoticias-mini.jpg\",\"contentUrl\":\"https:\/\/brasilnoticias.org\/site\/wp-content\/uploads\/2022\/05\/cropped-brasilnoticias-mini.jpg\",\"width\":314,\"height\":86,\"caption\":\"Brasil not\u00edcias\"},\"image\":{\"@id\":\"https:\/\/brasilnoticias.org\/site\/#\/schema\/logo\/image\/\"}},{\"@type\":\"Person\",\"@id\":\"https:\/\/brasilnoticias.org\/site\/#\/schema\/person\/03bbbfe6c7634ad18c26444ea39049fa\",\"name\":\"Reda\u00e7\u00e3o\",\"image\":{\"@type\":\"ImageObject\",\"inLanguage\":\"pt-PT\",\"@id\":\"https:\/\/brasilnoticias.org\/site\/#\/schema\/person\/image\/\",\"url\":\"https:\/\/secure.gravatar.com\/avatar\/9ecaf7327a696cb23ad926fedded5f1f04d7049de9e445375d55b48c001a6e42?s=96&d=mm&r=g\",\"contentUrl\":\"https:\/\/secure.gravatar.com\/avatar\/9ecaf7327a696cb23ad926fedded5f1f04d7049de9e445375d55b48c001a6e42?s=96&d=mm&r=g\",\"caption\":\"Reda\u00e7\u00e3o\"},\"url\":\"https:\/\/brasilnoticias.org\/site\/author\/henrique\/\"}]}<\/script>\n<!-- \/ Yoast SEO plugin. -->","yoast_head_json":{"title":"Vit\u00f3ria empata com o Botafogo no Barrad\u00e3o e pode voltar para o Z-4 - Brasil not\u00edcias","robots":{"index":"index","follow":"follow","max-snippet":"max-snippet:-1","max-image-preview":"max-image-preview:large","max-video-preview":"max-video-preview:-1"},"canonical":"https:\/\/brasilnoticias.org\/site\/vitoria-empata-com-o-botafogo-no-barradao-e-pode-voltar-para-o-z-4\/","og_locale":"pt_PT","og_type":"article","og_title":"Vit\u00f3ria empata com o Botafogo no Barrad\u00e3o e pode voltar para o Z-4 - Brasil not\u00edcias","og_description":"Le\u00e3o vai precisar secar o Santos novamente para fechar rodada fora da degola O Vit\u00f3ria n\u00e3o conseguiu quebrar o tabu","og_url":"https:\/\/brasilnoticias.org\/site\/vitoria-empata-com-o-botafogo-no-barradao-e-pode-voltar-para-o-z-4\/","og_site_name":"Brasil not\u00edcias","article_published_time":"2025-11-10T08:09:50+00:00","og_image":[{"width":1600,"height":752,"url":"https:\/\/brasilnoticias.org\/site\/wp-content\/uploads\/2025\/11\/172926vitoria-empata-com-o-botafogo-no-barradao-e-pode-voltar-para-o-z-4-3.jpg","type":"image\/jpeg"}],"author":"Reda\u00e7\u00e3o","twitter_card":"summary_large_image","twitter_misc":{"Escrito por":"Reda\u00e7\u00e3o","Tempo estimado de leitura":"1 minuto"},"schema":{"@context":"https:\/\/schema.org","@graph":[{"@type":"Article","@id":"https:\/\/brasilnoticias.org\/site\/vitoria-empata-com-o-botafogo-no-barradao-e-pode-voltar-para-o-z-4\/#article","isPartOf":{"@id":"https:\/\/brasilnoticias.org\/site\/vitoria-empata-com-o-botafogo-no-barradao-e-pode-voltar-para-o-z-4\/"},"author":{"name":"Reda\u00e7\u00e3o","@id":"https:\/\/brasilnoticias.org\/site\/#\/schema\/person\/03bbbfe6c7634ad18c26444ea39049fa"},"headline":"Vit\u00f3ria empata com o Botafogo no Barrad\u00e3o e pode voltar para o Z-4","datePublished":"2025-11-10T08:09:50+00:00","mainEntityOfPage":{"@id":"https:\/\/brasilnoticias.org\/site\/vitoria-empata-com-o-botafogo-no-barradao-e-pode-voltar-para-o-z-4\/"},"wordCount":760,"commentCount":0,"publisher":{"@id":"https:\/\/brasilnoticias.org\/site\/#organization"},"image":{"@id":"https:\/\/brasilnoticias.org\/site\/vitoria-empata-com-o-botafogo-no-barradao-e-pode-voltar-para-o-z-4\/#primaryimage"},"thumbnailUrl":"https:\/\/brasilnoticias.org\/site\/wp-content\/uploads\/2025\/11\/172926vitoria-empata-com-o-botafogo-no-barradao-e-pode-voltar-para-o-z-4-3.jpg","articleSection":["Esporte","\u00daltimas"],"inLanguage":"pt-PT","potentialAction":[{"@type":"CommentAction","name":"Comment","target":["https:\/\/brasilnoticias.org\/site\/vitoria-empata-com-o-botafogo-no-barradao-e-pode-voltar-para-o-z-4\/#respond"]}]},{"@type":"WebPage","@id":"https:\/\/brasilnoticias.org\/site\/vitoria-empata-com-o-botafogo-no-barradao-e-pode-voltar-para-o-z-4\/","url":"https:\/\/brasilnoticias.org\/site\/vitoria-empata-com-o-botafogo-no-barradao-e-pode-voltar-para-o-z-4\/","name":"Vit\u00f3ria empata com o Botafogo no Barrad\u00e3o e pode voltar para o Z-4 - Brasil not\u00edcias","isPartOf":{"@id":"https:\/\/brasilnoticias.org\/site\/#website"},"primaryImageOfPage":{"@id":"https:\/\/brasilnoticias.org\/site\/vitoria-empata-com-o-botafogo-no-barradao-e-pode-voltar-para-o-z-4\/#primaryimage"},"image":{"@id":"https:\/\/brasilnoticias.org\/site\/vitoria-empata-com-o-botafogo-no-barradao-e-pode-voltar-para-o-z-4\/#primaryimage"},"thumbnailUrl":"https:\/\/brasilnoticias.org\/site\/wp-content\/uploads\/2025\/11\/172926vitoria-empata-com-o-botafogo-no-barradao-e-pode-voltar-para-o-z-4-3.jpg","datePublished":"2025-11-10T08:09:50+00:00","breadcrumb":{"@id":"https:\/\/brasilnoticias.org\/site\/vitoria-empata-com-o-botafogo-no-barradao-e-pode-voltar-para-o-z-4\/#breadcrumb"},"inLanguage":"pt-PT","potentialAction":[{"@type":"ReadAction","target":["https:\/\/brasilnoticias.org\/site\/vitoria-empata-com-o-botafogo-no-barradao-e-pode-voltar-para-o-z-4\/"]}]},{"@type":"ImageObject","inLanguage":"pt-PT","@id":"https:\/\/brasilnoticias.org\/site\/vitoria-empata-com-o-botafogo-no-barradao-e-pode-voltar-para-o-z-4\/#primaryimage","url":"https:\/\/brasilnoticias.org\/site\/wp-content\/uploads\/2025\/11\/172926vitoria-empata-com-o-botafogo-no-barradao-e-pode-voltar-para-o-z-4-3.jpg","contentUrl":"https:\/\/brasilnoticias.org\/site\/wp-content\/uploads\/2025\/11\/172926vitoria-empata-com-o-botafogo-no-barradao-e-pode-voltar-para-o-z-4-3.jpg","width":1600,"height":752},{"@type":"BreadcrumbList","@id":"https:\/\/brasilnoticias.org\/site\/vitoria-empata-com-o-botafogo-no-barradao-e-pode-voltar-para-o-z-4\/#breadcrumb","itemListElement":[{"@type":"ListItem","position":1,"name":"In\u00edcio","item":"https:\/\/brasilnoticias.org\/site\/"},{"@type":"ListItem","position":2,"name":"Vit\u00f3ria empata com o Botafogo no Barrad\u00e3o e pode voltar para o Z-4"}]},{"@type":"WebSite","@id":"https:\/\/brasilnoticias.org\/site\/#website","url":"https:\/\/brasilnoticias.org\/site\/","name":"Brasil not\u00edcias","description":"Brasil not\u00edcias","publisher":{"@id":"https:\/\/brasilnoticias.org\/site\/#organization"},"potentialAction":[{"@type":"SearchAction","target":{"@type":"EntryPoint","urlTemplate":"https:\/\/brasilnoticias.org\/site\/?s={search_term_string}"},"query-input":{"@type":"PropertyValueSpecification","valueRequired":true,"valueName":"search_term_string"}}],"inLanguage":"pt-PT"},{"@type":"Organization","@id":"https:\/\/brasilnoticias.org\/site\/#organization","name":"Brasil not\u00edcias","url":"https:\/\/brasilnoticias.org\/site\/","logo":{"@type":"ImageObject","inLanguage":"pt-PT","@id":"https:\/\/brasilnoticias.org\/site\/#\/schema\/logo\/image\/","url":"https:\/\/brasilnoticias.org\/site\/wp-content\/uploads\/2022\/05\/cropped-brasilnoticias-mini.jpg","contentUrl":"https:\/\/brasilnoticias.org\/site\/wp-content\/uploads\/2022\/05\/cropped-brasilnoticias-mini.jpg","width":314,"height":86,"caption":"Brasil not\u00edcias"},"image":{"@id":"https:\/\/brasilnoticias.org\/site\/#\/schema\/logo\/image\/"}},{"@type":"Person","@id":"https:\/\/brasilnoticias.org\/site\/#\/schema\/person\/03bbbfe6c7634ad18c26444ea39049fa","name":"Reda\u00e7\u00e3o","image":{"@type":"ImageObject","inLanguage":"pt-PT","@id":"https:\/\/brasilnoticias.org\/site\/#\/schema\/person\/image\/","url":"https:\/\/secure.gravatar.com\/avatar\/9ecaf7327a696cb23ad926fedded5f1f04d7049de9e445375d55b48c001a6e42?s=96&d=mm&r=g","contentUrl":"https:\/\/secure.gravatar.com\/avatar\/9ecaf7327a696cb23ad926fedded5f1f04d7049de9e445375d55b48c001a6e42?s=96&d=mm&r=g","caption":"Reda\u00e7\u00e3o"},"url":"https:\/\/brasilnoticias.org\/site\/author\/henrique\/"}]}},"_links":{"self":[{"href":"https:\/\/brasilnoticias.org\/site\/wp-json\/wp\/v2\/posts\/18686","targetHints":{"allow":["GET"]}}],"collection":[{"href":"https:\/\/brasilnoticias.org\/site\/wp-json\/wp\/v2\/posts"}],"about":[{"href":"https:\/\/brasilnoticias.org\/site\/wp-json\/wp\/v2\/types\/post"}],"author":[{"embeddable":true,"href":"https:\/\/brasilnoticias.org\/site\/wp-json\/wp\/v2\/users\/4"}],"replies":[{"embeddable":true,"href":"https:\/\/brasilnoticias.org\/site\/wp-json\/wp\/v2\/comments?post=18686"}],"version-history":[{"count":1,"href":"https:\/\/brasilnoticias.org\/site\/wp-json\/wp\/v2\/posts\/18686\/revisions"}],"predecessor-version":[{"id":18688,"href":"https:\/\/brasilnoticias.org\/site\/wp-json\/wp\/v2\/posts\/18686\/revisions\/18688"}],"wp:featuredmedia":[{"embeddable":true,"href":"https:\/\/brasilnoticias.org\/site\/wp-json\/wp\/v2\/media\/18687"}],"wp:attachment":[{"href":"https:\/\/brasilnoticias.org\/site\/wp-json\/wp\/v2\/media?parent=18686"}],"wp:term":[{"taxonomy":"category","embeddable":true,"href":"https:\/\/brasilnoticias.org\/site\/wp-json\/wp\/v2\/categories?post=18686"},{"taxonomy":"post_tag","embeddable":true,"href":"https:\/\/brasilnoticias.org\/site\/wp-json\/wp\/v2\/tags?post=18686"}],"curies":[{"name":"wp","href":"https:\/\/api.w.org\/{rel}","templated":true}]}}